{"id":38902,"date":"2019-09-03T13:13:42","date_gmt":"2019-09-03T18:13:42","guid":{"rendered":"http:\/\/www.grieta.org.mx\/?p=38902"},"modified":"2019-09-08T13:19:55","modified_gmt":"2019-09-08T18:19:55","slug":"en-2019-han-asesinado-a-10-periodistas-y-agredido-a-249-articulo-19","status":"publish","type":"post","link":"http:\/\/www.grieta.org.mx\/index.php\/2019\/09\/03\/en-2019-han-asesinado-a-10-periodistas-y-agredido-a-249-articulo-19\/","title":{"rendered":"En 2019 han asesinado a 10 periodistas y agredido a 249: Art\u00edculo 19"},"content":{"rendered":"<p><a href=\"http:\/\/www.grieta.org.mx\/wp-content\/uploads\/2019\/09\/https-_www.animalpolitico.com_wp-content_uploads_2019_09_Protesta_Periodistas_Angel_Independencia-1-e1567545636807.jpg\"><img loading=\"lazy\" decoding=\"async\" data-attachment-id=\"38903\" data-permalink=\"http:\/\/www.grieta.org.mx\/index.php\/2019\/09\/03\/en-2019-han-asesinado-a-10-periodistas-y-agredido-a-249-articulo-19\/https-_www-animalpolitico-com_wp-content_uploads_2019_09_protesta_periodistas_angel_independencia-1-e1567545636807\/\" data-orig-file=\"http:\/\/www.grieta.org.mx\/wp-content\/uploads\/2019\/09\/https-_www.animalpolitico.com_wp-content_uploads_2019_09_Protesta_Periodistas_Angel_Independencia-1-e1567545636807.jpg\" data-orig-size=\"6016,3504\" data-comments-opened=\"0\" data-image-meta=\"{&quot;aperture&quot;:&quot;0&quot;,&quot;credit&quot;:&quot;&quot;,&quot;camera&quot;:&quot;&quot;,&quot;caption&quot;:&quot;&quot;,&quot;created_timestamp&quot;:&quot;0&quot;,&quot;copyright&quot;:&quot;&quot;,&quot;focal_length&quot;:&quot;0&quot;,&quot;iso&quot;:&quot;0&quot;,&quot;shutter_speed&quot;:&quot;0&quot;,&quot;title&quot;:&quot;&quot;,&quot;orientation&quot;:&quot;0&quot;}\" data-image-title=\"https _www.animalpolitico.com_wp-content_uploads_2019_09_Protesta_Periodistas_Angel_Independencia-1-e1567545636807\" data-image-description=\"\" data-image-caption=\"\" data-medium-file=\"http:\/\/www.grieta.org.mx\/wp-content\/uploads\/2019\/09\/https-_www.animalpolitico.com_wp-content_uploads_2019_09_Protesta_Periodistas_Angel_Independencia-1-e1567545636807-300x175.jpg\" data-large-file=\"http:\/\/www.grieta.org.mx\/wp-content\/uploads\/2019\/09\/https-_www.animalpolitico.com_wp-content_uploads_2019_09_Protesta_Periodistas_Angel_Independencia-1-e1567545636807-1024x596.jpg\" class=\"aligncenter wp-image-38903\" src=\"http:\/\/www.grieta.org.mx\/wp-content\/uploads\/2019\/09\/https-_www.animalpolitico.com_wp-content_uploads_2019_09_Protesta_Periodistas_Angel_Independencia-1-e1567545636807-300x175.jpg\" alt=\"\" width=\"800\" height=\"466\" srcset=\"http:\/\/www.grieta.org.mx\/wp-content\/uploads\/2019\/09\/https-_www.animalpolitico.com_wp-content_uploads_2019_09_Protesta_Periodistas_Angel_Independencia-1-e1567545636807-300x175.jpg 300w, http:\/\/www.grieta.org.mx\/wp-content\/uploads\/2019\/09\/https-_www.animalpolitico.com_wp-content_uploads_2019_09_Protesta_Periodistas_Angel_Independencia-1-e1567545636807-768x447.jpg 768w, http:\/\/www.grieta.org.mx\/wp-content\/uploads\/2019\/09\/https-_www.animalpolitico.com_wp-content_uploads_2019_09_Protesta_Periodistas_Angel_Independencia-1-e1567545636807-1024x596.jpg 1024w, http:\/\/www.grieta.org.mx\/wp-content\/uploads\/2019\/09\/https-_www.animalpolitico.com_wp-content_uploads_2019_09_Protesta_Periodistas_Angel_Independencia-1-e1567545636807-858x500.jpg 858w\" sizes=\"auto, (max-width: 800px) 100vw, 800px\" \/><\/a><\/p>\n<p>Redacci\u00f3n\/ Animal Pol\u00edtico<\/p>\n<p>De enero a julio de 2019 se han registrado 249 agresiones a periodistas en el pa\u00eds, una cada 17.4 horas, adem\u00e1s de que 10 comunicadores han sido asesinados, de acuerdo con la organizaci\u00f3n Art\u00edculo 19. La cifra de comunicadores muertos ya supera la de todo 2018, a\u00f1o en el que se registraron 9 casos.<\/p>\n<p>Las entidades con el mayor n\u00famero de agresiones registradas en contra de la prensa fueron: Quintana Roo, con 26; Ciudad de M\u00e9xico y Guerrero, con 22 cada una, y Oaxaca y Veracruz con, 19 cada una. Destaca el caso de Quintana Roo que de un a\u00f1o a otro, en el mismo periodo, pas\u00f3 de 12 a 26 agresiones y dos periodistas han sido asesinados en dicho estado.<\/p>\n<p>Respecto al tipo de agresi\u00f3n, las que m\u00e1s se presentaron fueron: intimidaciones y actos de hostigamiento, con 67 casos; seguido de las amenazas, con 61 casos, de los cuales 45 tienen el agravante de ser de muerte. Han habido 25 ataques f\u00edsicos, 4 de ellos intento de asesinato; en 17 ocasiones se registraron campa\u00f1as para desprestigiar a los periodistas.<\/p>\n<p>De las amenazas registradas en lo que va del a\u00f1o, el 60% fueron en contra de hombres periodistas, el 22% contra mujeres y 18% hacia medios de comunicaci\u00f3n. Diez de las 56 agresiones perpetradas contra mujeres comunicadoras tienen un claro componente de g\u00e9nero, se\u00f1ala el informe, ya que los agresores recurrieron a relacionarlas sentimentalmente con actores de oposici\u00f3n o trataron de hacer burla de su f\u00edsico o su vestimenta.<\/p>\n<p>Del total de agresiones registradas, 94 fueron a trav\u00e9s de internet, 18 fueron durante protestas, y destacan el caso de las agresiones bajo un contexto de discriminaci\u00f3n y racismo, ya que mientras en todo 2018 hubo cuatro casos, en este periodo ha habido 8 principalmente en la cobertura del tema migratorio.<\/p>\n<p>En su comunicado, Art\u00edculo 19 expresa su preocupaci\u00f3n por las declaraciones del presidente Andr\u00e9s Manuel L\u00f3pez Obrador, as\u00ed como de gobernadores y presidentes municipales, que \u201cde manera cada vez m\u00e1s recurrente atacan a la prensa y buscan mermar su credibilidad (\u2026) poniendo en riesgo a las y los periodistas\u201d. <\/p>\n<p>\u00bfQui\u00e9nes agreden periodistas?<\/p>\n<p>Son los funcionarios p\u00fablicos quienes m\u00e1s agreden periodistas, hay 105 casos documentados en lo que va del a\u00f1o; 47 agresiones fueron cometidas por particulares y 27 por grupos del crimen organizado.<\/p>\n<p>En 64 de los casos registrados no se tienen los elementos suficientes para determinar de d\u00f3nde o de qui\u00e9n proven\u00eda la agresi\u00f3n y en seis casos fueron partidos pol\u00edticos los agresores. <\/p>\n<p><a href=\"https:\/\/www.animalpolitico.com\/2019\/09\/agresiones-asesinato-periodistas-2019-articulo-19\/\">https:\/\/www.animalpolitico.com\/2019\/09\/agresiones-asesinato-periodistas-2019-articulo-19\/<\/a><\/p>\n","protected":false},"excerpt":{"rendered":"<p>Redacci\u00f3n\/ Animal Pol\u00edtico De enero a julio de 2019 se han registrado 249 agresiones a periodistas en el pa\u00eds, una cada 17.4 horas, adem\u00e1s de que 10 comunicadores han sido &hellip; <a href=\"http:\/\/www.grieta.org.mx\/index.php\/2019\/09\/03\/en-2019-han-asesinado-a-10-periodistas-y-agredido-a-249-articulo-19\/\" class=\"more-link\">Leer m\u00e1s<\/a><\/p>\n","protected":false},"author":1,"featured_media":38903,"comment_status":"closed","ping_status":"closed","sticky":false,"template":"","format":"standard","meta":{"ngg_post_thumbnail":0,"_jetpack_newsletter_access":"","_jetpack_dont_email_post_to_subs":false,"_jetpack_newsletter_tier_id":0,"_jetpack_memberships_contains_paywalled_content":false,"_jetpack_memberships_contains_paid_content":false,"footnotes":""},"categories":[80,83,371],"tags":[2331],"class_list":["post-38902","post","type-post","status-publish","format-standard","has-post-thumbnail","hentry","category-cintillo","category-temas-nacionales","category-violencia-contra-periodistas-analisis","tag-violencia-conta-periodistas","entry"],"jetpack_featured_media_url":"http:\/\/www.grieta.org.mx\/wp-content\/uploads\/2019\/09\/https-_www.animalpolitico.com_wp-content_uploads_2019_09_Protesta_Periodistas_Angel_Independencia-1-e1567545636807.jpg","jetpack_sharing_enabled":true,"jetpack_shortlink":"https:\/\/wp.me\/p7ZJR4-a7s","jetpack_likes_enabled":false,"jetpack-related-posts":[{"id":6311,"url":"http:\/\/www.grieta.org.mx\/index.php\/2015\/03\/24\/mexico-estado-de-censura\/","url_meta":{"origin":38902,"position":0},"title":"M\u00e9xico, Estado de censura","author":"grieta","date":"24 marzo, 2015","format":false,"excerpt":"Victor M Maya CDMX, 24 de marzo de 2015.- La organizaci\u00f3n que promueve la libertad de expresi\u00f3n: Art\u00edculo 19, presenta este martes su informe sobre violencia contra la prensa 2014. En los dos \u00faltimos a\u00f1os del sexenio de Felipe Calder\u00f3n la organizaci\u00f3n document\u00f3 207 casos de agresiones a la prensa.\u2026","rel":"","context":"En &quot;CINTILLO&quot;","block_context":{"text":"CINTILLO","link":"http:\/\/www.grieta.org.mx\/index.php\/category\/cintillo\/"},"img":{"alt_text":"","src":"https:\/\/i0.wp.com\/www.grieta.org.mx\/wp-content\/uploads\/2018\/03\/14524434_1106112876131411_958039263622046936_o.jpg?resize=350%2C200","width":350,"height":200,"srcset":"https:\/\/i0.wp.com\/www.grieta.org.mx\/wp-content\/uploads\/2018\/03\/14524434_1106112876131411_958039263622046936_o.jpg?resize=350%2C200 1x, https:\/\/i0.wp.com\/www.grieta.org.mx\/wp-content\/uploads\/2018\/03\/14524434_1106112876131411_958039263622046936_o.jpg?resize=525%2C300 1.5x, https:\/\/i0.wp.com\/www.grieta.org.mx\/wp-content\/uploads\/2018\/03\/14524434_1106112876131411_958039263622046936_o.jpg?resize=700%2C400 2x"},"classes":[]},{"id":61346,"url":"http:\/\/www.grieta.org.mx\/index.php\/2021\/08\/24\/un-periodista-es-agredido-cada-12-horas-en-mexico-en-2021-articulo-19\/","url_meta":{"origin":38902,"position":1},"title":"Un periodista es agredido cada 12 horas en M\u00e9xico en 2021: Art\u00edculo 19","author":"grieta","date":"24 agosto, 2021","format":false,"excerpt":"Redacci\u00f3n La-Lista EFE.- En el primer semestre de 2021 se registraron 362 agresiones contra la prensa en M\u00e9xico, \u201clo que equivale a un periodista agredido cada 12 horas\u201c, resalt\u00f3 revel\u00f3 un informe presentado este martes por la organizaci\u00f3n Art\u00edculo 19. El informe detalla que los estados con m\u00e1s agresiones hacia\u2026","rel":"","context":"En &quot;CINTILLO&quot;","block_context":{"text":"CINTILLO","link":"http:\/\/www.grieta.org.mx\/index.php\/category\/cintillo\/"},"img":{"alt_text":"","src":"https:\/\/i0.wp.com\/www.grieta.org.mx\/wp-content\/uploads\/2021\/08\/periodistas-sonora-asesinados-e1630262812343.jpeg?resize=350%2C200","width":350,"height":200,"srcset":"https:\/\/i0.wp.com\/www.grieta.org.mx\/wp-content\/uploads\/2021\/08\/periodistas-sonora-asesinados-e1630262812343.jpeg?resize=350%2C200 1x, https:\/\/i0.wp.com\/www.grieta.org.mx\/wp-content\/uploads\/2021\/08\/periodistas-sonora-asesinados-e1630262812343.jpeg?resize=525%2C300 1.5x, https:\/\/i0.wp.com\/www.grieta.org.mx\/wp-content\/uploads\/2021\/08\/periodistas-sonora-asesinados-e1630262812343.jpeg?resize=700%2C400 2x"},"classes":[]},{"id":63173,"url":"http:\/\/www.grieta.org.mx\/index.php\/2022\/01\/25\/los-periodistas-en-quintana-roo-no-estamos-exentos-de-agresiones-trabajadores-de-medios-en-chetumal-se-suman-a-protesta-nacional-por-asesinatos-de-margarito-martinez-jose-luis-gamboa-y-lourdes-m\/","url_meta":{"origin":38902,"position":2},"title":"&#8220;Los periodistas en Quintana Roo no estamos exentos de agresiones&#8221;: Trabajadores de medios en Chetumal se suman a protesta nacional por asesinatos de Margarito Mart\u00ednez, Jos\u00e9 Luis Gamboa y Lourdes Maldonado","author":"grieta","date":"25 enero, 2022","format":false,"excerpt":"Rafael Brice\u00f1o Noticaribe CHETUMAL, MX. \u2013 Trabajadores de medios de comunicaci\u00f3n en Chetumal se sumaron a la protesta nacional por los asesinatos de los periodistas Margarito Mart\u00ednez, Jos\u00e9 Luis Gamboa y Lourdes Maldonado, con la exigencia de no m\u00e1s. La cita fue enfrente de Palacio de gobierno en donde Gabriel\u2026","rel":"","context":"En &quot;CINTILLO&quot;","block_context":{"text":"CINTILLO","link":"http:\/\/www.grieta.org.mx\/index.php\/category\/cintillo\/"},"img":{"alt_text":"","src":"https:\/\/i0.wp.com\/www.grieta.org.mx\/wp-content\/uploads\/2022\/01\/NoEstamosExentos.png?resize=350%2C200","width":350,"height":200,"srcset":"https:\/\/i0.wp.com\/www.grieta.org.mx\/wp-content\/uploads\/2022\/01\/NoEstamosExentos.png?resize=350%2C200 1x, https:\/\/i0.wp.com\/www.grieta.org.mx\/wp-content\/uploads\/2022\/01\/NoEstamosExentos.png?resize=525%2C300 1.5x, https:\/\/i0.wp.com\/www.grieta.org.mx\/wp-content\/uploads\/2022\/01\/NoEstamosExentos.png?resize=700%2C400 2x"},"classes":[]},{"id":39151,"url":"http:\/\/www.grieta.org.mx\/index.php\/2019\/09\/09\/guerrero-entre-los-estados-con-mas-agresiones-contra-periodistas\/","url_meta":{"origin":38902,"position":3},"title":"Guerrero, entre los estados con m\u00e1s agresiones contra periodistas","author":"Admin","date":"9 septiembre, 2019","format":false,"excerpt":"Beatriz Garc\u00eda \/ La Jornada Guerrero Entre las coberturas con m\u00e1s riesgo est\u00e1n corrupci\u00f3n, pol\u00edtica y seguridad, indican En el primer semestre del a\u00f1o, el estado figura en los primeros cinco a nivel nacional; suma 22 Desde 2013 es considerada una de las entidades m\u00e1s violentas del pa\u00eds, documenta Art\u00edculo\u2026","rel":"","context":"En &quot;CINTILLO&quot;","block_context":{"text":"CINTILLO","link":"http:\/\/www.grieta.org.mx\/index.php\/category\/cintillo\/"},"img":{"alt_text":"","src":"https:\/\/i0.wp.com\/www.grieta.org.mx\/wp-content\/uploads\/2019\/09\/0d9964c6429957172e1ef3e327c97cde_L.jpg?resize=350%2C200","width":350,"height":200,"srcset":"https:\/\/i0.wp.com\/www.grieta.org.mx\/wp-content\/uploads\/2019\/09\/0d9964c6429957172e1ef3e327c97cde_L.jpg?resize=350%2C200 1x, https:\/\/i0.wp.com\/www.grieta.org.mx\/wp-content\/uploads\/2019\/09\/0d9964c6429957172e1ef3e327c97cde_L.jpg?resize=525%2C300 1.5x, https:\/\/i0.wp.com\/www.grieta.org.mx\/wp-content\/uploads\/2019\/09\/0d9964c6429957172e1ef3e327c97cde_L.jpg?resize=700%2C400 2x"},"classes":[]},{"id":3688,"url":"http:\/\/www.grieta.org.mx\/index.php\/2015\/10\/04\/represion-contra-periodistas-en-quintana-roo\/","url_meta":{"origin":38902,"position":4},"title":"Violencia contra periodistas en Quintana Roo","author":"grieta","date":"4 octubre, 2015","format":false,"excerpt":"04\/10\/15. En 4 a\u00f1os, Borge convirti\u00f3 a QRoo en una entidad de alto riesgo para la libertad de expresi\u00f3n Sinembargo 29\/09\/15. Impugna CNDH la ley Borge contra la libertad de expresi\u00f3n en Quintana Roo Proceso 16\/08\/15. La herencia represora de Borge: Leyes \u2018a modo\u2019 y ataques a periodistas en m\u00e1s\u2026","rel":"","context":"En &quot;NOTICIAS NACIONALES&quot;","block_context":{"text":"NOTICIAS NACIONALES","link":"http:\/\/www.grieta.org.mx\/index.php\/category\/noticias-nacionales\/"},"img":{"alt_text":"","src":"https:\/\/i0.wp.com\/www.grieta.org.mx\/wp-content\/uploads\/2018\/03\/14524434_1106112876131411_958039263622046936_o.jpg?resize=350%2C200","width":350,"height":200,"srcset":"https:\/\/i0.wp.com\/www.grieta.org.mx\/wp-content\/uploads\/2018\/03\/14524434_1106112876131411_958039263622046936_o.jpg?resize=350%2C200 1x, https:\/\/i0.wp.com\/www.grieta.org.mx\/wp-content\/uploads\/2018\/03\/14524434_1106112876131411_958039263622046936_o.jpg?resize=525%2C300 1.5x, https:\/\/i0.wp.com\/www.grieta.org.mx\/wp-content\/uploads\/2018\/03\/14524434_1106112876131411_958039263622046936_o.jpg?resize=700%2C400 2x"},"classes":[]},{"id":3694,"url":"http:\/\/www.grieta.org.mx\/index.php\/2015\/08\/05\/ley-borge-reforzara-el-control-del-gobernador-sobre-los-medios-en-quintana-roo-afirman-comunicadores\/","url_meta":{"origin":38902,"position":5},"title":"Ley Borge reforzar\u00e1 el control del gobernador sobre los medios en Quintana Roo afirman comunicadores","author":"grieta","date":"5 agosto, 2015","format":false,"excerpt":"(05 de agosto, 2015).- La mayor\u00eda del Congreso aprob\u00f3 la ley Borge que prev\u00e9 la creaci\u00f3n de una instancia que aplicar\u00e1 medidas para atender a comunicadores y activistas \u201cen riesgo\u201d y \u201cen situaci\u00f3n de vulnerabilidad\u201d, pero la mayor\u00eda de comunicadores y periodistas la desaprueban. La consideran un proyecto para afianzar\u2026","rel":"","context":"En &quot;CINTILLO&quot;","block_context":{"text":"CINTILLO","link":"http:\/\/www.grieta.org.mx\/index.php\/category\/cintillo\/"},"img":{"alt_text":"","src":"https:\/\/i0.wp.com\/www.grieta.org.mx\/wp-content\/uploads\/2018\/03\/14524434_1106112876131411_958039263622046936_o.jpg?resize=350%2C200","width":350,"height":200,"srcset":"https:\/\/i0.wp.com\/www.grieta.org.mx\/wp-content\/uploads\/2018\/03\/14524434_1106112876131411_958039263622046936_o.jpg?resize=350%2C200 1x, https:\/\/i0.wp.com\/www.grieta.org.mx\/wp-content\/uploads\/2018\/03\/14524434_1106112876131411_958039263622046936_o.jpg?resize=525%2C300 1.5x, https:\/\/i0.wp.com\/www.grieta.org.mx\/wp-content\/uploads\/2018\/03\/14524434_1106112876131411_958039263622046936_o.jpg?resize=700%2C400 2x"},"classes":[]}],"_links":{"self":[{"href":"http:\/\/www.grieta.org.mx\/index.php\/wp-json\/wp\/v2\/posts\/38902","targetHints":{"allow":["GET"]}}],"collection":[{"href":"http:\/\/www.grieta.org.mx\/index.php\/wp-json\/wp\/v2\/posts"}],"about":[{"href":"http:\/\/www.grieta.org.mx\/index.php\/wp-json\/wp\/v2\/types\/post"}],"author":[{"embeddable":true,"href":"http:\/\/www.grieta.org.mx\/index.php\/wp-json\/wp\/v2\/users\/1"}],"replies":[{"embeddable":true,"href":"http:\/\/www.grieta.org.mx\/index.php\/wp-json\/wp\/v2\/comments?post=38902"}],"version-history":[{"count":1,"href":"http:\/\/www.grieta.org.mx\/index.php\/wp-json\/wp\/v2\/posts\/38902\/revisions"}],"predecessor-version":[{"id":38905,"href":"http:\/\/www.grieta.org.mx\/index.php\/wp-json\/wp\/v2\/posts\/38902\/revisions\/38905"}],"wp:featuredmedia":[{"embeddable":true,"href":"http:\/\/www.grieta.org.mx\/index.php\/wp-json\/wp\/v2\/media\/38903"}],"wp:attachment":[{"href":"http:\/\/www.grieta.org.mx\/index.php\/wp-json\/wp\/v2\/media?parent=38902"}],"wp:term":[{"taxonomy":"category","embeddable":true,"href":"http:\/\/www.grieta.org.mx\/index.php\/wp-json\/wp\/v2\/categories?post=38902"},{"taxonomy":"post_tag","embeddable":true,"href":"http:\/\/www.grieta.org.mx\/index.php\/wp-json\/wp\/v2\/tags?post=38902"}],"curies":[{"name":"wp","href":"https:\/\/api.w.org\/{rel}","templated":true}]}}