{"id":3887,"date":"2015-04-08T21:20:01","date_gmt":"2015-04-08T21:20:01","guid":{"rendered":"http:\/\/50.22.11.12\/~grietaor\/?p=3887"},"modified":"2016-03-18T21:25:14","modified_gmt":"2016-03-18T21:25:14","slug":"intenta-gobierno-reiniciar-perforacion-de-pozos-profundos-en-calpan","status":"publish","type":"post","link":"http:\/\/www.grieta.org.mx\/index.php\/2015\/04\/08\/intenta-gobierno-reiniciar-perforacion-de-pozos-profundos-en-calpan\/","title":{"rendered":"Intenta gobierno reiniciar perforaci\u00f3n de pozos profundos en Calpan"},"content":{"rendered":"<p>abril 08, 2015<br \/>\nYadira Llaven Anzures, Puebla<\/p>\n<p>El gobierno de San Andr\u00e9s Calpan intenta este martes reiniciar forzadamente los trabajos para la perforaci\u00f3n de un pozo de 250 metros de profundidad, junto al r\u00edo Alseseca y al derecho de v\u00eda del Gasoducto Morelos.<\/p>\n<p>Por tal raz\u00f3n, lugare\u00f1os se reunieron a primera hora en los terrenos de la colonia Tlamapa, a fin de frenar el avance en los trabajos de excavaci\u00f3n.<\/p>\n<p>Los pobladores informaron que no permitir\u00e1n que el alcalde Leonardo L\u00e1zaro Jim\u00e9nez imponga a la poblaci\u00f3n este proyecto \u2013que perfora cinco pozos en cadena\u2013, ante el temor de que se busque gas natural o que los dejen sin suministro de agua. En el lugar, se han concentrado por lo menos unas 200 personas que mantienen en suspendido los trabajos desde el mes pasado.<\/p>\n<p>Los inconformes amagaron con impedir que el ayuntamiento los prive de sus recursos naturales, pues argumentaron que el pueblo se rige por usos y costumbres y el edil debi\u00f3 primeramente efectuar una asamblea p\u00fablica para que se autorizara la obra.<\/p>\n<p>\u201cDesconocemos que fin tendr\u00e1 este pozo, si es cierto que ser\u00e1 para extraer agua, o peor a\u00fan que sea para sacar gas natural, como es la t\u00e9cnica de fracking\u201d, expuso uno de los j\u00f3venes.<\/p>\n<p>El universitario explic\u00f3 a los pobladores, en su mayor\u00eda ancianos y mujeres, que se inform\u00f3 a trav\u00e9s del internet sobre el proyecto que se ejecuta en Calpan, el cual incluso contaminar\u00eda el agua que procede del deshielo del volc\u00e1n Popocat\u00e9petl.<\/p>\n<p>Habitantes de Calpan pararon hace tres semanas las obras de excavaci\u00f3n del primer pozo, a cargo del ayuntamiento, debido a que el presidente municipal se ha rehusado a informar a la comunidad sobre dicho proyecto.<\/p>\n<p>En el lugar se pudo encontrar muestras de diferentes tipos de tierras encontradas a lo largo de la excavaci\u00f3n, como explicaron los vecinos que portaban algunas de estas bolsas con material p\u00e9treo.<\/p>\n<p>Incluso aseveraron que este terreno por lo menos se perfor\u00f3 en tres ocasiones para extraer las muestras.<\/p>\n<p><a href=\"http:\/\/www.lajornadadeoriente.com.mx\/2015\/04\/08\/intenta-gobierno-reiniciar-forzadamente-la-perforacion-de-pozos-profundos-en-calpan\/\" target=\"_blank\">http:\/\/www.lajornadadeoriente.com.mx\/2015\/04\/08\/intenta-gobierno-reiniciar-forzadamente-la-perforacion-de-pozos-profundos-en-calpan\/<\/a><\/p>\n","protected":false},"excerpt":{"rendered":"<p>abril 08, 2015 Yadira Llaven Anzures, Puebla El gobierno de San Andr\u00e9s Calpan intenta este martes reiniciar forzadamente los trabajos para la perforaci\u00f3n de un pozo de 250 metros de &hellip; <a href=\"http:\/\/www.grieta.org.mx\/index.php\/2015\/04\/08\/intenta-gobierno-reiniciar-perforacion-de-pozos-profundos-en-calpan\/\" class=\"more-link\">Leer m\u00e1s<\/a><\/p>\n","protected":false},"author":2,"featured_media":21928,"comment_status":"closed","ping_status":"open","sticky":false,"template":"","format":"standard","meta":{"ngg_post_thumbnail":0,"_jetpack_newsletter_access":"","_jetpack_dont_email_post_to_subs":false,"_jetpack_newsletter_tier_id":0,"_jetpack_memberships_contains_paywalled_content":false,"_jetpack_memberships_contains_paid_content":false,"footnotes":""},"categories":[80],"tags":[],"class_list":["post-3887","post","type-post","status-publish","format-standard","has-post-thumbnail","hentry","category-cintillo","entry"],"jetpack_featured_media_url":"http:\/\/www.grieta.org.mx\/wp-content\/uploads\/2018\/03\/14524434_1106112876131411_958039263622046936_o.jpg","jetpack_sharing_enabled":true,"jetpack_shortlink":"https:\/\/wp.me\/p7ZJR4-10H","jetpack_likes_enabled":false,"jetpack-related-posts":[{"id":3876,"url":"http:\/\/www.grieta.org.mx\/index.php\/2016\/08\/05\/comunidades-de-la-sierra-norte-de-puebla-rechazan-fracking\/","url_meta":{"origin":3887,"position":0},"title":"Rechazo al fracking en comunidades de la Sierra Norte de Puebla","author":"grieta","date":"5 agosto, 2016","format":false,"excerpt":"05\/08\/16. Fracking podr\u00eda desaparecer a 140 tepehuas que sobreviven en Puebla La Jornada de Oriente 20\/07\/16. Inician habitantes de Cuetzalan, Puebla, resistencia contra entrada de fracking Plumas Libres 04\/07\/16. Pozos petroleros que usan fracking agotan mantos de agua en Puebla Regeneraci\u00f3n 02\/05\/16. El fracking o fractura hidr\u00e1ulica amenaza la Sierra\u2026","rel":"","context":"En &quot;26. Sierra Puebla&quot;","block_context":{"text":"26. Sierra Puebla","link":"http:\/\/www.grieta.org.mx\/index.php\/category\/espejos-de-la-resistencia\/26-sierra-puebla\/"},"img":{"alt_text":"","src":"https:\/\/i0.wp.com\/www.grieta.org.mx\/wp-content\/uploads\/2018\/03\/14524434_1106112876131411_958039263622046936_o.jpg?resize=350%2C200","width":350,"height":200,"srcset":"https:\/\/i0.wp.com\/www.grieta.org.mx\/wp-content\/uploads\/2018\/03\/14524434_1106112876131411_958039263622046936_o.jpg?resize=350%2C200 1x, https:\/\/i0.wp.com\/www.grieta.org.mx\/wp-content\/uploads\/2018\/03\/14524434_1106112876131411_958039263622046936_o.jpg?resize=525%2C300 1.5x, https:\/\/i0.wp.com\/www.grieta.org.mx\/wp-content\/uploads\/2018\/03\/14524434_1106112876131411_958039263622046936_o.jpg?resize=700%2C400 2x"},"classes":[]},{"id":58942,"url":"http:\/\/www.grieta.org.mx\/index.php\/2021\/03\/23\/amplian-perforacion-de-pozos-petroleros-con-metodo-del-fraking-veracruz\/","url_meta":{"origin":3887,"position":1},"title":"Ampl\u00edan perforaci\u00f3n de pozos petroleros con m\u00e9todo del fraking (Veracruz)","author":"Admin","date":"23 marzo, 2021","format":false,"excerpt":"Paco de Luna \/ Vanguardia de Veracruz Xalapa, Ver.- En los municipios del norte del estado de Veracruz, un promedio de 270 pozos petroleros son perforados con el m\u00e9todo del fraking (fracturaci\u00f3n hidr\u00e1ulica), acciones que afectan al entorno ecol\u00f3gico. Lo anterior fue dado a conocer por el integrante de la\u2026","rel":"","context":"En &quot;CINTILLO&quot;","block_context":{"text":"CINTILLO","link":"http:\/\/www.grieta.org.mx\/index.php\/category\/cintillo\/"},"img":{"alt_text":"","src":"https:\/\/i0.wp.com\/www.grieta.org.mx\/wp-content\/uploads\/2021\/04\/Screenshot_2021-04-22-Amplian-perforacion-de-pozos-petroleros-con-metodo-del-fraking.png?resize=350%2C200","width":350,"height":200,"srcset":"https:\/\/i0.wp.com\/www.grieta.org.mx\/wp-content\/uploads\/2021\/04\/Screenshot_2021-04-22-Amplian-perforacion-de-pozos-petroleros-con-metodo-del-fraking.png?resize=350%2C200 1x, https:\/\/i0.wp.com\/www.grieta.org.mx\/wp-content\/uploads\/2021\/04\/Screenshot_2021-04-22-Amplian-perforacion-de-pozos-petroleros-con-metodo-del-fraking.png?resize=525%2C300 1.5x, https:\/\/i0.wp.com\/www.grieta.org.mx\/wp-content\/uploads\/2021\/04\/Screenshot_2021-04-22-Amplian-perforacion-de-pozos-petroleros-con-metodo-del-fraking.png?resize=700%2C400 2x"},"classes":[]},{"id":2232,"url":"http:\/\/www.grieta.org.mx\/index.php\/2016\/02\/06\/pescadores-aseguran-que-pemex-ha-iniciado-perforacion-de-pozos-en-campeche\/","url_meta":{"origin":3887,"position":2},"title":"Pescadores aseguran que PEMEX ha iniciado perforaci\u00f3n de pozos en Campeche","author":"grieta","date":"6 febrero, 2016","format":false,"excerpt":"Redacci\u00f3n Desde el balc\u00f3n Desde hace m\u00e1s de seis meses dos plataformas petroleras realizan diversos trabajos a unos 15 kil\u00f3metros de la costa de Seybaplaya y Champot\u00f3n. Campeche, 06 de febrero de 2016.\u2013 Pescadores de Seybaplaya y Champot\u00f3n exigieron a Petr\u00f3leos Mexicanos (PEMEX) y al Gobierno del Estado de Campeche\u2026","rel":"","context":"En &quot;campeche&quot;","block_context":{"text":"campeche","link":"http:\/\/www.grieta.org.mx\/index.php\/category\/campeche\/"},"img":{"alt_text":"","src":"https:\/\/i0.wp.com\/www.grieta.org.mx\/wp-content\/uploads\/2018\/03\/14524434_1106112876131411_958039263622046936_o.jpg?resize=350%2C200","width":350,"height":200,"srcset":"https:\/\/i0.wp.com\/www.grieta.org.mx\/wp-content\/uploads\/2018\/03\/14524434_1106112876131411_958039263622046936_o.jpg?resize=350%2C200 1x, https:\/\/i0.wp.com\/www.grieta.org.mx\/wp-content\/uploads\/2018\/03\/14524434_1106112876131411_958039263622046936_o.jpg?resize=525%2C300 1.5x, https:\/\/i0.wp.com\/www.grieta.org.mx\/wp-content\/uploads\/2018\/03\/14524434_1106112876131411_958039263622046936_o.jpg?resize=700%2C400 2x"},"classes":[]},{"id":63479,"url":"http:\/\/www.grieta.org.mx\/index.php\/2022\/02\/15\/comunidades-de-veracruz-se-niegan-a-la-perforacion-de-pozos\/","url_meta":{"origin":3887,"position":3},"title":"Comunidades de Veracruz se niegan a la perforaci\u00f3n de pozos","author":"grieta","date":"15 febrero, 2022","format":false,"excerpt":"Jeny Pascacio \/ Avispa Midia Comunidades de la Sierra de Santa Marta, del sur de Veracruz, no permitieron la entrada de los trabajadores de la Compa\u00f1\u00eda Mexicana de Exploraciones S.A.de.C.V (Comesa), que buscan realizar estudios s\u00edsmicos para la perforaci\u00f3n de pozos de Petr\u00f3leos Mexicanos. La semana pasada, los habitantes de\u2026","rel":"","context":"En &quot;CINTILLO&quot;","block_context":{"text":"CINTILLO","link":"http:\/\/www.grieta.org.mx\/index.php\/category\/cintillo\/"},"img":{"alt_text":"","src":"https:\/\/i0.wp.com\/www.grieta.org.mx\/wp-content\/uploads\/2022\/02\/Screenshot-2022-02-23-at-13-48-05-Comunidades-de-Veracruz-se-niegan-a-la-perforacion-de-pozos.png?resize=350%2C200","width":350,"height":200,"srcset":"https:\/\/i0.wp.com\/www.grieta.org.mx\/wp-content\/uploads\/2022\/02\/Screenshot-2022-02-23-at-13-48-05-Comunidades-de-Veracruz-se-niegan-a-la-perforacion-de-pozos.png?resize=350%2C200 1x, https:\/\/i0.wp.com\/www.grieta.org.mx\/wp-content\/uploads\/2022\/02\/Screenshot-2022-02-23-at-13-48-05-Comunidades-de-Veracruz-se-niegan-a-la-perforacion-de-pozos.png?resize=525%2C300 1.5x, https:\/\/i0.wp.com\/www.grieta.org.mx\/wp-content\/uploads\/2022\/02\/Screenshot-2022-02-23-at-13-48-05-Comunidades-de-Veracruz-se-niegan-a-la-perforacion-de-pozos.png?resize=700%2C400 2x, https:\/\/i0.wp.com\/www.grieta.org.mx\/wp-content\/uploads\/2022\/02\/Screenshot-2022-02-23-at-13-48-05-Comunidades-de-Veracruz-se-niegan-a-la-perforacion-de-pozos.png?resize=1050%2C600 3x, https:\/\/i0.wp.com\/www.grieta.org.mx\/wp-content\/uploads\/2022\/02\/Screenshot-2022-02-23-at-13-48-05-Comunidades-de-Veracruz-se-niegan-a-la-perforacion-de-pozos.png?resize=1400%2C800 4x"},"classes":[]},{"id":64265,"url":"http:\/\/www.grieta.org.mx\/index.php\/2022\/05\/23\/nuevos-bloqueos-por-instalacion-de-ductos-de-gas-natural-en-san-damian-yucatan\/","url_meta":{"origin":3887,"position":4},"title":"Nuevos bloqueos por instalaci\u00f3n de ductos de gas natural en San Dami\u00e1n (Yucat\u00e1n)","author":"grieta","date":"23 mayo, 2022","format":false,"excerpt":"M\u00e9rida, Yucat\u00e1n; 23 de mayo de 2022 (ACOM).- Habitantes de la calle 13 por 48 y 46 de la colonia San Dami\u00e1n, al poniente de M\u00e9rida, cerraron la v\u00eda para externar su inconformidad contra la colocaci\u00f3n de gasoductos que representa un peligro. Afirman que por varios meses no hubo ning\u00fan\u2026","rel":"","context":"En &quot;CINTILLO&quot;","block_context":{"text":"CINTILLO","link":"http:\/\/www.grieta.org.mx\/index.php\/category\/cintillo\/"},"img":{"alt_text":"","src":"https:\/\/i0.wp.com\/www.grieta.org.mx\/wp-content\/uploads\/2022\/05\/Gasoducto-e1653496264325.png?resize=350%2C200","width":350,"height":200,"srcset":"https:\/\/i0.wp.com\/www.grieta.org.mx\/wp-content\/uploads\/2022\/05\/Gasoducto-e1653496264325.png?resize=350%2C200 1x, https:\/\/i0.wp.com\/www.grieta.org.mx\/wp-content\/uploads\/2022\/05\/Gasoducto-e1653496264325.png?resize=525%2C300 1.5x, https:\/\/i0.wp.com\/www.grieta.org.mx\/wp-content\/uploads\/2022\/05\/Gasoducto-e1653496264325.png?resize=700%2C400 2x"},"classes":[]},{"id":58945,"url":"http:\/\/www.grieta.org.mx\/index.php\/2021\/03\/24\/en-el-norte-de-veracruz-existen-270-pozos-petroleros-que-utilizan-fracking-como-metodo-de-extraccion\/","url_meta":{"origin":3887,"position":5},"title":"En el norte de Veracruz existen 270 pozos petroleros que utilizan fracking como m\u00e9todo de extracci\u00f3n","author":"Admin","date":"24 marzo, 2021","format":false,"excerpt":"Francisco de luna \/ Libertad bajo palabra Hay m\u00e1s de 270 pozos que son perforados con el m\u00e9todo de fracking en municipios de la zona norte del estado de Veracruz, inform\u00f3 el integrante de la Red Unidos por los Derechos Humanos (RUDH), \u00d3scar Espino. \u00abTenemos respuestas oficiales del propio Pemex\u2026","rel":"","context":"En &quot;CINTILLO&quot;","block_context":{"text":"CINTILLO","link":"http:\/\/www.grieta.org.mx\/index.php\/category\/cintillo\/"},"img":{"alt_text":"","src":"https:\/\/i0.wp.com\/www.grieta.org.mx\/wp-content\/uploads\/2021\/04\/Screenshot_2021-04-22-En-el-norte-de-Veracruz-existen-270-pozos-petroleros-que-utilizan-fracking-como-metodo-de-extraccion-....png?resize=350%2C200","width":350,"height":200,"srcset":"https:\/\/i0.wp.com\/www.grieta.org.mx\/wp-content\/uploads\/2021\/04\/Screenshot_2021-04-22-En-el-norte-de-Veracruz-existen-270-pozos-petroleros-que-utilizan-fracking-como-metodo-de-extraccion-....png?resize=350%2C200 1x, https:\/\/i0.wp.com\/www.grieta.org.mx\/wp-content\/uploads\/2021\/04\/Screenshot_2021-04-22-En-el-norte-de-Veracruz-existen-270-pozos-petroleros-que-utilizan-fracking-como-metodo-de-extraccion-....png?resize=525%2C300 1.5x, https:\/\/i0.wp.com\/www.grieta.org.mx\/wp-content\/uploads\/2021\/04\/Screenshot_2021-04-22-En-el-norte-de-Veracruz-existen-270-pozos-petroleros-que-utilizan-fracking-como-metodo-de-extraccion-....png?resize=700%2C400 2x"},"classes":[]}],"_links":{"self":[{"href":"http:\/\/www.grieta.org.mx\/index.php\/wp-json\/wp\/v2\/posts\/3887","targetHints":{"allow":["GET"]}}],"collection":[{"href":"http:\/\/www.grieta.org.mx\/index.php\/wp-json\/wp\/v2\/posts"}],"about":[{"href":"http:\/\/www.grieta.org.mx\/index.php\/wp-json\/wp\/v2\/types\/post"}],"author":[{"embeddable":true,"href":"http:\/\/www.grieta.org.mx\/index.php\/wp-json\/wp\/v2\/users\/2"}],"replies":[{"embeddable":true,"href":"http:\/\/www.grieta.org.mx\/index.php\/wp-json\/wp\/v2\/comments?post=3887"}],"version-history":[{"count":1,"href":"http:\/\/www.grieta.org.mx\/index.php\/wp-json\/wp\/v2\/posts\/3887\/revisions"}],"predecessor-version":[{"id":3888,"href":"http:\/\/www.grieta.org.mx\/index.php\/wp-json\/wp\/v2\/posts\/3887\/revisions\/3888"}],"wp:featuredmedia":[{"embeddable":true,"href":"http:\/\/www.grieta.org.mx\/index.php\/wp-json\/wp\/v2\/media\/21928"}],"wp:attachment":[{"href":"http:\/\/www.grieta.org.mx\/index.php\/wp-json\/wp\/v2\/media?parent=3887"}],"wp:term":[{"taxonomy":"category","embeddable":true,"href":"http:\/\/www.grieta.org.mx\/index.php\/wp-json\/wp\/v2\/categories?post=3887"},{"taxonomy":"post_tag","embeddable":true,"href":"http:\/\/www.grieta.org.mx\/index.php\/wp-json\/wp\/v2\/tags?post=3887"}],"curies":[{"name":"wp","href":"https:\/\/api.w.org\/{rel}","templated":true}]}}