{"id":38823,"date":"2019-08-27T17:24:25","date_gmt":"2019-08-27T22:24:25","guid":{"rendered":"http:\/\/www.grieta.org.mx\/?p=38823"},"modified":"2019-09-05T17:32:56","modified_gmt":"2019-09-05T22:32:56","slug":"colima-se-corona-con-la-tasa-mas-alta-de-asesinatos-de-mujeres-en-el-primer-semestre-de-2019","status":"publish","type":"post","link":"http:\/\/www.grieta.org.mx\/index.php\/2019\/08\/27\/colima-se-corona-con-la-tasa-mas-alta-de-asesinatos-de-mujeres-en-el-primer-semestre-de-2019\/","title":{"rendered":"Colima \u201cse corona\u201d con la tasa m\u00e1s alta de asesinatos de mujeres en el primer semestre de 2019"},"content":{"rendered":"<p><img loading=\"lazy\" decoding=\"async\" data-attachment-id=\"38824\" data-permalink=\"http:\/\/www.grieta.org.mx\/index.php\/2019\/08\/27\/colima-se-corona-con-la-tasa-mas-alta-de-asesinatos-de-mujeres-en-el-primer-semestre-de-2019\/feminicidio-7\/\" data-orig-file=\"http:\/\/www.grieta.org.mx\/wp-content\/uploads\/2019\/09\/Feminicidio.jpg\" data-orig-size=\"1920,1080\" data-comments-opened=\"0\" data-image-meta=\"{&quot;aperture&quot;:&quot;0&quot;,&quot;credit&quot;:&quot;&quot;,&quot;camera&quot;:&quot;&quot;,&quot;caption&quot;:&quot;&quot;,&quot;created_timestamp&quot;:&quot;0&quot;,&quot;copyright&quot;:&quot;&quot;,&quot;focal_length&quot;:&quot;0&quot;,&quot;iso&quot;:&quot;0&quot;,&quot;shutter_speed&quot;:&quot;0&quot;,&quot;title&quot;:&quot;&quot;,&quot;orientation&quot;:&quot;0&quot;}\" data-image-title=\"Feminicidio\" data-image-description=\"\" data-image-caption=\"\" data-medium-file=\"http:\/\/www.grieta.org.mx\/wp-content\/uploads\/2019\/09\/Feminicidio-300x169.jpg\" data-large-file=\"http:\/\/www.grieta.org.mx\/wp-content\/uploads\/2019\/09\/Feminicidio-1024x576.jpg\" class=\"wp-image-38824 aligncenter\" src=\"http:\/\/www.grieta.org.mx\/wp-content\/uploads\/2019\/09\/Feminicidio.jpg\" alt=\"\" width=\"801\" height=\"450\" srcset=\"http:\/\/www.grieta.org.mx\/wp-content\/uploads\/2019\/09\/Feminicidio.jpg 1920w, http:\/\/www.grieta.org.mx\/wp-content\/uploads\/2019\/09\/Feminicidio-300x169.jpg 300w, http:\/\/www.grieta.org.mx\/wp-content\/uploads\/2019\/09\/Feminicidio-768x432.jpg 768w, http:\/\/www.grieta.org.mx\/wp-content\/uploads\/2019\/09\/Feminicidio-1024x576.jpg 1024w, http:\/\/www.grieta.org.mx\/wp-content\/uploads\/2019\/09\/Feminicidio-889x500.jpg 889w\" sizes=\"auto, (max-width: 801px) 100vw, 801px\" \/><\/p>\n<p>Heidi de Le\u00f3n Guti\u00e9rrez \/ Diario Avanzada<\/p>\n<p>Colima, M\u00e9xico, Avanzada (27\/08\/2019).- En delitos contra mujeres, Colima cerr\u00f3 el primer semestre del a\u00f1o, con la tasa m\u00e1s alta en homicidios dolosos,\u00a0 la sexta tasa nacional en secuestro y la s\u00e9ptima tasa nacional en lesiones dolosas.<\/p>\n<p>Lo anterior a pesar de que desde el 2017 se implement\u00f3 la Alerta por Violencia de G\u00e9nero en cinco municipios de la entidad con la finalidad de disminuir los \u00edndices de violencia que afectan a las mujeres del estado.<\/p>\n<p>La informaci\u00f3n del Secretariado Ejecutivo del Sistema Nacional de Seguridad P\u00fablica revela que en los primeros seis meses del a\u00f1o, Colima alcanz\u00f3 la tasa m\u00e1s alta de homicidios dolosos por cada 100 mil mujeres.<\/p>\n<p>El reporte\u00a0del\u00a0Secretariado muestra que de enero a julio de este a\u00f1o,\u00a0 fueron asesinadas de forma dolosa (intencional)\u00a050 mujeres, en contraste, la Fiscal\u00eda General del Estado clasific\u00f3 s\u00f3lo 2 casos como feminicidios.<\/p>\n<p>El 40 por ciento de los asesinatos corresponden a mujeres\u00a0mayores de 18 a\u00f1os de edad,\u00a0entre un 10 a 15 por ciento son menores de 17 a\u00f1os, y\u00a0 en el resto no se especifica la edad.<\/p>\n<p>La informaci\u00f3n expone que Colima tiene la tasa m\u00e1s alta de homicidio doloso por cada 100 mil habitantes. La tasa corresponde al 12.75, en segundo lugar se encuentra Baja California con 7.34 y\u00a0 en tercer sitio, Chihuahua con 6.28.<\/p>\n<p>Adem\u00e1s, en el primer semestre del a\u00f1o 339 mujeres sufrieron una lesi\u00f3n dolosa, es decir, su agresor se las infringi\u00f3 de manera intencional. En este rubro se encuentra en s\u00e9ptimo lugar con una tasa de 87.3 por cada 100 mil mujeres. El primer lugar lo tiene Quer\u00e9taro.<\/p>\n<p>De igual manera, entre enero y julio de este a\u00f1o, 3 mujeres fueron secuestradas en el estado. Yucat\u00e1n, Jalisco, Sinaloa, Durango y\u00a0 Aguascalientes reportaron cero casos de mujeres secuestradas.\u00a0Por este delito, Colima tiene la sexta tasa m\u00e1s elevada\u00a0 a nivel nacional.<\/p>\n<p>Recientemente, organizaciones defensoras de los derechos de las mujeres alertaron sobre el crecimiento de los delitos contra las mujeres en la entidad.<\/p>\n<p><a href=\"https:\/\/www.diarioavanzada.com.mx\/?p=7198\">https:\/\/www.diarioavanzada.com.mx\/?p=7198<\/a><\/p>\n","protected":false},"excerpt":{"rendered":"<p>Heidi de Le\u00f3n Guti\u00e9rrez \/ Diario Avanzada Colima, M\u00e9xico, Avanzada (27\/08\/2019).- En delitos contra mujeres, Colima cerr\u00f3 el primer semestre del a\u00f1o, con la tasa m\u00e1s alta en homicidios dolosos,\u00a0 &hellip; <a href=\"http:\/\/www.grieta.org.mx\/index.php\/2019\/08\/27\/colima-se-corona-con-la-tasa-mas-alta-de-asesinatos-de-mujeres-en-el-primer-semestre-de-2019\/\" class=\"more-link\">Leer m\u00e1s<\/a><\/p>\n","protected":false},"author":2,"featured_media":38824,"comment_status":"closed","ping_status":"closed","sticky":false,"template":"","format":"standard","meta":{"ngg_post_thumbnail":0,"_jetpack_newsletter_access":"","_jetpack_dont_email_post_to_subs":false,"_jetpack_newsletter_tier_id":0,"_jetpack_memberships_contains_paywalled_content":false,"_jetpack_memberships_contains_paid_content":false,"footnotes":""},"categories":[80,13,84,1016,1017,2,83],"tags":[81],"class_list":{"0":"post-38823","1":"post","2":"type-post","3":"status-publish","4":"format-standard","5":"has-post-thumbnail","6":"hentry","7":"category-cintillo","8":"category-colima","9":"category-feminicidios","10":"category-feminicidios-en-colima","12":"category-noticias-nacionales","13":"category-temas-nacionales","14":"tag-feminicidios","15":"entry"},"jetpack_featured_media_url":"http:\/\/www.grieta.org.mx\/wp-content\/uploads\/2019\/09\/Feminicidio.jpg","jetpack_sharing_enabled":true,"jetpack_shortlink":"https:\/\/wp.me\/p7ZJR4-a6b","jetpack_likes_enabled":false,"jetpack-related-posts":[{"id":71698,"url":"http:\/\/www.grieta.org.mx\/index.php\/2025\/05\/05\/colima-el-estado-mas-violento-contra-las-mujeres-en-el-primer-trimestre-de-2025\/","url_meta":{"origin":38823,"position":0},"title":"Colima, el estado m\u00e1s violento contra las mujeres en el primer trimestre de 2025","author":"grieta","date":"5 mayo, 2025","format":false,"excerpt":"Imagen: fachada del Palacio de Gobierno de Colima tras la manifestaci\u00f3n feminista del 8 de marzo. Heidi de Le\u00f3n Guti\u00e9rrez \/ Diario Avanzada Colima, M\u00e9xico, Avanzada (05\/05\/2025).- Colima se posicion\u00f3 como la entidad m\u00e1s violenta del pa\u00eds para las mujeres durante el primer trimestre de 2025, al registrar la tasa\u2026","rel":"","context":"En &quot;CINTILLO&quot;","block_context":{"text":"CINTILLO","link":"http:\/\/www.grieta.org.mx\/index.php\/category\/cintillo\/"},"img":{"alt_text":"","src":"https:\/\/i0.wp.com\/www.grieta.org.mx\/wp-content\/uploads\/2025\/05\/fe1d61f4-13ba-43ec-9610-eb877e3b17a4-1.jpg?resize=350%2C200","width":350,"height":200,"srcset":"https:\/\/i0.wp.com\/www.grieta.org.mx\/wp-content\/uploads\/2025\/05\/fe1d61f4-13ba-43ec-9610-eb877e3b17a4-1.jpg?resize=350%2C200 1x, https:\/\/i0.wp.com\/www.grieta.org.mx\/wp-content\/uploads\/2025\/05\/fe1d61f4-13ba-43ec-9610-eb877e3b17a4-1.jpg?resize=525%2C300 1.5x, https:\/\/i0.wp.com\/www.grieta.org.mx\/wp-content\/uploads\/2025\/05\/fe1d61f4-13ba-43ec-9610-eb877e3b17a4-1.jpg?resize=700%2C400 2x, https:\/\/i0.wp.com\/www.grieta.org.mx\/wp-content\/uploads\/2025\/05\/fe1d61f4-13ba-43ec-9610-eb877e3b17a4-1.jpg?resize=1050%2C600 3x, https:\/\/i0.wp.com\/www.grieta.org.mx\/wp-content\/uploads\/2025\/05\/fe1d61f4-13ba-43ec-9610-eb877e3b17a4-1.jpg?resize=1400%2C800 4x"},"classes":[]},{"id":67829,"url":"http:\/\/www.grieta.org.mx\/index.php\/2023\/09\/25\/colima-primero-en-homicidios-de-mujeres-y-violencia-familiar-segundo-en-feminicidios\/","url_meta":{"origin":38823,"position":1},"title":"Colima, primero en homicidios de mujeres y violencia familiar; segundo en feminicidios","author":"grieta","date":"25 septiembre, 2023","format":false,"excerpt":"Imagen: Tomada de la Red Heidi de Le\u00f3n Guti\u00e9rrez \/ Diario Avanzada Colima, M\u00e9xico, Avanzada (25\/09\/2023).- A pesar de haber sido declarado con Alerta de Violencia de G\u00e9nero desde 2017, el estado de Colima contin\u00faa padeciendo la ola de violencia familiar y de g\u00e9nero. Las cifras son alarmantes: seg\u00fan el\u2026","rel":"","context":"En &quot;CINTILLO&quot;","block_context":{"text":"CINTILLO","link":"http:\/\/www.grieta.org.mx\/index.php\/category\/cintillo\/"},"img":{"alt_text":"","src":"https:\/\/i0.wp.com\/www.grieta.org.mx\/wp-content\/uploads\/2023\/10\/Imagen-de-WhatsApp-2023-09-25-a-las-08.16.28-840x1024-1.webp?resize=350%2C200","width":350,"height":200,"srcset":"https:\/\/i0.wp.com\/www.grieta.org.mx\/wp-content\/uploads\/2023\/10\/Imagen-de-WhatsApp-2023-09-25-a-las-08.16.28-840x1024-1.webp?resize=350%2C200 1x, https:\/\/i0.wp.com\/www.grieta.org.mx\/wp-content\/uploads\/2023\/10\/Imagen-de-WhatsApp-2023-09-25-a-las-08.16.28-840x1024-1.webp?resize=525%2C300 1.5x, https:\/\/i0.wp.com\/www.grieta.org.mx\/wp-content\/uploads\/2023\/10\/Imagen-de-WhatsApp-2023-09-25-a-las-08.16.28-840x1024-1.webp?resize=700%2C400 2x"},"classes":[]},{"id":45616,"url":"http:\/\/www.grieta.org.mx\/index.php\/2020\/02\/29\/en-enero-se-elevo-el-promedio-de-asesinatos-de-mujeres-en-colima\/","url_meta":{"origin":38823,"position":2},"title":"En enero se elev\u00f3 el promedio de asesinatos de mujeres en Colima","author":"grieta","date":"29 febrero, 2020","format":false,"excerpt":"Foto: Diario Avanzada Redacci\u00f3n \/ Diario Avanzada Colima, M\u00e9xico, Avanzada (29\/02\/2020).- Durante el primer mes de este a\u00f1o, increment\u00f3 la incidencia de asesinatos de mujeres en la entidad, en comparaci\u00f3n con el promedio mensual del a\u00f1o pasado, seg\u00fan las cifras del Secretariado Ejecutivo del Sistema Nacional de Seguridad P\u00fablica. A\u2026","rel":"","context":"En &quot;CINTILLO&quot;","block_context":{"text":"CINTILLO","link":"http:\/\/www.grieta.org.mx\/index.php\/category\/cintillo\/"},"img":{"alt_text":"","src":"https:\/\/i0.wp.com\/www.grieta.org.mx\/wp-content\/uploads\/2020\/03\/Homicidios-Colima.jpg?resize=350%2C200","width":350,"height":200,"srcset":"https:\/\/i0.wp.com\/www.grieta.org.mx\/wp-content\/uploads\/2020\/03\/Homicidios-Colima.jpg?resize=350%2C200 1x, https:\/\/i0.wp.com\/www.grieta.org.mx\/wp-content\/uploads\/2020\/03\/Homicidios-Colima.jpg?resize=525%2C300 1.5x, https:\/\/i0.wp.com\/www.grieta.org.mx\/wp-content\/uploads\/2020\/03\/Homicidios-Colima.jpg?resize=700%2C400 2x"},"classes":[]},{"id":69931,"url":"http:\/\/www.grieta.org.mx\/index.php\/2024\/09\/30\/colima-el-estado-mas-violento-para-las-mujeres\/","url_meta":{"origin":38823,"position":3},"title":"Colima, el estado m\u00e1s violento para las mujeres","author":"grieta","date":"30 septiembre, 2024","format":false,"excerpt":"Imagen: Diario Avanzada Heidi de Le\u00f3n Guti\u00e9rrez \/ Diario Avanzada Colima, M\u00e9xico, Avanzada (30\/09\/2024).- Colima contin\u00faa siendo el estado m\u00e1s violento para las mujeres en M\u00e9xico. De acuerdo con datos del Secretariado Ejecutivo del Sistema Nacional de Seguridad P\u00fablica (SESNSP), entre enero y agosto de 2024, 91 mujeres fueron asesinadas\u2026","rel":"","context":"En &quot;CINTILLO&quot;","block_context":{"text":"CINTILLO","link":"http:\/\/www.grieta.org.mx\/index.php\/category\/cintillo\/"},"img":{"alt_text":"","src":"https:\/\/i0.wp.com\/www.grieta.org.mx\/wp-content\/uploads\/2024\/10\/aaa-36.jpg?resize=350%2C200","width":350,"height":200,"srcset":"https:\/\/i0.wp.com\/www.grieta.org.mx\/wp-content\/uploads\/2024\/10\/aaa-36.jpg?resize=350%2C200 1x, https:\/\/i0.wp.com\/www.grieta.org.mx\/wp-content\/uploads\/2024\/10\/aaa-36.jpg?resize=525%2C300 1.5x, https:\/\/i0.wp.com\/www.grieta.org.mx\/wp-content\/uploads\/2024\/10\/aaa-36.jpg?resize=700%2C400 2x"},"classes":[]},{"id":57712,"url":"http:\/\/www.grieta.org.mx\/index.php\/2021\/03\/08\/fracasa-la-proteccion-de-las-mujeres-en-colima-feminicidios-violencia-y-hostigamiento-sexual-colima\/","url_meta":{"origin":38823,"position":4},"title":"Fracasa la protecci\u00f3n de las mujeres en Colima; feminicidios, violencia y hostigamiento sexual (Colima)","author":"grieta","date":"8 marzo, 2021","format":false,"excerpt":"Foto: Diario Avanzada Heidi de Le\u00f3n Guti\u00e9rrez \/ Diario Avanzada Colima, M\u00e9xico, Avanzada (08\/03\/2021).- En Colima,\u00a0las mujeres no est\u00e1n seguras ni en su casa ni en la calle. Los datos del Secretariado Ejecutivo del Sistema Nacional de Seguridad, ubican a esta entidad con la tasa m\u00e1s alta del pa\u00eds en\u2026","rel":"","context":"En &quot;CINTILLO&quot;","block_context":{"text":"CINTILLO","link":"http:\/\/www.grieta.org.mx\/index.php\/category\/cintillo\/"},"img":{"alt_text":"","src":"https:\/\/i0.wp.com\/www.grieta.org.mx\/wp-content\/uploads\/2021\/03\/Mujer.jpg?resize=350%2C200","width":350,"height":200,"srcset":"https:\/\/i0.wp.com\/www.grieta.org.mx\/wp-content\/uploads\/2021\/03\/Mujer.jpg?resize=350%2C200 1x, https:\/\/i0.wp.com\/www.grieta.org.mx\/wp-content\/uploads\/2021\/03\/Mujer.jpg?resize=525%2C300 1.5x, https:\/\/i0.wp.com\/www.grieta.org.mx\/wp-content\/uploads\/2021\/03\/Mujer.jpg?resize=700%2C400 2x"},"classes":[]},{"id":70403,"url":"http:\/\/www.grieta.org.mx\/index.php\/2024\/10\/31\/el-2024-se-perfila-como-el-mas-violento-para-las-mujeres-en-la-historia-de-colima\/","url_meta":{"origin":38823,"position":5},"title":"El 2024 se perfila como el m\u00e1s violento para las mujeres en la historia de Colima","author":"grieta","date":"31 octubre, 2024","format":false,"excerpt":"Imagen: Diario Avanzada Heidi de Le\u00f3n Guti\u00e9rrez \/ Diario Avanzada Colima, M\u00e9xico, Avanzada (31\/10\/2024).- Colima enfrenta una crisis de violencia contra las mujeres, con 96 asesinatos registrados en los primeros nueve meses de 2024, seg\u00fan datos del Secretariado Ejecutivo del Sistema Nacional de Seguridad P\u00fablica (SESNSP). De continuar esta tendencia,\u2026","rel":"","context":"En &quot;CINTILLO&quot;","block_context":{"text":"CINTILLO","link":"http:\/\/www.grieta.org.mx\/index.php\/category\/cintillo\/"},"img":{"alt_text":"","src":"https:\/\/i0.wp.com\/www.grieta.org.mx\/wp-content\/uploads\/2024\/11\/5e02817a-3f45-4ddc-891b-c4c370edc579-1.jpg?resize=350%2C200","width":350,"height":200,"srcset":"https:\/\/i0.wp.com\/www.grieta.org.mx\/wp-content\/uploads\/2024\/11\/5e02817a-3f45-4ddc-891b-c4c370edc579-1.jpg?resize=350%2C200 1x, https:\/\/i0.wp.com\/www.grieta.org.mx\/wp-content\/uploads\/2024\/11\/5e02817a-3f45-4ddc-891b-c4c370edc579-1.jpg?resize=525%2C300 1.5x, https:\/\/i0.wp.com\/www.grieta.org.mx\/wp-content\/uploads\/2024\/11\/5e02817a-3f45-4ddc-891b-c4c370edc579-1.jpg?resize=700%2C400 2x, https:\/\/i0.wp.com\/www.grieta.org.mx\/wp-content\/uploads\/2024\/11\/5e02817a-3f45-4ddc-891b-c4c370edc579-1.jpg?resize=1050%2C600 3x, https:\/\/i0.wp.com\/www.grieta.org.mx\/wp-content\/uploads\/2024\/11\/5e02817a-3f45-4ddc-891b-c4c370edc579-1.jpg?resize=1400%2C800 4x"},"classes":[]}],"_links":{"self":[{"href":"http:\/\/www.grieta.org.mx\/index.php\/wp-json\/wp\/v2\/posts\/38823","targetHints":{"allow":["GET"]}}],"collection":[{"href":"http:\/\/www.grieta.org.mx\/index.php\/wp-json\/wp\/v2\/posts"}],"about":[{"href":"http:\/\/www.grieta.org.mx\/index.php\/wp-json\/wp\/v2\/types\/post"}],"author":[{"embeddable":true,"href":"http:\/\/www.grieta.org.mx\/index.php\/wp-json\/wp\/v2\/users\/2"}],"replies":[{"embeddable":true,"href":"http:\/\/www.grieta.org.mx\/index.php\/wp-json\/wp\/v2\/comments?post=38823"}],"version-history":[{"count":1,"href":"http:\/\/www.grieta.org.mx\/index.php\/wp-json\/wp\/v2\/posts\/38823\/revisions"}],"predecessor-version":[{"id":38825,"href":"http:\/\/www.grieta.org.mx\/index.php\/wp-json\/wp\/v2\/posts\/38823\/revisions\/38825"}],"wp:featuredmedia":[{"embeddable":true,"href":"http:\/\/www.grieta.org.mx\/index.php\/wp-json\/wp\/v2\/media\/38824"}],"wp:attachment":[{"href":"http:\/\/www.grieta.org.mx\/index.php\/wp-json\/wp\/v2\/media?parent=38823"}],"wp:term":[{"taxonomy":"category","embeddable":true,"href":"http:\/\/www.grieta.org.mx\/index.php\/wp-json\/wp\/v2\/categories?post=38823"},{"taxonomy":"post_tag","embeddable":true,"href":"http:\/\/www.grieta.org.mx\/index.php\/wp-json\/wp\/v2\/tags?post=38823"}],"curies":[{"name":"wp","href":"https:\/\/api.w.org\/{rel}","templated":true}]}}