{"id":38815,"date":"2019-08-31T19:46:29","date_gmt":"2019-09-01T00:46:29","guid":{"rendered":"http:\/\/www.grieta.org.mx\/?p=38815"},"modified":"2019-09-04T19:53:33","modified_gmt":"2019-09-05T00:53:33","slug":"rastreadoras-recuerdan-con-memorial-a-sus-hijos-desaparecidos-sinaloa","status":"publish","type":"post","link":"http:\/\/www.grieta.org.mx\/index.php\/2019\/08\/31\/rastreadoras-recuerdan-con-memorial-a-sus-hijos-desaparecidos-sinaloa\/","title":{"rendered":"Rastreadoras recuerdan con memorial a sus hijos desaparecidos (Sinaloa)"},"content":{"rendered":"<p><img loading=\"lazy\" decoding=\"async\" data-attachment-id=\"38816\" data-permalink=\"http:\/\/www.grieta.org.mx\/index.php\/2019\/08\/31\/rastreadoras-recuerdan-con-memorial-a-sus-hijos-desaparecidos-sinaloa\/imagen_desaparecidos_x13x-jpg_1525476951\/\" data-orig-file=\"http:\/\/www.grieta.org.mx\/wp-content\/uploads\/2019\/09\/imagen_desaparecidos_x13x.jpg_1525476951.jpg\" data-orig-size=\"728,483\" data-comments-opened=\"0\" data-image-meta=\"{&quot;aperture&quot;:&quot;0&quot;,&quot;credit&quot;:&quot;&quot;,&quot;camera&quot;:&quot;&quot;,&quot;caption&quot;:&quot;&quot;,&quot;created_timestamp&quot;:&quot;0&quot;,&quot;copyright&quot;:&quot;&quot;,&quot;focal_length&quot;:&quot;0&quot;,&quot;iso&quot;:&quot;0&quot;,&quot;shutter_speed&quot;:&quot;0&quot;,&quot;title&quot;:&quot;&quot;,&quot;orientation&quot;:&quot;0&quot;}\" data-image-title=\"imagen_desaparecidos_x13x.jpg_1525476951\" data-image-description=\"\" data-image-caption=\"\" data-medium-file=\"http:\/\/www.grieta.org.mx\/wp-content\/uploads\/2019\/09\/imagen_desaparecidos_x13x.jpg_1525476951-300x199.jpg\" data-large-file=\"http:\/\/www.grieta.org.mx\/wp-content\/uploads\/2019\/09\/imagen_desaparecidos_x13x.jpg_1525476951.jpg\" class=\" wp-image-38816 aligncenter\" src=\"http:\/\/www.grieta.org.mx\/wp-content\/uploads\/2019\/09\/imagen_desaparecidos_x13x.jpg_1525476951.jpg\" alt=\"\" width=\"800\" height=\"531\" srcset=\"http:\/\/www.grieta.org.mx\/wp-content\/uploads\/2019\/09\/imagen_desaparecidos_x13x.jpg_1525476951.jpg 728w, http:\/\/www.grieta.org.mx\/wp-content\/uploads\/2019\/09\/imagen_desaparecidos_x13x.jpg_1525476951-300x199.jpg 300w\" sizes=\"auto, (max-width: 800px) 100vw, 800px\" \/><\/p>\n<p>Foto: El Debate<\/p>\n<p><em>Las madres hacen visibles a sus desaparecidos con sendero de piedras con fotograf\u00edas y mensajes<\/em><\/p>\n<p>Mirella L\u00f3pez \/ El Debate<\/p>\n<p><strong>Los Mochis, Sinaloa<\/strong>.- Las madres no conciben en su vida la p\u00e9rdida de un hijo, otras \u00a0ni siquiera imaginan esa pena, pero para muchas la b\u00fasqueda de sus hijos desaparecidos \u00a0hoy en d\u00eda es una prioridad y se han consagrado a \u00a0encontrarlos.<\/p>\n<p>Ya suman m\u00e1s de 40 mil los desaparecidos en este pa\u00eds que se ha convertido en una fosa clandestina.<\/p>\n<p>Tan solo en Sinaloa\u00a0 suman m\u00e1s de \u00a06 mil \u00a0desaparecidos \u00a0de acuerdo a \u00a0cifras oficiales, pero en la realidad van m\u00e1s de 9 mil sinaloenses, seg\u00fan datos de Mirna Nereyda Medina Qui\u00f1ones, quien encabeza el grupo de Las Rastreadoras.<\/p>\n<p><strong>Doloroso memorial<\/strong><\/p>\n<p>En este D\u00eda de \u00a0la Desaparici\u00f3n Forzada, \u00a0un grupo \u00a0de cerca de \u00a040 madres \u00a0del grupo de Las Rastreadoras \u00a0recuerdan a sus hijos con un \u201cMemorial por nuestros desaparecidos\u201d en el Monumento a la Madre, donde pintaron piedras \u00a0y montaron las fotograf\u00edas \u00a0de sus tesoros con su nombre, fecha de nacimiento y mensajes \u00a0cari\u00f1osos, con las que han realizado un sendero.<\/p>\n<p>\u201cEstamos muy \u00a0molestas porque este d\u00eda ni siquiera deber\u00eda existir, no hay nada que celebrar, pero es un momento para levantar la voz y sobre todo recordar a nuestros desaparecidos con mucha dignidad, como lo hemos venido haciendo. Hablar de n\u00fameros es para nosotros tambi\u00e9n muy triste porque no son cifras, pero s\u00ed es importante comentarlo\u201d, se\u00f1al\u00f3 Mirna Nereyda Medina.<\/p>\n<p>Sinaloa, Veracruz y Tamaulipas son los estados \u00a0con m\u00e1s n\u00famero de desaparecidos porque es donde hay m\u00e1s grupos buscando a familiares desaparecidos.<\/p>\n<p>Todas esas \u00a0desapariciones y fosas clandestinas han \u00a0existido desde hace a\u00f1os, pero ten\u00eda que destaparse este fen\u00f3meno de Las Rastreadoras para que se evidenciara la existencia de \u00a0fosas clandestinas.<\/p>\n<p><a href=\"https:\/\/www.debate.com.mx\/losmochis\/Rastreadoras-recuerdan-con-memorial-a-sus-hijos-desaparecidos-20190831-0020.html\">https:\/\/www.debate.com.mx\/losmochis\/Rastreadoras-recuerdan-con-memorial-a-sus-hijos-desaparecidos-20190831-0020.html<\/a><\/p>\n","protected":false},"excerpt":{"rendered":"<p>Foto: El Debate Las madres hacen visibles a sus desaparecidos con sendero de piedras con fotograf\u00edas y mensajes Mirella L\u00f3pez \/ El Debate Los Mochis, Sinaloa.- Las madres no conciben &hellip; <a href=\"http:\/\/www.grieta.org.mx\/index.php\/2019\/08\/31\/rastreadoras-recuerdan-con-memorial-a-sus-hijos-desaparecidos-sinaloa\/\" class=\"more-link\">Leer m\u00e1s<\/a><\/p>\n","protected":false},"author":2,"featured_media":38816,"comment_status":"closed","ping_status":"closed","sticky":false,"template":"","format":"standard","meta":{"ngg_post_thumbnail":0,"_jetpack_newsletter_access":"","_jetpack_dont_email_post_to_subs":false,"_jetpack_newsletter_tier_id":0,"_jetpack_memberships_contains_paywalled_content":false,"_jetpack_memberships_contains_paid_content":false,"footnotes":""},"categories":[80,87,1203,2,30,83],"tags":[1828,121,1668,1228,1635],"class_list":["post-38815","post","type-post","status-publish","format-standard","has-post-thumbnail","hentry","category-cintillo","category-desaparecidos","category-desaparecidos-en-sinaloa","category-noticias-nacionales","category-sinaloa","category-temas-nacionales","tag-busqueda-de-desaparecidos","tag-desaparecidos","tag-familiares-de-desaparecidos","tag-protestas-por-desaparecidos","tag-rastreadoras-de-desaparecidos","entry"],"jetpack_featured_media_url":"http:\/\/www.grieta.org.mx\/wp-content\/uploads\/2019\/09\/imagen_desaparecidos_x13x.jpg_1525476951.jpg","jetpack_sharing_enabled":true,"jetpack_shortlink":"https:\/\/wp.me\/p7ZJR4-a63","jetpack_likes_enabled":false,"jetpack-related-posts":[{"id":6886,"url":"http:\/\/www.grieta.org.mx\/index.php\/2016\/09\/14\/desaparecidos-en-sinaloa\/","url_meta":{"origin":38815,"position":0},"title":"Desaparecidos en Sinaloa","author":"grieta","date":"14 septiembre, 2016","format":false,"excerpt":"14\/09\/16. Encuentran Las Rastreadoras seis cuerpos en el norte de Sinaloa Noroeste 01\/09\/16. \u201cRastreadoras\u201d encuentran cuatro cuerpos m\u00e1s; llegan a 62. (Sinaloa) Rio Doce 30\/08\/16. Familiares exigen a Malova resultados en casos de desaparecidos en Sinaloa Proceso 03\/08\/16. \u00bfFue desaparecido en Sinaloa y sospechas en d\u00f3nde est\u00e1? Pide un permiso\u2026","rel":"","context":"En &quot;Desaparecidos&quot;","block_context":{"text":"Desaparecidos","link":"http:\/\/www.grieta.org.mx\/index.php\/category\/temas-nacionales\/desaparecidos\/"},"img":{"alt_text":"","src":"https:\/\/i0.wp.com\/www.grieta.org.mx\/wp-content\/uploads\/2018\/03\/14524434_1106112876131411_958039263622046936_o.jpg?resize=350%2C200","width":350,"height":200,"srcset":"https:\/\/i0.wp.com\/www.grieta.org.mx\/wp-content\/uploads\/2018\/03\/14524434_1106112876131411_958039263622046936_o.jpg?resize=350%2C200 1x, https:\/\/i0.wp.com\/www.grieta.org.mx\/wp-content\/uploads\/2018\/03\/14524434_1106112876131411_958039263622046936_o.jpg?resize=525%2C300 1.5x, https:\/\/i0.wp.com\/www.grieta.org.mx\/wp-content\/uploads\/2018\/03\/14524434_1106112876131411_958039263622046936_o.jpg?resize=700%2C400 2x"},"classes":[]},{"id":33391,"url":"http:\/\/www.grieta.org.mx\/index.php\/2019\/05\/10\/rastreadoras-marchan-por-sus-hijos-desaparecidos-sinaloa\/","url_meta":{"origin":38815,"position":1},"title":"Rastreadoras marchan por sus hijos desaparecidos (Sinaloa)","author":"grieta","date":"10 mayo, 2019","format":false,"excerpt":"El grupo de mujeres march\u00f3\u00a0hasta la Vicefiscal\u00eda zona norte para expresar que este 10 de mayo no tienen\u00a0nada que festejar Noel Vizcarra \/ El Debate Los Mochis, Sinaloa.- Las Rastreadoras de El Fuerte llevaron a cabo una manifestaci\u00f3n en silencio para dar a conocer que no tienen que festejar este\u2026","rel":"","context":"En &quot;CINTILLO&quot;","block_context":{"text":"CINTILLO","link":"http:\/\/www.grieta.org.mx\/index.php\/category\/cintillo\/"},"img":{"alt_text":"","src":"https:\/\/i0.wp.com\/www.grieta.org.mx\/wp-content\/uploads\/2019\/05\/marcha_rastreadoras_3.jpg_219914347.jpg?resize=350%2C200","width":350,"height":200,"srcset":"https:\/\/i0.wp.com\/www.grieta.org.mx\/wp-content\/uploads\/2019\/05\/marcha_rastreadoras_3.jpg_219914347.jpg?resize=350%2C200 1x, https:\/\/i0.wp.com\/www.grieta.org.mx\/wp-content\/uploads\/2019\/05\/marcha_rastreadoras_3.jpg_219914347.jpg?resize=525%2C300 1.5x, https:\/\/i0.wp.com\/www.grieta.org.mx\/wp-content\/uploads\/2019\/05\/marcha_rastreadoras_3.jpg_219914347.jpg?resize=700%2C400 2x"},"classes":[]},{"id":33807,"url":"http:\/\/www.grieta.org.mx\/index.php\/2019\/05\/22\/rastreadoras-de-sinaloa-preparan-colecta-para-buscar-a-desaparecidos\/","url_meta":{"origin":38815,"position":2},"title":"Rastreadoras de Sinaloa preparan colecta para buscar a desaparecidos","author":"grieta","date":"22 mayo, 2019","format":false,"excerpt":"Las madres que buscan a sus desaparecidos en Sinaloa han criticado que no reciben apoyo del Gobierno del Estado\u00a0para la labor. Fernando Velasco \/ SDP Noticias El colectivo\u00a0Sabuesos Guerreras\u00a0AC realizar\u00e1 una colecta para adquirir recursos que les permitan seguir en la b\u00fasqueda de desaparecidos en la entidad. El llamado \u201cSabuesot\u00f3n\u201d\u2026","rel":"","context":"En &quot;CINTILLO&quot;","block_context":{"text":"CINTILLO","link":"http:\/\/www.grieta.org.mx\/index.php\/category\/cintillo\/"},"img":{"alt_text":"","src":"https:\/\/i0.wp.com\/www.grieta.org.mx\/wp-content\/uploads\/2019\/05\/rastreadoras_encuentran_una_fosa_clandestina_en_estacixn_rosalesx_culiacxn2.jpeg_539665225.jpeg?resize=350%2C200","width":350,"height":200,"srcset":"https:\/\/i0.wp.com\/www.grieta.org.mx\/wp-content\/uploads\/2019\/05\/rastreadoras_encuentran_una_fosa_clandestina_en_estacixn_rosalesx_culiacxn2.jpeg_539665225.jpeg?resize=350%2C200 1x, https:\/\/i0.wp.com\/www.grieta.org.mx\/wp-content\/uploads\/2019\/05\/rastreadoras_encuentran_una_fosa_clandestina_en_estacixn_rosalesx_culiacxn2.jpeg_539665225.jpeg?resize=525%2C300 1.5x, https:\/\/i0.wp.com\/www.grieta.org.mx\/wp-content\/uploads\/2019\/05\/rastreadoras_encuentran_una_fosa_clandestina_en_estacixn_rosalesx_culiacxn2.jpeg_539665225.jpeg?resize=700%2C400 2x"},"classes":[]},{"id":38812,"url":"http:\/\/www.grieta.org.mx\/index.php\/2019\/08\/30\/no-esperes-que-te-pase-a-ti-en-dia-de-desaparecidos-madres-claman-por-sus-hijos-ausentes-sinaloa\/","url_meta":{"origin":38815,"position":3},"title":"\u201cNo esperes que te pase a ti\u201d, En d\u00eda de desaparecidos, madres claman por sus hijos ausentes (Sinaloa)","author":"grieta","date":"30 agosto, 2019","format":false,"excerpt":"Foto: Revista Espejo En su marcha, las madres de familia alzaban su voz con un mensaje un\u00edsono que dec\u00eda: \u201cVivos se los llevaron, vivos los queremos\u201d. Jorge Cuen \/ Revista Espejo Integrantes de colectivos de b\u00fasqueda de desaparecidos de la localidad iniciaron\u00a0las conmemoraciones del D\u00eda Internacional de las V\u00edctimas de\u2026","rel":"","context":"En &quot;CINTILLO&quot;","block_context":{"text":"CINTILLO","link":"http:\/\/www.grieta.org.mx\/index.php\/category\/cintillo\/"},"img":{"alt_text":"","src":"https:\/\/i0.wp.com\/www.grieta.org.mx\/wp-content\/uploads\/2019\/09\/21becb9d-f3d4-43c7-8efe-dd3ecefd2586-750x422.jpg?resize=350%2C200","width":350,"height":200,"srcset":"https:\/\/i0.wp.com\/www.grieta.org.mx\/wp-content\/uploads\/2019\/09\/21becb9d-f3d4-43c7-8efe-dd3ecefd2586-750x422.jpg?resize=350%2C200 1x, https:\/\/i0.wp.com\/www.grieta.org.mx\/wp-content\/uploads\/2019\/09\/21becb9d-f3d4-43c7-8efe-dd3ecefd2586-750x422.jpg?resize=525%2C300 1.5x, https:\/\/i0.wp.com\/www.grieta.org.mx\/wp-content\/uploads\/2019\/09\/21becb9d-f3d4-43c7-8efe-dd3ecefd2586-750x422.jpg?resize=700%2C400 2x"},"classes":[]},{"id":39371,"url":"http:\/\/www.grieta.org.mx\/index.php\/2019\/09\/13\/rastreadoras-han-desenterrado-178-cadaveres-sinaloa\/","url_meta":{"origin":38815,"position":4},"title":"Rastreadoras han desenterrado 178 cad\u00e1veres (Sinaloa)","author":"grieta","date":"13 septiembre, 2019","format":false,"excerpt":"Foto: Javier Padilla Madres de desaparecidos realizan Marcha del Silencio para conmemorar cinco a\u00f1os de lucha por encontrar a sus tesoros Noel Vizcarra \/ El Debate El Fuerte, Sinaloa.- Poco a poco fueron llegando las madres de familia que tienen a seres queridos desaparecidos. Algunas iban solas, otras llevaban ni\u00f1os\u2026","rel":"","context":"En &quot;CINTILLO&quot;","block_context":{"text":"CINTILLO","link":"http:\/\/www.grieta.org.mx\/index.php\/category\/cintillo\/"},"img":{"alt_text":"","src":"https:\/\/i0.wp.com\/www.grieta.org.mx\/wp-content\/uploads\/2019\/09\/rastreadoras_del_fuerte_marcha.jpg_219914347.jpg?resize=350%2C200","width":350,"height":200,"srcset":"https:\/\/i0.wp.com\/www.grieta.org.mx\/wp-content\/uploads\/2019\/09\/rastreadoras_del_fuerte_marcha.jpg_219914347.jpg?resize=350%2C200 1x, https:\/\/i0.wp.com\/www.grieta.org.mx\/wp-content\/uploads\/2019\/09\/rastreadoras_del_fuerte_marcha.jpg_219914347.jpg?resize=525%2C300 1.5x, https:\/\/i0.wp.com\/www.grieta.org.mx\/wp-content\/uploads\/2019\/09\/rastreadoras_del_fuerte_marcha.jpg_219914347.jpg?resize=700%2C400 2x"},"classes":[]},{"id":34921,"url":"http:\/\/www.grieta.org.mx\/index.php\/2019\/06\/16\/nada-que-celebrar-en-el-dia-del-padre-sabuesos-guerreras-sinaloa\/","url_meta":{"origin":38815,"position":5},"title":"&#8220;Nada que celebrar&#8221; en el d\u00eda del padre: Sabuesos Guerreras (Sinaloa)","author":"grieta","date":"16 junio, 2019","format":false,"excerpt":"Jes\u00fas Verdugo \/ El Sol de Sinaloa Culiac\u00e1n,Sin.\u00a0El grupo de b\u00fasqueda de desaparecidos;\u00a0Sabuesos Guerreras A.C.\u00a0protest\u00f3 pac\u00edficamente\u00a0en el kiosko de la Plazuela Obreg\u00f3n a un costado de la Catedral colgando lonas con la leyenda \"no m\u00e1s desaparecidos\" y fotos de los hijos y familiares de sus integrantes. Mar\u00eda Isabel Bernal, dirigente\u2026","rel":"","context":"En &quot;CINTILLO&quot;","block_context":{"text":"CINTILLO","link":"http:\/\/www.grieta.org.mx\/index.php\/category\/cintillo\/"},"img":{"alt_text":"","src":"https:\/\/i0.wp.com\/www.grieta.org.mx\/wp-content\/uploads\/2019\/06\/sabuesos-guerreras-manifestacion-catedral-4-1-o89mlge361iz7fxyaf0c1tgbomndh4w4k23jcdfv60.jpeg?resize=350%2C200","width":350,"height":200,"srcset":"https:\/\/i0.wp.com\/www.grieta.org.mx\/wp-content\/uploads\/2019\/06\/sabuesos-guerreras-manifestacion-catedral-4-1-o89mlge361iz7fxyaf0c1tgbomndh4w4k23jcdfv60.jpeg?resize=350%2C200 1x, https:\/\/i0.wp.com\/www.grieta.org.mx\/wp-content\/uploads\/2019\/06\/sabuesos-guerreras-manifestacion-catedral-4-1-o89mlge361iz7fxyaf0c1tgbomndh4w4k23jcdfv60.jpeg?resize=525%2C300 1.5x, https:\/\/i0.wp.com\/www.grieta.org.mx\/wp-content\/uploads\/2019\/06\/sabuesos-guerreras-manifestacion-catedral-4-1-o89mlge361iz7fxyaf0c1tgbomndh4w4k23jcdfv60.jpeg?resize=700%2C400 2x, https:\/\/i0.wp.com\/www.grieta.org.mx\/wp-content\/uploads\/2019\/06\/sabuesos-guerreras-manifestacion-catedral-4-1-o89mlge361iz7fxyaf0c1tgbomndh4w4k23jcdfv60.jpeg?resize=1050%2C600 3x"},"classes":[]}],"_links":{"self":[{"href":"http:\/\/www.grieta.org.mx\/index.php\/wp-json\/wp\/v2\/posts\/38815","targetHints":{"allow":["GET"]}}],"collection":[{"href":"http:\/\/www.grieta.org.mx\/index.php\/wp-json\/wp\/v2\/posts"}],"about":[{"href":"http:\/\/www.grieta.org.mx\/index.php\/wp-json\/wp\/v2\/types\/post"}],"author":[{"embeddable":true,"href":"http:\/\/www.grieta.org.mx\/index.php\/wp-json\/wp\/v2\/users\/2"}],"replies":[{"embeddable":true,"href":"http:\/\/www.grieta.org.mx\/index.php\/wp-json\/wp\/v2\/comments?post=38815"}],"version-history":[{"count":1,"href":"http:\/\/www.grieta.org.mx\/index.php\/wp-json\/wp\/v2\/posts\/38815\/revisions"}],"predecessor-version":[{"id":38817,"href":"http:\/\/www.grieta.org.mx\/index.php\/wp-json\/wp\/v2\/posts\/38815\/revisions\/38817"}],"wp:featuredmedia":[{"embeddable":true,"href":"http:\/\/www.grieta.org.mx\/index.php\/wp-json\/wp\/v2\/media\/38816"}],"wp:attachment":[{"href":"http:\/\/www.grieta.org.mx\/index.php\/wp-json\/wp\/v2\/media?parent=38815"}],"wp:term":[{"taxonomy":"category","embeddable":true,"href":"http:\/\/www.grieta.org.mx\/index.php\/wp-json\/wp\/v2\/categories?post=38815"},{"taxonomy":"post_tag","embeddable":true,"href":"http:\/\/www.grieta.org.mx\/index.php\/wp-json\/wp\/v2\/tags?post=38815"}],"curies":[{"name":"wp","href":"https:\/\/api.w.org\/{rel}","templated":true}]}}