{"id":3879,"date":"2015-05-26T21:01:00","date_gmt":"2015-05-26T21:01:00","guid":{"rendered":"http:\/\/50.22.11.12\/~grietaor\/?p=3879"},"modified":"2016-03-18T21:12:31","modified_gmt":"2016-03-18T21:12:31","slug":"sierra-norte-por-la-vida-video","status":"publish","type":"post","link":"http:\/\/www.grieta.org.mx\/index.php\/2015\/05\/26\/sierra-norte-por-la-vida-video\/","title":{"rendered":"Sierra Norte por la vida [video]"},"content":{"rendered":"<p>mayo 26, 2015<br \/>\nPuebla<\/p>\n<p>Documental Sierra Norte por la Vida (Subtitulado al ingl\u00e9s)<\/p>\n<p>La resistencia a los proyectos mineros, petroleros e hidroel\u00e9ctricos en la Sierra Norte de Puebla. M\u00e9xico 2014.<\/p>\n<div class=\"jetpack-video-wrapper\"><iframe loading=\"lazy\" title=\"SIERRA NORTE POR LA VIDA (SUBTITULADO INGL\u00c9S)\" width=\"1170\" height=\"658\" src=\"https:\/\/www.youtube.com\/embed\/AQ85vHvNSHA?feature=oembed\" frameborder=\"0\" allow=\"accelerometer; autoplay; clipboard-write; encrypted-media; gyroscope; picture-in-picture\" allowfullscreen><\/iframe><\/div>\n<p><a href=\"http:\/\/www.youtube.com\/watch?feature=player_detailpage&#038;v=AQ85vHvNSHA\" target=\"_blank\">www.youtube.com\/watch?feature=player_detailpage&#038;v=AQ85vHvNSHA<\/a><\/p>\n","protected":false},"excerpt":{"rendered":"<p>mayo 26, 2015 Puebla Documental Sierra Norte por la Vida (Subtitulado al ingl\u00e9s) La resistencia a los proyectos mineros, petroleros e hidroel\u00e9ctricos en la Sierra Norte de Puebla. M\u00e9xico 2014. &hellip; <a href=\"http:\/\/www.grieta.org.mx\/index.php\/2015\/05\/26\/sierra-norte-por-la-vida-video\/\" class=\"more-link\">Leer m\u00e1s<\/a><\/p>\n","protected":false},"author":2,"featured_media":21928,"comment_status":"closed","ping_status":"open","sticky":false,"template":"","format":"standard","meta":{"ngg_post_thumbnail":0,"_jetpack_newsletter_access":"","_jetpack_dont_email_post_to_subs":false,"_jetpack_newsletter_tier_id":0,"_jetpack_memberships_contains_paywalled_content":false,"_jetpack_memberships_contains_paid_content":false,"footnotes":""},"categories":[80],"tags":[273],"class_list":["post-3879","post","type-post","status-publish","format-standard","has-post-thumbnail","hentry","category-cintillo","tag-fracking","entry"],"jetpack_featured_media_url":"http:\/\/www.grieta.org.mx\/wp-content\/uploads\/2018\/03\/14524434_1106112876131411_958039263622046936_o.jpg","jetpack_sharing_enabled":true,"jetpack_shortlink":"https:\/\/wp.me\/p7ZJR4-10z","jetpack_likes_enabled":false,"jetpack-related-posts":[{"id":3824,"url":"http:\/\/www.grieta.org.mx\/index.php\/2015\/07\/16\/en-riesgo-la-sierra-norte-de-puebla\/","url_meta":{"origin":3879,"position":0},"title":"En riesgo la Sierra Norte de Puebla","author":"grieta","date":"16 julio, 2015","format":false,"excerpt":"Redacci\u00f3n\/ Fundar https:\/\/www.youtube.com\/watch?v=FpKWJ0HNJ6Q&feature=youtu.be En la comunidad de San Felipe Tepatl\u00e1n, existe el proyecto hidroel\u00e9ctrico Puebla 1, propuesto por la empresa Deselect-Comexhidro, mismo que pone en riesgo recursos naturales como el R\u00edo Ajajalpan, el cual es usado por la comunidad para el cultivo de sus tierras as\u00ed como para actividades tradicionales\u2026","rel":"","context":"En &quot;CINTILLO&quot;","block_context":{"text":"CINTILLO","link":"http:\/\/www.grieta.org.mx\/index.php\/category\/cintillo\/"},"img":{"alt_text":"","src":"https:\/\/i0.wp.com\/www.grieta.org.mx\/wp-content\/uploads\/2018\/03\/14524434_1106112876131411_958039263622046936_o.jpg?resize=350%2C200","width":350,"height":200,"srcset":"https:\/\/i0.wp.com\/www.grieta.org.mx\/wp-content\/uploads\/2018\/03\/14524434_1106112876131411_958039263622046936_o.jpg?resize=350%2C200 1x, https:\/\/i0.wp.com\/www.grieta.org.mx\/wp-content\/uploads\/2018\/03\/14524434_1106112876131411_958039263622046936_o.jpg?resize=525%2C300 1.5x, https:\/\/i0.wp.com\/www.grieta.org.mx\/wp-content\/uploads\/2018\/03\/14524434_1106112876131411_958039263622046936_o.jpg?resize=700%2C400 2x"},"classes":[]},{"id":3876,"url":"http:\/\/www.grieta.org.mx\/index.php\/2016\/08\/05\/comunidades-de-la-sierra-norte-de-puebla-rechazan-fracking\/","url_meta":{"origin":3879,"position":1},"title":"Rechazo al fracking en comunidades de la Sierra Norte de Puebla","author":"grieta","date":"5 agosto, 2016","format":false,"excerpt":"05\/08\/16. Fracking podr\u00eda desaparecer a 140 tepehuas que sobreviven en Puebla La Jornada de Oriente 20\/07\/16. Inician habitantes de Cuetzalan, Puebla, resistencia contra entrada de fracking Plumas Libres 04\/07\/16. Pozos petroleros que usan fracking agotan mantos de agua en Puebla Regeneraci\u00f3n 02\/05\/16. El fracking o fractura hidr\u00e1ulica amenaza la Sierra\u2026","rel":"","context":"En &quot;26. Sierra Puebla&quot;","block_context":{"text":"26. Sierra Puebla","link":"http:\/\/www.grieta.org.mx\/index.php\/category\/espejos-de-la-resistencia\/26-sierra-puebla\/"},"img":{"alt_text":"","src":"https:\/\/i0.wp.com\/www.grieta.org.mx\/wp-content\/uploads\/2018\/03\/14524434_1106112876131411_958039263622046936_o.jpg?resize=350%2C200","width":350,"height":200,"srcset":"https:\/\/i0.wp.com\/www.grieta.org.mx\/wp-content\/uploads\/2018\/03\/14524434_1106112876131411_958039263622046936_o.jpg?resize=350%2C200 1x, https:\/\/i0.wp.com\/www.grieta.org.mx\/wp-content\/uploads\/2018\/03\/14524434_1106112876131411_958039263622046936_o.jpg?resize=525%2C300 1.5x, https:\/\/i0.wp.com\/www.grieta.org.mx\/wp-content\/uploads\/2018\/03\/14524434_1106112876131411_958039263622046936_o.jpg?resize=700%2C400 2x"},"classes":[]},{"id":22099,"url":"http:\/\/www.grieta.org.mx\/index.php\/2018\/03\/13\/organizan-caravana-por-la-vida-en-la-sierra-norte-de-puebla-contra-mina-a-cielo-abierto\/","url_meta":{"origin":3879,"position":2},"title":"Organizan Caravana por la Vida en la Sierra Norte de Puebla contra mina a cielo abierto","author":"grieta","date":"13 marzo, 2018","format":false,"excerpt":"Publicado por Guadalupe Mart\u00ednez Rivera La organizaci\u00f3n Proyecto sobre Organizaci\u00f3n, Desarrollo, Educaci\u00f3n e Investigaci\u00f3n (PODER por sus siglas en ingl\u00e9s) inform\u00f3 a trav\u00e9s de un comunicado, que invita a la Caravana por la Vida en Sierra Norte de Puebla que se llevar\u00e1 a cabo el s\u00e1bado 17 de marzo a\u2026","rel":"","context":"En &quot;CINTILLO&quot;","block_context":{"text":"CINTILLO","link":"http:\/\/www.grieta.org.mx\/index.php\/category\/cintillo\/"},"img":{"alt_text":"","src":"https:\/\/i0.wp.com\/www.grieta.org.mx\/wp-content\/uploads\/2018\/03\/ixtacamaxtitlan-579x386.jpg?resize=350%2C200","width":350,"height":200,"srcset":"https:\/\/i0.wp.com\/www.grieta.org.mx\/wp-content\/uploads\/2018\/03\/ixtacamaxtitlan-579x386.jpg?resize=350%2C200 1x, https:\/\/i0.wp.com\/www.grieta.org.mx\/wp-content\/uploads\/2018\/03\/ixtacamaxtitlan-579x386.jpg?resize=525%2C300 1.5x"},"classes":[]},{"id":45550,"url":"http:\/\/www.grieta.org.mx\/index.php\/2020\/03\/03\/por-fracking-12-municipios-en-sierra-norte-de-puebla-seran-afectados-fundar\/","url_meta":{"origin":3879,"position":3},"title":"Por fracking, 12 municipios en Sierra Norte de Puebla ser\u00e1n afectados: Fundar","author":"Admin","date":"3 marzo, 2020","format":false,"excerpt":"La fracturaci\u00f3n hidr\u00e1ulica en la Sierra Norte de Puebla es una amenaza real para las comunidades, ser\u00edan 12 los municipios en esa regi\u00f3n que se ver\u00e1n afectados por la hidrofracturaci\u00f3n, as\u00ed lo se\u00f1al\u00f3 el Centro de An\u00e1lisis e Investigaci\u00f3n (Fundar). De acuerdo con el an\u00e1lisis realizado se identific\u00f3 a 118\u2026","rel":"","context":"En &quot;26. Sierra Puebla&quot;","block_context":{"text":"26. Sierra Puebla","link":"http:\/\/www.grieta.org.mx\/index.php\/category\/espejos-de-la-resistencia\/26-sierra-puebla\/"},"img":{"alt_text":"","src":"https:\/\/i0.wp.com\/www.grieta.org.mx\/wp-content\/uploads\/2020\/03\/Fracking-en-la-Sierra-Norte-de-Puebla.jpg?resize=350%2C200","width":350,"height":200,"srcset":"https:\/\/i0.wp.com\/www.grieta.org.mx\/wp-content\/uploads\/2020\/03\/Fracking-en-la-Sierra-Norte-de-Puebla.jpg?resize=350%2C200 1x, https:\/\/i0.wp.com\/www.grieta.org.mx\/wp-content\/uploads\/2020\/03\/Fracking-en-la-Sierra-Norte-de-Puebla.jpg?resize=525%2C300 1.5x"},"classes":[]},{"id":40594,"url":"http:\/\/www.grieta.org.mx\/index.php\/2019\/10\/26\/totonacas-rechazan-la-hidroelectrica-en-la-sierra-norte-puebla\/","url_meta":{"origin":3879,"position":4},"title":"Totonacas rechazan la hidroel\u00e9ctrica en la Sierra Norte (Puebla)","author":"Admin","date":"26 octubre, 2019","format":false,"excerpt":"Berenice Mart\u00ednez \/ El Sol de Puebla Comunidades totonacas de la Sierra Norte rechazaron la construcci\u00f3n del proyecto hidroel\u00e9ctrico Puebla 1 y advirtieron que seguir\u00e1n defendiendo su territorio para evitar que la empresa Deselec 1-Comexhidro abone a la disminuci\u00f3n del caudal del r\u00edo Ajajalpan. En un comunicado dirigido a autoridades\u2026","rel":"","context":"En &quot;26. Sierra Puebla&quot;","block_context":{"text":"26. Sierra Puebla","link":"http:\/\/www.grieta.org.mx\/index.php\/category\/espejos-de-la-resistencia\/26-sierra-puebla\/"},"img":{"alt_text":"","src":"https:\/\/i0.wp.com\/www.grieta.org.mx\/wp-content\/uploads\/2019\/06\/hidroel%C3%A9ctrica.jpg?resize=350%2C200","width":350,"height":200,"srcset":"https:\/\/i0.wp.com\/www.grieta.org.mx\/wp-content\/uploads\/2019\/06\/hidroel%C3%A9ctrica.jpg?resize=350%2C200 1x, https:\/\/i0.wp.com\/www.grieta.org.mx\/wp-content\/uploads\/2019\/06\/hidroel%C3%A9ctrica.jpg?resize=525%2C300 1.5x, https:\/\/i0.wp.com\/www.grieta.org.mx\/wp-content\/uploads\/2019\/06\/hidroel%C3%A9ctrica.jpg?resize=700%2C400 2x"},"classes":[]},{"id":3808,"url":"http:\/\/www.grieta.org.mx\/index.php\/2012\/12\/18\/preparan-ocho-proyectos-hidroelectricos-en-la-sierra-norte-de-puebla-unitierra\/","url_meta":{"origin":3879,"position":5},"title":"Preparan ocho proyectos hidroel\u00e9ctricos en la Sierra Norte de Puebla: Unitierra","author":"grieta","date":"18 diciembre, 2012","format":false,"excerpt":"Arturo Alfaro Gal\u00e1n\/ Afectados Ambientales La Universidad de la Tierra (Unitierra) en Puebla revel\u00f3 que en Puebla existen ocho proyectos para la construcci\u00f3n de hidroel\u00e9ctricas en la Sierra Norte de la entidad, las cuales afectar\u00e1n dr\u00e1sticamente el medioambiente y la forma de vida de una decena de comunidades. Los proyectos\u2026","rel":"","context":"En &quot;CINTILLO&quot;","block_context":{"text":"CINTILLO","link":"http:\/\/www.grieta.org.mx\/index.php\/category\/cintillo\/"},"img":{"alt_text":"","src":"https:\/\/i0.wp.com\/www.grieta.org.mx\/wp-content\/uploads\/2018\/03\/14524434_1106112876131411_958039263622046936_o.jpg?resize=350%2C200","width":350,"height":200,"srcset":"https:\/\/i0.wp.com\/www.grieta.org.mx\/wp-content\/uploads\/2018\/03\/14524434_1106112876131411_958039263622046936_o.jpg?resize=350%2C200 1x, https:\/\/i0.wp.com\/www.grieta.org.mx\/wp-content\/uploads\/2018\/03\/14524434_1106112876131411_958039263622046936_o.jpg?resize=525%2C300 1.5x, https:\/\/i0.wp.com\/www.grieta.org.mx\/wp-content\/uploads\/2018\/03\/14524434_1106112876131411_958039263622046936_o.jpg?resize=700%2C400 2x"},"classes":[]}],"_links":{"self":[{"href":"http:\/\/www.grieta.org.mx\/index.php\/wp-json\/wp\/v2\/posts\/3879","targetHints":{"allow":["GET"]}}],"collection":[{"href":"http:\/\/www.grieta.org.mx\/index.php\/wp-json\/wp\/v2\/posts"}],"about":[{"href":"http:\/\/www.grieta.org.mx\/index.php\/wp-json\/wp\/v2\/types\/post"}],"author":[{"embeddable":true,"href":"http:\/\/www.grieta.org.mx\/index.php\/wp-json\/wp\/v2\/users\/2"}],"replies":[{"embeddable":true,"href":"http:\/\/www.grieta.org.mx\/index.php\/wp-json\/wp\/v2\/comments?post=3879"}],"version-history":[{"count":1,"href":"http:\/\/www.grieta.org.mx\/index.php\/wp-json\/wp\/v2\/posts\/3879\/revisions"}],"predecessor-version":[{"id":3881,"href":"http:\/\/www.grieta.org.mx\/index.php\/wp-json\/wp\/v2\/posts\/3879\/revisions\/3881"}],"wp:featuredmedia":[{"embeddable":true,"href":"http:\/\/www.grieta.org.mx\/index.php\/wp-json\/wp\/v2\/media\/21928"}],"wp:attachment":[{"href":"http:\/\/www.grieta.org.mx\/index.php\/wp-json\/wp\/v2\/media?parent=3879"}],"wp:term":[{"taxonomy":"category","embeddable":true,"href":"http:\/\/www.grieta.org.mx\/index.php\/wp-json\/wp\/v2\/categories?post=3879"},{"taxonomy":"post_tag","embeddable":true,"href":"http:\/\/www.grieta.org.mx\/index.php\/wp-json\/wp\/v2\/tags?post=3879"}],"curies":[{"name":"wp","href":"https:\/\/api.w.org\/{rel}","templated":true}]}}