{"id":38575,"date":"2019-08-28T19:36:00","date_gmt":"2019-08-29T00:36:00","guid":{"rendered":"http:\/\/www.grieta.org.mx\/?p=38575"},"modified":"2019-08-31T20:04:02","modified_gmt":"2019-09-01T01:04:02","slug":"asesinados-12-periodistas-en-mexico-durante-2019","status":"publish","type":"post","link":"http:\/\/www.grieta.org.mx\/index.php\/2019\/08\/28\/asesinados-12-periodistas-en-mexico-durante-2019\/","title":{"rendered":"Asesinados 12 periodistas en M\u00e9xico durante 2019"},"content":{"rendered":"<figure id=\"attachment_38580\" aria-describedby=\"caption-attachment-38580\" style=\"width: 768px\" class=\"wp-caption alignright\"><img loading=\"lazy\" decoding=\"async\" data-attachment-id=\"38580\" data-permalink=\"http:\/\/www.grieta.org.mx\/index.php\/2019\/08\/28\/asesinados-12-periodistas-en-mexico-durante-2019\/attachment\/1107925\/\" data-orig-file=\"http:\/\/www.grieta.org.mx\/wp-content\/uploads\/2019\/08\/1107925.jpg\" data-orig-size=\"768,479\" data-comments-opened=\"0\" data-image-meta=\"{&quot;aperture&quot;:&quot;0&quot;,&quot;credit&quot;:&quot;&quot;,&quot;camera&quot;:&quot;&quot;,&quot;caption&quot;:&quot;&quot;,&quot;created_timestamp&quot;:&quot;0&quot;,&quot;copyright&quot;:&quot;&quot;,&quot;focal_length&quot;:&quot;0&quot;,&quot;iso&quot;:&quot;0&quot;,&quot;shutter_speed&quot;:&quot;0&quot;,&quot;title&quot;:&quot;&quot;,&quot;orientation&quot;:&quot;0&quot;}\" data-image-title=\"1107925\" data-image-description=\"\" data-image-caption=\"&lt;p&gt;Foto ilustrativa&lt;\/p&gt;\n\" data-medium-file=\"http:\/\/www.grieta.org.mx\/wp-content\/uploads\/2019\/08\/1107925-300x187.jpg\" data-large-file=\"http:\/\/www.grieta.org.mx\/wp-content\/uploads\/2019\/08\/1107925.jpg\" src=\"http:\/\/www.grieta.org.mx\/wp-content\/uploads\/2019\/08\/1107925.jpg\" alt=\"\" width=\"768\" height=\"479\" class=\"size-full wp-image-38580\" srcset=\"http:\/\/www.grieta.org.mx\/wp-content\/uploads\/2019\/08\/1107925.jpg 768w, http:\/\/www.grieta.org.mx\/wp-content\/uploads\/2019\/08\/1107925-300x187.jpg 300w\" sizes=\"auto, (max-width: 768px) 100vw, 768px\" \/><figcaption id=\"caption-attachment-38580\" class=\"wp-caption-text\">Foto ilustrativa<\/figcaption><\/figure>\n<p>Elizabeth R\u00edos\/El Sol de Toluca<\/p>\n<p>El asesinato del periodista mexiquense Nevith Cond\u00e9s Jaramillo se convirti\u00f3 en el n\u00famero 12 de este a\u00f1o en M\u00e9xico.<\/p>\n<p>Mientras que Art\u00edculo 19 contabiliza 11 asesinatos de periodistas en M\u00e9xico en la actual administraci\u00f3n del gobierno federal, la cual inici\u00f3 el 1 de diciembre de 2018, la Comisi\u00f3n Nacional de Derechos Humanos tiene el registro de 12 asesinatos de periodistas en lo que va de 2019.<\/p>\n<p>Jes\u00fas Alejandro M\u00e1rquez Jim\u00e9nez, en Nayarit; Rafael Mur\u00faa Manr\u00edquez, en Baja California Sur; Samir Flores Soberanes, en Morelos; Santiago Barroso, en Sonora; Tel\u00e9sforo Santiago Enr\u00edquez, en Oaxaca; Francisco Romero, en Quintana Roo; Norma Sarabia, en Tabasco; Rogelio Barrag\u00e1n, en Morelos; Edgar Alberto Nava L\u00f3pez, en Guerrero; Omar Iv\u00e1n Camacho Mascare\u00f1o, en Sinaloa; Jorge Celestino Ru\u00edz V\u00e1zquez, en Veracruz, y Nevith Cond\u00e9s Jaramillo, en el Estado de M\u00e9xico.<\/p>\n<p><strong>PERIODISTAS MEXIQUENSES<\/strong><\/p>\n<p>La lista del Estado de M\u00e9xico tampoco es alentadora, pues del a\u00f1o 2000 a la fecha suman al menos 4 periodistas asesinados. Sus muertes contin\u00faan impunes.<\/p>\n<p>El primer periodista asesinado de la lista fue Hugo S\u00e1nchez Eustaquio, quien fue encontrado muerto el 19 de julio del 2000, luego de que fuera secuestrado durante los primeros d\u00edas de ese mes en Atizap\u00e1n de Zaragoza.<\/p>\n<p>Le siguieron Bonifacio Cruz Santiago y su hijo Alfonso Cruz Pacheco, director y jefe de redacci\u00f3n, respectivamente, del peri\u00f3dico El Real de Ciudad Nezahualc\u00f3yotl. Su muerte cimbr\u00f3 al gremio period\u00edstico de la entidad en 2008 debido a que se dirig\u00edan a realizar una entrevista en el palacio municipal, sin embargo, fueron rafagueados afuera del inmueble.<\/p>\n<p>El caso m\u00e1s reciente fue el de Nevith Cond\u00e9s Jaramillo, quien fue encontrado muerto con lesiones de arma blanca, durante la ma\u00f1ana del s\u00e1bado 24 de agosto, en el municipio de Tejupilco. El periodista hab\u00eda solicitado su incorporaci\u00f3n al Mecanismo Federal de Protecci\u00f3n a Periodistas debido a las amenazas que hab\u00eda recibido presuntamente por autoridades locales; el tr\u00e1mite no se concluy\u00f3.<\/p>\n<p>Un mes antes del homicidio de Nevith, el gobierno del Estado de M\u00e9xico se comprometi\u00f3 con periodistas mexiquenses a crear un protocolo de seguridad para este gremio.<\/p>\n<p>En la entidad tambi\u00e9n est\u00e1 pendiente la promulgaci\u00f3n de una ley que proteja el quehacer period\u00edstico y la libre expresi\u00f3n.<\/p>\n<p><strong>FGJEM INVESTIGA<\/strong><\/p>\n<p>La tarde del s\u00e1bado 24 de agosto, la Fiscal\u00eda General de Justicia del Estado de M\u00e9xico confirm\u00f3 el asesinato de Nevith Cond\u00e9s Jaramillo, en la comunidad del Cerro de Cacalotepec, en Tejupilco.<\/p>\n<p>Y la ma\u00f1ana de este martes, la instituci\u00f3n inform\u00f3 en su comunicado 1069\/2019 que hab\u00edan sido solicitadas las medidas de protecci\u00f3n respectivas para la vigilancia personal y en los domicilios de la familia de Nevith, as\u00ed como de sus colaboradores.<\/p>\n<p>Agreg\u00f3 que se solicit\u00f3 a la Comisi\u00f3n Ejecutiva de Atenci\u00f3n a V\u00edctimas del Estado de M\u00e9xico, que se proporcionar\u00e1 la asesor\u00eda jur\u00eddica y psicol\u00f3gica necesaria a la familia del periodista.<\/p>\n<p>En el informe se dio cuenta que personal de la instituci\u00f3n realiza una investigaci\u00f3n exhaustiva, profesional e imparcial, libre de estereotipos y discriminaci\u00f3n, orientada a explorar todas las l\u00edneas de investigaci\u00f3n posibles que permitan allegarse de datos para el esclarecimiento del homicidio de Nevith Cond\u00e9s.<\/p>\n<p><strong>CONDOLENCIAS<\/strong><\/p>\n<p>El coordinador general de Comunicaci\u00f3n Social del Gobierno del Estado de M\u00e9xico, Jorge Alberto P\u00e9rez Zamudio, se pronunci\u00f3 tras el homicidio de Nevith Cond\u00e9s y v\u00eda Twitter expres\u00f3 su solidaridad \u201ca nombre del gobierno del Estado\u201d.<\/p>\n<p>En tanto, instancias extranjeras emitieron sus condolencias y condenaron el homicidio ocurrido el fin de semana pasado, entre ellos la Embajada de Estados Unidos en M\u00e9xico y el gremio period\u00edstico espa\u00f1ol.<\/p>\n<p>A estos se sumaron las exigencias de justicia y alto a las agresiones contra periodistas por el gremio period\u00edstico de pa\u00edses de Latinoam\u00e9rica, Norteam\u00e9rica y del continente europeo.<\/p>\n<p>La Comisi\u00f3n de Derechos Humanos del Estado de M\u00e9xico tambi\u00e9n se sum\u00f3 a la exigencia de justicia por el asesinato del periodista mexiquense, a trav\u00e9s de su cuenta de Twitter y luego pidi\u00f3 un informe al Ayuntamiento de Tejupilco y solicit\u00f3 medidas precautorias al presidente municipal de Tejupilco y a la Secretar\u00eda de Seguridad con t\u00e9rmino de tres d\u00edas a partir de la notificaci\u00f3n.<\/p>\n<p>MOVILIZACIONES<\/p>\n<p>Varias han sido las movilizaciones de periodistas en la entidad y el resto del pa\u00eds para exigir a los tres \u00f3rdenes de gobierno se garantice la libertad de prensa y de expresi\u00f3n.<\/p>\n<p>Tras el homicidio de Nevith, un grupo de periodistas mexiquenses se movilizar\u00e1n este jueves a las afueras de la Fiscal\u00eda General de Justicia del Estado para exigir se garantice la libertad de expresi\u00f3n, adem\u00e1s de aclarar agresiones y homicidios contra periodistas.<\/p>\n<p>Tambi\u00e9n pedir\u00e1n la creaci\u00f3n de la Fiscal\u00eda Especializada para Investigar Delitos Contra la Libertad de Expresi\u00f3n.<\/p>\n<p><a href=\"https:\/\/www.elsoldetoluca.com.mx\/mexico\/justicia\/asesinados-12-periodistas-en-mexico-durante-2019-4100179.html\" rel=\"noopener noreferrer\" target=\"_blank\">https:\/\/www.elsoldetoluca.com.mx\/mexico\/justicia\/asesinados-12-periodistas-en-mexico-durante-2019-4100179.html<\/a><\/p>\n","protected":false},"excerpt":{"rendered":"<p>Elizabeth R\u00edos\/El Sol de Toluca El asesinato del periodista mexiquense Nevith Cond\u00e9s Jaramillo se convirti\u00f3 en el n\u00famero 12 de este a\u00f1o en M\u00e9xico. Mientras que Art\u00edculo 19 contabiliza 11 &hellip; <a href=\"http:\/\/www.grieta.org.mx\/index.php\/2019\/08\/28\/asesinados-12-periodistas-en-mexico-durante-2019\/\" class=\"more-link\">Leer m\u00e1s<\/a><\/p>\n","protected":false},"author":2,"featured_media":38580,"comment_status":"closed","ping_status":"closed","sticky":false,"template":"","format":"standard","meta":{"ngg_post_thumbnail":0,"_jetpack_newsletter_access":"","_jetpack_dont_email_post_to_subs":false,"_jetpack_newsletter_tier_id":0,"_jetpack_memberships_contains_paywalled_content":false,"_jetpack_memberships_contains_paid_content":false,"footnotes":""},"categories":[80,83,88],"tags":[120],"class_list":["post-38575","post","type-post","status-publish","format-standard","has-post-thumbnail","hentry","category-cintillo","category-temas-nacionales","category-violencia-contra-periodistas","tag-violencia-contra-periodistas","entry"],"jetpack_featured_media_url":"http:\/\/www.grieta.org.mx\/wp-content\/uploads\/2019\/08\/1107925.jpg","jetpack_sharing_enabled":true,"jetpack_shortlink":"https:\/\/wp.me\/p7ZJR4-a2b","jetpack_likes_enabled":false,"jetpack-related-posts":[{"id":63417,"url":"http:\/\/www.grieta.org.mx\/index.php\/2022\/02\/14\/protestan-periodistas-de-nayarit-por-los-multiples-asesinatos-de-colegas-en-mexico\/","url_meta":{"origin":38575,"position":0},"title":"Protestan periodistas de Nayarit por los m\u00faltiples asesinatos de colegas en M\u00e9xico","author":"grieta","date":"14 febrero, 2022","format":false,"excerpt":"Foto: El Sol de Nayarit Lucero Santa Anna\/El Sol de Nayarit Este 14 de Febrero, periodistas del estado de Nayarit alzaron la voz por segunda vez en lo que va del a\u00f1o 2022 para protestar por los m\u00faltiples asesinatos y agresiones a comunicadores en M\u00e9xico. En punto de las 5:00\u2026","rel":"","context":"En &quot;CINTILLO&quot;","block_context":{"text":"CINTILLO","link":"http:\/\/www.grieta.org.mx\/index.php\/category\/cintillo\/"},"img":{"alt_text":"","src":"https:\/\/i0.wp.com\/www.grieta.org.mx\/wp-content\/uploads\/2022\/02\/temp_nota_01_82663__2022021504323_117medios.jpg?resize=350%2C200","width":350,"height":200,"srcset":"https:\/\/i0.wp.com\/www.grieta.org.mx\/wp-content\/uploads\/2022\/02\/temp_nota_01_82663__2022021504323_117medios.jpg?resize=350%2C200 1x, https:\/\/i0.wp.com\/www.grieta.org.mx\/wp-content\/uploads\/2022\/02\/temp_nota_01_82663__2022021504323_117medios.jpg?resize=525%2C300 1.5x"},"classes":[]},{"id":32981,"url":"http:\/\/www.grieta.org.mx\/index.php\/2019\/05\/02\/bajan-los-asesinatos-de-periodistas-en-el-mundo-pero-no-en-mexico\/","url_meta":{"origin":38575,"position":1},"title":"Bajan los asesinatos de periodistas en el mundo, pero no en M\u00e9xico","author":"grieta","date":"2 mayo, 2019","format":false,"excerpt":"EFE Ginebra.- El n\u00famero de periodistas asesinados en lo que va de a\u00f1o ha descendido a casi la mitad con respecto a las cifras de hace 12 meses, pero la situaci\u00f3n en pa\u00edses como M\u00e9xico sigue siendo muy grave, se\u00f1al\u00f3 hoy la ONG Campa\u00f1a Emblema de Prensa (PEC), En su\u2026","rel":"","context":"En &quot;CINTILLO&quot;","block_context":{"text":"CINTILLO","link":"http:\/\/www.grieta.org.mx\/index.php\/category\/cintillo\/"},"img":{"alt_text":"","src":"https:\/\/i0.wp.com\/www.grieta.org.mx\/wp-content\/uploads\/2019\/05\/protesta-periodistas-cdmx.jpg?resize=350%2C200","width":350,"height":200,"srcset":"https:\/\/i0.wp.com\/www.grieta.org.mx\/wp-content\/uploads\/2019\/05\/protesta-periodistas-cdmx.jpg?resize=350%2C200 1x, https:\/\/i0.wp.com\/www.grieta.org.mx\/wp-content\/uploads\/2019\/05\/protesta-periodistas-cdmx.jpg?resize=525%2C300 1.5x, https:\/\/i0.wp.com\/www.grieta.org.mx\/wp-content\/uploads\/2019\/05\/protesta-periodistas-cdmx.jpg?resize=700%2C400 2x"},"classes":[]},{"id":38158,"url":"http:\/\/www.grieta.org.mx\/index.php\/2019\/08\/21\/se-unen-periodistas-colimenses-al-repudio-por-agresiones-y-asesinatos-en-su-contra-colima\/","url_meta":{"origin":38575,"position":2},"title":"Se unen periodistas colimenses al repudio por agresiones y asesinatos en su contra (Colima)","author":"grieta","date":"21 agosto, 2019","format":false,"excerpt":"Foto: El Comentario Redacci\u00f3n \/ El Comentario Un grupo de\u00a0periodistas colimenses, efectuaron una\u00a0manifestaci\u00f3n\u00a0a la entrada del inmueble del\u00a0Palacio\u00a0Legislativo, para unirse a la\u00a0protesta nacional\u00a0organizada para manifestar su repudio en contra de las\u00a0agresiones\u00a0y\u00a0asesinatos\u00a0cometidos en\u00a0contra de periodistas\u00a0y\u00a0comunicadores en el pa\u00eds. El corresponsal del peri\u00f3dico\u00a0La Jornada,\u00a0Juan Carlos Flores Carrillo, se\u00f1al\u00f3 que en lo que\u2026","rel":"","context":"En &quot;CINTILLO&quot;","block_context":{"text":"CINTILLO","link":"http:\/\/www.grieta.org.mx\/index.php\/category\/cintillo\/"},"img":{"alt_text":"","src":"https:\/\/i0.wp.com\/www.grieta.org.mx\/wp-content\/uploads\/2019\/08\/ba020e82d02031c87c793e1e29859f65.jpg?resize=350%2C200","width":350,"height":200,"srcset":"https:\/\/i0.wp.com\/www.grieta.org.mx\/wp-content\/uploads\/2019\/08\/ba020e82d02031c87c793e1e29859f65.jpg?resize=350%2C200 1x, https:\/\/i0.wp.com\/www.grieta.org.mx\/wp-content\/uploads\/2019\/08\/ba020e82d02031c87c793e1e29859f65.jpg?resize=525%2C300 1.5x, https:\/\/i0.wp.com\/www.grieta.org.mx\/wp-content\/uploads\/2019\/08\/ba020e82d02031c87c793e1e29859f65.jpg?resize=700%2C400 2x, https:\/\/i0.wp.com\/www.grieta.org.mx\/wp-content\/uploads\/2019\/08\/ba020e82d02031c87c793e1e29859f65.jpg?resize=1050%2C600 3x"},"classes":[]},{"id":40978,"url":"http:\/\/www.grieta.org.mx\/index.php\/2019\/11\/04\/oaxaca-mortal-para-periodistas\/","url_meta":{"origin":38575,"position":3},"title":"Oaxaca, mortal para periodistas","author":"grieta","date":"4 noviembre, 2019","format":false,"excerpt":"Noticias \/ Luis Ignacio. La entidad se encuentra entre los 5 estados m\u00e1s peligrosos para los comunicadores. El Mecanismo para la Protecci\u00f3n de Personas Defensoras de Derechos Humanos y Periodistas inform\u00f3 que en Oaxaca y en otros cuatro estados se concentra el mayor n\u00famero de homicidios contra comunicadores en M\u00e9xico.\u2026","rel":"","context":"En &quot;CINTILLO&quot;","block_context":{"text":"CINTILLO","link":"http:\/\/www.grieta.org.mx\/index.php\/category\/cintillo\/"},"img":{"alt_text":"","src":"https:\/\/i0.wp.com\/www.grieta.org.mx\/wp-content\/uploads\/2019\/11\/periodistas_1.jpg?resize=350%2C200","width":350,"height":200,"srcset":"https:\/\/i0.wp.com\/www.grieta.org.mx\/wp-content\/uploads\/2019\/11\/periodistas_1.jpg?resize=350%2C200 1x, https:\/\/i0.wp.com\/www.grieta.org.mx\/wp-content\/uploads\/2019\/11\/periodistas_1.jpg?resize=525%2C300 1.5x, https:\/\/i0.wp.com\/www.grieta.org.mx\/wp-content\/uploads\/2019\/11\/periodistas_1.jpg?resize=700%2C400 2x, https:\/\/i0.wp.com\/www.grieta.org.mx\/wp-content\/uploads\/2019\/11\/periodistas_1.jpg?resize=1050%2C600 3x"},"classes":[]},{"id":31214,"url":"http:\/\/www.grieta.org.mx\/index.php\/2019\/03\/21\/periodistas-piden-cesen-asesinatos\/","url_meta":{"origin":38575,"position":4},"title":"Periodistas piden cesen asesinatos","author":"grieta","date":"21 marzo, 2019","format":false,"excerpt":"Nallely Urbina O.\/El Siglo de Durango Santiago Barroso Alfaro fue asesinado en Sonora luego de que en su programa de radio denunci\u00f3 una red de polleros; lo mataron en su casa a balazos. Este crimen, el cuarto en lo que va del a\u00f1o en contra de comunicadores mexicanos, inspir\u00f3 una\u2026","rel":"","context":"En &quot;CINTILLO&quot;","block_context":{"text":"CINTILLO","link":"http:\/\/www.grieta.org.mx\/index.php\/category\/cintillo\/"},"img":{"alt_text":"","src":"https:\/\/i0.wp.com\/www.grieta.org.mx\/wp-content\/uploads\/2019\/03\/period.jpeg?resize=350%2C200","width":350,"height":200,"srcset":"https:\/\/i0.wp.com\/www.grieta.org.mx\/wp-content\/uploads\/2019\/03\/period.jpeg?resize=350%2C200 1x, https:\/\/i0.wp.com\/www.grieta.org.mx\/wp-content\/uploads\/2019\/03\/period.jpeg?resize=525%2C300 1.5x, https:\/\/i0.wp.com\/www.grieta.org.mx\/wp-content\/uploads\/2019\/03\/period.jpeg?resize=700%2C400 2x"},"classes":[]},{"id":56137,"url":"http:\/\/www.grieta.org.mx\/index.php\/2021\/01\/04\/17-periodistas-asesinados-en-dos-anos-del-gobierno-de-4t\/","url_meta":{"origin":38575,"position":5},"title":"17 periodistas asesinados en dos a\u00f1os del gobierno de  4T","author":"grieta","date":"4 enero, 2021","format":false,"excerpt":"Redacci\u00f3n\/ Sol Yucat\u00e1n Ciudad de M\u00e9xico. \u2013 Durante los primeros dos a\u00f1os del gobierno de la 4T, la situaci\u00f3n del periodismo en nuestro pa\u00eds se agrav\u00f3 casi al doble, en comparaci\u00f3n con gobiernos anteriores. Cada 4 de enero se reconoce la labor de las y los periodistas mexicanos, quienes hacen\u2026","rel":"","context":"En &quot;Agresiones a periodistas en Morelos&quot;","block_context":{"text":"Agresiones a periodistas en Morelos","link":"http:\/\/www.grieta.org.mx\/index.php\/category\/noticias-nacionales\/morelos\/agresiones-a-periodistas-en-morelos\/"},"img":{"alt_text":"","src":"https:\/\/i0.wp.com\/www.grieta.org.mx\/wp-content\/uploads\/2021\/01\/WhatsApp-Image-2021-01-04-at-10.51.40.jpg?resize=350%2C200","width":350,"height":200,"srcset":"https:\/\/i0.wp.com\/www.grieta.org.mx\/wp-content\/uploads\/2021\/01\/WhatsApp-Image-2021-01-04-at-10.51.40.jpg?resize=350%2C200 1x, https:\/\/i0.wp.com\/www.grieta.org.mx\/wp-content\/uploads\/2021\/01\/WhatsApp-Image-2021-01-04-at-10.51.40.jpg?resize=525%2C300 1.5x, https:\/\/i0.wp.com\/www.grieta.org.mx\/wp-content\/uploads\/2021\/01\/WhatsApp-Image-2021-01-04-at-10.51.40.jpg?resize=700%2C400 2x"},"classes":[]}],"_links":{"self":[{"href":"http:\/\/www.grieta.org.mx\/index.php\/wp-json\/wp\/v2\/posts\/38575","targetHints":{"allow":["GET"]}}],"collection":[{"href":"http:\/\/www.grieta.org.mx\/index.php\/wp-json\/wp\/v2\/posts"}],"about":[{"href":"http:\/\/www.grieta.org.mx\/index.php\/wp-json\/wp\/v2\/types\/post"}],"author":[{"embeddable":true,"href":"http:\/\/www.grieta.org.mx\/index.php\/wp-json\/wp\/v2\/users\/2"}],"replies":[{"embeddable":true,"href":"http:\/\/www.grieta.org.mx\/index.php\/wp-json\/wp\/v2\/comments?post=38575"}],"version-history":[{"count":1,"href":"http:\/\/www.grieta.org.mx\/index.php\/wp-json\/wp\/v2\/posts\/38575\/revisions"}],"predecessor-version":[{"id":38581,"href":"http:\/\/www.grieta.org.mx\/index.php\/wp-json\/wp\/v2\/posts\/38575\/revisions\/38581"}],"wp:featuredmedia":[{"embeddable":true,"href":"http:\/\/www.grieta.org.mx\/index.php\/wp-json\/wp\/v2\/media\/38580"}],"wp:attachment":[{"href":"http:\/\/www.grieta.org.mx\/index.php\/wp-json\/wp\/v2\/media?parent=38575"}],"wp:term":[{"taxonomy":"category","embeddable":true,"href":"http:\/\/www.grieta.org.mx\/index.php\/wp-json\/wp\/v2\/categories?post=38575"},{"taxonomy":"post_tag","embeddable":true,"href":"http:\/\/www.grieta.org.mx\/index.php\/wp-json\/wp\/v2\/tags?post=38575"}],"curies":[{"name":"wp","href":"https:\/\/api.w.org\/{rel}","templated":true}]}}