{"id":38566,"date":"2019-08-28T19:17:06","date_gmt":"2019-08-29T00:17:06","guid":{"rendered":"http:\/\/www.grieta.org.mx\/?p=38566"},"modified":"2019-09-08T13:39:03","modified_gmt":"2019-09-08T18:39:03","slug":"la-violencia-lleva-a-maestros-a-decidir-suspender-clases-en-al-menos-42-escuelas-de-guerrero","status":"publish","type":"post","link":"http:\/\/www.grieta.org.mx\/index.php\/2019\/08\/28\/la-violencia-lleva-a-maestros-a-decidir-suspender-clases-en-al-menos-42-escuelas-de-guerrero\/","title":{"rendered":"La violencia lleva a maestros a decidir suspender clases en al menos 42 escuelas de Guerrero"},"content":{"rendered":"<p><a href=\"http:\/\/www.grieta.org.mx\/wp-content\/uploads\/2019\/08\/pic-2808201905351.jpg\"><img loading=\"lazy\" decoding=\"async\" data-attachment-id=\"38567\" data-permalink=\"http:\/\/www.grieta.org.mx\/index.php\/2019\/08\/28\/la-violencia-lleva-a-maestros-a-decidir-suspender-clases-en-al-menos-42-escuelas-de-guerrero\/pic-2808201905351\/\" data-orig-file=\"http:\/\/www.grieta.org.mx\/wp-content\/uploads\/2019\/08\/pic-2808201905351.jpg\" data-orig-size=\"1100,580\" data-comments-opened=\"0\" data-image-meta=\"{&quot;aperture&quot;:&quot;0&quot;,&quot;credit&quot;:&quot;&quot;,&quot;camera&quot;:&quot;&quot;,&quot;caption&quot;:&quot;&quot;,&quot;created_timestamp&quot;:&quot;0&quot;,&quot;copyright&quot;:&quot;&quot;,&quot;focal_length&quot;:&quot;0&quot;,&quot;iso&quot;:&quot;0&quot;,&quot;shutter_speed&quot;:&quot;0&quot;,&quot;title&quot;:&quot;&quot;,&quot;orientation&quot;:&quot;0&quot;}\" data-image-title=\"pic-2808201905351\" data-image-description=\"\" data-image-caption=\"\" data-medium-file=\"http:\/\/www.grieta.org.mx\/wp-content\/uploads\/2019\/08\/pic-2808201905351-300x158.jpg\" data-large-file=\"http:\/\/www.grieta.org.mx\/wp-content\/uploads\/2019\/08\/pic-2808201905351-1024x540.jpg\" class=\"aligncenter wp-image-38567\" src=\"http:\/\/www.grieta.org.mx\/wp-content\/uploads\/2019\/08\/pic-2808201905351-300x158.jpg\" alt=\"\" width=\"800\" height=\"422\" srcset=\"http:\/\/www.grieta.org.mx\/wp-content\/uploads\/2019\/08\/pic-2808201905351-300x158.jpg 300w, http:\/\/www.grieta.org.mx\/wp-content\/uploads\/2019\/08\/pic-2808201905351-768x405.jpg 768w, http:\/\/www.grieta.org.mx\/wp-content\/uploads\/2019\/08\/pic-2808201905351-1024x540.jpg 1024w, http:\/\/www.grieta.org.mx\/wp-content\/uploads\/2019\/08\/pic-2808201905351-948x500.jpg 948w, http:\/\/www.grieta.org.mx\/wp-content\/uploads\/2019\/08\/pic-2808201905351.jpg 1100w\" sizes=\"auto, (max-width: 800px) 100vw, 800px\" \/><\/a><\/p>\n<p><strong>Maestros y padres de familia denuncian que las y los menores de edad est\u00e1n en riesgo si se registran hechos de violencia en horario escolar; adem\u00e1s, reclaman que no hay vigilancia de polic\u00edas ni militares.<br \/>\nProfesores de comunidades de Guerrero se presentaron este lunes a clases, pero lo hicieron para tener reuniones con padres de familia donde establecieron que es un riesgo que las clases contin\u00faen mientras se mantengan los niveles de violencia y denunciaron falta de presencia militar o policiaca.<\/strong><\/p>\n<p>Israel Flores y Jacob Morales Antonio \/ Sinembargo &#8211; El Sur<\/p>\n<p>Chilpancingo, Guerrero, 28 de agosto (El Sur).\u2013 Las 10 escuelas de la cabecera municipal de Coyuca de Catal\u00e1n, en Guerrero, suspendieron clases este martes luego de los hechos de violencia que se suscitaron la noche de este lunes en el barrio El Calvario y en el barrio de La Calera donde se reportaron enfrentamientos a balazos y un autom\u00f3vil quemado.<\/p>\n<p>    El lunes, d\u00eda del inicio del nuevo ciclo, unas 32 escuelas de Coyuca de Catal\u00e1n no regresaron a labores debido a la violencia que se gener\u00f3 en la periferia del municipio principalmente en la parte de la Sierra.<\/p>\n<p>Ayer, el Secretario de Educaci\u00f3n en Guerrero, Arturo Salgado Uri\u00f3stegui, dijo que 18 escuelas de la regi\u00f3n de la Tierra Caliente suspendieron labores debido a la inseguridad.<\/p>\n<p>    \u201cEsperamos ya que en unos d\u00edas podamos restablecer el servicio, hemos hablado con los supervisores, ellos est\u00e1n en la mejor disposici\u00f3n y los maestros est\u00e1n esperando que tengamos las condiciones para que regresen a las aulas\u201d, subray\u00f3.<\/p>\n<p>Ayer las escuelas avisaron por las redes sociales y con cartulinas en las puertas de sus instalaciones que se suspenden las clases para no arriesgar a los alumnos debido al estado de inseguridad en Coyuca de Catal\u00e1n.<\/p>\n<p>En la cabecera funcionan un bachillerato, una secundaria, cuatro primarias, tres jardines de ni\u00f1os y un colegio particular. La suspensi\u00f3n es por tiempo indefinido pero maestros y directivos dijeron que si las condiciones mejoren podr\u00edan regresar este mi\u00e9rcoles.<\/p>\n<p>En Coyuca de Catal\u00e1n tambi\u00e9n est\u00e1 la escuela de enfermer\u00eda perteneciente a la Universidad Aut\u00f3noma de Guerrero (UAG), pero todav\u00eda no comienzan su ciclo escolar, aunque el rector Javier Salda\u00f1a Almaz\u00e1n inform\u00f3 que 350 estudiantes de la licenciatura de Enfermer\u00eda est\u00e1n sin clases luego de los hechos violentos de la noche del lunes.<\/p>\n<p>Este lunes por la noche hubo una balacera en Coyuca de Catal\u00e1n donde fue reportado un herido pero no se conoce su paradero. Tambi\u00e9n se dio una balacera cerca del pante\u00f3n municipal donde fue incendiado un veh\u00edculo.<\/p>\n<p>Desde el lunes en comunidades de la periferia del municipio hay unas 32 escuelas que no tienen clases debido a que llevan aproximadamente 15 d\u00edas con balaceras entre grupos rivales presuntamente de la delincuencia organizada.<\/p>\n<p>Se confirm\u00f3 que la zona 179 de Coyuca de Catal\u00e1n, que incluyen las escuelas primarias de Santa Teresa, El Naranjo, Arroyo Grande, San Fernando y la Piedra Parada, se sumaron al paro indefinido por temor a que durante el horario de clases ocurra alg\u00fan hecho de violencia.<\/p>\n<p>    Los maestros se presentaron este lunes a clases pero para tener reuniones con los padres de familia, en donde establecieron que es un riesgo para los ni\u00f1os que haya clases mientras se mantengan estos niveles de violencia y ante la falta de presencia militar o policiaca.<\/p>\n<p>Al menos en la cabecera municipal desde este mi\u00e9rcoles se retomar\u00edan las clases, esto luego de que se comenz\u00f3 a  informar a padres de familia por medio de las redes sociales que los alumnos pod\u00edan presentase de manera normal.<\/p>\n<p><strong>18 ESCUELAS SIN CLASES<\/strong><\/p>\n<p>Por su parte, en Chilpancingo, el Secretario de Educaci\u00f3n en Guerrero, Arturo Salgado Uri\u00f3stegui confirm\u00f3 que 18 escuelas de la regi\u00f3n de la Tierra Caliente suspendieron labores por la inseguridad.<\/p>\n<p>    \u201cEsperamos ya que en unos d\u00edas podamos restablecer el servicio, hemos hablado con los supervisores, ellos est\u00e1n en la mejor disposici\u00f3n y los maestros est\u00e1n esperando que tengamos las condiciones para que regresen a las aulas\u201d, subray\u00f3.<\/p>\n<p>Minutos antes de que iniciara el acto protocolario de inauguraci\u00f3n de la escuela primaria Francisco Figueroa Mata, en Chilpancingo, el funcionario estatal declar\u00f3 a reporteros que ten\u00eda el dato sobre 18 escuelas que no iniciaron el ciclo escolar por la inseguridad en su regi\u00f3n.<\/p>\n<p><strong>INCORPORACI\u00d3N DE MAESTROS<\/strong><\/p>\n<p>Por su parte, el Gobernador H\u00e9ctor Astudillo Flores, en un acto en el Colegio de Bachilleres en El Ocotito, municipio de Chilpancingo, habl\u00f3 de la situaci\u00f3n en Coyuca de Catal\u00e1n: \u201cprecisamente\u201d es parte de lo que se ha presentado en la regi\u00f3n, dijo.<\/p>\n<p>    \u201cDe los rumores de las agresiones que ha habido, porque s\u00ed las ha habido, como del veh\u00edculo quemado, yo creo que hay que ponerle toda la atenci\u00f3n del mundo\u201d, agreg\u00f3.<\/p>\n<p>En declaraciones a reporteros despu\u00e9s de la ceremonia, el Gobernador consider\u00f3 que en esta ruta de atenci\u00f3n al problema de la inseguridad se debe de incorporar a los maestros. Adem\u00e1s, dijo que en Tierra Caliente hay una confrontaci\u00f3n entre grupos que est\u00e1n compitiendo en tener el control.<\/p>\n<p><strong>LA SIERRA, TIXTLA Y AYOTZINAPA<\/strong><\/p>\n<p>Mientras el secretario de Educaci\u00f3n, record\u00f3 que antes de que concluyera el ciclo escolar en Tierra Caliente, la situaci\u00f3n se complic\u00f3 por la inseguridad.<br \/>\nA pesar de esta situaci\u00f3n dijo que el inicio del nuevo ciclo fue \u201cmuy positivo\u201d, pues pr\u00e1cticamente todas las escuelas en el estado comenzaron labores.<\/p>\n<p>Agreg\u00f3 que en el caso de la Sierra, en donde se tuvieron conflictos constantes al finalizar el ciclo escolar pasado, las clases se reportan normales. Mientras que inform\u00f3 de la toma de la primaria Ignacio Manuel Altamirano de Tixtla, que se trata de un caso de discriminaci\u00f3n de parte de los inconformes ya que los ni\u00f1os tienen el derecho constitucional a la educaci\u00f3n.<\/p>\n<p>Por ello subray\u00f3 que independientemente de las inconformidades, la actitud que han asumido no es la correcta.<\/p>\n<p>En esta primaria reci\u00e9n entregada por el gobernador se oponen a que ni\u00f1os del turno vespertino reciban clases.<\/p>\n<p>Del caso de la Normal Rural Ra\u00fal Isidro Burgos de Ayotzinapa, el funcionario estatal dijo que ya se busca llegar a un acuerdo entre el director y los maestros por el problema interno ocurrido en los \u00faltimos meses del ciclo escolar pasado.<\/p>\n<p>Por ello buscan una posici\u00f3n \u201cneutral\u201d entre ambos grupos que permita iniciar clases esta misma semana.<\/p>\n<p>Se ver\u00e1 si hay condiciones para regresar el pr\u00f3ximo lunes, dice el rector de la UAG<\/p>\n<p>Ayer, poco despu\u00e9s de mediod\u00eda, en declaraciones luego de inaugurar un encuentro por la conmemoraci\u00f3n de los 35 a\u00f1os del Sistema Nacional de Investigadores del Conacyt en la Rector\u00eda, el rector Javier Salda\u00f1a Almaz\u00e1n indic\u00f3 que ser\u00e1 hasta el pr\u00f3ximo lunes cuando los maestros y alumnos de la Facultad de Enfermer\u00eda en la cabecera de Coyuca de Catal\u00e1n regresen a clases.<\/p>\n<p>\u201cVamos a esperar iniciar la pr\u00f3xima semana si hay condiciones, espero que vaya aminorando la tensi\u00f3n ah\u00ed\u201d. Por estos hechos dijo que son alrededor de 350 estudiantes los afectados.<\/p>\n<p>El rector dijo que no se pidi\u00f3 el apoyo de las fuerzas de seguridad del estado ni militares, que \u201call\u00e1 en concreto no, vamos a esperar a que \u2013la seguridad\u2013\u2013 se pueda tener de forma natural, me informaron los maestros que ya hab\u00eda presencia de autoridades civiles y militares\u201d.<\/p>\n<p><a href=\"https:\/\/www.sinembargo.mx\/28-08-2019\/3636386\">https:\/\/www.sinembargo.mx\/28-08-2019\/3636386<\/a><\/p>\n","protected":false},"excerpt":{"rendered":"<p>Maestros y padres de familia denuncian que las y los menores de edad est\u00e1n en riesgo si se registran hechos de violencia en horario escolar; adem\u00e1s, reclaman que no hay &hellip; <a href=\"http:\/\/www.grieta.org.mx\/index.php\/2019\/08\/28\/la-violencia-lleva-a-maestros-a-decidir-suspender-clases-en-al-menos-42-escuelas-de-guerrero\/\" class=\"more-link\">Leer m\u00e1s<\/a><\/p>\n","protected":false},"author":1,"featured_media":38567,"comment_status":"closed","ping_status":"closed","sticky":false,"template":"","format":"standard","meta":{"ngg_post_thumbnail":0,"_jetpack_newsletter_access":"","_jetpack_dont_email_post_to_subs":false,"_jetpack_newsletter_tier_id":0,"_jetpack_memberships_contains_paywalled_content":false,"_jetpack_memberships_contains_paid_content":false,"footnotes":""},"categories":[80,18,1128,2],"tags":[1133],"class_list":["post-38566","post","type-post","status-publish","format-standard","has-post-thumbnail","hentry","category-cintillo","category-guerrero","category-incremento-en-la-violencia-en-guerrero","category-noticias-nacionales","tag-incremento-en-la-violencia","entry"],"jetpack_featured_media_url":"http:\/\/www.grieta.org.mx\/wp-content\/uploads\/2019\/08\/pic-2808201905351.jpg","jetpack_sharing_enabled":true,"jetpack_shortlink":"https:\/\/wp.me\/p7ZJR4-a22","jetpack_likes_enabled":false,"jetpack-related-posts":[{"id":38910,"url":"http:\/\/www.grieta.org.mx\/index.php\/2019\/09\/03\/tierra-caliente-estudiantes-cumplen-una-semana-sin-clase-por-la-violencia-guerrero\/","url_meta":{"origin":38566,"position":0},"title":"Tierra Caliente: estudiantes cumplen una semana sin clase por la violencia (Guerrero)","author":"Admin","date":"3 septiembre, 2019","format":false,"excerpt":"Margena de la O \/ La Silla Rota Chilpancingo, Guerrero (La Silla Rota).- En la cabecera municipal y parte serrana de Coyuca de Catal\u00e1n, uno de los nueve municipios de la Tierra Caliente, el ciclo escolar s\u00f3lo fue inaugurado y de ah\u00ed no ha pasado, porque la violencia no ha\u2026","rel":"","context":"En &quot;CINTILLO&quot;","block_context":{"text":"CINTILLO","link":"http:\/\/www.grieta.org.mx\/index.php\/category\/cintillo\/"},"img":{"alt_text":"","src":"https:\/\/i0.wp.com\/www.grieta.org.mx\/wp-content\/uploads\/2019\/09\/coyuca_1-focus-0-0-983-557.jpg?resize=350%2C200","width":350,"height":200,"srcset":"https:\/\/i0.wp.com\/www.grieta.org.mx\/wp-content\/uploads\/2019\/09\/coyuca_1-focus-0-0-983-557.jpg?resize=350%2C200 1x, https:\/\/i0.wp.com\/www.grieta.org.mx\/wp-content\/uploads\/2019\/09\/coyuca_1-focus-0-0-983-557.jpg?resize=525%2C300 1.5x, https:\/\/i0.wp.com\/www.grieta.org.mx\/wp-content\/uploads\/2019\/09\/coyuca_1-focus-0-0-983-557.jpg?resize=700%2C400 2x"},"classes":[]},{"id":23321,"url":"http:\/\/www.grieta.org.mx\/index.php\/2018\/05\/25\/guerrero-padres-sacan-a-sus-hijos-de-escuelas-por-violencia\/","url_meta":{"origin":38566,"position":1},"title":"Guerrero: padres sacan a sus hijos de escuelas por violencia","author":"grieta","date":"25 mayo, 2018","format":false,"excerpt":"El Sutcobach alert\u00f3 que regiones con alto \u00edndice de violencia el nivel de deserci\u00f3n escolar aumenta a\u00f1o tras a\u00f1o. Chilpancingo, Guerrero.- En las regiones de Tierra Caliente, Costa Grande, Monta\u00f1a baja y Sierra, padres de familia optan por sacar a sus hijos de la escuela por el clima de violencia,\u2026","rel":"","context":"En &quot;CINTILLO&quot;","block_context":{"text":"CINTILLO","link":"http:\/\/www.grieta.org.mx\/index.php\/category\/cintillo\/"},"img":{"alt_text":"","src":"https:\/\/i0.wp.com\/www.grieta.org.mx\/wp-content\/uploads\/2018\/03\/14524434_1106112876131411_958039263622046936_o.jpg?resize=350%2C200","width":350,"height":200,"srcset":"https:\/\/i0.wp.com\/www.grieta.org.mx\/wp-content\/uploads\/2018\/03\/14524434_1106112876131411_958039263622046936_o.jpg?resize=350%2C200 1x, https:\/\/i0.wp.com\/www.grieta.org.mx\/wp-content\/uploads\/2018\/03\/14524434_1106112876131411_958039263622046936_o.jpg?resize=525%2C300 1.5x, https:\/\/i0.wp.com\/www.grieta.org.mx\/wp-content\/uploads\/2018\/03\/14524434_1106112876131411_958039263622046936_o.jpg?resize=700%2C400 2x"},"classes":[]},{"id":36561,"url":"http:\/\/www.grieta.org.mx\/index.php\/2019\/06\/20\/violencia-en-guerrero-atemoriza-a-estudiantes-universitarios\/","url_meta":{"origin":38566,"position":2},"title":"Violencia en Guerrero atemoriza a estudiantes universitarios","author":"Admin","date":"20 junio, 2019","format":false,"excerpt":"Margena de la O \/ La Silla Rota Chilpancingo, Guerrero.- Para las preparatorias y facultades de la Universidad Aut\u00f3noma de Guerrero (UAGro) en Acapulco y Chilpancingo este jueves fue el \u00faltimo d\u00eda de clases del a\u00f1o escolar, por el riesgo de los universitarios ante la inseguridad. El fin del ciclo\u2026","rel":"","context":"En &quot;CINTILLO&quot;","block_context":{"text":"CINTILLO","link":"http:\/\/www.grieta.org.mx\/index.php\/category\/cintillo\/"},"img":{"alt_text":"","src":"https:\/\/i0.wp.com\/www.grieta.org.mx\/wp-content\/uploads\/2019\/07\/Captura-de-pantalla-2019-07-18-02.27.03.png?resize=350%2C200","width":350,"height":200,"srcset":"https:\/\/i0.wp.com\/www.grieta.org.mx\/wp-content\/uploads\/2019\/07\/Captura-de-pantalla-2019-07-18-02.27.03.png?resize=350%2C200 1x, https:\/\/i0.wp.com\/www.grieta.org.mx\/wp-content\/uploads\/2019\/07\/Captura-de-pantalla-2019-07-18-02.27.03.png?resize=525%2C300 1.5x, https:\/\/i0.wp.com\/www.grieta.org.mx\/wp-content\/uploads\/2019\/07\/Captura-de-pantalla-2019-07-18-02.27.03.png?resize=700%2C400 2x"},"classes":[]},{"id":12528,"url":"http:\/\/www.grieta.org.mx\/index.php\/2016\/09\/09\/movilizaciones-de-maestros-en-guerrero\/","url_meta":{"origin":38566,"position":3},"title":"Movilizaciones contra la Reforma educativa en Guerrero","author":"grieta","date":"9 septiembre, 2016","format":false,"excerpt":"08\/09\/16. CETEG toma una hora caseta de Palo Blanco, GuerreroMilenio 24\/08\/16. Contin\u00faan movilizaciones de Ceteg en Guerrero para abrogar la reforma educativa La Jornada 04\/08\/16. Antimotines repliegan a maestros de Guerrero sobre la autopista del sol El Financiero 01\/08\/16. La CETEG cierra dos gasolineras en la Cuernavaca-Acapulco en protesta contra\u2026","rel":"","context":"En &quot;Guerrero&quot;","block_context":{"text":"Guerrero","link":"http:\/\/www.grieta.org.mx\/index.php\/category\/noticias-nacionales\/guerrero\/"},"img":{"alt_text":"","src":"https:\/\/i0.wp.com\/www.grieta.org.mx\/wp-content\/uploads\/2018\/03\/14524434_1106112876131411_958039263622046936_o.jpg?resize=350%2C200","width":350,"height":200,"srcset":"https:\/\/i0.wp.com\/www.grieta.org.mx\/wp-content\/uploads\/2018\/03\/14524434_1106112876131411_958039263622046936_o.jpg?resize=350%2C200 1x, https:\/\/i0.wp.com\/www.grieta.org.mx\/wp-content\/uploads\/2018\/03\/14524434_1106112876131411_958039263622046936_o.jpg?resize=525%2C300 1.5x, https:\/\/i0.wp.com\/www.grieta.org.mx\/wp-content\/uploads\/2018\/03\/14524434_1106112876131411_958039263622046936_o.jpg?resize=700%2C400 2x"},"classes":[]},{"id":15089,"url":"http:\/\/www.grieta.org.mx\/index.php\/2016\/06\/21\/ceteg-y-padres-de-familia-marchan-en-cinco-puntos-de-guerrero-en-repudio-a-violencia-en-oaxaca\/","url_meta":{"origin":38566,"position":4},"title":"CETEG y padres de familia marchan en cinco puntos de Guerrero en repudio a violencia en Oaxaca","author":"grieta","date":"21 junio, 2016","format":false,"excerpt":"Francisca Santiaguez En Chilpancingo, los maestros de la Coordinadora Estatal marcharon por las calles de la ciudad, efectuaron paradas de protesta en Palacio de Gobierno, en la Fiscal\u00eda General del Estado (FGE), y recorrieron algunas tiendas de autoservicio; posteriormente, tomaron un tramo de la Autopista del Sol y retornaron a\u2026","rel":"","context":"En &quot;CINTILLO&quot;","block_context":{"text":"CINTILLO","link":"http:\/\/www.grieta.org.mx\/index.php\/category\/cintillo\/"},"img":{"alt_text":"","src":"https:\/\/i0.wp.com\/www.grieta.org.mx\/wp-content\/uploads\/2018\/03\/14524434_1106112876131411_958039263622046936_o.jpg?resize=350%2C200","width":350,"height":200,"srcset":"https:\/\/i0.wp.com\/www.grieta.org.mx\/wp-content\/uploads\/2018\/03\/14524434_1106112876131411_958039263622046936_o.jpg?resize=350%2C200 1x, https:\/\/i0.wp.com\/www.grieta.org.mx\/wp-content\/uploads\/2018\/03\/14524434_1106112876131411_958039263622046936_o.jpg?resize=525%2C300 1.5x, https:\/\/i0.wp.com\/www.grieta.org.mx\/wp-content\/uploads\/2018\/03\/14524434_1106112876131411_958039263622046936_o.jpg?resize=700%2C400 2x"},"classes":[]},{"id":40208,"url":"http:\/\/www.grieta.org.mx\/index.php\/2019\/10\/11\/del-balsas-a-la-sierra-cientos-lo-dejan-todo-en-coyuca-guerrero-acosados-por-grupos-violentos\/","url_meta":{"origin":38566,"position":5},"title":"Del Balsas a la sierra, cientos lo dejan todo en Coyuca, Guerrero, acosados por grupos violentos","author":"Admin","date":"11 octubre, 2019","format":false,"excerpt":"A pesar de que la Secretar\u00eda de Seguridad P\u00fablica de Guerrero no ha confirmado el \u00e9xodo de familias del municipio de Coyuca de Catal\u00e1n, la Secretar\u00eda de Educaci\u00f3n estatal report\u00f3 un disminuci\u00f3n en la matr\u00edcula de estas localidades, as\u00ed como en la ruta a Zihuatanejo, donde hay escuelas cerradas a\u2026","rel":"","context":"En &quot;CINTILLO&quot;","block_context":{"text":"CINTILLO","link":"http:\/\/www.grieta.org.mx\/index.php\/category\/cintillo\/"},"img":{"alt_text":"","src":"https:\/\/i0.wp.com\/www.grieta.org.mx\/wp-content\/uploads\/2019\/10\/captura-de-pantalla-2019-10-11-a-las-12-13-28.png?resize=350%2C200","width":350,"height":200,"srcset":"https:\/\/i0.wp.com\/www.grieta.org.mx\/wp-content\/uploads\/2019\/10\/captura-de-pantalla-2019-10-11-a-las-12-13-28.png?resize=350%2C200 1x, https:\/\/i0.wp.com\/www.grieta.org.mx\/wp-content\/uploads\/2019\/10\/captura-de-pantalla-2019-10-11-a-las-12-13-28.png?resize=525%2C300 1.5x, https:\/\/i0.wp.com\/www.grieta.org.mx\/wp-content\/uploads\/2019\/10\/captura-de-pantalla-2019-10-11-a-las-12-13-28.png?resize=700%2C400 2x, https:\/\/i0.wp.com\/www.grieta.org.mx\/wp-content\/uploads\/2019\/10\/captura-de-pantalla-2019-10-11-a-las-12-13-28.png?resize=1050%2C600 3x"},"classes":[]}],"_links":{"self":[{"href":"http:\/\/www.grieta.org.mx\/index.php\/wp-json\/wp\/v2\/posts\/38566","targetHints":{"allow":["GET"]}}],"collection":[{"href":"http:\/\/www.grieta.org.mx\/index.php\/wp-json\/wp\/v2\/posts"}],"about":[{"href":"http:\/\/www.grieta.org.mx\/index.php\/wp-json\/wp\/v2\/types\/post"}],"author":[{"embeddable":true,"href":"http:\/\/www.grieta.org.mx\/index.php\/wp-json\/wp\/v2\/users\/1"}],"replies":[{"embeddable":true,"href":"http:\/\/www.grieta.org.mx\/index.php\/wp-json\/wp\/v2\/comments?post=38566"}],"version-history":[{"count":1,"href":"http:\/\/www.grieta.org.mx\/index.php\/wp-json\/wp\/v2\/posts\/38566\/revisions"}],"predecessor-version":[{"id":38568,"href":"http:\/\/www.grieta.org.mx\/index.php\/wp-json\/wp\/v2\/posts\/38566\/revisions\/38568"}],"wp:featuredmedia":[{"embeddable":true,"href":"http:\/\/www.grieta.org.mx\/index.php\/wp-json\/wp\/v2\/media\/38567"}],"wp:attachment":[{"href":"http:\/\/www.grieta.org.mx\/index.php\/wp-json\/wp\/v2\/media?parent=38566"}],"wp:term":[{"taxonomy":"category","embeddable":true,"href":"http:\/\/www.grieta.org.mx\/index.php\/wp-json\/wp\/v2\/categories?post=38566"},{"taxonomy":"post_tag","embeddable":true,"href":"http:\/\/www.grieta.org.mx\/index.php\/wp-json\/wp\/v2\/tags?post=38566"}],"curies":[{"name":"wp","href":"https:\/\/api.w.org\/{rel}","templated":true}]}}