{"id":38442,"date":"2019-08-26T14:11:16","date_gmt":"2019-08-26T19:11:16","guid":{"rendered":"http:\/\/www.grieta.org.mx\/?p=38442"},"modified":"2019-08-29T14:17:35","modified_gmt":"2019-08-29T19:17:35","slug":"el-pliego-de-periodistas-en-veracruz-norte-que-dice-mucho","status":"publish","type":"post","link":"http:\/\/www.grieta.org.mx\/index.php\/2019\/08\/26\/el-pliego-de-periodistas-en-veracruz-norte-que-dice-mucho\/","title":{"rendered":"El pliego de periodistas en Veracruz norte que dice mucho"},"content":{"rendered":"<p><img loading=\"lazy\" decoding=\"async\" data-attachment-id=\"38443\" data-permalink=\"http:\/\/www.grieta.org.mx\/index.php\/2019\/08\/26\/el-pliego-de-periodistas-en-veracruz-norte-que-dice-mucho\/periodistas-diputadas-y-fiscales-en-el-norte-de-veracruz-20-de-agosto\/\" data-orig-file=\"http:\/\/www.grieta.org.mx\/wp-content\/uploads\/2019\/08\/Periodistas-diputadas-y-fiscales-en-el-norte-de-Veracruz-20-de-agosto.jpg\" data-orig-size=\"900,517\" data-comments-opened=\"0\" data-image-meta=\"{&quot;aperture&quot;:&quot;0&quot;,&quot;credit&quot;:&quot;&quot;,&quot;camera&quot;:&quot;&quot;,&quot;caption&quot;:&quot;&quot;,&quot;created_timestamp&quot;:&quot;1566484896&quot;,&quot;copyright&quot;:&quot;&quot;,&quot;focal_length&quot;:&quot;0&quot;,&quot;iso&quot;:&quot;0&quot;,&quot;shutter_speed&quot;:&quot;0&quot;,&quot;title&quot;:&quot;&quot;,&quot;orientation&quot;:&quot;1&quot;}\" data-image-title=\"Periodistas-diputadas-y-fiscales-en-el-norte-de-Veracruz-20-de-agosto\" data-image-description=\"\" data-image-caption=\"\" data-medium-file=\"http:\/\/www.grieta.org.mx\/wp-content\/uploads\/2019\/08\/Periodistas-diputadas-y-fiscales-en-el-norte-de-Veracruz-20-de-agosto-300x172.jpg\" data-large-file=\"http:\/\/www.grieta.org.mx\/wp-content\/uploads\/2019\/08\/Periodistas-diputadas-y-fiscales-en-el-norte-de-Veracruz-20-de-agosto.jpg\" class=\"alignright wp-image-38443\" src=\"http:\/\/www.grieta.org.mx\/wp-content\/uploads\/2019\/08\/Periodistas-diputadas-y-fiscales-en-el-norte-de-Veracruz-20-de-agosto.jpg\" alt=\"\" width=\"800\" height=\"460\" srcset=\"http:\/\/www.grieta.org.mx\/wp-content\/uploads\/2019\/08\/Periodistas-diputadas-y-fiscales-en-el-norte-de-Veracruz-20-de-agosto.jpg 900w, http:\/\/www.grieta.org.mx\/wp-content\/uploads\/2019\/08\/Periodistas-diputadas-y-fiscales-en-el-norte-de-Veracruz-20-de-agosto-300x172.jpg 300w, http:\/\/www.grieta.org.mx\/wp-content\/uploads\/2019\/08\/Periodistas-diputadas-y-fiscales-en-el-norte-de-Veracruz-20-de-agosto-768x441.jpg 768w, http:\/\/www.grieta.org.mx\/wp-content\/uploads\/2019\/08\/Periodistas-diputadas-y-fiscales-en-el-norte-de-Veracruz-20-de-agosto-870x500.jpg 870w\" sizes=\"auto, (max-width: 800px) 100vw, 800px\" \/><\/p>\n<p>Rogelio Hern\u00e1ndez L\u00f3pez \/ Eje Central<\/p>\n<p>Desde antes de las diez de la ma\u00f1ana, dos hombres de camisa blanca se colocan en una mesa del restorancillo de la Posada San Javier de Tantoyuca. Disimuladamente observan a quienes entran y salen del peque\u00f1o sal\u00f3n de eventos. Es que all\u00ed dentro se realiza, inusualmente, una minicumbre de periodistas de la regi\u00f3n norte de Veracruz.<\/p>\n<p>Est\u00e1n 19 periodistas de esta cabecera electoral y comercial, tambi\u00e9n de \u00c1lamo, Huayacocotla, Tempoal, Poza Rica, Chicontepec, Tuxpan y hasta de Huejutla, Hidalgo. Entre ellos, solo dos mujeres, Isabel y Roc\u00edo.<\/p>\n<p>Hay m\u00e1s periodistas en la regi\u00f3n, pero es d\u00eda de reportear. Logran llegar representantes de cuatro organizaciones. La veintena sabe que su presencia respaldar\u00e1 la entrega de un pliego para el Congreso del estado con siete peticiones.<\/p>\n<p>Su documento de 10 mil caracteres perfila los temores de ser periodista en la Huasteca: ambiente general de inseguridad; agravios constantes, sobre todo de servidores p\u00fablicos; omisiones oficiales para atender denuncias de agravios; precariedades m\u00e1s que extremas para trabajar. <\/p>\n<p>Esta atm\u00f3sfera de la Huasteca, preocupante para quienes informan, es muy similar a otras regiones: Tierra Caliente en el v\u00f3rtice de Guerrero, Michoac\u00e1n y Estado de M\u00e9xico, en la costa y bosques de Tamaulipas, de Morelos, de Oaxaca\u2026<\/p>\n<p>Su pliego refleja esos temores y destella tambi\u00e9n la creencia, demasiado extendida entre colegas de ciudades medianas y peque\u00f1as, de que el gobierno tiene que darles, adem\u00e1s de protecci\u00f3n y justicia \u2013c\u00f3mo es su obligaci\u00f3n\u2013, apoyos econ\u00f3micos permanentes y tambi\u00e9n extraordinarios, adem\u00e1s de implementos y equipos para trabajar, como c\u00e1maras fotogr\u00e1ficas, grabadoras, chalecos\u2026 <\/p>\n<p>Espera de tres meses<\/p>\n<p>Eliseo Bautista, el abogado y periodista oriundo de la regi\u00f3n, es el promotor y organizador principal. Desde las 9 de la ma\u00f1ana lleg\u00f3 a supervisar. Desde mayo solicit\u00f3, que se reuniera all\u00ed con los periodistas de la zona, la diputada local presidenta de la Comisi\u00f3n para la Atenci\u00f3n y Protecci\u00f3n a Periodistas, Mar\u00eda Josefina Gamboa Torales. Desde entonces tambi\u00e9n invit\u00f3 a este reportero. El encuentro pudo hacerse tres meses despu\u00e9s, el 20 de agosto.<\/p>\n<p>El saloncillo se llena. Casi todos se conocen entre s\u00ed. De pronto parece un acto pol\u00edtico partidista. La Mesa principal la ocupan las diputadas locales por el PAN Josefina Gamboa y Judith Pineda, el fiscal regional, Jaime Cisneros la fiscal distrital Cristal Pacheco y el director de la Contralor\u00eda de la Fiscal\u00eda Regional, Jair Ram\u00edrez. Al ladito, fuera de la mesa, Eliseo, el periodista promotor.<\/p>\n<p>Entre sus colegas est\u00e1n Juli\u00e1n Osorio Santiago de la Uni\u00f3n de periodistas de la Huasteca; Roberto Mat\u00edas Del \u00c1ngel de la Asociaci\u00f3n Veracruzana de Periodistas Independientes; Genaro Hern\u00e1ndez Osorio del Colectivo de Periodistas y Cleofas Hern\u00e1ndez delegado del Club de Periodistas de M\u00e9xico. Bromeamos: \u201cpocos, pero bien divididos\u201d.<\/p>\n<p>Recargones <\/p>\n<p>Del total de intervenciones resaltan dos insistencias que dar\u00edan para noticias independientes de esas sesgadas y escandalosas:<\/p>\n<p>En siete de sus participaciones la diputada Gamboa insiste en que \u201cdebe reestructurarse la Comisi\u00f3n Estatal para la Atenci\u00f3n y Protecci\u00f3n de los Periodistas (CEAPP)\u2026 porque ha hecho poco en su favor\u2026 tiene olvidada a la regi\u00f3n Norte\u2026 estoy en desacuerdo con el gasto de 20 millones de pesos anuales porque s\u00f3lo dedica dos millones para ustedes\u2026porque asigna apoyos solo a determinados periodistas\u2026\u201d. Al final logra el compromiso que los colegas le preparen una carta pidiendo la reestructuraci\u00f3n de la CEAPP y ella les ofrece un asesor jur\u00eddico que ayude a la redacci\u00f3n.<\/p>\n<p>La otra insistencia que tambi\u00e9n consume mucho tiempo es de varios colegas sobre el punto 2 de su pliego. \u201cQue el fiscal de seguimiento a la denuncia (C.I.05\/17\/PC) contra Pedro Alberto D\u00edaz Cruz, periodista comisionado de la CEAPP\u201d (tambi\u00e9n oriundo de la regi\u00f3n) \u2026 \u201cel cual se dedica a extorsionar a pol\u00edticos, l\u00edderes sociales y funcionarios p\u00fablicos\u201d. El tiempo que dedican y datos que ofrecen muestran el desafecto que se ha ganado el periodista ausente. El fiscal regional ofrece dar seguimiento al caso.<\/p>\n<p>Acuerdos<\/p>\n<p>Casi cuatro horas de intervenciones sin descanso. Todos toman notas, fotos, videos. En mucho tiempo no hab\u00edan tenido una reuni\u00f3n as\u00ed, que los juntara y construyera consensos. Los acuerdos con diputadas y fiscales toman la numeraci\u00f3n de las siete peticiones del pliego de los periodistas:<\/p>\n<p>\u201c1.- Caso de Rodrigo Acu\u00f1a, director del Diario de Tepetzintla, agredido a balazos el 21 de noviembre del 2018.\u201d Resultado: el fiscal Cisneros G\u00f3mez se compromete a revisar personalmente el expediente; las dos diputadas lo buscar\u00e1n para ayudarle econ\u00f3micamente incluidas las gestiones para que eche la cimbra de su casa y deje de pagar renta.<\/p>\n<p> \u201c4.- Instalar un protocolo de seguridad o Mecanismo de Protecci\u00f3n en la zona Huasteca\u2026\u201d Resultado: La diputada Gamboa y el fiscal regional aceptan organizar un curso de medidas de protecci\u00f3n el 29 de agosto. Ella rechaza la propuesta de este reportero de hacer un taller de autoprotecci\u00f3n con periodistas experimentados de la Ciudad de M\u00e9xico. \u201cMejor con gente de aqu\u00ed\u201d.<\/p>\n<p>\u201c6.- Solicitar que el Congreso Local de Veracruz se pronuncie en contra de los alcaldes y funcionarios p\u00fablicos que reprimen la Libertad de Expresi\u00f3n. As\u00ed como con los patrones y\/o empresarios que acosan a sus empleados para actuar en base a una l\u00ednea editorial, lo cual coarta la libertad de expresi\u00f3n.\u201d Resultado: Las diputadas se comprometen a promover el pronunciamiento.<\/p>\n<p>\u201c7.- Impulsar una mayor presencia f\u00edsica de la CEAPP y\/o de la Comisi\u00f3n Legislativa para la Atenci\u00f3n y Protecci\u00f3n a Periodistas en la zona Huasteca, con oficinas de atenci\u00f3n regional en Tantoyuca y P\u00e1nuco.\u201d Resultado: la diputada Gamboa ofrece atenderlos personalmente.<\/p>\n<p>\u201c3.- Gestionar apoyos en especie de implementos y equipo utilizados en la actividad period\u00edstica, tales como c\u00e1maras fotogr\u00e1ficas, grabadoras, chalecos, etc\u00e9tera.\u201d<\/p>\n<p> \u201c5.- Gestionar un sistema de apoyo econ\u00f3mico permanente o crear un fideicomiso para periodistas y reporteros independientes, debido a las condiciones laborales y econ\u00f3micas que actualmente se viven, como consecuencia de los recortes presupuestales y severa austeridad del gobierno estatal y federal.\u201d<\/p>\n<p>Resultado. La diputada Gamboa se compromete hacer gestiones para los puntos 3 y 5; a cambio ella se encargar\u00e1 que con recursos del Congreso se instalen oficinas en Tantoyuca y P\u00e1nuco, para que las compartan periodistas de todos los medios, con dos computadoras y acceso a internet. Informa que ya logr\u00f3 centros similares en el sur y centro del estado.<\/p>\n<p>Si sopesan el pliego y los resultados, fue poco lo avanzado por los limitantes l\u00f3gicos que tienen los legisladores. Distinto ser\u00eda que los atendiera el Poder Ejecutivo local, la CEAPP, que la CEAP hiciera su trabajo. Lo mejor fue la convergencia de periodistas.<\/p>\n<p>Antes de las 15 horas, la mayor\u00eda de los colegas sacan grabadoras, hacen entrevistas para su caudal de notas del d\u00eda que deben entregar m\u00e1s tarde, toman m\u00e1s fotos. Y antes de irse, buscan la placa colectiva, como se acostumbran en estas reuniones.<\/p>\n<p>Ocho se quedan para escuchar un resumen de lo que este reportero lleva a quienes quieran escucharle. Primero les informa que, en solidaridad y coincidencia con Eliseo, lleg\u00f3 pagando con sus recursos el transporte, alojamiento, comidas y que el acompa\u00f1amiento, charla y asesor\u00eda son gratuitos. Al final puede decirles:<\/p>\n<p>\u201cLa protecci\u00f3n para periodistas debe ser integral, preventiva, reducirles las seis grandes vulnerabilidades que padecen, una de ellas es la falta de unidad. El fin es que puedan trabajar con seguridad, con independencia y con \u00e9tica. Los reporteros adem\u00e1s de informar tienen que proteger la informaci\u00f3n de inter\u00e9s p\u00fablico para que no se oculte o sea sesgada por pol\u00edticos, empresarios o por dadivas convenencieras \u2026 Cuando la informaci\u00f3n period\u00edstica se produce con veracidad, transparencia y honestidad genera credibilidad, di\u00e1logo, paz y democracia\u201d.<\/p>\n<p>Los observadores de camisa blanca, se retiraron despu\u00e9s de todos.<\/p>\n<p><a href=\"http:\/\/www.ejecentral.com.mx\/miradas-el-pliego-de-periodistas-en-veracruz-norte-que-dice-mucho\/\">http:\/\/www.ejecentral.com.mx\/miradas-el-pliego-de-periodistas-en-veracruz-norte-que-dice-mucho\/<\/a><\/p>\n","protected":false},"excerpt":{"rendered":"<p>Rogelio Hern\u00e1ndez L\u00f3pez \/ Eje Central Desde antes de las diez de la ma\u00f1ana, dos hombres de camisa blanca se colocan en una mesa del restorancillo de la Posada San &hellip; <a href=\"http:\/\/www.grieta.org.mx\/index.php\/2019\/08\/26\/el-pliego-de-periodistas-en-veracruz-norte-que-dice-mucho\/\" class=\"more-link\">Leer m\u00e1s<\/a><\/p>\n","protected":false},"author":2,"featured_media":38443,"comment_status":"closed","ping_status":"closed","sticky":false,"template":"","format":"standard","meta":{"ngg_post_thumbnail":0,"_jetpack_newsletter_access":"","_jetpack_dont_email_post_to_subs":false,"_jetpack_newsletter_tier_id":0,"_jetpack_memberships_contains_paywalled_content":false,"_jetpack_memberships_contains_paid_content":false,"footnotes":""},"categories":[80,1757,2,1936,83,35,88],"tags":[2262,2324,1310,120],"class_list":["post-38442","post","type-post","status-publish","format-standard","has-post-thumbnail","hentry","category-cintillo","category-lucha-en-contra-de-inseguridad-en-veracruz","category-noticias-nacionales","category-protestas-por-violencia-en-contra-de-periodistas-en-veracruz","category-temas-nacionales","category-veracruz","category-violencia-contra-periodistas","tag-agresiones-contra-periodistas","tag-protestas-contra-asesinato-deperiodistas","tag-protestas-contra-el-asesinato-de-periodistas","tag-violencia-contra-periodistas","entry"],"jetpack_featured_media_url":"http:\/\/www.grieta.org.mx\/wp-content\/uploads\/2019\/08\/Periodistas-diputadas-y-fiscales-en-el-norte-de-Veracruz-20-de-agosto.jpg","jetpack_sharing_enabled":true,"jetpack_shortlink":"https:\/\/wp.me\/p7ZJR4-a02","jetpack_likes_enabled":false,"jetpack-related-posts":[{"id":47373,"url":"http:\/\/www.grieta.org.mx\/index.php\/2020\/03\/31\/exigen-un-alto-a-violencia-contra-periodistas-tras-asesinato-en-veracruz-video\/","url_meta":{"origin":38442,"position":0},"title":"Exigen un alto a violencia contra periodistas tras asesinato en Veracruz | Video","author":"Admin","date":"31 marzo, 2020","format":false,"excerpt":"Redacci\u00f3n \/ Aristegui Noticias El periodista \u00c9dgar Escamilla informa que Mar\u00eda Elena Ferral ten\u00eda 30 a\u00f1os informando en los municipios de la zona totonaca, donde se dedic\u00f3 a la cobertura de las manifestaciones y exigencias que se registraban en la zona. Informa desde la protesta por el asesinato de la\u2026","rel":"","context":"En &quot;CINTILLO&quot;","block_context":{"text":"CINTILLO","link":"http:\/\/www.grieta.org.mx\/index.php\/category\/cintillo\/"},"img":{"alt_text":"","src":"https:\/\/i0.wp.com\/www.grieta.org.mx\/wp-content\/uploads\/2020\/04\/Screenshot_2020-04-07-Exigen-un-alto-a-violencia-contra-periodistas-tras-asesinato-en-Veracruz-Video.png?resize=350%2C200","width":350,"height":200,"srcset":"https:\/\/i0.wp.com\/www.grieta.org.mx\/wp-content\/uploads\/2020\/04\/Screenshot_2020-04-07-Exigen-un-alto-a-violencia-contra-periodistas-tras-asesinato-en-Veracruz-Video.png?resize=350%2C200 1x, https:\/\/i0.wp.com\/www.grieta.org.mx\/wp-content\/uploads\/2020\/04\/Screenshot_2020-04-07-Exigen-un-alto-a-violencia-contra-periodistas-tras-asesinato-en-Veracruz-Video.png?resize=525%2C300 1.5x"},"classes":[]},{"id":37544,"url":"http:\/\/www.grieta.org.mx\/index.php\/2019\/08\/04\/periodistas-se-manifiestan-en-veracruz\/","url_meta":{"origin":38442,"position":1},"title":"Periodistas se manifiestan en Veracruz","author":"grieta","date":"4 agosto, 2019","format":false,"excerpt":"Redacci\u00f3n \/ El Horizonte Periodistas llevaban se pod\u00edan leer mensajes como \"Somos prensa, no disparen\", \"La verdad no se mata matando periodistas\" y \"Ni uno m\u00e1s\" Periodistas de esta ciudad y del municipio de Acayucan protestaron este s\u00e1bado luego del asesinato de Jorge Ruiz V\u00e1zquez, reportero del diario Gr\u00e1fico de\u2026","rel":"","context":"En &quot;CINTILLO&quot;","block_context":{"text":"CINTILLO","link":"http:\/\/www.grieta.org.mx\/index.php\/category\/cintillo\/"},"img":{"alt_text":"","src":"https:\/\/i0.wp.com\/www.grieta.org.mx\/wp-content\/uploads\/2019\/08\/Screenshot_2019-08-07-Periodistas-se-manifiestan-en-Veracruz.png?resize=350%2C200","width":350,"height":200,"srcset":"https:\/\/i0.wp.com\/www.grieta.org.mx\/wp-content\/uploads\/2019\/08\/Screenshot_2019-08-07-Periodistas-se-manifiestan-en-Veracruz.png?resize=350%2C200 1x, https:\/\/i0.wp.com\/www.grieta.org.mx\/wp-content\/uploads\/2019\/08\/Screenshot_2019-08-07-Periodistas-se-manifiestan-en-Veracruz.png?resize=525%2C300 1.5x, https:\/\/i0.wp.com\/www.grieta.org.mx\/wp-content\/uploads\/2019\/08\/Screenshot_2019-08-07-Periodistas-se-manifiestan-en-Veracruz.png?resize=700%2C400 2x"},"classes":[]},{"id":69047,"url":"http:\/\/www.grieta.org.mx\/index.php\/2024\/05\/23\/familiares-de-periodistas-asesinados-denunciaron-a-funcionario-estatal-veracruz\/","url_meta":{"origin":38442,"position":2},"title":"Familiares de periodistas asesinados denunciaron a funcionario estatal (Veracruz)","author":"grieta","date":"23 mayo, 2024","format":false,"excerpt":"Miguel Salazar \/ Diario de Xalapa De acuerdo con Jorge S\u00e1nchez, hijo de Mois\u00e9s S\u00e1nchez Cerezo, periodista asesinado el 2 de enero de 2015 en el municipio de Medell\u00edn, \"la denuncia se present\u00f3 hace unos d\u00edas ante la Feadle Xalapa, Ver.-Integrantes de la Red en Memoria y Lucha de Periodistas\u2026","rel":"","context":"En &quot;CINTILLO&quot;","block_context":{"text":"CINTILLO","link":"http:\/\/www.grieta.org.mx\/index.php\/category\/cintillo\/"},"img":{"alt_text":"","src":"https:\/\/i0.wp.com\/www.grieta.org.mx\/wp-content\/uploads\/2024\/05\/Screenshot-2024-05-30-at-20-12-01-Familiares-de-periodistas-asesinados-denunciaron-a-funcionario-estatal-1.png?resize=350%2C200","width":350,"height":200,"srcset":"https:\/\/i0.wp.com\/www.grieta.org.mx\/wp-content\/uploads\/2024\/05\/Screenshot-2024-05-30-at-20-12-01-Familiares-de-periodistas-asesinados-denunciaron-a-funcionario-estatal-1.png?resize=350%2C200 1x, https:\/\/i0.wp.com\/www.grieta.org.mx\/wp-content\/uploads\/2024\/05\/Screenshot-2024-05-30-at-20-12-01-Familiares-de-periodistas-asesinados-denunciaron-a-funcionario-estatal-1.png?resize=525%2C300 1.5x, https:\/\/i0.wp.com\/www.grieta.org.mx\/wp-content\/uploads\/2024\/05\/Screenshot-2024-05-30-at-20-12-01-Familiares-de-periodistas-asesinados-denunciaron-a-funcionario-estatal-1.png?resize=700%2C400 2x"},"classes":[]},{"id":38874,"url":"http:\/\/www.grieta.org.mx\/index.php\/2019\/09\/03\/periodistas-llevan-ocho-meses-denunciando-violencia-en-veracruz\/","url_meta":{"origin":38442,"position":3},"title":"Periodistas llevan ocho meses denunciando violencia en Veracruz","author":"grieta","date":"3 septiembre, 2019","format":false,"excerpt":"Redacci\u00f3n \/ El Heraldo de M\u00e9xico La periodista Luz Mar\u00eda Rivera se\u00f1al\u00f3 que se hab\u00edan realizado denuncias por las constantes extorsiones, secuestros y los llamados \"levantones\" en Coatzacoalcos Luz Mar\u00eda Rivera, directora y columnista de El Mercurio de Veracruz, destac\u00f3 el clima de violencia que vive el Estado y se\u00f1al\u00f3\u2026","rel":"","context":"En &quot;CINTILLO&quot;","block_context":{"text":"CINTILLO","link":"http:\/\/www.grieta.org.mx\/index.php\/category\/cintillo\/"},"img":{"alt_text":"","src":"https:\/\/i0.wp.com\/www.grieta.org.mx\/wp-content\/uploads\/2019\/09\/Screenshot_2019-09-08-Periodistas-llevan-ocho-meses-denunciando-violencia-en-Veracruz.png?resize=350%2C200","width":350,"height":200,"srcset":"https:\/\/i0.wp.com\/www.grieta.org.mx\/wp-content\/uploads\/2019\/09\/Screenshot_2019-09-08-Periodistas-llevan-ocho-meses-denunciando-violencia-en-Veracruz.png?resize=350%2C200 1x, https:\/\/i0.wp.com\/www.grieta.org.mx\/wp-content\/uploads\/2019\/09\/Screenshot_2019-09-08-Periodistas-llevan-ocho-meses-denunciando-violencia-en-Veracruz.png?resize=525%2C300 1.5x, https:\/\/i0.wp.com\/www.grieta.org.mx\/wp-content\/uploads\/2019\/09\/Screenshot_2019-09-08-Periodistas-llevan-ocho-meses-denunciando-violencia-en-Veracruz.png?resize=700%2C400 2x, https:\/\/i0.wp.com\/www.grieta.org.mx\/wp-content\/uploads\/2019\/09\/Screenshot_2019-09-08-Periodistas-llevan-ocho-meses-denunciando-violencia-en-Veracruz.png?resize=1050%2C600 3x"},"classes":[]},{"id":27973,"url":"http:\/\/www.grieta.org.mx\/index.php\/2019\/01\/02\/exigen-justicia-para-el-periodista-moises-sanchez-asesinado-hace-cuatro-anos-veracruz\/","url_meta":{"origin":38442,"position":4},"title":"Exigen justicia para el periodista Mois\u00e9s S\u00e1nchez asesinado hace cuatro a\u00f1os (Veracruz)","author":"grieta","date":"2 enero, 2019","format":false,"excerpt":"Jos\u00e9 Morales | Diario de Xalapa Jorge S\u00e1nchez asegur\u00f3 que hay irregularidades en la investigaci\u00f3n Xalapa.- Jorge S\u00e1nchez, hijo del periodista Mois\u00e9s S\u00e1nchez acompa\u00f1ado de otras personas realizaron a primeras horas de este mi\u00e9rcoles una pinta sobre la plaza Lerdo donde se puede leer la palabra impunidad. Aunque no hubo\u2026","rel":"","context":"En &quot;CINTILLO&quot;","block_context":{"text":"CINTILLO","link":"http:\/\/www.grieta.org.mx\/index.php\/category\/cintillo\/"},"img":{"alt_text":"","src":"https:\/\/i0.wp.com\/www.grieta.org.mx\/wp-content\/uploads\/2019\/01\/protesta-DIARIO-DE-XALAPA.2.jpg?resize=350%2C200","width":350,"height":200,"srcset":"https:\/\/i0.wp.com\/www.grieta.org.mx\/wp-content\/uploads\/2019\/01\/protesta-DIARIO-DE-XALAPA.2.jpg?resize=350%2C200 1x, https:\/\/i0.wp.com\/www.grieta.org.mx\/wp-content\/uploads\/2019\/01\/protesta-DIARIO-DE-XALAPA.2.jpg?resize=525%2C300 1.5x, https:\/\/i0.wp.com\/www.grieta.org.mx\/wp-content\/uploads\/2019\/01\/protesta-DIARIO-DE-XALAPA.2.jpg?resize=700%2C400 2x"},"classes":[]},{"id":28272,"url":"http:\/\/www.grieta.org.mx\/index.php\/2018\/11\/12\/reclama-colectivo-a-yunes-por-asesinato-de-hijo-de-periodista-veracruzano\/","url_meta":{"origin":38442,"position":5},"title":"Reclama Colectivo a Yunes por asesinato de hijo de periodista veracruzano","author":"grieta","date":"12 noviembre, 2018","format":false,"excerpt":"Eduardo Andrade \/ El Dictamen Integrantes del Colectivo Nacional Alerta Temprana de Periodistas & Activistas, expresaron su repudio al actuar del gobernador ante el crimen del hijo de Cecilio Baltazar Integrantes del Colectivo Nacional Alerta Temprana de Periodistas & Activistas, expresaron su repudio al actuar del gobernador de Veracruz, Miguel\u2026","rel":"","context":"En &quot;NOTICIAS NACIONALES&quot;","block_context":{"text":"NOTICIAS NACIONALES","link":"http:\/\/www.grieta.org.mx\/index.php\/category\/noticias-nacionales\/"},"img":{"alt_text":"","src":"https:\/\/i0.wp.com\/www.grieta.org.mx\/wp-content\/uploads\/2019\/01\/muerto-2-1.jpg?resize=350%2C200","width":350,"height":200,"srcset":"https:\/\/i0.wp.com\/www.grieta.org.mx\/wp-content\/uploads\/2019\/01\/muerto-2-1.jpg?resize=350%2C200 1x, https:\/\/i0.wp.com\/www.grieta.org.mx\/wp-content\/uploads\/2019\/01\/muerto-2-1.jpg?resize=525%2C300 1.5x, https:\/\/i0.wp.com\/www.grieta.org.mx\/wp-content\/uploads\/2019\/01\/muerto-2-1.jpg?resize=700%2C400 2x"},"classes":[]}],"_links":{"self":[{"href":"http:\/\/www.grieta.org.mx\/index.php\/wp-json\/wp\/v2\/posts\/38442","targetHints":{"allow":["GET"]}}],"collection":[{"href":"http:\/\/www.grieta.org.mx\/index.php\/wp-json\/wp\/v2\/posts"}],"about":[{"href":"http:\/\/www.grieta.org.mx\/index.php\/wp-json\/wp\/v2\/types\/post"}],"author":[{"embeddable":true,"href":"http:\/\/www.grieta.org.mx\/index.php\/wp-json\/wp\/v2\/users\/2"}],"replies":[{"embeddable":true,"href":"http:\/\/www.grieta.org.mx\/index.php\/wp-json\/wp\/v2\/comments?post=38442"}],"version-history":[{"count":1,"href":"http:\/\/www.grieta.org.mx\/index.php\/wp-json\/wp\/v2\/posts\/38442\/revisions"}],"predecessor-version":[{"id":38444,"href":"http:\/\/www.grieta.org.mx\/index.php\/wp-json\/wp\/v2\/posts\/38442\/revisions\/38444"}],"wp:featuredmedia":[{"embeddable":true,"href":"http:\/\/www.grieta.org.mx\/index.php\/wp-json\/wp\/v2\/media\/38443"}],"wp:attachment":[{"href":"http:\/\/www.grieta.org.mx\/index.php\/wp-json\/wp\/v2\/media?parent=38442"}],"wp:term":[{"taxonomy":"category","embeddable":true,"href":"http:\/\/www.grieta.org.mx\/index.php\/wp-json\/wp\/v2\/categories?post=38442"},{"taxonomy":"post_tag","embeddable":true,"href":"http:\/\/www.grieta.org.mx\/index.php\/wp-json\/wp\/v2\/tags?post=38442"}],"curies":[{"name":"wp","href":"https:\/\/api.w.org\/{rel}","templated":true}]}}