{"id":38360,"date":"2019-08-25T11:51:13","date_gmt":"2019-08-25T16:51:13","guid":{"rendered":"http:\/\/www.grieta.org.mx\/?p=38360"},"modified":"2019-08-27T11:53:33","modified_gmt":"2019-08-27T16:53:33","slug":"lanzan-defensa-comunitaria-contra-santa-lucia","status":"publish","type":"post","link":"http:\/\/www.grieta.org.mx\/index.php\/2019\/08\/25\/lanzan-defensa-comunitaria-contra-santa-lucia\/","title":{"rendered":"Lanzan defensa comunitaria contra Santa Luc\u00eda"},"content":{"rendered":"<p><img loading=\"lazy\" decoding=\"async\" data-attachment-id=\"38329\" data-permalink=\"http:\/\/www.grieta.org.mx\/pdp_ecatepec-2_270619_mxn_0139_baja-1-1140x570\/\" data-orig-file=\"http:\/\/www.grieta.org.mx\/wp-content\/uploads\/2019\/08\/PdP_ECATEPEC-2_270619_MXN_0139_BAJA-1-1140x570.jpg\" data-orig-size=\"1140,570\" data-comments-opened=\"0\" data-image-meta=\"{&quot;aperture&quot;:&quot;7.1&quot;,&quot;credit&quot;:&quot;XNATERA&quot;,&quot;camera&quot;:&quot;NIKON D750&quot;,&quot;caption&quot;:&quot;&quot;,&quot;created_timestamp&quot;:&quot;1561130882&quot;,&quot;copyright&quot;:&quot;&quot;,&quot;focal_length&quot;:&quot;120&quot;,&quot;iso&quot;:&quot;100&quot;,&quot;shutter_speed&quot;:&quot;0.000625&quot;,&quot;title&quot;:&quot;&quot;,&quot;orientation&quot;:&quot;1&quot;}\" data-image-title=\"PdP_ECATEPEC-2_270619_MXN_0139_BAJA-1-1140&amp;#215;570\" data-image-description=\"\" data-image-caption=\"\" data-medium-file=\"http:\/\/www.grieta.org.mx\/wp-content\/uploads\/2019\/08\/PdP_ECATEPEC-2_270619_MXN_0139_BAJA-1-1140x570-300x150.jpg\" data-large-file=\"http:\/\/www.grieta.org.mx\/wp-content\/uploads\/2019\/08\/PdP_ECATEPEC-2_270619_MXN_0139_BAJA-1-1140x570-1024x512.jpg\" class=\"alignright wp-image-38329\" src=\"http:\/\/www.grieta.org.mx\/wp-content\/uploads\/2019\/08\/PdP_ECATEPEC-2_270619_MXN_0139_BAJA-1-1140x570.jpg\" alt=\"\" width=\"800\" height=\"400\" srcset=\"http:\/\/www.grieta.org.mx\/wp-content\/uploads\/2019\/08\/PdP_ECATEPEC-2_270619_MXN_0139_BAJA-1-1140x570.jpg 1140w, http:\/\/www.grieta.org.mx\/wp-content\/uploads\/2019\/08\/PdP_ECATEPEC-2_270619_MXN_0139_BAJA-1-1140x570-300x150.jpg 300w, http:\/\/www.grieta.org.mx\/wp-content\/uploads\/2019\/08\/PdP_ECATEPEC-2_270619_MXN_0139_BAJA-1-1140x570-768x384.jpg 768w, http:\/\/www.grieta.org.mx\/wp-content\/uploads\/2019\/08\/PdP_ECATEPEC-2_270619_MXN_0139_BAJA-1-1140x570-1024x512.jpg 1024w, http:\/\/www.grieta.org.mx\/wp-content\/uploads\/2019\/08\/PdP_ECATEPEC-2_270619_MXN_0139_BAJA-1-1140x570-1000x500.jpg 1000w\" sizes=\"auto, (max-width: 800px) 100vw, 800px\" \/><br \/>\nTexto: Lydiette Carri\u00f3n<br \/>\nFotos: Archivo \/ Ximena Natera y Duilio Rodr\u00edguez<\/p>\n<p>Pie de P\u00e1gina<\/p>\n<blockquote><p>Los pueblos originarios en los municipios de Tec\u00e1mac, Zumpango y Nextlalpan est\u00e1n contra el proyecto Santa Luc\u00eda. Pero se desmarcan de las acciones legales que encabezan grupos de empresarios, quienes lo hacen bajo la l\u00f3gica empresarial. Desde las comunidades, advierten, les mueve el derecho humano al agua<\/p><\/blockquote>\n<p>Los pueblos originarios afectados por la ampliaci\u00f3n del aeropuerto de Santa Luc\u00eda preparan una defensa legal de car\u00e1cter internacional en contra del proyecto. Reclaman la defensa al agua y el derecho de los pueblos originarios de ser escuchados. Advierten que la cuenca h\u00eddrica del Valle de M\u00e9xico no soporta un megaproyecto m\u00e1s.<\/p>\n<p>La estrategia legal est\u00e1 bajo la gu\u00eda legal del Centro de Derechos Humanos Zeferino Ladrillero.<\/p>\n<p>Jos\u00e9 Antonio Lara Duque, director del Centro Zeferino Ladrillero, explica en entrevista:<\/p>\n<p>\u201cYa interpusimos la primera bater\u00eda de amparos. El proceso de construcci\u00f3n de amparos comunitarios [a diferencia de otros recursos impulsados desde la ciudadan\u00eda o de particulares] lleva mucho m\u00e1s tiempo, porque se tiene que consultar. Por eso se han interpuesto apenas los primeros amparos. Pero de una bater\u00eda mucho mayor que habr\u00e1 seg\u00fan se toman las decisiones\u201d.<\/p>\n<p>\u201cLo que nosotros planteamos desde las comunidades es el tema de protecci\u00f3n del derecho al agua y de los pueblos originarios. Esos son dos pies sobre los que se levanta la resistencia de los pueblos\u201d.<\/p>\n<p>A\u00f1ade: \u201cabiertamente y claramente hay una diferencia [de nosotros] con los colectivos que han impulsado amparos desde la l\u00f3gica empresarial\u201d, que buscan, explica, regresar el proyecto a Texcoco. \u201cNosotros, apoyamos y celebramos en su momento que se cancelara el proyecto en Texcoco\u201d.<\/p>\n<p><strong>Pueblos vs l\u00f3gica empresarial<\/strong><br \/>\nLara Duque comprende que los intereses empresariales est\u00e1n buscando m\u00e1s all\u00e1 que una suspensi\u00f3n de Santa Luc\u00eda, el proyecto de retomar la construcci\u00f3n del Nuevo Aeropuerto de la Ciudad de M\u00e9xico en Texcoco, el cual fue cancelado por la administraci\u00f3n de Andr\u00e9s Manuel L\u00f3pez Obrador.<\/p>\n<p>\u201cEllos lo hacen desde una l\u00f3gica econ\u00f3mica. Tenemos claro que ellos no buscan la protecci\u00f3n del derecho humano al agua\u201d, advierte.<\/p>\n<p>\u201cPartiendo de ah\u00ed hay una distancia importante. Se puede coincidir en suspender Santa Luc\u00eda\u201d. Pero hasta ah\u00ed. \u201cLos pueblos originarios no buscan ni avalan retomar Texcoco. Desde la l\u00f3gica que llevamos, de proteger toda la cuenca, es insustentable\u201d.<\/p>\n<p>Lara Duque, quien en su momento tambi\u00e9n particip\u00f3 en la defensa del territorio en Texcoco, recalca: \u201cSabemos de las postura de la Presidencia de la Rep\u00fablica, de mantener por sobre todas las cosas Santa Luc\u00eda. \u00c9l [L\u00f3pez Obrador] est\u00e1 perdiendo \u00f3ptica en una disputa con estos grupos empresariales\u201d.<\/p>\n<p>Pide que el gobierno federal no descuide que hay derechos de pueblos que tambi\u00e9n est\u00e1n metidos en el escenarios.<\/p>\n<p>\u201cY a riesgo de ser demasiado tradicional, quien encabeza el gobierno est\u00e1 metido entre los intereses empresariales y los pueblos colectivos\u201d.<\/p>\n<p><strong>Tec\u00e1mac no tiene agua<\/strong><br \/>\nEn Atenco, durante la oposici\u00f3n al aeropuerto, los actores principales fueron los campesinos. En Tec\u00e1mac y Zumpango, los actores son los sistemas comunitarios de agua.<\/p>\n<p>Porque el problema es la disponibilidad de agua.<\/p>\n<p>Lara Duque enfatiza: \u201clo que se valora desde estas comunidades es el derecho al agua, que conocen muy bien\u201d, ya que desde mediados del siglo XX en Tec\u00e1mac la administraci\u00f3n del agua ha sido comunitaria.<\/p>\n<p>Santa Luc\u00eda est\u00e1 ubicada entre los municipios de Zumpango, Tec\u00e1mac y Nextlalpan. El municipio que m\u00e1s ocupa es Tec\u00e1mac (con un 70 %), luego Zumpango (20 %), y por \u00faltimo Nextlalpan (10 por ciento).<\/p>\n<p>Dentro de estos tres municipios, el Centro Zeferino Ladrillero ha identificado al menos 25 pueblos originarios, muchos de ellos mantienen su organizaci\u00f3n por medio de usos y costumbres. \u201cLa mayor\u00eda de ellos tienen sistemas comunitarios de agua, que no es otra cosa que la administraci\u00f3n del agua por los propios habitantes de esas comunidades\u201d.<\/p>\n<p>En la zona, adem\u00e1s, hay una situaci\u00f3n muy particular en cuanto al agua.<\/p>\n<p>\u201cA principios y mediados del siglo XX con la necesidad de una red hidr\u00e1ulica, las comunidades con sus propios recursos y trabajo montaron sus propias redes hidr\u00e1ulicas. Sin participaci\u00f3n de gobiernos ni municipales o estatales. Era una responsabilidad de Estado proveer de agua, pero no lo hicieron, as\u00ed que lo hicieron las propias comunidades\u201d, resume Lara Duque.<\/p>\n<p>As\u00ed que las comunidades de la regi\u00f3n tienen mucha claridad y experiencia con respecto al manejo y el uso del agua.<\/p>\n<p>A partir del temblor de 1985, en Tec\u00e1mac y Zumpango se deton\u00f3 una explosi\u00f3n demogr\u00e1fica. Mucha gente de la Ciudad de M\u00e9xico busc\u00f3 salir de ah\u00ed. Luego desde el a\u00f1o 2000, empezaron a desarrollarse viviendas o fraccionamientos impulsados, por el entonces gobernador del Estado de M\u00e9xico, Arturo Montiel.<\/p>\n<figure id=\"attachment_38332\" aria-describedby=\"caption-attachment-38332\" style=\"width: 800px\" class=\"wp-caption alignright\"><img loading=\"lazy\" decoding=\"async\" data-attachment-id=\"38332\" data-permalink=\"http:\/\/www.grieta.org.mx\/c3a4871a-1140x570\/\" data-orig-file=\"http:\/\/www.grieta.org.mx\/wp-content\/uploads\/2019\/08\/C3A4871a-1140x570.jpg\" data-orig-size=\"1140,570\" data-comments-opened=\"0\" data-image-meta=\"{&quot;aperture&quot;:&quot;13&quot;,&quot;credit&quot;:&quot;&quot;,&quot;camera&quot;:&quot;Canon EOS 7D Mark II&quot;,&quot;caption&quot;:&quot;&quot;,&quot;created_timestamp&quot;:&quot;1551025167&quot;,&quot;copyright&quot;:&quot;&quot;,&quot;focal_length&quot;:&quot;24&quot;,&quot;iso&quot;:&quot;400&quot;,&quot;shutter_speed&quot;:&quot;0.00125&quot;,&quot;title&quot;:&quot;&quot;,&quot;orientation&quot;:&quot;1&quot;}\" data-image-title=\"C3A4871a-1140&amp;#215;570\" data-image-description=\"\" data-image-caption=\"&lt;p&gt;Foto: Duilio Rodr\u00edguez&lt;\/p&gt;\n\" data-medium-file=\"http:\/\/www.grieta.org.mx\/wp-content\/uploads\/2019\/08\/C3A4871a-1140x570-300x150.jpg\" data-large-file=\"http:\/\/www.grieta.org.mx\/wp-content\/uploads\/2019\/08\/C3A4871a-1140x570-1024x512.jpg\" class=\"wp-image-38332\" src=\"http:\/\/www.grieta.org.mx\/wp-content\/uploads\/2019\/08\/C3A4871a-1140x570.jpg\" alt=\"\" width=\"800\" height=\"400\" srcset=\"http:\/\/www.grieta.org.mx\/wp-content\/uploads\/2019\/08\/C3A4871a-1140x570.jpg 1140w, http:\/\/www.grieta.org.mx\/wp-content\/uploads\/2019\/08\/C3A4871a-1140x570-300x150.jpg 300w, http:\/\/www.grieta.org.mx\/wp-content\/uploads\/2019\/08\/C3A4871a-1140x570-768x384.jpg 768w, http:\/\/www.grieta.org.mx\/wp-content\/uploads\/2019\/08\/C3A4871a-1140x570-1024x512.jpg 1024w, http:\/\/www.grieta.org.mx\/wp-content\/uploads\/2019\/08\/C3A4871a-1140x570-1000x500.jpg 1000w\" sizes=\"auto, (max-width: 800px) 100vw, 800px\" \/><figcaption id=\"caption-attachment-38332\" class=\"wp-caption-text\">Foto: Duilio Rodr\u00edguez<\/figcaption><\/figure>\n<p><strong>Las ciudades dormitorio<\/strong><br \/>\n\u201cPara el 2000 2001, el gobernador Arturo Montiel empuj\u00f3 las ciudades dormitorio. Se trata de un desarrollo descomunal de vivienda a trav\u00e9s de empresas. Esto es incompatible con el sistema de agua que ten\u00edan los pueblos. Y esto dio los primeros choques de inter\u00e9s.<\/p>\n<p>\u201cLa zona ven\u00eda siendo hostigada por los municipios para despojarlos de sus sistemas comunitarios. Concretamente Tec\u00e1mac y Zumpango tienen administraciones de agua municipales. Pero en otras partes de las demarcaciones, los municipios no entran para el servicio del agua\u201d.<\/p>\n<p>Entonces hab\u00eda una disputa para arrebatarles la administraci\u00f3n de su sistema. Y se ha venido resistiendo, buscando proteger esos sistemas\u201d.<\/p>\n<p>El Zeferino Ladrillero comenz\u00f3 a participar en esta resistencia a partir del a\u00f1o 2012.<\/p>\n<p>Actualmente, los pueblos originarios que participan de estos amparos son:<\/p>\n<p>* Tec\u00e1mac Centro o Tec\u00e1mac Pueblo. Que fue la cabecera municipal de los 12 pueblos originarios.<\/p>\n<p>* San Lucas Xolox (de todos es el m\u00e1s cercano a Santa Luc\u00eda. Est\u00e1 a un kil\u00f3metro.)<\/p>\n<p>* Santa Mar\u00eda Ozumbilla<\/p>\n<p>* Los Reyes Acozac<\/p>\n<p>* Santo Domingo Ajoloapan<\/p>\n<p>* San Sebasti\u00e1n (Zumpango)<\/p>\n<p>* Santa Mar\u00eda Cuevas (Zumpango)<\/p>\n<p>* Loma Larga<\/p>\n<p>Lara Duque explica que estos son los pueblos en los que Zeferino Ladrillero tiene participaci\u00f3n, pero no son los \u00fanicos que preparan una resistencia.<\/p>\n<p><strong>La Cuenca de M\u00e9xico no aguanta<\/strong><br \/>\nEl problema de fondo es una incapacidad de la Cuenca de M\u00e9xico de soportar megaproyectos de gran envergadura.<\/p>\n<p>\u201cLos funcionarios tienen la visi\u00f3n corta de que Santa Luc\u00eda ya est\u00e1 construido, y por lo tanto, el proyecto no afectar\u00e1, pero no es el caso\u201d.<\/p>\n<p>La cuenca del Valle de M\u00e9xico tiene varias subcuencas. Una de ellas es la de Texcoco, por ejemplo, donde se pretend\u00eda construir el NAICM. Ah\u00ed la sobreexplotaci\u00f3n de la cuenca es del 500 % (ello de acuerdo con los propios datos de Conagua, advierte Lara Duque). Es decir, se saca m\u00e1s agua de la que se infiltra al subsuelo. Esto ocasiona que los pozos se sequen, y que la ciudad se hunda.<\/p>\n<p>Tec\u00e1mac y Zumpango est\u00e1n sobre subcuenca Cuatitl\u00e1n Pachuca. Y ah\u00ed la sobreexplotaci\u00f3n es de 800 %. La carencia de agua en Santa Luc\u00eda es a\u00fan m\u00e1s cr\u00edtica que en Texcoco.<\/p>\n<p>\u201cDesde 1954 hay un decreto de veda en la regi\u00f3n. Consiste en que no se pueden hacer nuevas perforaciones para extraer l\u00edquido porque ya no hay agua. Se est\u00e1 sacando m\u00e1s agua de la que est\u00e1 entrando. Hoy por hoy hay pozos abatidos. Son pozos que se secan. Los vecinos nos refieren que hace 30, 40 a\u00f1os, se pod\u00eda hallar agua con una perforaci\u00f3n de 8 o 10 metros de profundidad. Hoy por hoy se requieren 150 metros\u201d.<\/p>\n<p>Y eso, los pueblos de Tec\u00e1mac, Zumpango, lo saben de primera mano, porque son ellos los que administran este bien.<\/p>\n<p><strong>\u2018Gato por agua\u2019<\/strong><br \/>\nEl proyecto de Santa Luc\u00eda proyecta un consumo de agua de alrededor de 12 mil metros c\u00fabicos por d\u00eda. \u201cLa Sedena dice ser autosustentable con apenas 2 mil metros c\u00fabicos de agua. Y el resto, para Santa Luc\u00eda, dec\u00edan que lo iban a sacar de sus propios pozos. Pretend\u00edan un juego medio perverso de decirles que perforar\u00edan sus propios pozos, pero lo pobladores son expertos en el tema, y saben que sus pozos se encuentran en el mismo vaso\u201d.<\/p>\n<p>Una vez que V\u00edctor Toledo entr\u00f3 a la Secretar\u00eda de Medio Ambiente y Recursos Naturales (Semarnat), el gobierno federal reconoci\u00f3 la crisis h\u00eddrica, la poca disponibilidad de agua. Entonces propuso traer agua de la cuenca del mezquital, en Hidalgo.<\/p>\n<p>Pero los pueblos de Tec\u00e1mac y Zumpango alegaron: \u00bfY qu\u00e9 pasar\u00e1 all\u00e1 con los vecinos del valle del mezquital? Reviraron: cada regi\u00f3n debe ser sustentable con su propia agua.<\/p>\n<p>Uno de los proyectos m\u00e1s costosos e insustentables que existen son los trasvases de agua. Es decir: el llevar agua de una regi\u00f3n a otra. El costo energ\u00e9tico es elevado y conlleva graves problemas de sustentabilidad y afectaci\u00f3n a las comunidades. La Ciudad de M\u00e9xico es uno de los lugares m\u00e1s insustentables que existen. Justo por esta situaci\u00f3n, de esta sobreexplotaci\u00f3n y trasvase se derivan hundimientos, contaminaci\u00f3n sequ\u00edas e inundaciones, adem\u00e1s del consumo indiscriminado del agua de otras regiones.<\/p>\n<p><strong>Aguas negras por oro<\/strong><br \/>\nLa mayor\u00eda de las aguas del Valle del Mezquital son aguas negras, provenientes de los desechos de la Ciudad de M\u00e9xico.<\/p>\n<p>El proyecto federal ofrece que Santa Luc\u00eda se abastecer\u00eda del agua tratada y se dejar\u00eda el agua a las comunidades. \u201cPero no lo creemos. Sabemos por experiencia que probablemente a las comunidades den el agua sucia. Ahora s\u00ed que como dicen: \u2018no tenemos pruebas, pero no tenemos dudas\u2019\u201d, adcierte Duque.<\/p>\n<p>\u201cY pues nosotros, en nuestros pueblos tenemos a los expertos en estos temas: los alba\u00f1iles. Ellos explican que para construir, para fraguar, se requiere agua limpia, potable. El agua tratada no sirve\u201d.<\/p>\n<p><a href=\"https:\/\/piedepagina.mx\/lanzan-defensa-comunitaria-contra-santa-lucia\/\" target=\"_blank\" rel=\"noopener noreferrer\">https:\/\/piedepagina.mx\/lanzan-defensa-comunitaria-contra-santa-lucia\/<\/a><\/p>\n","protected":false},"excerpt":{"rendered":"<p>Texto: Lydiette Carri\u00f3n Fotos: Archivo \/ Ximena Natera y Duilio Rodr\u00edguez Pie de P\u00e1gina Los pueblos originarios en los municipios de Tec\u00e1mac, Zumpango y Nextlalpan est\u00e1n contra el proyecto Santa &hellip; <a href=\"http:\/\/www.grieta.org.mx\/index.php\/2019\/08\/25\/lanzan-defensa-comunitaria-contra-santa-lucia\/\" class=\"more-link\">Leer m\u00e1s<\/a><\/p>\n","protected":false},"author":2,"featured_media":38329,"comment_status":"closed","ping_status":"closed","sticky":false,"template":"","format":"standard","meta":{"ngg_post_thumbnail":0,"_jetpack_newsletter_access":"","_jetpack_dont_email_post_to_subs":false,"_jetpack_newsletter_tier_id":0,"_jetpack_memberships_contains_paywalled_content":false,"_jetpack_memberships_contains_paid_content":false,"footnotes":""},"categories":[80,1571,2492,914,1278,16,2,83],"tags":[2494,463],"class_list":["post-38360","post","type-post","status-publish","format-standard","has-post-thumbnail","hentry","category-cintillo","category-conflictos-por-falta-de-agua-en-el-estado-de-mexico","category-conflictos-por-la-construccion-del-aeropuerto-en-la-base-militar-de-santa-lucia","category-privatizacion-del-agua","category-despojo-de-tierras-y-territorios","category-estado-de-mexico","category-noticias-nacionales","category-temas-nacionales","tag-aeropuerto-santa-lucia","tag-defensa-del-agua","entry"],"jetpack_featured_media_url":"http:\/\/www.grieta.org.mx\/wp-content\/uploads\/2019\/08\/PdP_ECATEPEC-2_270619_MXN_0139_BAJA-1-1140x570.jpg","jetpack_sharing_enabled":true,"jetpack_shortlink":"https:\/\/wp.me\/p7ZJR4-9YI","jetpack_likes_enabled":false,"jetpack-related-posts":[{"id":40359,"url":"http:\/\/www.grieta.org.mx\/index.php\/2019\/10\/17\/habitantes-de-pueblos-originarios-protestan-contra-aeropuerto-en-santa-lucia-estado-de-mexico\/","url_meta":{"origin":38360,"position":0},"title":"Habitantes de pueblos originarios protestan contra aeropuerto en Santa Luc\u00eda (Estado de M\u00e9xico)","author":"grieta","date":"17 octubre, 2019","format":false,"excerpt":"Emilio Fern\u00e1ndez \/ El Universal Los residentes argumentan que la construcci\u00f3n y operaci\u00f3n de la terminal a\u00e9rea dejar\u00e1 sin agua potable tanto a las comunidades de las zonas cercanas a la base como los municipios que se encuentran en esta zona del Valle de M\u00e9xico Tec\u00e1mac, Mex.- Un grupo de\u2026","rel":"","context":"En &quot;CINTILLO&quot;","block_context":{"text":"CINTILLO","link":"http:\/\/www.grieta.org.mx\/index.php\/category\/cintillo\/"},"img":{"alt_text":"","src":"https:\/\/i0.wp.com\/www.grieta.org.mx\/wp-content\/uploads\/2019\/10\/Habitantes-de-pueblos-originarios-protestan-contra-aeropuerto-en-Santa-Luc%C3%ADa-edomex-oct.jpg?resize=350%2C200","width":350,"height":200},"classes":[]},{"id":40772,"url":"http:\/\/www.grieta.org.mx\/index.php\/2019\/10\/26\/marchan-en-tecamac-contra-aeropuerto-de-santa-lucia-estado-de-mexico\/","url_meta":{"origin":38360,"position":1},"title":"Marchan en Tec\u00e1mac contra aeropuerto de Santa Luc\u00eda (Estado de M\u00e9xico)","author":"grieta","date":"26 octubre, 2019","format":false,"excerpt":"Alejandra Gudi\u00f1o \/ Milenio La agrupaci\u00f3n denominada 12 pueblos originarios reiter\u00f3 su oposici\u00f3n al proyecto y demand\u00f3 una mesa de di\u00e1logo con las autoridades. Integrantes de los 12 pueblos originarios de Tec\u00e1mac realizaron una marcha que parti\u00f3 de la explanada municipal hasta la entrada de la base a\u00e9rea de Santa\u2026","rel":"","context":"En &quot;CINTILLO&quot;","block_context":{"text":"CINTILLO","link":"http:\/\/www.grieta.org.mx\/index.php\/category\/cintillo\/"},"img":{"alt_text":"","src":"https:\/\/i0.wp.com\/www.grieta.org.mx\/wp-content\/uploads\/2019\/11\/Marchan-en-Tec%C3%A1mac-contra-aeropuerto-de-Santa-Luc%C3%ADa-edomex-nov.jpg?resize=350%2C200","width":350,"height":200,"srcset":"https:\/\/i0.wp.com\/www.grieta.org.mx\/wp-content\/uploads\/2019\/11\/Marchan-en-Tec%C3%A1mac-contra-aeropuerto-de-Santa-Luc%C3%ADa-edomex-nov.jpg?resize=350%2C200 1x, https:\/\/i0.wp.com\/www.grieta.org.mx\/wp-content\/uploads\/2019\/11\/Marchan-en-Tec%C3%A1mac-contra-aeropuerto-de-Santa-Luc%C3%ADa-edomex-nov.jpg?resize=525%2C300 1.5x, https:\/\/i0.wp.com\/www.grieta.org.mx\/wp-content\/uploads\/2019\/11\/Marchan-en-Tec%C3%A1mac-contra-aeropuerto-de-Santa-Luc%C3%ADa-edomex-nov.jpg?resize=700%2C400 2x"},"classes":[]},{"id":40999,"url":"http:\/\/www.grieta.org.mx\/index.php\/2019\/11\/04\/unam-omitio-danos-a-indigenas-por-construccion-del-aeropuerto-en-santa-lucia-ong-estado-de-mexico\/","url_meta":{"origin":38360,"position":2},"title":"UNAM omiti\u00f3 da\u00f1os a ind\u00edgenas por construcci\u00f3n del aeropuerto en Santa Luc\u00eda: ONG (Estado de M\u00e9xico)","author":"grieta","date":"4 noviembre, 2019","format":false,"excerpt":"Jordana gonz\u00e1lez \/ Contral\u00ednea La Facultad de Ingenier\u00eda de la Universidad Nacional Aut\u00f3noma de M\u00e9xico (UNAM) omiti\u00f3 da\u00f1os ambientales y sociales hacia comunidades originarias, que habitan la cuenca Norte de la Ciudad de M\u00e9xico, en la manifestaci\u00f3n de impacto ambiental que realiz\u00f3 respecto de la construcci\u00f3n del aeropuerto en Santa\u2026","rel":"","context":"En &quot;CINTILLO&quot;","block_context":{"text":"CINTILLO","link":"http:\/\/www.grieta.org.mx\/index.php\/category\/cintillo\/"},"img":{"alt_text":"","src":"https:\/\/i0.wp.com\/www.grieta.org.mx\/wp-content\/uploads\/2019\/11\/UNAM-omiti%C3%B3-da%C3%B1os-a-ind%C3%ADgenas-por-construcci%C3%B3n-del-aeropuerto-en-Santa-Luc%C3%ADa-ONG-edomex-nov.jpg?resize=350%2C200","width":350,"height":200,"srcset":"https:\/\/i0.wp.com\/www.grieta.org.mx\/wp-content\/uploads\/2019\/11\/UNAM-omiti%C3%B3-da%C3%B1os-a-ind%C3%ADgenas-por-construcci%C3%B3n-del-aeropuerto-en-Santa-Luc%C3%ADa-ONG-edomex-nov.jpg?resize=350%2C200 1x, https:\/\/i0.wp.com\/www.grieta.org.mx\/wp-content\/uploads\/2019\/11\/UNAM-omiti%C3%B3-da%C3%B1os-a-ind%C3%ADgenas-por-construcci%C3%B3n-del-aeropuerto-en-Santa-Luc%C3%ADa-ONG-edomex-nov.jpg?resize=525%2C300 1.5x"},"classes":[]},{"id":40295,"url":"http:\/\/www.grieta.org.mx\/index.php\/2019\/10\/16\/ong-acusa-que-se-violo-derecho-de-consulta-por-santa-lucia-alista-demanda-estado-de-mexico\/","url_meta":{"origin":38360,"position":3},"title":"ONG acusa que se viol\u00f3 derecho de consulta por Santa Luc\u00eda; alista demanda (Estado de M\u00e9xico)","author":"grieta","date":"16 octubre, 2019","format":false,"excerpt":"Emilio Fern\u00e1ndez \/ El Universal Considera que viol\u00f3 el derecho a la consulta de las comunidades originarias que no est\u00e1n de acuerdo con la construcci\u00f3n del aeropuerto Tec\u00e1mac.-El Frente de Pueblos Originarios en Defensa del Agua (FPODA) de Tec\u00e1mac y Zumpango demandar\u00e1 ante la Comisi\u00f3n Interamericana de Derechos Humanos (CIDH)\u2026","rel":"","context":"En &quot;CINTILLO&quot;","block_context":{"text":"CINTILLO","link":"http:\/\/www.grieta.org.mx\/index.php\/category\/cintillo\/"},"img":{"alt_text":"","src":"https:\/\/i0.wp.com\/www.grieta.org.mx\/wp-content\/uploads\/2019\/10\/ONG-acusa-que-se-viol%C3%B3-derecho-de-consulta-por-santa-luc%C3%ADa-alista-demanda-edomex-oct.jpg?resize=350%2C200","width":350,"height":200},"classes":[]},{"id":33716,"url":"http:\/\/www.grieta.org.mx\/index.php\/2019\/05\/20\/por-aeropuerto-de-santa-lucia-extorsionan-a-ejidatarios-estado-de-mexico\/","url_meta":{"origin":38360,"position":4},"title":"Por aeropuerto de Santa Luc\u00eda, extorsionan a ejidatarios (Estado de M\u00e9xico)","author":"grieta","date":"20 mayo, 2019","format":false,"excerpt":"El Universal Denuncian amenazas por ventas de sus tierras; aeropuerto devastar\u00e1 el ambiente, aseguran Tec\u00e1mac, M\u00e9x.\u2014 Residentes de los 12 pueblos originarios de Tec\u00e1mac que se oponen a la construcci\u00f3n del nuevo aeropuerto en la Base A\u00e9rea de Santa Luc\u00eda denunciaron que inmobiliarias y desarrolladores amenazan a los propietarios de\u2026","rel":"","context":"En &quot;CINTILLO&quot;","block_context":{"text":"CINTILLO","link":"http:\/\/www.grieta.org.mx\/index.php\/category\/cintillo\/"},"img":{"alt_text":"","src":"https:\/\/i0.wp.com\/www.grieta.org.mx\/wp-content\/uploads\/2018\/03\/14524434_1106112876131411_958039263622046936_o.jpg?resize=350%2C200","width":350,"height":200,"srcset":"https:\/\/i0.wp.com\/www.grieta.org.mx\/wp-content\/uploads\/2018\/03\/14524434_1106112876131411_958039263622046936_o.jpg?resize=350%2C200 1x, https:\/\/i0.wp.com\/www.grieta.org.mx\/wp-content\/uploads\/2018\/03\/14524434_1106112876131411_958039263622046936_o.jpg?resize=525%2C300 1.5x, https:\/\/i0.wp.com\/www.grieta.org.mx\/wp-content\/uploads\/2018\/03\/14524434_1106112876131411_958039263622046936_o.jpg?resize=700%2C400 2x"},"classes":[]},{"id":38928,"url":"http:\/\/www.grieta.org.mx\/index.php\/2019\/08\/30\/santa-lucia-tren-maya-dos-bocas-son-impuestos-con-consultas-a-modo-acusan-pueblos-afectados\/","url_meta":{"origin":38360,"position":5},"title":"Santa Luc\u00eda, Tren Maya, Dos Bocas son impuestos con consultas a modo, acusan pueblos afectados","author":"grieta","date":"30 agosto, 2019","format":false,"excerpt":"Dulce Olvera\/Sin Embargo En el marco del Primer Informe de Gobierno del Presidente Andr\u00e9s Manuel L\u00f3pez Obrador, el Frente de Pueblos Originarios por la Defensa del Agua contra el Aeropuerto en Santa Luc\u00eda interpuso dos amparos contra el proyecto por violar su derecho al agua y a la consulta libre,\u2026","rel":"","context":"En &quot;Campeche&quot;","block_context":{"text":"Campeche","link":"http:\/\/www.grieta.org.mx\/index.php\/category\/noticias-nacionales\/campeche\/"},"img":{"alt_text":"","src":"https:\/\/i0.wp.com\/www.grieta.org.mx\/wp-content\/uploads\/2019\/09\/photo5134119763390343249.jpg?resize=350%2C200","width":350,"height":200,"srcset":"https:\/\/i0.wp.com\/www.grieta.org.mx\/wp-content\/uploads\/2019\/09\/photo5134119763390343249.jpg?resize=350%2C200 1x, https:\/\/i0.wp.com\/www.grieta.org.mx\/wp-content\/uploads\/2019\/09\/photo5134119763390343249.jpg?resize=525%2C300 1.5x, https:\/\/i0.wp.com\/www.grieta.org.mx\/wp-content\/uploads\/2019\/09\/photo5134119763390343249.jpg?resize=700%2C400 2x, https:\/\/i0.wp.com\/www.grieta.org.mx\/wp-content\/uploads\/2019\/09\/photo5134119763390343249.jpg?resize=1050%2C600 3x"},"classes":[]}],"_links":{"self":[{"href":"http:\/\/www.grieta.org.mx\/index.php\/wp-json\/wp\/v2\/posts\/38360","targetHints":{"allow":["GET"]}}],"collection":[{"href":"http:\/\/www.grieta.org.mx\/index.php\/wp-json\/wp\/v2\/posts"}],"about":[{"href":"http:\/\/www.grieta.org.mx\/index.php\/wp-json\/wp\/v2\/types\/post"}],"author":[{"embeddable":true,"href":"http:\/\/www.grieta.org.mx\/index.php\/wp-json\/wp\/v2\/users\/2"}],"replies":[{"embeddable":true,"href":"http:\/\/www.grieta.org.mx\/index.php\/wp-json\/wp\/v2\/comments?post=38360"}],"version-history":[{"count":1,"href":"http:\/\/www.grieta.org.mx\/index.php\/wp-json\/wp\/v2\/posts\/38360\/revisions"}],"predecessor-version":[{"id":38361,"href":"http:\/\/www.grieta.org.mx\/index.php\/wp-json\/wp\/v2\/posts\/38360\/revisions\/38361"}],"wp:featuredmedia":[{"embeddable":true,"href":"http:\/\/www.grieta.org.mx\/index.php\/wp-json\/wp\/v2\/media\/38329"}],"wp:attachment":[{"href":"http:\/\/www.grieta.org.mx\/index.php\/wp-json\/wp\/v2\/media?parent=38360"}],"wp:term":[{"taxonomy":"category","embeddable":true,"href":"http:\/\/www.grieta.org.mx\/index.php\/wp-json\/wp\/v2\/categories?post=38360"},{"taxonomy":"post_tag","embeddable":true,"href":"http:\/\/www.grieta.org.mx\/index.php\/wp-json\/wp\/v2\/tags?post=38360"}],"curies":[{"name":"wp","href":"https:\/\/api.w.org\/{rel}","templated":true}]}}