{"id":38355,"date":"2019-07-31T11:46:30","date_gmt":"2019-07-31T16:46:30","guid":{"rendered":"http:\/\/www.grieta.org.mx\/?p=38355"},"modified":"2019-08-27T11:54:28","modified_gmt":"2019-08-27T16:54:28","slug":"juez-ordena-frenar-proyecto-de-el-chato-lopez-en-san-miguelito-san-luis-potosi","status":"publish","type":"post","link":"http:\/\/www.grieta.org.mx\/index.php\/2019\/07\/31\/juez-ordena-frenar-proyecto-de-el-chato-lopez-en-san-miguelito-san-luis-potosi\/","title":{"rendered":"Juez ordena frenar proyecto de El Chato L\u00f3pez en San Miguelito (San Luis Potos\u00ed)"},"content":{"rendered":"<p><img loading=\"lazy\" decoding=\"async\" data-attachment-id=\"38356\" data-permalink=\"http:\/\/www.grieta.org.mx\/index.php\/2019\/07\/31\/juez-ordena-frenar-proyecto-de-el-chato-lopez-en-san-miguelito-san-luis-potosi\/chato-lopez-asamblea\/\" data-orig-file=\"http:\/\/www.grieta.org.mx\/wp-content\/uploads\/2019\/08\/CHATO-L\u00d3PEZ-ASAMBLEA.jpg\" data-orig-size=\"1140,570\" data-comments-opened=\"0\" data-image-meta=\"{&quot;aperture&quot;:&quot;0&quot;,&quot;credit&quot;:&quot;&quot;,&quot;camera&quot;:&quot;&quot;,&quot;caption&quot;:&quot;&quot;,&quot;created_timestamp&quot;:&quot;0&quot;,&quot;copyright&quot;:&quot;&quot;,&quot;focal_length&quot;:&quot;0&quot;,&quot;iso&quot;:&quot;0&quot;,&quot;shutter_speed&quot;:&quot;0&quot;,&quot;title&quot;:&quot;&quot;,&quot;orientation&quot;:&quot;0&quot;}\" data-image-title=\"CHATO-L\u00d3PEZ-ASAMBLEA\" data-image-description=\"\" data-image-caption=\"\" data-medium-file=\"http:\/\/www.grieta.org.mx\/wp-content\/uploads\/2019\/08\/CHATO-L\u00d3PEZ-ASAMBLEA-300x150.jpg\" data-large-file=\"http:\/\/www.grieta.org.mx\/wp-content\/uploads\/2019\/08\/CHATO-L\u00d3PEZ-ASAMBLEA-1024x512.jpg\" class=\"alignright wp-image-38356\" src=\"http:\/\/www.grieta.org.mx\/wp-content\/uploads\/2019\/08\/CHATO-L\u00d3PEZ-ASAMBLEA.jpg\" alt=\"\" width=\"800\" height=\"400\" srcset=\"http:\/\/www.grieta.org.mx\/wp-content\/uploads\/2019\/08\/CHATO-L\u00d3PEZ-ASAMBLEA.jpg 1140w, http:\/\/www.grieta.org.mx\/wp-content\/uploads\/2019\/08\/CHATO-L\u00d3PEZ-ASAMBLEA-300x150.jpg 300w, http:\/\/www.grieta.org.mx\/wp-content\/uploads\/2019\/08\/CHATO-L\u00d3PEZ-ASAMBLEA-768x384.jpg 768w, http:\/\/www.grieta.org.mx\/wp-content\/uploads\/2019\/08\/CHATO-L\u00d3PEZ-ASAMBLEA-1024x512.jpg 1024w, http:\/\/www.grieta.org.mx\/wp-content\/uploads\/2019\/08\/CHATO-L\u00d3PEZ-ASAMBLEA-1000x500.jpg 1000w\" sizes=\"auto, (max-width: 800px) 100vw, 800px\" \/><\/p>\n<p>Roberto Rocha \/ La Orquesta<\/p>\n<p><strong>La asamblea comunal realizada el 21 de julio viol\u00f3 la suspensi\u00f3n legal; Xavier Nava, la empresa y otras autoridades deber\u00e1n informar sobre los temas abordados en la reuni\u00f3n a un juez federal<\/strong><\/p>\n<p>Mediante un amparo, los comuneros de San Juan de Guadalupe contrarios a la asociaci\u00f3n con la empresa Espacios en el Horizonte, consiguieron ayer que se frene el proyecto inmobiliario encabezado por el empresario Carlos \u201cEl Chato\u201d L\u00f3pez Medina.<\/p>\n<p>El comunero Juan Jos\u00e9 Garc\u00eda Granja hab\u00eda promovido desde el a\u00f1o pasado el juicio de amparo 1009\/2018. Cuando se cit\u00f3 a la asamblea comunal del pasado 21 de julio, en la que L\u00f3pez Medina logr\u00f3 asociarse con los comuneros de San Juan de Guadalupe, Garc\u00eda Granja abri\u00f3 un incidente de violaci\u00f3n a la suspensi\u00f3n de plano que hab\u00eda sido concedida el 11 de marzo de este a\u00f1o, en el que se establec\u00eda que \u201cno se ejecuten o se sigan ejecutando los actos que conlleven la privaci\u00f3n de derechos agrarios sobre las tierras de uso com\u00fan propiedad de la comunidad de San Juan de Guadalupe y sus anexos Tierra Blanca y San Miguelito, hasta en tanto se notifique a las autoridades la resoluci\u00f3n que decida el fondo del asunto\u201d, seg\u00fan consta en la p\u00e1gina web del Consejo de la Judicatura Federal.<\/p>\n<p><img loading=\"lazy\" decoding=\"async\" data-attachment-id=\"38358\" data-permalink=\"http:\/\/www.grieta.org.mx\/index.php\/2019\/07\/31\/juez-ordena-frenar-proyecto-de-el-chato-lopez-en-san-miguelito-san-luis-potosi\/subir_catarsis_no-se-ejecuten\/\" data-orig-file=\"http:\/\/www.grieta.org.mx\/wp-content\/uploads\/2019\/08\/SUBIR_CATARSIS_NO-SE-EJECUTEN.jpg\" data-orig-size=\"1366,127\" data-comments-opened=\"0\" data-image-meta=\"{&quot;aperture&quot;:&quot;0&quot;,&quot;credit&quot;:&quot;&quot;,&quot;camera&quot;:&quot;&quot;,&quot;caption&quot;:&quot;&quot;,&quot;created_timestamp&quot;:&quot;0&quot;,&quot;copyright&quot;:&quot;&quot;,&quot;focal_length&quot;:&quot;0&quot;,&quot;iso&quot;:&quot;0&quot;,&quot;shutter_speed&quot;:&quot;0&quot;,&quot;title&quot;:&quot;&quot;,&quot;orientation&quot;:&quot;0&quot;}\" data-image-title=\"SUBIR_CATARSIS_NO-SE-EJECUTEN\" data-image-description=\"\" data-image-caption=\"\" data-medium-file=\"http:\/\/www.grieta.org.mx\/wp-content\/uploads\/2019\/08\/SUBIR_CATARSIS_NO-SE-EJECUTEN-300x28.jpg\" data-large-file=\"http:\/\/www.grieta.org.mx\/wp-content\/uploads\/2019\/08\/SUBIR_CATARSIS_NO-SE-EJECUTEN-1024x95.jpg\" class=\"alignright wp-image-38358\" src=\"http:\/\/www.grieta.org.mx\/wp-content\/uploads\/2019\/08\/SUBIR_CATARSIS_NO-SE-EJECUTEN.jpg\" alt=\"\" width=\"800\" height=\"74\" srcset=\"http:\/\/www.grieta.org.mx\/wp-content\/uploads\/2019\/08\/SUBIR_CATARSIS_NO-SE-EJECUTEN.jpg 1366w, http:\/\/www.grieta.org.mx\/wp-content\/uploads\/2019\/08\/SUBIR_CATARSIS_NO-SE-EJECUTEN-300x28.jpg 300w, http:\/\/www.grieta.org.mx\/wp-content\/uploads\/2019\/08\/SUBIR_CATARSIS_NO-SE-EJECUTEN-768x71.jpg 768w, http:\/\/www.grieta.org.mx\/wp-content\/uploads\/2019\/08\/SUBIR_CATARSIS_NO-SE-EJECUTEN-1024x95.jpg 1024w\" sizes=\"auto, (max-width: 800px) 100vw, 800px\" \/><\/p>\n<p>Pese a la suspensi\u00f3n de plano, otorgada por el juez octavo de distrito en San Luis Potos\u00ed, el 21 de julio se realiz\u00f3 la asamblea comunal, en la que los asistentes aprobaron la asociaci\u00f3n en participaci\u00f3n de la comunidad de San Juan de Guadalupe con la empresa Espacios en el Horizonte, para el aprovechamiento de casi 2 mil 69 hect\u00e1reas.<\/p>\n<p>Debido a que la asamblea viol\u00f3 la suspensi\u00f3n, el mismo juez octavo de distrito orden\u00f3 ayer que un grupo de autoridades, entre las que se incluye al alcalde Xavier Nava Palacios, el comisariado de Bienes Comunales de San Juan de Guadalupe, entre otros; adem\u00e1s de la empresa Espacios en el Horizonte, expliquen en un periodo de 72 horas cu\u00e1l fue su participaci\u00f3n en la reuni\u00f3n del 21 de julio pasado.<\/p>\n<p>El alcalde Xavier Nava Palacios, a trav\u00e9s de la Direcci\u00f3n General de Seguridad P\u00fablica Municipal, deber\u00e1 rendir un informe respecto del operativo policiaco que se realiz\u00f3 el 21 de julio en el sal\u00f3n comunal de San Juan de Guadalupe, as\u00ed como las incidencias ocurridas en dicho operativo.<\/p>\n<p><img loading=\"lazy\" decoding=\"async\" data-attachment-id=\"38359\" data-permalink=\"http:\/\/www.grieta.org.mx\/index.php\/2019\/07\/31\/juez-ordena-frenar-proyecto-de-el-chato-lopez-en-san-miguelito-san-luis-potosi\/subir_catarsis_otra-resolucion\/\" data-orig-file=\"http:\/\/www.grieta.org.mx\/wp-content\/uploads\/2019\/08\/SUBIR_CATARSIS_OTRA-RESOLUCION.jpg\" data-orig-size=\"1366,568\" data-comments-opened=\"0\" data-image-meta=\"{&quot;aperture&quot;:&quot;0&quot;,&quot;credit&quot;:&quot;&quot;,&quot;camera&quot;:&quot;&quot;,&quot;caption&quot;:&quot;&quot;,&quot;created_timestamp&quot;:&quot;0&quot;,&quot;copyright&quot;:&quot;&quot;,&quot;focal_length&quot;:&quot;0&quot;,&quot;iso&quot;:&quot;0&quot;,&quot;shutter_speed&quot;:&quot;0&quot;,&quot;title&quot;:&quot;&quot;,&quot;orientation&quot;:&quot;0&quot;}\" data-image-title=\"SUBIR_CATARSIS_OTRA-RESOLUCION\" data-image-description=\"\" data-image-caption=\"\" data-medium-file=\"http:\/\/www.grieta.org.mx\/wp-content\/uploads\/2019\/08\/SUBIR_CATARSIS_OTRA-RESOLUCION-300x125.jpg\" data-large-file=\"http:\/\/www.grieta.org.mx\/wp-content\/uploads\/2019\/08\/SUBIR_CATARSIS_OTRA-RESOLUCION-1024x426.jpg\" class=\"alignright wp-image-38359\" src=\"http:\/\/www.grieta.org.mx\/wp-content\/uploads\/2019\/08\/SUBIR_CATARSIS_OTRA-RESOLUCION.jpg\" alt=\"\" width=\"800\" height=\"333\" srcset=\"http:\/\/www.grieta.org.mx\/wp-content\/uploads\/2019\/08\/SUBIR_CATARSIS_OTRA-RESOLUCION.jpg 1366w, http:\/\/www.grieta.org.mx\/wp-content\/uploads\/2019\/08\/SUBIR_CATARSIS_OTRA-RESOLUCION-300x125.jpg 300w, http:\/\/www.grieta.org.mx\/wp-content\/uploads\/2019\/08\/SUBIR_CATARSIS_OTRA-RESOLUCION-768x319.jpg 768w, http:\/\/www.grieta.org.mx\/wp-content\/uploads\/2019\/08\/SUBIR_CATARSIS_OTRA-RESOLUCION-1024x426.jpg 1024w, http:\/\/www.grieta.org.mx\/wp-content\/uploads\/2019\/08\/SUBIR_CATARSIS_OTRA-RESOLUCION-1202x500.jpg 1202w\" sizes=\"auto, (max-width: 800px) 100vw, 800px\" \/><\/p>\n<p>La empresa Espacios en el Horizonte deber\u00e1 manifestar su participaci\u00f3n en la asamblea general de comuneros que permiti\u00f3 la asociaci\u00f3n entre su propietario, Carlos \u201cEl Chato\u201d L\u00f3pez Medina y la comunidad de San Juan de Guadalupe. Una fuente consultada por La Orquesta aclar\u00f3 que la explicaci\u00f3n de la empresa inmobiliaria deber\u00e1 incluir tambi\u00e9n el pago de 27 mil pesos como contraprestaci\u00f3n a los comuneros que votaron en favor de la sociedad.<\/p>\n<p>El Comisariado de Bienes Comunales de San Juan de Guadalupe tendr\u00e1 que exhibir ante el juez octavo de distrito, las constancias de los oficios dirigidos a la Procuradur\u00eda Agraria, en los que se le solicit\u00f3 asistir a la asamblea del 21 de julio pasado.<\/p>\n<p>Adem\u00e1s, el Consejo de Vigilancia de la comunidad de San Juan de Guadalupe deber\u00e1 informar las incidencias ocurridas en esa asamblea y el acta de la misma.<\/p>\n<p>Los notarios p\u00fablicos Fernanda Gonz\u00e1lez Zorrilla y Huitzilihuitl Ortega P\u00e9rez, con n\u00fameros 11 y 36, respectivamente, as\u00ed como la Direcci\u00f3n del Notariado de San Luis Potos\u00ed, tendr\u00e1n que remitir al juez los documentos que acrediten los hechos ocurridos en la asamblea.<\/p>\n<p>El Registro Agrario Nacional y la Procuradur\u00eda Agraria, ambas en sus delegaciones de San Luis Potos\u00ed, as\u00ed como el Instituto Municipal de Planeaci\u00f3n, tambi\u00e9n deber\u00e1n rendir informes respecto a su participaci\u00f3n en la asamblea del 21 de julio.<\/p>\n<p>De acuerdo con Carlos Covarrubias Rend\u00f3n, asesor legal de los comuneros contrarios a la venta de la comunidad de San Juan de Guadalupe, esta resoluci\u00f3n del juez octavo de distrito convierte en \u201cnula de pleno derecho\u201d la asamblea del 21 de julio, pues se trata de \u201cuna simulaci\u00f3n\u201d, dijo.<\/p>\n<p>\u201cLa Sedatu, el Registro Agrario Nacional y la Procuradur\u00eda Agraria no van a validar nada, porque no estuvieron en la asamblea. No fueron invitados. El proyecto de Carlos L\u00f3pez Medina es un fraude y los t\u00edteres que logr\u00f3 en el comisariado van a derrumbarse al interior de la comunidad\u201d, se\u00f1al\u00f3 Covarrubias Rend\u00f3n.<\/p>\n<p><a href=\"https:\/\/laorquesta.mx\/juez-ordena-frenar-proyecto-de-el-chato-lopez-en-san-miguelito\/\">https:\/\/laorquesta.mx\/juez-ordena-frenar-proyecto-de-el-chato-lopez-en-san-miguelito\/<\/a><\/p>\n","protected":false},"excerpt":{"rendered":"<p>Roberto Rocha \/ La Orquesta La asamblea comunal realizada el 21 de julio viol\u00f3 la suspensi\u00f3n legal; Xavier Nava, la empresa y otras autoridades deber\u00e1n informar sobre los temas abordados &hellip; <a href=\"http:\/\/www.grieta.org.mx\/index.php\/2019\/07\/31\/juez-ordena-frenar-proyecto-de-el-chato-lopez-en-san-miguelito-san-luis-potosi\/\" class=\"more-link\">Leer m\u00e1s<\/a><\/p>\n","protected":false},"author":2,"featured_media":38356,"comment_status":"closed","ping_status":"closed","sticky":false,"template":"","format":"standard","meta":{"ngg_post_thumbnail":0,"_jetpack_newsletter_access":"","_jetpack_dont_email_post_to_subs":false,"_jetpack_newsletter_tier_id":0,"_jetpack_memberships_contains_paywalled_content":false,"_jetpack_memberships_contains_paid_content":false,"footnotes":""},"categories":[80,1608,2,29],"tags":[136,1210,845],"class_list":["post-38355","post","type-post","status-publish","format-standard","has-post-thumbnail","hentry","category-cintillo","category-conflictos-por-el-territorio-en-san-luis-potosi","category-noticias-nacionales","category-san-luis-potosi","tag-comuneros","tag-conflictos-por-desarrollos-inmobiliarios","tag-desarrollo-inmobiliario","entry"],"jetpack_featured_media_url":"http:\/\/www.grieta.org.mx\/wp-content\/uploads\/2019\/08\/CHATO-L\u00d3PEZ-ASAMBLEA.jpg","jetpack_sharing_enabled":true,"jetpack_shortlink":"https:\/\/wp.me\/p7ZJR4-9YD","jetpack_likes_enabled":false,"jetpack-related-posts":[{"id":37548,"url":"http:\/\/www.grieta.org.mx\/index.php\/2019\/08\/05\/filtran-presunto-contrato-que-el-chato-lopez-impondria-a-comuneros-san-luis-potosi\/","url_meta":{"origin":38355,"position":0},"title":"Filtran presunto contrato que el Chato L\u00f3pez impondr\u00eda a comuneros (San Luis Potos\u00ed)","author":"grieta","date":"5 agosto, 2019","format":false,"excerpt":"Juan Hern\u00e1ndez\/ Quadrat\u00edn SLP SAN LUIS POTOS\u00cd, SLP., 5 de agosto 2019.- Cerca de 13 mil pesos por hect\u00e1rea pretender\u00eda pagar el empresario Carlos L\u00f3pez Medina a los comuneros de San Juan de Guadalupe, quienes poseen las dos mil 68 hect\u00e1reas de terreno \u00fatil para un proyecto de desarrollo urbano\u2026","rel":"","context":"En &quot;CINTILLO&quot;","block_context":{"text":"CINTILLO","link":"http:\/\/www.grieta.org.mx\/index.php\/category\/cintillo\/"},"img":{"alt_text":"","src":"https:\/\/i0.wp.com\/www.grieta.org.mx\/wp-content\/uploads\/2019\/08\/WhatsApp-Image-2019-08-05-at-1.09.18-PM-1160x700.jpeg?resize=350%2C200","width":350,"height":200,"srcset":"https:\/\/i0.wp.com\/www.grieta.org.mx\/wp-content\/uploads\/2019\/08\/WhatsApp-Image-2019-08-05-at-1.09.18-PM-1160x700.jpeg?resize=350%2C200 1x, https:\/\/i0.wp.com\/www.grieta.org.mx\/wp-content\/uploads\/2019\/08\/WhatsApp-Image-2019-08-05-at-1.09.18-PM-1160x700.jpeg?resize=525%2C300 1.5x, https:\/\/i0.wp.com\/www.grieta.org.mx\/wp-content\/uploads\/2019\/08\/WhatsApp-Image-2019-08-05-at-1.09.18-PM-1160x700.jpeg?resize=700%2C400 2x, https:\/\/i0.wp.com\/www.grieta.org.mx\/wp-content\/uploads\/2019\/08\/WhatsApp-Image-2019-08-05-at-1.09.18-PM-1160x700.jpeg?resize=1050%2C600 3x"},"classes":[]},{"id":30565,"url":"http:\/\/www.grieta.org.mx\/index.php\/2019\/02\/27\/comuneros-denuncian-a-empresarios-por-supuesto-desalojo-de-tierras-san-luis-potosi\/","url_meta":{"origin":38355,"position":1},"title":"Comuneros denuncian a empresarios por supuesto desalojo de tierras (San Luis Potos\u00ed)","author":"grieta","date":"27 febrero, 2019","format":false,"excerpt":"Antena San Luis Hoy por la ma\u00f1ana se pod\u00eda leer en una p\u00e1gina de Facebook denominada \u201cComunidad de San Juan de Guadalupe en Resistencia\u201d una publicaci\u00f3n en la que denuncian que comuneros de Mexquitic fueron desalojados de su propia tierra, situaci\u00f3n que se\u00f1alaron no tolerar\u00e1n y defender\u00e1n \u201ccon la vida\u201d.\u2026","rel":"","context":"En &quot;CINTILLO&quot;","block_context":{"text":"CINTILLO","link":"http:\/\/www.grieta.org.mx\/index.php\/category\/cintillo\/"},"img":{"alt_text":"","src":"https:\/\/i0.wp.com\/www.grieta.org.mx\/wp-content\/uploads\/2019\/03\/Comuneros-denuncian-a-empresarios-por-supuesto-desalojo-de-tierras-slp-mzo.jpeg?resize=350%2C200","width":350,"height":200,"srcset":"https:\/\/i0.wp.com\/www.grieta.org.mx\/wp-content\/uploads\/2019\/03\/Comuneros-denuncian-a-empresarios-por-supuesto-desalojo-de-tierras-slp-mzo.jpeg?resize=350%2C200 1x, https:\/\/i0.wp.com\/www.grieta.org.mx\/wp-content\/uploads\/2019\/03\/Comuneros-denuncian-a-empresarios-por-supuesto-desalojo-de-tierras-slp-mzo.jpeg?resize=525%2C300 1.5x, https:\/\/i0.wp.com\/www.grieta.org.mx\/wp-content\/uploads\/2019\/03\/Comuneros-denuncian-a-empresarios-por-supuesto-desalojo-de-tierras-slp-mzo.jpeg?resize=700%2C400 2x"},"classes":[]},{"id":31666,"url":"http:\/\/www.grieta.org.mx\/index.php\/2019\/04\/02\/ayuntamiento-pretende-acelerar-el-cambio-de-uso-de-suelo-en-sjg-a-favor-de-una-empresa-fao-san-luis-potosi\/","url_meta":{"origin":38355,"position":2},"title":"Ayuntamiento pretende acelerar el cambio de uso de suelo en SJG a favor de una empresa: FAO (San Luis Potos\u00ed)","author":"grieta","date":"2 abril, 2019","format":false,"excerpt":"El Heraldo de San Luis Potos\u00ed Comuneros se preparan para enfrentar el intento de adecuar el Plan del Centro Estrat\u00e9gico de la Ciudad a los intereses de los grupos facciosos, advierte Carlos Covarrubias El Ayuntamiento de San Luis Potos\u00ed pretende acelerar el cambio de uso de suelo en la comunidad\u2026","rel":"","context":"En &quot;CINTILLO&quot;","block_context":{"text":"CINTILLO","link":"http:\/\/www.grieta.org.mx\/index.php\/category\/cintillo\/"},"img":{"alt_text":"","src":"https:\/\/i0.wp.com\/www.grieta.org.mx\/wp-content\/uploads\/2019\/04\/Ayuntamiento-pretende-acelerar-el-cambio-de-uso-de-suelo-en-SJG-a-favor-de-una-empresa-FAO-slp-abr-268x300.jpg?resize=350%2C200","width":350,"height":200},"classes":[]},{"id":37219,"url":"http:\/\/www.grieta.org.mx\/index.php\/2019\/07\/27\/levantan-25-mil-firmas-contra-la-venta-de-terrenos-en-la-sierra-san-luis-potosi\/","url_meta":{"origin":38355,"position":3},"title":"Levantan 25 mil firmas contra la venta de terrenos en la sierra  (San Luis Potos\u00ed)","author":"grieta","date":"27 julio, 2019","format":false,"excerpt":"Patricia Azuara \/ Quadrat\u00edn SLP SAN LUIS POTOS\u00cd, SLP., 27 de julio de 2019.- La recolecci\u00f3n de firmas para frenar la urbanizaci\u00f3n en la Sierra de San Miguelito contin\u00faa con m\u00e1s de 25 mil apoyos de potosinos, pese a que en la asamblea del pasado domingo, comuneros de San Juan\u2026","rel":"","context":"En &quot;CINTILLO&quot;","block_context":{"text":"CINTILLO","link":"http:\/\/www.grieta.org.mx\/index.php\/category\/cintillo\/"},"img":{"alt_text":"","src":"https:\/\/i0.wp.com\/www.grieta.org.mx\/wp-content\/uploads\/2019\/07\/COVARRUBIAS-REND%C3%93N-1160x700.jpeg?resize=350%2C200","width":350,"height":200,"srcset":"https:\/\/i0.wp.com\/www.grieta.org.mx\/wp-content\/uploads\/2019\/07\/COVARRUBIAS-REND%C3%93N-1160x700.jpeg?resize=350%2C200 1x, https:\/\/i0.wp.com\/www.grieta.org.mx\/wp-content\/uploads\/2019\/07\/COVARRUBIAS-REND%C3%93N-1160x700.jpeg?resize=525%2C300 1.5x, https:\/\/i0.wp.com\/www.grieta.org.mx\/wp-content\/uploads\/2019\/07\/COVARRUBIAS-REND%C3%93N-1160x700.jpeg?resize=700%2C400 2x, https:\/\/i0.wp.com\/www.grieta.org.mx\/wp-content\/uploads\/2019\/07\/COVARRUBIAS-REND%C3%93N-1160x700.jpeg?resize=1050%2C600 3x"},"classes":[]},{"id":35755,"url":"http:\/\/www.grieta.org.mx\/index.php\/2019\/07\/01\/comuneros-siembran-30-mil-arboles-en-sierra-de-san-miguelito-san-luis-potosi\/","url_meta":{"origin":38355,"position":4},"title":"Comuneros siembran 30 mil \u00e1rboles en Sierra de San Miguelito (San Luis Potos\u00ed)","author":"grieta","date":"1 julio, 2019","format":false,"excerpt":"Fotograf\u00eda: Quadrat\u00edn SLP Patricia Azuara \/ Quadrat\u00edn SLP SAN LUIS POTOSI, SLP., 1 de junio de 2019.- En los \u00faltimos cinco a\u00f1os, pobladores del ejido Guadalupe Victoria y su anexo La Cruz en el municipio de Mexquitic, sembraron 30 mil \u00e1rboles en la parte que les corresponde la Sierra de\u2026","rel":"","context":"En &quot;CINTILLO&quot;","block_context":{"text":"CINTILLO","link":"http:\/\/www.grieta.org.mx\/index.php\/category\/cintillo\/"},"img":{"alt_text":"","src":"https:\/\/i0.wp.com\/www.grieta.org.mx\/wp-content\/uploads\/2019\/07\/Comuneros-siembran-30-mil-%C3%A1rboles-en-Sierra-de-San-Miguelito-slp-jul.jpg?resize=350%2C200","width":350,"height":200,"srcset":"https:\/\/i0.wp.com\/www.grieta.org.mx\/wp-content\/uploads\/2019\/07\/Comuneros-siembran-30-mil-%C3%A1rboles-en-Sierra-de-San-Miguelito-slp-jul.jpg?resize=350%2C200 1x, https:\/\/i0.wp.com\/www.grieta.org.mx\/wp-content\/uploads\/2019\/07\/Comuneros-siembran-30-mil-%C3%A1rboles-en-Sierra-de-San-Miguelito-slp-jul.jpg?resize=525%2C300 1.5x, https:\/\/i0.wp.com\/www.grieta.org.mx\/wp-content\/uploads\/2019\/07\/Comuneros-siembran-30-mil-%C3%A1rboles-en-Sierra-de-San-Miguelito-slp-jul.jpg?resize=700%2C400 2x, https:\/\/i0.wp.com\/www.grieta.org.mx\/wp-content\/uploads\/2019\/07\/Comuneros-siembran-30-mil-%C3%A1rboles-en-Sierra-de-San-Miguelito-slp-jul.jpg?resize=1050%2C600 3x"},"classes":[]},{"id":33109,"url":"http:\/\/www.grieta.org.mx\/index.php\/2019\/05\/06\/en-noviembre-de-2018-se-realizo-en-la-pila-una-asamblea-para-legitimar-el-despojo-san-luis-potosi\/","url_meta":{"origin":38355,"position":5},"title":"En noviembre de 2018 se realiz\u00f3 en La Pila una asamblea para legitimar el despojo (San Luis Potos\u00ed)","author":"grieta","date":"6 mayo, 2019","format":false,"excerpt":"El Heraldo de San Luis Potos\u00ed Polic\u00edas por aire y tierra trataron de intimidar a ejidatarios, acusan. Adem\u00e1s de la Comunidad de San Juan de Guadalupe, del Ejido Escalerillas y de la Comunidad de San Jos\u00e9 de Buenavista, el Ejido La Pila es uno de los objetivos prioritarios para los\u2026","rel":"","context":"En &quot;CINTILLO&quot;","block_context":{"text":"CINTILLO","link":"http:\/\/www.grieta.org.mx\/index.php\/category\/cintillo\/"},"img":{"alt_text":"","src":"https:\/\/i0.wp.com\/www.grieta.org.mx\/wp-content\/uploads\/2019\/05\/En-noviembre-de-2018-se-realiz%C3%B3-en-La-Pila-una-asamblea-para-legitimar-el-despojo-slp-may.jpg?resize=350%2C200","width":350,"height":200},"classes":[]}],"_links":{"self":[{"href":"http:\/\/www.grieta.org.mx\/index.php\/wp-json\/wp\/v2\/posts\/38355","targetHints":{"allow":["GET"]}}],"collection":[{"href":"http:\/\/www.grieta.org.mx\/index.php\/wp-json\/wp\/v2\/posts"}],"about":[{"href":"http:\/\/www.grieta.org.mx\/index.php\/wp-json\/wp\/v2\/types\/post"}],"author":[{"embeddable":true,"href":"http:\/\/www.grieta.org.mx\/index.php\/wp-json\/wp\/v2\/users\/2"}],"replies":[{"embeddable":true,"href":"http:\/\/www.grieta.org.mx\/index.php\/wp-json\/wp\/v2\/comments?post=38355"}],"version-history":[{"count":1,"href":"http:\/\/www.grieta.org.mx\/index.php\/wp-json\/wp\/v2\/posts\/38355\/revisions"}],"predecessor-version":[{"id":38362,"href":"http:\/\/www.grieta.org.mx\/index.php\/wp-json\/wp\/v2\/posts\/38355\/revisions\/38362"}],"wp:featuredmedia":[{"embeddable":true,"href":"http:\/\/www.grieta.org.mx\/index.php\/wp-json\/wp\/v2\/media\/38356"}],"wp:attachment":[{"href":"http:\/\/www.grieta.org.mx\/index.php\/wp-json\/wp\/v2\/media?parent=38355"}],"wp:term":[{"taxonomy":"category","embeddable":true,"href":"http:\/\/www.grieta.org.mx\/index.php\/wp-json\/wp\/v2\/categories?post=38355"},{"taxonomy":"post_tag","embeddable":true,"href":"http:\/\/www.grieta.org.mx\/index.php\/wp-json\/wp\/v2\/tags?post=38355"}],"curies":[{"name":"wp","href":"https:\/\/api.w.org\/{rel}","templated":true}]}}