{"id":38349,"date":"2019-07-29T11:37:12","date_gmt":"2019-07-29T16:37:12","guid":{"rendered":"http:\/\/www.grieta.org.mx\/?p=38349"},"modified":"2019-08-27T11:44:45","modified_gmt":"2019-08-27T16:44:45","slug":"te-explicamos-el-paso-a-paso-de-la-trata-de-personas-veracruz","status":"publish","type":"post","link":"http:\/\/www.grieta.org.mx\/index.php\/2019\/07\/29\/te-explicamos-el-paso-a-paso-de-la-trata-de-personas-veracruz\/","title":{"rendered":"Te explicamos el paso a paso de la trata de personas (Veracruz)"},"content":{"rendered":"<p><img loading=\"lazy\" decoding=\"async\" data-attachment-id=\"38350\" data-permalink=\"http:\/\/www.grieta.org.mx\/index.php\/2019\/07\/29\/te-explicamos-el-paso-a-paso-de-la-trata-de-personas-veracruz\/portadatratalsr_2-focus-0-0-983-557\/\" data-orig-file=\"http:\/\/www.grieta.org.mx\/wp-content\/uploads\/2019\/08\/portadatratalsr_2-focus-0-0-983-557.jpg\" data-orig-size=\"983,557\" data-comments-opened=\"0\" data-image-meta=\"{&quot;aperture&quot;:&quot;0&quot;,&quot;credit&quot;:&quot;&quot;,&quot;camera&quot;:&quot;&quot;,&quot;caption&quot;:&quot;&quot;,&quot;created_timestamp&quot;:&quot;0&quot;,&quot;copyright&quot;:&quot;&quot;,&quot;focal_length&quot;:&quot;0&quot;,&quot;iso&quot;:&quot;0&quot;,&quot;shutter_speed&quot;:&quot;0&quot;,&quot;title&quot;:&quot;&quot;,&quot;orientation&quot;:&quot;0&quot;}\" data-image-title=\"portadatratalsr_2-focus-0-0-983-557\" data-image-description=\"\" data-image-caption=\"\" data-medium-file=\"http:\/\/www.grieta.org.mx\/wp-content\/uploads\/2019\/08\/portadatratalsr_2-focus-0-0-983-557-300x170.jpg\" data-large-file=\"http:\/\/www.grieta.org.mx\/wp-content\/uploads\/2019\/08\/portadatratalsr_2-focus-0-0-983-557.jpg\" class=\"alignright wp-image-38350\" src=\"http:\/\/www.grieta.org.mx\/wp-content\/uploads\/2019\/08\/portadatratalsr_2-focus-0-0-983-557.jpg\" alt=\"\" width=\"800\" height=\"453\" srcset=\"http:\/\/www.grieta.org.mx\/wp-content\/uploads\/2019\/08\/portadatratalsr_2-focus-0-0-983-557.jpg 983w, http:\/\/www.grieta.org.mx\/wp-content\/uploads\/2019\/08\/portadatratalsr_2-focus-0-0-983-557-300x170.jpg 300w, http:\/\/www.grieta.org.mx\/wp-content\/uploads\/2019\/08\/portadatratalsr_2-focus-0-0-983-557-768x435.jpg 768w, http:\/\/www.grieta.org.mx\/wp-content\/uploads\/2019\/08\/portadatratalsr_2-focus-0-0-983-557-882x500.jpg 882w\" sizes=\"auto, (max-width: 800px) 100vw, 800px\" \/><\/p>\n<p>Fernanda Torres \/ La Silla Rota<\/p>\n<p><strong>Durante este a\u00f1o a nivel nacional se calculan 110 casos de trata de personas, casi todos los casos operan de la misma forma<\/strong><\/p>\n<p>Veracruz, Ver.- La Fiscal\u00eda General del Estado reconoce que no existen datos contundentes que puedan dar un diagn\u00f3stico de la incidencia de trata de personas en el estado de Veracruz, debido a la falta de denuncia de la v\u00edctima.<\/p>\n<p>Sin embargo, grupos feministas advierten de la falta de protocolos que existen para que las autoridades den un correcto seguimiento a este delito, ya que el primer error ocurre cuando no se encuadra este tipo penal en casos que tienen que ver con desaparici\u00f3n o privaci\u00f3n de la libertad, pero que finalmente derivan en fines de trata.<\/p>\n<p>La trata de personas ocurre siempre que alguien usa para s\u00ed o le facilita a otra, una tercera persona por medio de violencia f\u00edsica o moral con fines de explotaci\u00f3n seg\u00fan la Comisi\u00f3n Nacional de los Derechos Humanos.<\/p>\n<p>Este il\u00edcito est\u00e1 tipificado en M\u00e9xico desde hace 10 a\u00f1os, pero fue cuatro a\u00f1os despu\u00e9s que la Ley se homolog\u00f3 al Protocolo de Palermo, un documento emitido por las Naciones Unidas en el 2000 para prevenir y sancionarla.<\/p>\n<p>&#8220;Estamos en pa\u00f1ales en nuestro pa\u00eds respecto a generar mecanismos y pol\u00edticas p\u00fablicas para prevenir la trata, a reserva de que la trata existe desde hace siglos&#8221;, mencion\u00f3 la fiscal Auxiliar de Investigaciones de Delitos contra la Familia, Mujeres, Ni\u00f1as, Ni\u00f1os y Trata de Personas, Liliana Barcelata.<\/p>\n<p>Por su parte, Belem Palmeros Exsome, activista miembro de la Red de Mujeres Feministas del estado de Veracruz, asever\u00f3 que las pol\u00edticas de prevenci\u00f3n y contra la violencia contra las mujeres, deben de ir homologadas con la perspectiva de g\u00e9nero, para garantizar que se abarquen todos los delitos de los que puede ser objeto una mujer por su condici\u00f3n.<\/p>\n<p>Durante este a\u00f1o a nivel nacional se calculan 110 casos de trata de personas, casi todos los casos operan de la misma forma: Captaci\u00f3n, enganche, traslado, alojamiento y explotaci\u00f3n son las etapas por las que pasa este delito y que te explicamos en La Silla Rota Veracruz.<\/p>\n<p><img loading=\"lazy\" decoding=\"async\" data-attachment-id=\"38352\" data-permalink=\"http:\/\/www.grieta.org.mx\/index.php\/2019\/07\/29\/te-explicamos-el-paso-a-paso-de-la-trata-de-personas-veracruz\/grafico\/\" data-orig-file=\"http:\/\/www.grieta.org.mx\/wp-content\/uploads\/2019\/08\/grafico.jpg\" data-orig-size=\"750,750\" data-comments-opened=\"0\" data-image-meta=\"{&quot;aperture&quot;:&quot;0&quot;,&quot;credit&quot;:&quot;&quot;,&quot;camera&quot;:&quot;&quot;,&quot;caption&quot;:&quot;&quot;,&quot;created_timestamp&quot;:&quot;0&quot;,&quot;copyright&quot;:&quot;&quot;,&quot;focal_length&quot;:&quot;0&quot;,&quot;iso&quot;:&quot;0&quot;,&quot;shutter_speed&quot;:&quot;0&quot;,&quot;title&quot;:&quot;&quot;,&quot;orientation&quot;:&quot;0&quot;}\" data-image-title=\"grafico\" data-image-description=\"\" data-image-caption=\"\" data-medium-file=\"http:\/\/www.grieta.org.mx\/wp-content\/uploads\/2019\/08\/grafico-300x300.jpg\" data-large-file=\"http:\/\/www.grieta.org.mx\/wp-content\/uploads\/2019\/08\/grafico.jpg\" class=\"alignright wp-image-38352 size-full\" src=\"http:\/\/www.grieta.org.mx\/wp-content\/uploads\/2019\/08\/grafico.jpg\" alt=\"\" width=\"750\" height=\"750\" srcset=\"http:\/\/www.grieta.org.mx\/wp-content\/uploads\/2019\/08\/grafico.jpg 750w, http:\/\/www.grieta.org.mx\/wp-content\/uploads\/2019\/08\/grafico-150x150.jpg 150w, http:\/\/www.grieta.org.mx\/wp-content\/uploads\/2019\/08\/grafico-300x300.jpg 300w, http:\/\/www.grieta.org.mx\/wp-content\/uploads\/2019\/08\/grafico-130x130.jpg 130w, http:\/\/www.grieta.org.mx\/wp-content\/uploads\/2019\/08\/grafico-500x500.jpg 500w\" sizes=\"auto, (max-width: 750px) 100vw, 750px\" \/><\/p>\n<p><strong>\u00bfEtapas del delito?<\/p>\n<p>Captaci\u00f3n:<\/strong><\/p>\n<p>Estas redes comienzan con la captaci\u00f3n donde los victimarios buscan factores de vulnerabilidad, como pueden serlo publicaciones en redes sociales referentes a falta de empleo, estados de \u00e1nimo o diversas situaciones personales.<\/p>\n<p><strong>Enganche<\/strong><\/p>\n<p>En esta etapa el victimario da propuestas para solucionar dicho factor a trav\u00e9s de lazos laborales o afectivos que los delincuentes logran entablar a trav\u00e9s de un tiempo considerable de interacci\u00f3n con la v\u00edctima.<\/p>\n<p><strong>Traslado:<\/strong><\/p>\n<p>Luego de esto, ocurre el traslado, donde la persona es alejada de sus redes de apoyo, como lo pueden ser, familiares o amigos o cualquier conocido.<\/p>\n<p><strong>Alojamiento:<\/strong><\/p>\n<p>Despu\u00e9s de que la v\u00edctima es transportada a un lugar lejano, viene el alojamiento, en dicha etapa, la persona ser\u00e1 sometida emocional y f\u00edsicamente hasta que se doblegue.<\/p>\n<p>Explotaci\u00f3n:<\/p>\n<p>Cuando se habla de explotaci\u00f3n, existen varios tipos:<\/p>\n<p>\u00b7 Servicios forzados<\/p>\n<p>Quien trabaja no recibe remuneraci\u00f3n sino quien lo &#8220;alquila&#8221;.<\/p>\n<p>\u00b7 Matrimonios forzados<\/p>\n<p>Ocurren no solo entre adultos sino con menores de edad y en su mayor\u00eda dentro de comunidades ind\u00edgenas.<\/p>\n<p>\u00b7 Mendicidad<\/p>\n<p>Donde ni\u00f1os y personas con discapacidad son obligados a pedir limosna.<\/p>\n<p>\u00b7 Experimentaci\u00f3n bioqu\u00edmica<\/p>\n<p>Consiste en realizar pr\u00e1cticas m\u00e9dicas en personas generalmente de edad avanzada y que muchas veces, les traer\u00e1 repercusiones a la salud, su modo de atraer a las personas es por medio de anuncios en peri\u00f3dicos.<\/p>\n<p>\u00b7 Sexual<\/p>\n<p>Es el \u00faltimo tipo de explotaci\u00f3n que a su vez se divide en masajes er\u00f3ticos, turismo sexual, bailes er\u00f3ticos, pornograf\u00eda, servicios de chat con contenido sexual y servicio de acompa\u00f1amiento.<\/p>\n<p>Se sabe que incluso, a la hora de ser sometidas a explotaci\u00f3n, los tratantes buscan agrupar a las v\u00edctimas a manera de que se comuniquen lo m\u00ednimo entre ellas, por ejemplo, separ\u00e1ndolas por idioma o dialecto.<\/p>\n<p><strong>Mitos sobre la trata de personas:<\/strong><\/p>\n<p>\u00b7 Las v\u00edctimas son exclusivamente mujeres<\/p>\n<p>Se sabe que el 25 por ciento de personas utilizadas para trata, son hombres y casi la mitad, menores de edad.<\/p>\n<p>\u00b7 Las v\u00edctimas por trata se encuentran encerradas o encadenadas<\/p>\n<p>Durante la etapa de alojamiento, las personas son sometidas psicol\u00f3gicamente para que se sientan atadas y as\u00ed, no tengan que encadenarlas f\u00edsicamente y sean m\u00e1s &#8220;productivas&#8221;.<\/p>\n<p>\u00b7 Todas las v\u00edctimas de trata son explotadas sexualmente<\/p>\n<p>Existen varios tipos de trata de personas con fines de explotaci\u00f3n<\/p>\n<p>\u00b7 Todos los tratantes son hombres<\/p>\n<p>Existen tratantes mujeres, en muchos casos, fueron v\u00edctimas que, como forma de supervivencia, pasaron a formar parte de la red.<\/p>\n<p>\u00b7 Las v\u00edctimas de trata son privadas de la libertad siempre con violencia<\/p>\n<p>Se han registrado casos donde la v\u00edctima acude por voluntad propia al primer lugar donde la privaran de su libertad debido a que existe un v\u00ednculo emocional o laboral entre la persona y el tratante.<\/p>\n<p>La trata de personas puede ser un delito oculto detr\u00e1s de otro, debido a que no existen protocolos que clarifiquen el car\u00e1cter del primer delito denunciado ante una desaparici\u00f3n como puede ser desaparici\u00f3n forzada.<\/p>\n<p>&#8220;Ese es el problema real que tiene el estado, que no se toman en serio los datos&#8221;, dijo la activista Belem Palmeros.<\/p>\n<p>La fiscal auxiliar mencion\u00f3 que la trata es un tema que en alg\u00fan momento se hizo a un lado por temor o desconocimiento, o quiz\u00e1 por no tener la preparaci\u00f3n de c\u00f3mo atender los casos, adem\u00e1s que no solo un delito sobre comercializaci\u00f3n humana sino un delito que agrede a los derechos humanos fundamentales.<\/p>\n<p><strong>Medidas para no ser v\u00edctimas de trata:<\/strong><\/p>\n<p>\u00b7 Verifica las ofertas laborales<\/p>\n<p>Muchos de los casos del delito de trata de personas han iniciado con una oferta de empleo con grandes beneficios en salario y prestaciones, por lo general, el trabajo es en una ciudad o pa\u00eds diferente al de la v\u00edctima.<\/p>\n<p>\u00b7 Usa correctamente Internet<\/p>\n<p>Cuidar los datos que publicas en las redes sociales, no aceptes invitaciones de amistad de desconocidos.<\/p>\n<p>\u00b7 Denuncia<\/p>\n<p>No tengas miedo de reportar situaciones que te parezcan fuera de lo com\u00fan. La denuncia es un paso fundamental para erradicar la trata de personas.<\/p>\n<p><a href=\"https:\/\/lasillarota.com\/estados\/te-explicamos-el-paso-a-paso-de-la-trata-de-personas-veracruz-redes-sociales\/303829\">https:\/\/lasillarota.com\/estados\/te-explicamos-el-paso-a-paso-de-la-trata-de-personas-veracruz-redes-sociales\/303829<\/a><\/p>\n","protected":false},"excerpt":{"rendered":"<p>Fernanda Torres \/ La Silla Rota Durante este a\u00f1o a nivel nacional se calculan 110 casos de trata de personas, casi todos los casos operan de la misma forma Veracruz, &hellip; <a href=\"http:\/\/www.grieta.org.mx\/index.php\/2019\/07\/29\/te-explicamos-el-paso-a-paso-de-la-trata-de-personas-veracruz\/\" class=\"more-link\">Leer m\u00e1s<\/a><\/p>\n","protected":false},"author":2,"featured_media":38350,"comment_status":"closed","ping_status":"closed","sticky":false,"template":"","format":"standard","meta":{"ngg_post_thumbnail":0,"_jetpack_newsletter_access":"","_jetpack_dont_email_post_to_subs":false,"_jetpack_newsletter_tier_id":0,"_jetpack_memberships_contains_paywalled_content":false,"_jetpack_memberships_contains_paid_content":false,"footnotes":""},"categories":[80,2,83,2828,35],"tags":[195,799,417],"class_list":["post-38349","post","type-post","status-publish","format-standard","has-post-thumbnail","hentry","category-cintillo","category-noticias-nacionales","category-temas-nacionales","category-trata-de-personas-en-veracruz","category-veracruz","tag-explotacion","tag-explotacion-sexual","tag-trata-de-personas","entry"],"jetpack_featured_media_url":"http:\/\/www.grieta.org.mx\/wp-content\/uploads\/2019\/08\/portadatratalsr_2-focus-0-0-983-557.jpg","jetpack_sharing_enabled":true,"jetpack_shortlink":"https:\/\/wp.me\/p7ZJR4-9Yx","jetpack_likes_enabled":false,"jetpack-related-posts":[{"id":44046,"url":"http:\/\/www.grieta.org.mx\/index.php\/2020\/01\/25\/%e2%80%8bdesaparicion-forzada-y-trata-de-mujeres-en-veracruz-la-realidad-que-nadie-quiere-ver\/","url_meta":{"origin":38349,"position":0},"title":"Desaparici\u00f3n forzada y trata de mujeres en Veracruz: la realidad que nadie quiere ver.","author":"grieta","date":"25 enero, 2020","format":false,"excerpt":"Myriam Lagunes Mar\u00edn \/ Presencia La trata de personas es un delito que consiste en el comercio de seres humanos, puede ser con fines de esclavitud laboral, experimentaci\u00f3n bioqu\u00edmica, mendicidad, tr\u00e1fico de \u00f3rganos, prostituci\u00f3n o cualquier otro tipo de trabajo forzado. Se estima que el 95% de las v\u00edctimas de\u2026","rel":"","context":"En &quot;CINTILLO&quot;","block_context":{"text":"CINTILLO","link":"http:\/\/www.grieta.org.mx\/index.php\/category\/cintillo\/"},"img":{"alt_text":"","src":"https:\/\/i0.wp.com\/www.grieta.org.mx\/wp-content\/uploads\/2020\/02\/%C3%ADndice.jpg?resize=350%2C200","width":350,"height":200,"srcset":"https:\/\/i0.wp.com\/www.grieta.org.mx\/wp-content\/uploads\/2020\/02\/%C3%ADndice.jpg?resize=350%2C200 1x, https:\/\/i0.wp.com\/www.grieta.org.mx\/wp-content\/uploads\/2020\/02\/%C3%ADndice.jpg?resize=525%2C300 1.5x, https:\/\/i0.wp.com\/www.grieta.org.mx\/wp-content\/uploads\/2020\/02\/%C3%ADndice.jpg?resize=700%2C400 2x"},"classes":[]},{"id":63470,"url":"http:\/\/www.grieta.org.mx\/index.php\/2022\/02\/18\/persiste-desaparicion-de-mujeres-en-zona-centro-de-veracruz-y-esta-relacionada-con-industria-de-trata-de-personas-acusa-colectivo\/","url_meta":{"origin":38349,"position":1},"title":"Persiste desaparici\u00f3n de mujeres en zona centro de Veracruz y est\u00e1 relacionada con industria de trata de personas, acusa colectivo","author":"grieta","date":"18 febrero, 2022","format":false,"excerpt":"Nora Gabriela Lira \/ Imagen de Veracruz La desaparici\u00f3n de mujeres, principalmente j\u00f3venes, persiste en la zona centro de Veracruz, lo que hace pensar en trata de personas, indic\u00f3 Araceli Salcedo Jim\u00e9nez, representante del Colectivo de Familiares de Desaparecidos en Orizaba-C\u00f3rdoba. Record\u00f3 que apenas el mi\u00e9rcoles hubo una marcha por\u2026","rel":"","context":"En &quot;CINTILLO&quot;","block_context":{"text":"CINTILLO","link":"http:\/\/www.grieta.org.mx\/index.php\/category\/cintillo\/"},"img":{"alt_text":"","src":"https:\/\/i0.wp.com\/www.grieta.org.mx\/wp-content\/uploads\/2022\/02\/e1797428-8f98-4c56-b8ee-a3308d21127f-focus-0-0-732-549.jpg?resize=350%2C200","width":350,"height":200,"srcset":"https:\/\/i0.wp.com\/www.grieta.org.mx\/wp-content\/uploads\/2022\/02\/e1797428-8f98-4c56-b8ee-a3308d21127f-focus-0-0-732-549.jpg?resize=350%2C200 1x, https:\/\/i0.wp.com\/www.grieta.org.mx\/wp-content\/uploads\/2022\/02\/e1797428-8f98-4c56-b8ee-a3308d21127f-focus-0-0-732-549.jpg?resize=525%2C300 1.5x, https:\/\/i0.wp.com\/www.grieta.org.mx\/wp-content\/uploads\/2022\/02\/e1797428-8f98-4c56-b8ee-a3308d21127f-focus-0-0-732-549.jpg?resize=700%2C400 2x"},"classes":[]},{"id":20947,"url":"http:\/\/www.grieta.org.mx\/index.php\/2016\/08\/26\/son-poblanos-la-mayoria-de-victimas-de-explotacion-sexual-o-laboral-en-eu\/","url_meta":{"origin":38349,"position":2},"title":"Son poblanos la mayor\u00eda de v\u00edctimas de explotaci\u00f3n sexual o laboral en EU","author":"grieta","date":"26 agosto, 2016","format":false,"excerpt":"Por Mar\u00eda Pineda Al menos el 41.1 por ciento de los 418 casos de trata de personas atendidos en Estados Unidos por la Direcci\u00f3n General de Protecci\u00f3n a Mexicanos en el Exterior (DGPME), de la Secretar\u00eda de Relaciones Exteriores, son originarios de Puebla report\u00f3 la Oficina de las Naciones Unidas\u2026","rel":"","context":"En &quot;CINTILLO&quot;","block_context":{"text":"CINTILLO","link":"http:\/\/www.grieta.org.mx\/index.php\/category\/cintillo\/"},"img":{"alt_text":"","src":"https:\/\/i0.wp.com\/www.grieta.org.mx\/wp-content\/uploads\/2016\/09\/trata-dee-personas-1.jpg?resize=350%2C200","width":350,"height":200,"srcset":"https:\/\/i0.wp.com\/www.grieta.org.mx\/wp-content\/uploads\/2016\/09\/trata-dee-personas-1.jpg?resize=350%2C200 1x, https:\/\/i0.wp.com\/www.grieta.org.mx\/wp-content\/uploads\/2016\/09\/trata-dee-personas-1.jpg?resize=525%2C300 1.5x"},"classes":[]},{"id":18666,"url":"http:\/\/www.grieta.org.mx\/index.php\/2016\/07\/30\/puebla-tercer-lugar-nacional-con-consignaciones-por-trata\/","url_meta":{"origin":38349,"position":3},"title":"Puebla tercer lugar nacional con consignaciones por trata","author":"grieta","date":"30 julio, 2016","format":false,"excerpt":"El estado de Puebla se ubica entre los tres primeros lugares a nivel nacional con m\u00e1s consignaciones por delito de trata de personas pues entre 2009 y 2011 acumul\u00f3 un total de 27, tan solo detr\u00e1s de Chiapas con 50 y la Ciudad de M\u00e9xico \u2013antes Distrito Federal- con 31,\u2026","rel":"","context":"En &quot;CINTILLO&quot;","block_context":{"text":"CINTILLO","link":"http:\/\/www.grieta.org.mx\/index.php\/category\/cintillo\/"},"img":{"alt_text":"","src":"https:\/\/i0.wp.com\/www.grieta.org.mx\/wp-content\/uploads\/2018\/03\/14524434_1106112876131411_958039263622046936_o.jpg?resize=350%2C200","width":350,"height":200,"srcset":"https:\/\/i0.wp.com\/www.grieta.org.mx\/wp-content\/uploads\/2018\/03\/14524434_1106112876131411_958039263622046936_o.jpg?resize=350%2C200 1x, https:\/\/i0.wp.com\/www.grieta.org.mx\/wp-content\/uploads\/2018\/03\/14524434_1106112876131411_958039263622046936_o.jpg?resize=525%2C300 1.5x, https:\/\/i0.wp.com\/www.grieta.org.mx\/wp-content\/uploads\/2018\/03\/14524434_1106112876131411_958039263622046936_o.jpg?resize=700%2C400 2x"},"classes":[]},{"id":18595,"url":"http:\/\/www.grieta.org.mx\/index.php\/2016\/07\/29\/presentan-rutas-de-tratantes-de-personas-en-mexico\/","url_meta":{"origin":38349,"position":4},"title":"Presentan rutas de tratantes de personas en M\u00e9xico","author":"grieta","date":"29 julio, 2016","format":false,"excerpt":"Por Eric Galindo CANC\u00daN, Q. Roo.- En M\u00e9xico existen cuatro rutas que operan tratantes de personas, en una de ellas est\u00e1 Canc\u00fan, junto con Campeche, Veracruz y Tamaulipas, la ubican como la segunda de la tabla, dijo Rosi Orozco, presidenta de la Comisi\u00f3n Unidos contra la Trata de Personas en\u2026","rel":"","context":"En &quot;CINTILLO&quot;","block_context":{"text":"CINTILLO","link":"http:\/\/www.grieta.org.mx\/index.php\/category\/cintillo\/"},"img":{"alt_text":"","src":"https:\/\/i0.wp.com\/www.grieta.org.mx\/wp-content\/uploads\/2016\/08\/w704.jpg?resize=350%2C200","width":350,"height":200,"srcset":"https:\/\/i0.wp.com\/www.grieta.org.mx\/wp-content\/uploads\/2016\/08\/w704.jpg?resize=350%2C200 1x, https:\/\/i0.wp.com\/www.grieta.org.mx\/wp-content\/uploads\/2016\/08\/w704.jpg?resize=525%2C300 1.5x, https:\/\/i0.wp.com\/www.grieta.org.mx\/wp-content\/uploads\/2016\/08\/w704.jpg?resize=700%2C400 2x"},"classes":[]},{"id":29539,"url":"http:\/\/www.grieta.org.mx\/index.php\/2019\/02\/24\/slp-podria-ser-lugar-de-origen-de-personas-en-situacion-de-trata-experta-san-luis-potosi\/","url_meta":{"origin":38349,"position":5},"title":"SLP podr\u00eda ser lugar de origen de personas en situaci\u00f3n de trata: Experta (San Luis Potos\u00ed)","author":"grieta","date":"24 febrero, 2019","format":false,"excerpt":"Roberto Mart\u00ednez \/ Global Media Se\u00f1al\u00f3 que en San Luis Potos\u00ed en 10 a\u00f1os, se han consignado solamente 3 casos de trata de personas La trata de personas ha sido un problema que no se le ha dado la importancia suficiente ni se ha logrado relacionar con la desaparici\u00f3n de\u2026","rel":"","context":"En &quot;CINTILLO&quot;","block_context":{"text":"CINTILLO","link":"http:\/\/www.grieta.org.mx\/index.php\/category\/cintillo\/"},"img":{"alt_text":"","src":"https:\/\/i0.wp.com\/www.grieta.org.mx\/wp-content\/uploads\/2019\/02\/SLP-podr%C3%ADa-ser-lugar-de-origen-de-personas-en-situaci%C3%B3n-de-trata-Experta-slp-feb.jpg?resize=350%2C200","width":350,"height":200,"srcset":"https:\/\/i0.wp.com\/www.grieta.org.mx\/wp-content\/uploads\/2019\/02\/SLP-podr%C3%ADa-ser-lugar-de-origen-de-personas-en-situaci%C3%B3n-de-trata-Experta-slp-feb.jpg?resize=350%2C200 1x, https:\/\/i0.wp.com\/www.grieta.org.mx\/wp-content\/uploads\/2019\/02\/SLP-podr%C3%ADa-ser-lugar-de-origen-de-personas-en-situaci%C3%B3n-de-trata-Experta-slp-feb.jpg?resize=525%2C300 1.5x"},"classes":[]}],"_links":{"self":[{"href":"http:\/\/www.grieta.org.mx\/index.php\/wp-json\/wp\/v2\/posts\/38349","targetHints":{"allow":["GET"]}}],"collection":[{"href":"http:\/\/www.grieta.org.mx\/index.php\/wp-json\/wp\/v2\/posts"}],"about":[{"href":"http:\/\/www.grieta.org.mx\/index.php\/wp-json\/wp\/v2\/types\/post"}],"author":[{"embeddable":true,"href":"http:\/\/www.grieta.org.mx\/index.php\/wp-json\/wp\/v2\/users\/2"}],"replies":[{"embeddable":true,"href":"http:\/\/www.grieta.org.mx\/index.php\/wp-json\/wp\/v2\/comments?post=38349"}],"version-history":[{"count":1,"href":"http:\/\/www.grieta.org.mx\/index.php\/wp-json\/wp\/v2\/posts\/38349\/revisions"}],"predecessor-version":[{"id":38354,"href":"http:\/\/www.grieta.org.mx\/index.php\/wp-json\/wp\/v2\/posts\/38349\/revisions\/38354"}],"wp:featuredmedia":[{"embeddable":true,"href":"http:\/\/www.grieta.org.mx\/index.php\/wp-json\/wp\/v2\/media\/38350"}],"wp:attachment":[{"href":"http:\/\/www.grieta.org.mx\/index.php\/wp-json\/wp\/v2\/media?parent=38349"}],"wp:term":[{"taxonomy":"category","embeddable":true,"href":"http:\/\/www.grieta.org.mx\/index.php\/wp-json\/wp\/v2\/categories?post=38349"},{"taxonomy":"post_tag","embeddable":true,"href":"http:\/\/www.grieta.org.mx\/index.php\/wp-json\/wp\/v2\/tags?post=38349"}],"curies":[{"name":"wp","href":"https:\/\/api.w.org\/{rel}","templated":true}]}}