{"id":38202,"date":"2019-08-13T18:16:57","date_gmt":"2019-08-13T23:16:57","guid":{"rendered":"http:\/\/www.grieta.org.mx\/?p=38202"},"modified":"2019-08-23T19:05:34","modified_gmt":"2019-08-24T00:05:34","slug":"me-dijeron-que-no-la-podian-atender-porque-estaba-dada-de-baja-en-el-seguro-sinaloa","status":"publish","type":"post","link":"http:\/\/www.grieta.org.mx\/index.php\/2019\/08\/13\/me-dijeron-que-no-la-podian-atender-porque-estaba-dada-de-baja-en-el-seguro-sinaloa\/","title":{"rendered":"\u201cMe dijeron que no la pod\u00edan atender porque estaba dada de baja en el Seguro\u201d (Sinaloa)"},"content":{"rendered":"<p><img loading=\"lazy\" decoding=\"async\" data-attachment-id=\"38203\" data-permalink=\"http:\/\/www.grieta.org.mx\/index.php\/2019\/08\/13\/me-dijeron-que-no-la-podian-atender-porque-estaba-dada-de-baja-en-el-seguro-sinaloa\/familiares_de_la_nixa_que_murio_por_negligencia_medica_del_imss_x21x_crop1565724553446-jpg_219914347\/\" data-orig-file=\"http:\/\/www.grieta.org.mx\/wp-content\/uploads\/2019\/08\/familiares_de_la_nixa_que_murio_por_negligencia_medica_del_imss_x21x_crop1565724553446.jpg_219914347.jpg\" data-orig-size=\"960,540\" data-comments-opened=\"0\" data-image-meta=\"{&quot;aperture&quot;:&quot;0&quot;,&quot;credit&quot;:&quot;&quot;,&quot;camera&quot;:&quot;&quot;,&quot;caption&quot;:&quot;&quot;,&quot;created_timestamp&quot;:&quot;0&quot;,&quot;copyright&quot;:&quot;&quot;,&quot;focal_length&quot;:&quot;0&quot;,&quot;iso&quot;:&quot;0&quot;,&quot;shutter_speed&quot;:&quot;0&quot;,&quot;title&quot;:&quot;&quot;,&quot;orientation&quot;:&quot;0&quot;}\" data-image-title=\"familiares_de_la_nixa_que_murio_por_negligencia_medica_del_imss_x21x_crop1565724553446.jpg_219914347\" data-image-description=\"\" data-image-caption=\"\" data-medium-file=\"http:\/\/www.grieta.org.mx\/wp-content\/uploads\/2019\/08\/familiares_de_la_nixa_que_murio_por_negligencia_medica_del_imss_x21x_crop1565724553446.jpg_219914347-300x169.jpg\" data-large-file=\"http:\/\/www.grieta.org.mx\/wp-content\/uploads\/2019\/08\/familiares_de_la_nixa_que_murio_por_negligencia_medica_del_imss_x21x_crop1565724553446.jpg_219914347.jpg\" class=\" wp-image-38203 aligncenter\" src=\"http:\/\/www.grieta.org.mx\/wp-content\/uploads\/2019\/08\/familiares_de_la_nixa_que_murio_por_negligencia_medica_del_imss_x21x_crop1565724553446.jpg_219914347.jpg\" alt=\"\" width=\"800\" height=\"450\" srcset=\"http:\/\/www.grieta.org.mx\/wp-content\/uploads\/2019\/08\/familiares_de_la_nixa_que_murio_por_negligencia_medica_del_imss_x21x_crop1565724553446.jpg_219914347.jpg 960w, http:\/\/www.grieta.org.mx\/wp-content\/uploads\/2019\/08\/familiares_de_la_nixa_que_murio_por_negligencia_medica_del_imss_x21x_crop1565724553446.jpg_219914347-300x169.jpg 300w, http:\/\/www.grieta.org.mx\/wp-content\/uploads\/2019\/08\/familiares_de_la_nixa_que_murio_por_negligencia_medica_del_imss_x21x_crop1565724553446.jpg_219914347-768x432.jpg 768w, http:\/\/www.grieta.org.mx\/wp-content\/uploads\/2019\/08\/familiares_de_la_nixa_que_murio_por_negligencia_medica_del_imss_x21x_crop1565724553446.jpg_219914347-889x500.jpg 889w\" sizes=\"auto, (max-width: 800px) 100vw, 800px\" \/><\/p>\n<p>Foto: El Debate<\/p>\n<p><em>La madre de la peque\u00f1a que muri\u00f3 deshidratada, a\u00fan no concibe que no la hayan ayudado<\/em><\/p>\n<p>Julissa F\u00e9lix \/ El Debate<\/p>\n<p><strong>Guasave, Sinaloa.-<\/strong>\u00a0Arely Cristina &#8216;N&#8217;, madre de la menor que muri\u00f3 por deshidrataci\u00f3n, azotada por el dolor, a metros de donde es velada su hija, se desahogaba entre sollozos, se lamentaba porque no pudo permanecer su ni\u00f1a en el IMSS para que la atendieran bien, pues dijo desconocer del problema por el que no la ayudaron como debe ser, ya que poco acostumbraba a ir.<\/p>\n<p>De acuerdo a lo que recuerda, lleg\u00f3 en la ma\u00f1ana a la cl\u00ednica 32 del IMSS, le suministraron medicamento a su hija para controlar el v\u00f3mito y le dijeron que no pod\u00edan seguir atendi\u00e9ndola porque estaba dada de baja.<\/p>\n<p>&#8220;Que no me la pod\u00edan atender porque estaba dada de baja y es que yo casi no los atend\u00eda en el Seguro\u201d, relat\u00f3.<\/p>\n<p>Comparti\u00f3 que entraron, la pasaron y le suministraron un medicamento, pero no le dieron el pase a piso y le explicaron que ten\u00eda que ir a archivo porque la menor estaba dada de baja.<\/p>\n<p>\u201cMe la pasaron y le dieron para el v\u00f3mito, la ni\u00f1a siempre tuvo mucho v\u00f3mito, y me la sacaron y me dijeron que ten\u00eda que ir a archivo, porque la ni\u00f1a estaba dada de baja, que porque result\u00f3 que ten\u00eda otro n\u00famero de afiliaci\u00f3n, pero ellos me la pod\u00edan atender\u201d, expresaba entre llanto la inconsolable madre.<\/p>\n<p>Ante la negativa sali\u00f3 con su hija sin saber la gravedad, sin imaginar que pod\u00eda tener un desenlace fatal, pero al no ver respuesta en el IMSS, mejor recurri\u00f3 con un m\u00e9dico particular por la calle Gabriel Leyva en la colonia Centro, donde le recetaron medicamento, y decidi\u00f3 regresar a su casa en la comunidad de El Varal.<\/p>\n<p>Ah\u00ed pasaron par de horas y al ver que empeoraba la situaci\u00f3n de la ni\u00f1a, la subi\u00f3 a su carro y en compa\u00f1\u00eda de sus dos hijos mayores se dirigieron a Guasave, llegaron a una cl\u00ednica particular que se ubica por la calle Col\u00f3n, donde esperaron el arribo de un m\u00e9dico, pero al llegar y hacer las revisiones generales le inform\u00f3 que la ni\u00f1a no presentaba signos vitales.<\/p>\n<p>Mi hija estaba muy malita y la llev\u00e9 con el doctor Pedrito para que me la consultara, pero la ni\u00f1a segu\u00eda igual, hasta que se me empez\u00f3 a poner moradita y en el hospital esper\u00e9 mucho rato al doctor, expres\u00f3 ahogada en llanto. No le pod\u00edan quitar el v\u00f3mito y la calentura y no le serv\u00eda ya el medicamento, enfatiz\u00f3.<\/p>\n<p>En el interior de la casa, sentada, Rosal\u00eda &#8220;N&#8221;, abuela de la infante, expresa con dolor su tristeza mientras acompa\u00f1a a Arely Cristina, quien abraza una cobijita de la peque\u00f1a en la que recuesta su cabeza para lementar la p\u00e9rdida, mientras que en el portal del lado derecho de la casa, est\u00e1 un ata\u00fad donde han colocado globos blancos y una rosa, sobre \u00e9l una arreglo floral y en las esquinas pompones y lirios blancos, y frente a ella sus t\u00edas, que est\u00e1n a\u00fan sin creer lo sucedido.<\/p>\n<p><a href=\"https:\/\/www.debate.com.mx\/guasave\/Me-dijeron-que-no-la-podian-atender-porque-estaba-dada-de-baja-en-el-Seguro-20190813-0160.html\">https:\/\/www.debate.com.mx\/guasave\/Me-dijeron-que-no-la-podian-atender-porque-estaba-dada-de-baja-en-el-Seguro-20190813-0160.html<\/a><\/p>\n","protected":false},"excerpt":{"rendered":"<p>Foto: El Debate La madre de la peque\u00f1a que muri\u00f3 deshidratada, a\u00fan no concibe que no la hayan ayudado Julissa F\u00e9lix \/ El Debate Guasave, Sinaloa.-\u00a0Arely Cristina &#8216;N&#8217;, madre de &hellip; <a href=\"http:\/\/www.grieta.org.mx\/index.php\/2019\/08\/13\/me-dijeron-que-no-la-podian-atender-porque-estaba-dada-de-baja-en-el-seguro-sinaloa\/\" class=\"more-link\">Leer m\u00e1s<\/a><\/p>\n","protected":false},"author":2,"featured_media":38203,"comment_status":"closed","ping_status":"closed","sticky":false,"template":"","format":"standard","meta":{"ngg_post_thumbnail":0,"_jetpack_newsletter_access":"","_jetpack_dont_email_post_to_subs":false,"_jetpack_newsletter_tier_id":0,"_jetpack_memberships_contains_paywalled_content":false,"_jetpack_memberships_contains_paid_content":false,"footnotes":""},"categories":[80,918,2420,1827,2546,2,30,83],"tags":[2367,2587,166,2771],"class_list":["post-38202","post","type-post","status-publish","format-standard","has-post-thumbnail","hentry","category-cintillo","category-privatizacion-del-sector-salud","category-crisis-del-sector-salud-en-sinaloa","category-la-ninez-en-la-tormenta-capitalista","category-la-ninez-en-la-tormenta-en-sinaloa","category-noticias-nacionales","category-sinaloa","category-temas-nacionales","tag-crisis-en-el-sector-salud","tag-derecho-a-la-salud","tag-imss","tag-ninos-enfermos","entry"],"jetpack_featured_media_url":"http:\/\/www.grieta.org.mx\/wp-content\/uploads\/2019\/08\/familiares_de_la_nixa_que_murio_por_negligencia_medica_del_imss_x21x_crop1565724553446.jpg_219914347.jpg","jetpack_sharing_enabled":true,"jetpack_shortlink":"https:\/\/wp.me\/p7ZJR4-9Wa","jetpack_likes_enabled":false,"jetpack-related-posts":[{"id":35033,"url":"http:\/\/www.grieta.org.mx\/index.php\/2019\/06\/18\/exigen-a-amlo-no-quitar-hemodialisis-del-imss-sinaloa\/","url_meta":{"origin":38202,"position":0},"title":"Exigen a AMLO no quitar hemodi\u00e1lisis del IMSS (Sinaloa)","author":"grieta","date":"18 junio, 2019","format":false,"excerpt":"Derechohabientes del IMSS se manifiestan en las afueras del instituto para exigir que el presidente de la Rep\u00fablica, Andr\u00e9s Manuel L\u00f3pez Obrador, no les quite el recurso al \u00e1rea de la salud Blanca Regalado \/ El Debate Mazatl\u00e1n, Sinaloa.- Concepci\u00f3n Becerra, llorando le exige al presidente la rep\u00fablica, Andr\u00e9s Manuel\u2026","rel":"","context":"En &quot;CINTILLO&quot;","block_context":{"text":"CINTILLO","link":"http:\/\/www.grieta.org.mx\/index.php\/category\/cintillo\/"},"img":{"alt_text":"","src":"https:\/\/i0.wp.com\/www.grieta.org.mx\/wp-content\/uploads\/2019\/06\/f1d24030-3ef8-49f3-877e-2e0ec974bfe0_crop1560876923444.jpg_1727466156.jpg?resize=350%2C200","width":350,"height":200,"srcset":"https:\/\/i0.wp.com\/www.grieta.org.mx\/wp-content\/uploads\/2019\/06\/f1d24030-3ef8-49f3-877e-2e0ec974bfe0_crop1560876923444.jpg_1727466156.jpg?resize=350%2C200 1x, https:\/\/i0.wp.com\/www.grieta.org.mx\/wp-content\/uploads\/2019\/06\/f1d24030-3ef8-49f3-877e-2e0ec974bfe0_crop1560876923444.jpg_1727466156.jpg?resize=525%2C300 1.5x, https:\/\/i0.wp.com\/www.grieta.org.mx\/wp-content\/uploads\/2019\/06\/f1d24030-3ef8-49f3-877e-2e0ec974bfe0_crop1560876923444.jpg_1727466156.jpg?resize=700%2C400 2x"},"classes":[]},{"id":34715,"url":"http:\/\/www.grieta.org.mx\/index.php\/2019\/06\/11\/la-secretaria-de-salud-sin-vacunas-contra-el-sarampion-sinaloa\/","url_meta":{"origin":38202,"position":1},"title":"La Secretar\u00eda de Salud, sin vacunas contra el sarampi\u00f3n (Sinaloa)","author":"grieta","date":"11 junio, 2019","format":false,"excerpt":"El biol\u00f3gico que se aplica a ni\u00f1os de uno y seis a\u00f1os no se tiene desde finales de mayo Julissa F\u00e9lix \/ El Debate Guasave, Sinaloa.-\u00a0Desde finales de mayo de este a\u00f1o el personal de Enfermer\u00eda de la Secretar\u00eda de Salud dej\u00f3 de aplicar el biol\u00f3gico contra el sarampi\u00f3n porque\u2026","rel":"","context":"En &quot;CINTILLO&quot;","block_context":{"text":"CINTILLO","link":"http:\/\/www.grieta.org.mx\/index.php\/category\/cintillo\/"},"img":{"alt_text":"","src":"https:\/\/i0.wp.com\/www.grieta.org.mx\/wp-content\/uploads\/2019\/06\/la_secretarxa_de_saludx_sin_vacunas_contra_el_sarampixn_crop1560288334493.jpg_1727466156.jpg?resize=350%2C200","width":350,"height":200,"srcset":"https:\/\/i0.wp.com\/www.grieta.org.mx\/wp-content\/uploads\/2019\/06\/la_secretarxa_de_saludx_sin_vacunas_contra_el_sarampixn_crop1560288334493.jpg_1727466156.jpg?resize=350%2C200 1x, https:\/\/i0.wp.com\/www.grieta.org.mx\/wp-content\/uploads\/2019\/06\/la_secretarxa_de_saludx_sin_vacunas_contra_el_sarampixn_crop1560288334493.jpg_1727466156.jpg?resize=525%2C300 1.5x, https:\/\/i0.wp.com\/www.grieta.org.mx\/wp-content\/uploads\/2019\/06\/la_secretarxa_de_saludx_sin_vacunas_contra_el_sarampixn_crop1560288334493.jpg_1727466156.jpg?resize=700%2C400 2x"},"classes":[]},{"id":39084,"url":"http:\/\/www.grieta.org.mx\/index.php\/2019\/09\/06\/derechohabientes-reclaman-servicio-y-medicinas-en-imss-san-blas-sinaloa\/","url_meta":{"origin":38202,"position":2},"title":"Derechohabientes reclaman servicio y medicinas en IMSS San Blas (Sinaloa)","author":"grieta","date":"6 septiembre, 2019","format":false,"excerpt":"Foto: El Debate Los inconformes acudieron a las instalaciones de la cl\u00ednica para impedir cualquier actividad al personal m\u00e9dico y administrativo Mar\u00eda de Jes\u00fas Estrada \/ El Debate El Fuerte, Sinaloa.- Un grupo de derechohabientes de la cl\u00ednica del Instituto Mexicano del Seguro Social (IMSS) de la poblaci\u00f3n de San\u2026","rel":"","context":"En &quot;CINTILLO&quot;","block_context":{"text":"CINTILLO","link":"http:\/\/www.grieta.org.mx\/index.php\/category\/cintillo\/"},"img":{"alt_text":"","src":"https:\/\/i0.wp.com\/www.grieta.org.mx\/wp-content\/uploads\/2019\/09\/clina_imss_san_blas.jpg_219914347.jpg?resize=350%2C200","width":350,"height":200,"srcset":"https:\/\/i0.wp.com\/www.grieta.org.mx\/wp-content\/uploads\/2019\/09\/clina_imss_san_blas.jpg_219914347.jpg?resize=350%2C200 1x, https:\/\/i0.wp.com\/www.grieta.org.mx\/wp-content\/uploads\/2019\/09\/clina_imss_san_blas.jpg_219914347.jpg?resize=525%2C300 1.5x, https:\/\/i0.wp.com\/www.grieta.org.mx\/wp-content\/uploads\/2019\/09\/clina_imss_san_blas.jpg_219914347.jpg?resize=700%2C400 2x"},"classes":[]},{"id":35464,"url":"http:\/\/www.grieta.org.mx\/index.php\/2019\/06\/26\/el-imss-de-mazatlan-se-queda-ahora-sin-rayos-x-sinaloa\/","url_meta":{"origin":38202,"position":3},"title":"El IMSS de Mazatl\u00e1n se queda ahora sin rayos X (Sinaloa)","author":"grieta","date":"26 junio, 2019","format":false,"excerpt":"Foto: El Debate Personas de todas edades, que provienen hasta de zona rural, no pudieron realizarse los estudios Blanca Regalado \/ El Debate Mazatl\u00e1n, Sinaloa.- El equipo de rayos X del Hospital General de Zona (HGZ) 3, del Instituto Mexicano del Seguro Social (IMSS), se descompuso. Esta falla dej\u00f3 a\u2026","rel":"","context":"En &quot;CINTILLO&quot;","block_context":{"text":"CINTILLO","link":"http:\/\/www.grieta.org.mx\/index.php\/category\/cintillo\/"},"img":{"alt_text":"","src":"https:\/\/i0.wp.com\/www.grieta.org.mx\/wp-content\/uploads\/2019\/06\/sala_de_espera_imss_crop1561561952953.jpg_1727466156.jpg?resize=350%2C200","width":350,"height":200,"srcset":"https:\/\/i0.wp.com\/www.grieta.org.mx\/wp-content\/uploads\/2019\/06\/sala_de_espera_imss_crop1561561952953.jpg_1727466156.jpg?resize=350%2C200 1x, https:\/\/i0.wp.com\/www.grieta.org.mx\/wp-content\/uploads\/2019\/06\/sala_de_espera_imss_crop1561561952953.jpg_1727466156.jpg?resize=525%2C300 1.5x, https:\/\/i0.wp.com\/www.grieta.org.mx\/wp-content\/uploads\/2019\/06\/sala_de_espera_imss_crop1561561952953.jpg_1727466156.jpg?resize=700%2C400 2x"},"classes":[]},{"id":51223,"url":"http:\/\/www.grieta.org.mx\/index.php\/2020\/06\/25\/continuan-las-protestas-por-falta-de-quimioterapias-para-ninos-con-cancer-en-imss-de-sinaloa\/","url_meta":{"origin":38202,"position":4},"title":"Contin\u00faan las protestas por falta de quimioterapias para ni\u00f1os con c\u00e1ncer en IMSS de Sinaloa","author":"grieta","date":"25 junio, 2020","format":false,"excerpt":"Mar\u00eda Elizalde\/Debate Hace meses que no hay tratamientos completos de quimioterapia para lo ni\u00f1os y adolescentes que sufren de c\u00e1ncer y son tratados en el Hospital #1 del IMSS en Sinaloa. sta ma\u00f1ana padres de ni\u00f1os con c\u00e1ncer que son atendidos en el hospital regional n\u00famero 1 del IMSS estar\u00e1n\u2026","rel":"","context":"En &quot;CINTILLO&quot;","block_context":{"text":"CINTILLO","link":"http:\/\/www.grieta.org.mx\/index.php\/category\/cintillo\/"},"img":{"alt_text":"","src":"https:\/\/i0.wp.com\/www.grieta.org.mx\/wp-content\/uploads\/2020\/06\/Sinaloa-1.jpg?resize=350%2C200","width":350,"height":200,"srcset":"https:\/\/i0.wp.com\/www.grieta.org.mx\/wp-content\/uploads\/2020\/06\/Sinaloa-1.jpg?resize=350%2C200 1x, https:\/\/i0.wp.com\/www.grieta.org.mx\/wp-content\/uploads\/2020\/06\/Sinaloa-1.jpg?resize=525%2C300 1.5x, https:\/\/i0.wp.com\/www.grieta.org.mx\/wp-content\/uploads\/2020\/06\/Sinaloa-1.jpg?resize=700%2C400 2x"},"classes":[]},{"id":38164,"url":"http:\/\/www.grieta.org.mx\/index.php\/2019\/08\/20\/protestan-por-falta-de-especialista-en-la-clinica-1-del-imss-culiacan-sinaloa\/","url_meta":{"origin":38202,"position":5},"title":"Protestan por falta de especialista en la Cl\u00ednica 1 del IMSS Culiac\u00e1n (Sinaloa)","author":"grieta","date":"20 agosto, 2019","format":false,"excerpt":"Foto: Luis Gerardo Maga\u00f1a\/ El Debate Pacientes del especialista en reumatolog\u00eda protestaron luego de que este faltara el d\u00eda de hoy por enfermedad y que no les dieran respuesta Angelina Corral \/ El Debate Culiac\u00e1n, Sinaloa.- Derechohabientes del IMSS tronaron contra el director del Hospital Regional N\u00famero 1 (seguro viejo)\u2026","rel":"","context":"En &quot;CINTILLO&quot;","block_context":{"text":"CINTILLO","link":"http:\/\/www.grieta.org.mx\/index.php\/category\/cintillo\/"},"img":{"alt_text":"","src":"https:\/\/i0.wp.com\/www.grieta.org.mx\/wp-content\/uploads\/2019\/08\/protestan_por_falta_de_especialista_en_la_clxnica_1_del_imss_culiacxn_x3x.jpeg_219914347.jpeg?resize=350%2C200","width":350,"height":200,"srcset":"https:\/\/i0.wp.com\/www.grieta.org.mx\/wp-content\/uploads\/2019\/08\/protestan_por_falta_de_especialista_en_la_clxnica_1_del_imss_culiacxn_x3x.jpeg_219914347.jpeg?resize=350%2C200 1x, https:\/\/i0.wp.com\/www.grieta.org.mx\/wp-content\/uploads\/2019\/08\/protestan_por_falta_de_especialista_en_la_clxnica_1_del_imss_culiacxn_x3x.jpeg_219914347.jpeg?resize=525%2C300 1.5x, https:\/\/i0.wp.com\/www.grieta.org.mx\/wp-content\/uploads\/2019\/08\/protestan_por_falta_de_especialista_en_la_clxnica_1_del_imss_culiacxn_x3x.jpeg_219914347.jpeg?resize=700%2C400 2x"},"classes":[]}],"_links":{"self":[{"href":"http:\/\/www.grieta.org.mx\/index.php\/wp-json\/wp\/v2\/posts\/38202","targetHints":{"allow":["GET"]}}],"collection":[{"href":"http:\/\/www.grieta.org.mx\/index.php\/wp-json\/wp\/v2\/posts"}],"about":[{"href":"http:\/\/www.grieta.org.mx\/index.php\/wp-json\/wp\/v2\/types\/post"}],"author":[{"embeddable":true,"href":"http:\/\/www.grieta.org.mx\/index.php\/wp-json\/wp\/v2\/users\/2"}],"replies":[{"embeddable":true,"href":"http:\/\/www.grieta.org.mx\/index.php\/wp-json\/wp\/v2\/comments?post=38202"}],"version-history":[{"count":1,"href":"http:\/\/www.grieta.org.mx\/index.php\/wp-json\/wp\/v2\/posts\/38202\/revisions"}],"predecessor-version":[{"id":38208,"href":"http:\/\/www.grieta.org.mx\/index.php\/wp-json\/wp\/v2\/posts\/38202\/revisions\/38208"}],"wp:featuredmedia":[{"embeddable":true,"href":"http:\/\/www.grieta.org.mx\/index.php\/wp-json\/wp\/v2\/media\/38203"}],"wp:attachment":[{"href":"http:\/\/www.grieta.org.mx\/index.php\/wp-json\/wp\/v2\/media?parent=38202"}],"wp:term":[{"taxonomy":"category","embeddable":true,"href":"http:\/\/www.grieta.org.mx\/index.php\/wp-json\/wp\/v2\/categories?post=38202"},{"taxonomy":"post_tag","embeddable":true,"href":"http:\/\/www.grieta.org.mx\/index.php\/wp-json\/wp\/v2\/tags?post=38202"}],"curies":[{"name":"wp","href":"https:\/\/api.w.org\/{rel}","templated":true}]}}