{"id":382,"date":"2016-01-05T00:28:11","date_gmt":"2016-01-05T00:28:11","guid":{"rendered":"http:\/\/50.22.11.12\/~grietaor\/?p=382"},"modified":"2016-03-01T03:03:53","modified_gmt":"2016-03-01T03:03:53","slug":"se-oponen-venta-de-cerro-de-tezontlalli-para-mina-en-chipiltepec","status":"publish","type":"post","link":"http:\/\/www.grieta.org.mx\/index.php\/2016\/01\/05\/se-oponen-venta-de-cerro-de-tezontlalli-para-mina-en-chipiltepec\/","title":{"rendered":"Se oponen venta de cerro de Tezontlalli para mina en Chipiltepec"},"content":{"rendered":"<p>Chipiltepec. Pobladores de las inmediaciones del cerro Tezontlalli, denunciaron una venta il\u00edcita de la monta\u00f1a, para convertirla en una mina de extracci\u00f3n de la piedra denominada Tezontle.<\/p>\n<p>El cerro, parte de una reserva natural, se encuentra en la localidad de San Mateo Chipiltepec.<\/p>\n<p>A decir de los pobladores, el pasado 8 de noviembre de 2015 en la comunidad de San Mateo Chipiltepec, Acolman (que posee la mayor parte del cerro) se convoc\u00f3 a una asamblea de ejidatarios tocando el tema de la explotaci\u00f3n del Tezontlalli, en donde, con la participaci\u00f3n de 62 ejidatarios de m\u00e1s de 200, se firm\u00f3 un \u201ccontrato\u201d de cesi\u00f3n de derechos, sin la presencia de una autoridad que diera fe a \u00e9ste.<\/p>\n<p>De las 58 personas adheridas a este documento, algunos alegan haber sido enga\u00f1ados, ya que aseguran solo haber firmado la lista de asistencia, pero no est\u00e1n a favor de la mina. Es decir, no existe un documento legal que autorice la venta del Tezontlalli.<\/p>\n<p>Al enterarse de esta situaci\u00f3n y ante el inicio de la entrada de maquinaria al lugar, un grupo de habitantes de Chipiltepec conform\u00f3 el movimiento Salvemos Tezontlalli, el cual busca informar sobre esta situaci\u00f3n a trav\u00e9s de talleres, caminatas, recorridos, etc, as\u00ed como visibilizar los da\u00f1os potenciales de la apertura de una mina.<\/p>\n<p>A decir de los representantes del colectivo, se ha encontrado recientemente restos arqueol\u00f3gicos en el lugar, adem\u00e1s de demostrar la existencia del conejito de los volcanes, un mam\u00edfero tambi\u00e9n conocido como teporingo o zacatuche, una especie que se encuentra en peligro de extinci\u00f3n.<\/p>\n<p>Los vecinos asumen que los da\u00f1os ambientales de la apertura de una mina son \u201cIncuantificables, no solo se pone en riesgo a la flora y fauna del lugar, sino que se provocar\u00eda la reducci\u00f3n y poluci\u00f3n de los mantos acu\u00edferos, la alteraci\u00f3n del suelo, liberaci\u00f3n de sustancias toxicas y aumentos significativos en los niveles de contaminaci\u00f3n, entre muchos otras, adem\u00e1s de la degradaci\u00f3n ambiental, la actividad minera tambi\u00e9n implica riesgos en la salud p\u00fablica, seguridad, vialidades, entre otros impactos negativos que afectar\u00edan la calidad de vida de los habitantes de la zona.<\/p>\n<p>\u201cNos pronunciamos a favor del desarrollo sustentable en el Tezontlalli, con proyectos ecotur\u00edsticos, etnoturisticos y agroturisticos, as\u00ed como iniciativas laborales y educativas que no ponen en riesgo la integridad del lugar\u201d, dijeron<\/p>\n<p><a href=\"http:\/\/www.teotihuacanenlineadiario.com\/2016\/01\/se-oponen-venta-de-cerro-de-tezontlalli.html\" target=\"_blank\">www.teotihuacanenlineadiario.com\/2016\/01\/se-oponen-venta-de-cerro-de-tezontlalli.html<\/a><\/p>\n","protected":false},"excerpt":{"rendered":"<p>Chipiltepec. Pobladores de las inmediaciones del cerro Tezontlalli, denunciaron una venta il\u00edcita de la monta\u00f1a, para convertirla en una mina de extracci\u00f3n de la piedra denominada Tezontle. El cerro, parte &hellip; <a href=\"http:\/\/www.grieta.org.mx\/index.php\/2016\/01\/05\/se-oponen-venta-de-cerro-de-tezontlalli-para-mina-en-chipiltepec\/\" class=\"more-link\">Leer m\u00e1s<\/a><\/p>\n","protected":false},"author":2,"featured_media":21928,"comment_status":"closed","ping_status":"open","sticky":false,"template":"","format":"standard","meta":{"ngg_post_thumbnail":0,"_jetpack_newsletter_access":"","_jetpack_dont_email_post_to_subs":false,"_jetpack_newsletter_tier_id":0,"_jetpack_memberships_contains_paywalled_content":false,"_jetpack_memberships_contains_paid_content":false,"footnotes":""},"categories":[80],"tags":[92,109],"class_list":["post-382","post","type-post","status-publish","format-standard","has-post-thumbnail","hentry","category-cintillo","tag-estado-de-mexico","tag-mineria","entry"],"jetpack_featured_media_url":"http:\/\/www.grieta.org.mx\/wp-content\/uploads\/2018\/03\/14524434_1106112876131411_958039263622046936_o.jpg","jetpack_sharing_enabled":true,"jetpack_shortlink":"https:\/\/wp.me\/p7ZJR4-6a","jetpack_likes_enabled":false,"jetpack-related-posts":[{"id":385,"url":"http:\/\/www.grieta.org.mx\/index.php\/2016\/02\/25\/en-chipiltepec-se-oponen-a-venta-de-cerro-para-la-extraccion-de-tezontle\/","url_meta":{"origin":382,"position":0},"title":"En Chipiltepec se oponen a venta de cerro para la extracci\u00f3n de tezontle","author":"grieta","date":"25 febrero, 2016","format":false,"excerpt":"25\/02\/16. San Mateo Chipiltepec, un pueblo en defensa de su reserva ecol\u00f3gicaProyecto Diez 11\/01\/16. \u00bfSabes qu\u00e9 pasa con el cerro Tezontlalli, en Chipiltepec, Edomex? (video)Supremo TV 10\/01\/16. Empresa ERMHER pretende destruir el cerro del TezontlaleFrecuencia Laboral 05\/01\/16. Se oponen venta de cerro de Tezontlalli para mina en ChipiltepecTeotihuac\u00e1n en L\u00ednea","rel":"","context":"En &quot;Estado de M\u00e9xico&quot;","block_context":{"text":"Estado de M\u00e9xico","link":"http:\/\/www.grieta.org.mx\/index.php\/category\/noticias-nacionales\/estado-de-mexico\/"},"img":{"alt_text":"","src":"https:\/\/i0.wp.com\/www.grieta.org.mx\/wp-content\/uploads\/2018\/03\/14524434_1106112876131411_958039263622046936_o.jpg?resize=350%2C200","width":350,"height":200,"srcset":"https:\/\/i0.wp.com\/www.grieta.org.mx\/wp-content\/uploads\/2018\/03\/14524434_1106112876131411_958039263622046936_o.jpg?resize=350%2C200 1x, https:\/\/i0.wp.com\/www.grieta.org.mx\/wp-content\/uploads\/2018\/03\/14524434_1106112876131411_958039263622046936_o.jpg?resize=525%2C300 1.5x, https:\/\/i0.wp.com\/www.grieta.org.mx\/wp-content\/uploads\/2018\/03\/14524434_1106112876131411_958039263622046936_o.jpg?resize=700%2C400 2x"},"classes":[]},{"id":373,"url":"http:\/\/www.grieta.org.mx\/index.php\/2016\/01\/11\/sabes-que-pasa-con-el-cerro-tezontlalli-en-chipiltepec-edomex-video\/","url_meta":{"origin":382,"position":1},"title":"\u00bfSabes qu\u00e9 pasa con el cerro Tezontlalli, en Chipiltepec, Edomex? (video)","author":"grieta","date":"11 enero, 2016","format":false,"excerpt":"La semana pasada, el equipo de SUPREMO TV visit\u00f3 el poblado de Chipiltepec, para conocer qu\u00e9 sucede con el cerro Tezontlalli, pues de acuerdo con los habitantes del municipio, este ser\u00e1 vendido para la construcci\u00f3n de una mina. Conoce de cerca el movimiento #SalvemosTezontlalli y cu\u00e1les son sus objetivos. https:\/\/www.youtube.com\/watch?v=P3BxAvEBaIQ","rel":"","context":"En &quot;CINTILLO&quot;","block_context":{"text":"CINTILLO","link":"http:\/\/www.grieta.org.mx\/index.php\/category\/cintillo\/"},"img":{"alt_text":"","src":"https:\/\/i0.wp.com\/www.grieta.org.mx\/wp-content\/uploads\/2018\/03\/14524434_1106112876131411_958039263622046936_o.jpg?resize=350%2C200","width":350,"height":200,"srcset":"https:\/\/i0.wp.com\/www.grieta.org.mx\/wp-content\/uploads\/2018\/03\/14524434_1106112876131411_958039263622046936_o.jpg?resize=350%2C200 1x, https:\/\/i0.wp.com\/www.grieta.org.mx\/wp-content\/uploads\/2018\/03\/14524434_1106112876131411_958039263622046936_o.jpg?resize=525%2C300 1.5x, https:\/\/i0.wp.com\/www.grieta.org.mx\/wp-content\/uploads\/2018\/03\/14524434_1106112876131411_958039263622046936_o.jpg?resize=700%2C400 2x"},"classes":[]},{"id":370,"url":"http:\/\/www.grieta.org.mx\/index.php\/2016\/02\/25\/san-mateo-chipiltepec-un-pueblo-en-defensa-de-su-reserva-ecologica\/","url_meta":{"origin":382,"position":2},"title":"San Mateo Chipiltepec, un pueblo en defensa de su reserva ecol\u00f3gica","author":"grieta","date":"25 febrero, 2016","format":false,"excerpt":"Por: Claudia Franco Angulo 25 de febrero 2016.- Son muchos los ejemplos de las poblaciones que han tenido que unirse para salir a la defensa de su territorio o sus recursos naturales ante los intereses pol\u00edticos; el ejemplo m\u00e1s reciente es lo que pas\u00f3 en la localidad de Tajamar en\u2026","rel":"","context":"En &quot;CINTILLO&quot;","block_context":{"text":"CINTILLO","link":"http:\/\/www.grieta.org.mx\/index.php\/category\/cintillo\/"},"img":{"alt_text":"","src":"https:\/\/i0.wp.com\/www.grieta.org.mx\/wp-content\/uploads\/2018\/03\/14524434_1106112876131411_958039263622046936_o.jpg?resize=350%2C200","width":350,"height":200,"srcset":"https:\/\/i0.wp.com\/www.grieta.org.mx\/wp-content\/uploads\/2018\/03\/14524434_1106112876131411_958039263622046936_o.jpg?resize=350%2C200 1x, https:\/\/i0.wp.com\/www.grieta.org.mx\/wp-content\/uploads\/2018\/03\/14524434_1106112876131411_958039263622046936_o.jpg?resize=525%2C300 1.5x, https:\/\/i0.wp.com\/www.grieta.org.mx\/wp-content\/uploads\/2018\/03\/14524434_1106112876131411_958039263622046936_o.jpg?resize=700%2C400 2x"},"classes":[]},{"id":378,"url":"http:\/\/www.grieta.org.mx\/index.php\/2016\/01\/10\/empresa-ermher-pretende-destruir-el-cerro-del-tezontlale\/","url_meta":{"origin":382,"position":3},"title":"Empresa ERMHER pretende destruir el cerro del Tezontlale","author":"grieta","date":"10 enero, 2016","format":false,"excerpt":"El pueblo de Chipiltepec decidi\u00f3 establecer guardia a un costado de la antigua estaci\u00f3n de ferrocarril, para cuidar y resguardar la integridad del cerro de Tezontlale. \u2022 La empresa ERMHER CONSTRUCCIONES S.A. DE C.V. no ha presentado los permisos correspondientes. Gracias a esto se ha detenido en cierta medida la\u2026","rel":"","context":"En &quot;CINTILLO&quot;","block_context":{"text":"CINTILLO","link":"http:\/\/www.grieta.org.mx\/index.php\/category\/cintillo\/"},"img":{"alt_text":"","src":"https:\/\/i0.wp.com\/www.grieta.org.mx\/wp-content\/uploads\/2018\/03\/14524434_1106112876131411_958039263622046936_o.jpg?resize=350%2C200","width":350,"height":200,"srcset":"https:\/\/i0.wp.com\/www.grieta.org.mx\/wp-content\/uploads\/2018\/03\/14524434_1106112876131411_958039263622046936_o.jpg?resize=350%2C200 1x, https:\/\/i0.wp.com\/www.grieta.org.mx\/wp-content\/uploads\/2018\/03\/14524434_1106112876131411_958039263622046936_o.jpg?resize=525%2C300 1.5x, https:\/\/i0.wp.com\/www.grieta.org.mx\/wp-content\/uploads\/2018\/03\/14524434_1106112876131411_958039263622046936_o.jpg?resize=700%2C400 2x"},"classes":[]},{"id":63251,"url":"http:\/\/www.grieta.org.mx\/index.php\/2021\/09\/30\/detonaciones-de-mina-provocan-derrumbe-de-cerro-en-jiutepec-y-40-familias-se-quedan-sin-casa\/","url_meta":{"origin":382,"position":4},"title":"Detonaciones de mina provocan derrumbe de cerro en Jiutepec y 40 familias se quedan sin casa","author":"grieta","date":"30 septiembre, 2021","format":false,"excerpt":"Isabel Vega \/ La izquierda diario Los pobladores de la colonia Vista Hermosa en el municipio Jiutepec Morelos, reportaron desde el 19 de septiembre la formaci\u00f3n de tres grietas, mismas que fueron provocadas por las detonaciones de dinamita de la empresa Triturados no Met\u00e1licos Jiutepec. Adem\u00e1s las y los pobladores\u2026","rel":"","context":"En &quot;CINTILLO&quot;","block_context":{"text":"CINTILLO","link":"http:\/\/www.grieta.org.mx\/index.php\/category\/cintillo\/"},"img":{"alt_text":"","src":"https:\/\/i0.wp.com\/www.grieta.org.mx\/wp-content\/uploads\/2022\/01\/Screenshot-2022-01-31-at-10-37-04-Detonaciones-de-mina-provocan-derrumbe-de-cerro-en-Jiutepec-y-40-familias-se-quedan-sin-c....png?resize=350%2C200","width":350,"height":200,"srcset":"https:\/\/i0.wp.com\/www.grieta.org.mx\/wp-content\/uploads\/2022\/01\/Screenshot-2022-01-31-at-10-37-04-Detonaciones-de-mina-provocan-derrumbe-de-cerro-en-Jiutepec-y-40-familias-se-quedan-sin-c....png?resize=350%2C200 1x, https:\/\/i0.wp.com\/www.grieta.org.mx\/wp-content\/uploads\/2022\/01\/Screenshot-2022-01-31-at-10-37-04-Detonaciones-de-mina-provocan-derrumbe-de-cerro-en-Jiutepec-y-40-familias-se-quedan-sin-c....png?resize=525%2C300 1.5x, https:\/\/i0.wp.com\/www.grieta.org.mx\/wp-content\/uploads\/2022\/01\/Screenshot-2022-01-31-at-10-37-04-Detonaciones-de-mina-provocan-derrumbe-de-cerro-en-Jiutepec-y-40-familias-se-quedan-sin-c....png?resize=700%2C400 2x"},"classes":[]},{"id":18190,"url":"http:\/\/www.grieta.org.mx\/index.php\/2016\/07\/29\/ejidatarios-de-zacamulpa-denuncian-afectaciones-en-sus-viviendas-por-explosiones-en-una-mina\/","url_meta":{"origin":382,"position":5},"title":"Ejidatarios de Zacamulpa denuncian afectaciones en sus viviendas por explosiones en una mina","author":"grieta","date":"29 julio, 2016","format":false,"excerpt":"29\/07\/16. Vecinos y ejidatarios son v\u00edctimas de cuarteaduras en 60 viviendas por fuertes explosiones en un cerroLa Regi\u00f3n","rel":"","context":"En &quot;Hidalgo&quot;","block_context":{"text":"Hidalgo","link":"http:\/\/www.grieta.org.mx\/index.php\/category\/noticias-nacionales\/hidalgo\/"},"img":{"alt_text":"","src":"https:\/\/i0.wp.com\/www.grieta.org.mx\/wp-content\/uploads\/2018\/03\/14524434_1106112876131411_958039263622046936_o.jpg?resize=350%2C200","width":350,"height":200,"srcset":"https:\/\/i0.wp.com\/www.grieta.org.mx\/wp-content\/uploads\/2018\/03\/14524434_1106112876131411_958039263622046936_o.jpg?resize=350%2C200 1x, https:\/\/i0.wp.com\/www.grieta.org.mx\/wp-content\/uploads\/2018\/03\/14524434_1106112876131411_958039263622046936_o.jpg?resize=525%2C300 1.5x, https:\/\/i0.wp.com\/www.grieta.org.mx\/wp-content\/uploads\/2018\/03\/14524434_1106112876131411_958039263622046936_o.jpg?resize=700%2C400 2x"},"classes":[]}],"_links":{"self":[{"href":"http:\/\/www.grieta.org.mx\/index.php\/wp-json\/wp\/v2\/posts\/382","targetHints":{"allow":["GET"]}}],"collection":[{"href":"http:\/\/www.grieta.org.mx\/index.php\/wp-json\/wp\/v2\/posts"}],"about":[{"href":"http:\/\/www.grieta.org.mx\/index.php\/wp-json\/wp\/v2\/types\/post"}],"author":[{"embeddable":true,"href":"http:\/\/www.grieta.org.mx\/index.php\/wp-json\/wp\/v2\/users\/2"}],"replies":[{"embeddable":true,"href":"http:\/\/www.grieta.org.mx\/index.php\/wp-json\/wp\/v2\/comments?post=382"}],"version-history":[{"count":1,"href":"http:\/\/www.grieta.org.mx\/index.php\/wp-json\/wp\/v2\/posts\/382\/revisions"}],"predecessor-version":[{"id":383,"href":"http:\/\/www.grieta.org.mx\/index.php\/wp-json\/wp\/v2\/posts\/382\/revisions\/383"}],"wp:featuredmedia":[{"embeddable":true,"href":"http:\/\/www.grieta.org.mx\/index.php\/wp-json\/wp\/v2\/media\/21928"}],"wp:attachment":[{"href":"http:\/\/www.grieta.org.mx\/index.php\/wp-json\/wp\/v2\/media?parent=382"}],"wp:term":[{"taxonomy":"category","embeddable":true,"href":"http:\/\/www.grieta.org.mx\/index.php\/wp-json\/wp\/v2\/categories?post=382"},{"taxonomy":"post_tag","embeddable":true,"href":"http:\/\/www.grieta.org.mx\/index.php\/wp-json\/wp\/v2\/tags?post=382"}],"curies":[{"name":"wp","href":"https:\/\/api.w.org\/{rel}","templated":true}]}}