{"id":38091,"date":"2019-08-18T12:50:13","date_gmt":"2019-08-18T17:50:13","guid":{"rendered":"http:\/\/www.grieta.org.mx\/?p=38091"},"modified":"2019-08-20T13:59:43","modified_gmt":"2019-08-20T18:59:43","slug":"la-cndh-senala-al-ejercito-por-uso-excesivo-de-la-fuerza-en-abatimiento-de-seis-personas-en-2014","status":"publish","type":"post","link":"http:\/\/www.grieta.org.mx\/index.php\/2019\/08\/18\/la-cndh-senala-al-ejercito-por-uso-excesivo-de-la-fuerza-en-abatimiento-de-seis-personas-en-2014\/","title":{"rendered":"La CNDH se\u00f1ala al Ej\u00e9rcito por uso excesivo de la fuerza en abatimiento de seis personas en 2014"},"content":{"rendered":"<figure id=\"attachment_38092\" aria-describedby=\"caption-attachment-38092\" style=\"width: 1024px\" class=\"wp-caption alignleft\"><img loading=\"lazy\" decoding=\"async\" data-attachment-id=\"38092\" data-permalink=\"http:\/\/www.grieta.org.mx\/index.php\/2019\/08\/18\/la-cndh-senala-al-ejercito-por-uso-excesivo-de-la-fuerza-en-abatimiento-de-seis-personas-en-2014\/132037-1ef8fe6fea61344d6_pf-9148080110ope35bf-c\/\" data-orig-file=\"http:\/\/www.grieta.org.mx\/wp-content\/uploads\/2019\/08\/132037-1ef8fe6fea61344d6_pf-9148080110ope35bf-c.jpg\" data-orig-size=\"1200,797\" data-comments-opened=\"0\" data-image-meta=\"{&quot;aperture&quot;:&quot;0&quot;,&quot;credit&quot;:&quot;&quot;,&quot;camera&quot;:&quot;&quot;,&quot;caption&quot;:&quot;&quot;,&quot;created_timestamp&quot;:&quot;0&quot;,&quot;copyright&quot;:&quot;&quot;,&quot;focal_length&quot;:&quot;0&quot;,&quot;iso&quot;:&quot;0&quot;,&quot;shutter_speed&quot;:&quot;0&quot;,&quot;title&quot;:&quot;&quot;,&quot;orientation&quot;:&quot;0&quot;}\" data-image-title=\"132037-1ef8fe6fea61344d6_pf-9148080110ope35bf-c\" data-image-description=\"\" data-image-caption=\"&lt;p&gt;Elementos del Ej\u00e9rcito Foto: Benjamin Flores&lt;\/p&gt;\n\" data-medium-file=\"http:\/\/www.grieta.org.mx\/wp-content\/uploads\/2019\/08\/132037-1ef8fe6fea61344d6_pf-9148080110ope35bf-c-300x199.jpg\" data-large-file=\"http:\/\/www.grieta.org.mx\/wp-content\/uploads\/2019\/08\/132037-1ef8fe6fea61344d6_pf-9148080110ope35bf-c-1024x680.jpg\" src=\"http:\/\/www.grieta.org.mx\/wp-content\/uploads\/2019\/08\/132037-1ef8fe6fea61344d6_pf-9148080110ope35bf-c-1024x680.jpg\" alt=\"\" width=\"1024\" height=\"680\" class=\"size-large wp-image-38092\" srcset=\"http:\/\/www.grieta.org.mx\/wp-content\/uploads\/2019\/08\/132037-1ef8fe6fea61344d6_pf-9148080110ope35bf-c-1024x680.jpg 1024w, http:\/\/www.grieta.org.mx\/wp-content\/uploads\/2019\/08\/132037-1ef8fe6fea61344d6_pf-9148080110ope35bf-c-300x199.jpg 300w, http:\/\/www.grieta.org.mx\/wp-content\/uploads\/2019\/08\/132037-1ef8fe6fea61344d6_pf-9148080110ope35bf-c-768x510.jpg 768w, http:\/\/www.grieta.org.mx\/wp-content\/uploads\/2019\/08\/132037-1ef8fe6fea61344d6_pf-9148080110ope35bf-c-753x500.jpg 753w, http:\/\/www.grieta.org.mx\/wp-content\/uploads\/2019\/08\/132037-1ef8fe6fea61344d6_pf-9148080110ope35bf-c.jpg 1200w\" sizes=\"auto, (max-width: 1024px) 100vw, 1024px\" \/><figcaption id=\"caption-attachment-38092\" class=\"wp-caption-text\">Elementos del Ej\u00e9rcito Foto: Benjamin Flores<\/figcaption><\/figure>\n<p>Jos\u00e9 Ra\u00fal Linares\/Proceso<\/p>\n<p>CIUDAD DE M\u00c9XICO (proceso.com.mx).- La Comisi\u00f3n Nacional de Derechos Humanos (CNDH) emiti\u00f3 la recomendaci\u00f3n 22VG\/2019 en contra de la Secretar\u00eda de Defensa Nacional (Sedena), por el supuesto \u201cenfrentamiento\u201d en el que participaron elementos del 102\/o. Batall\u00f3n de Infanter\u00eda y civiles armados en el municipio de Luvianos, Estado de M\u00e9xico, durante los \u00faltimos d\u00edas de octubre del 2014.<\/p>\n<p>Los hechos ocurrieron cuatro meses despu\u00e9s de las ejecuciones extrajudiciales que cometi\u00f3 el Ej\u00e9rcito en una bodega de Tlatlaya.<\/p>\n<p>En la supuesta refriega murieron seis civiles, entre ellos, un menor de edad, aunque \u201cpruebas de qu\u00edmica forenses realizadas por la FGR (Fiscal\u00eda General de la Rep\u00fablica) a las seis armas que se encontraron pr\u00f3ximas a las v\u00edctimas, determinaron que no fueron disparadas\u201d.<\/p>\n<p>La recomendaci\u00f3n tambi\u00e9n estuvo dirigida al fiscal General de la Rep\u00fablica (FGR), Alejandro Gertz Manero as\u00ed como al Fiscal General de Justicia del Estado de M\u00e9xico, Alejandro Jaime G\u00f3mez S\u00e1nchez, por \u201cviolaciones a la legalidad, seguridad jur\u00eddica y a la procuraci\u00f3n de justicia en agravio de sus familiares\u201d.<\/p>\n<p>\u00c9stos \u2013dicho sea de paso\u2013 manifestaron que no han podido acceder a la informaci\u00f3n necesaria para poder investigar lo que sucedi\u00f3 en el \u201cenfrentamiento\u201d.<\/p>\n<p>A decir de autoridades mexiquenses, el 30 de octubre de 2014, una patrulla del Ej\u00e9rcito fue agredida por balazos por civiles armados que ten\u00edan instalado un campamento en dicho lugar. Al repeler la agresi\u00f3n, militares y los presuntos delincuentes iniciaron un fuego cruzado que se prolong\u00f3 por alrededor de 30 minutos.<\/p>\n<p>A dos a\u00f1os del suceso que estuvo relacionado con las ejecuciones extrajudiciales en el municipio de Tlatlaya, Estado de M\u00e9xico, la CNDH acredit\u00f3 diversos indicios que condujeron al organismo aut\u00f3nomo a \u201ccuestionar la legalidad,  necesidad y proporcionalidad en el uso de la fuerza letal de elementos militares\u201d.<\/p>\n<p>En el proceso de investigaci\u00f3n encontr\u00f3 otras irregularidades atribuibles al personal militar y de la Fiscal\u00eda Estatal,  toda vez que el agente del Ministerio P\u00fablico del fuero com\u00fan omiti\u00f3 ejercer sus funciones de investigar, a pesar de haber acudido al operativo, para evitar el deterioro o contaminaci\u00f3n de los indicios<\/p>\n<p>Dentro del pliego de irregularidades, la CNDH tambi\u00e9n se\u00f1al\u00f3 que \u201clos elementos militares no acreditaron que el empleo de la fuerza haya sido diferenciado y gradual para evitar da\u00f1os excesivos a las v\u00edctimas, quienes fallecieron a causa de heridas mortales en \u00f3rganos vitales e incluso algunas fueron por la espalda y no se encontraban frente a frente, lo que no corresponde con el supuesto enfrentamiento\u201d.<\/p>\n<p>Y tampoco \u201cse realiz\u00f3 uso diferenciado de la fuerza letal, puesto que personal militar refiri\u00f3 disparar sin identificar claramente el objetivo, aumentando el riesgo de herir a terceras personas\u201d, expuso la recomendaci\u00f3n.<\/p>\n<p>Con esta medida el secretario de la Defensa, el general Luis Crescencio Sandoval, deber\u00e1 de responder por las actuaciones del 102\/o. Batall\u00f3n de Infanter\u00eda, adscrito a la 22\u00aa Zona Militar, quien era comandada por el general de brigada Jos\u00e9 Ricardo B\u00e1rcena Rosiles.<\/p>\n<p><a href=\"https:\/\/www.proceso.com.mx\/596473\/la-cndh-senala-al-ejercito-por-uso-excesivo-de-la-fuerza-en-abatimiento-de-seis-personas-en-2014\" rel=\"noopener noreferrer\" target=\"_blank\">https:\/\/www.proceso.com.mx\/596473\/la-cndh-senala-al-ejercito-por-uso-excesivo-de-la-fuerza-en-abatimiento-de-seis-personas-en-2014<\/a><\/p>\n","protected":false},"excerpt":{"rendered":"<p>Jos\u00e9 Ra\u00fal Linares\/Proceso CIUDAD DE M\u00c9XICO (proceso.com.mx).- La Comisi\u00f3n Nacional de Derechos Humanos (CNDH) emiti\u00f3 la recomendaci\u00f3n 22VG\/2019 en contra de la Secretar\u00eda de Defensa Nacional (Sedena), por el supuesto &hellip; <a href=\"http:\/\/www.grieta.org.mx\/index.php\/2019\/08\/18\/la-cndh-senala-al-ejercito-por-uso-excesivo-de-la-fuerza-en-abatimiento-de-seis-personas-en-2014\/\" class=\"more-link\">Leer m\u00e1s<\/a><\/p>\n","protected":false},"author":2,"featured_media":38092,"comment_status":"closed","ping_status":"closed","sticky":false,"template":"","format":"standard","meta":{"ngg_post_thumbnail":0,"_jetpack_newsletter_access":"","_jetpack_dont_email_post_to_subs":false,"_jetpack_newsletter_tier_id":0,"_jetpack_memberships_contains_paywalled_content":false,"_jetpack_memberships_contains_paid_content":false,"footnotes":""},"categories":[2798,80,16,2],"tags":[199,2307,614],"class_list":["post-38091","post","type-post","status-publish","format-standard","has-post-thumbnail","hentry","category-abuso-policiaco-y-tortura-en-el-estado-de-mexico","category-cintillo","category-estado-de-mexico","category-noticias-nacionales","tag-abuso-policiaco","tag-abusos-de-militares","tag-militarizacion","entry"],"jetpack_featured_media_url":"http:\/\/www.grieta.org.mx\/wp-content\/uploads\/2019\/08\/132037-1ef8fe6fea61344d6_pf-9148080110ope35bf-c.jpg","jetpack_sharing_enabled":true,"jetpack_shortlink":"https:\/\/wp.me\/p7ZJR4-9Un","jetpack_likes_enabled":false,"jetpack-related-posts":[{"id":65258,"url":"http:\/\/www.grieta.org.mx\/index.php\/2022\/09\/13\/cndh-no-llevara-a-la-corte-pase-de-gn-al-ejercito-ya-no-hay-militarizacion-dice\/","url_meta":{"origin":38091,"position":0},"title":"CNDH no llevar\u00e1 a la Corte pase de GN al Ej\u00e9rcito; ya no hay militarizaci\u00f3n, dice","author":"grieta","date":"13 septiembre, 2022","format":false,"excerpt":"Redacci\u00f3n\/Aristegui Noticias 13 septiembre 2022 Derechos Humanos respalda los cambios aprobados en el Congreso de la Uni\u00f3n y publicados por el Presidente. La Comisi\u00f3n Nacional de los Derechos Humanos (CNDH) afirm\u00f3 que no presentar\u00e1 acci\u00f3n de inconstitucionalidad por las reformas que traspasan el control de la Guardia Nacional al Ej\u00e9rcito.\u2026","rel":"","context":"En &quot;CINTILLO&quot;","block_context":{"text":"CINTILLO","link":"http:\/\/www.grieta.org.mx\/index.php\/category\/cintillo\/"},"img":{"alt_text":"","src":"https:\/\/i0.wp.com\/www.grieta.org.mx\/wp-content\/uploads\/2022\/09\/ejercito-cndh-militarizacion-13092022.webp?resize=350%2C200","width":350,"height":200,"srcset":"https:\/\/i0.wp.com\/www.grieta.org.mx\/wp-content\/uploads\/2022\/09\/ejercito-cndh-militarizacion-13092022.webp?resize=350%2C200 1x, https:\/\/i0.wp.com\/www.grieta.org.mx\/wp-content\/uploads\/2022\/09\/ejercito-cndh-militarizacion-13092022.webp?resize=525%2C300 1.5x, https:\/\/i0.wp.com\/www.grieta.org.mx\/wp-content\/uploads\/2022\/09\/ejercito-cndh-militarizacion-13092022.webp?resize=700%2C400 2x, https:\/\/i0.wp.com\/www.grieta.org.mx\/wp-content\/uploads\/2022\/09\/ejercito-cndh-militarizacion-13092022.webp?resize=1050%2C600 3x"},"classes":[]},{"id":37061,"url":"http:\/\/www.grieta.org.mx\/index.php\/2019\/07\/25\/cndh-condena-amenazas-de-militares-en-albergues-de-migrantes-en-mexico\/","url_meta":{"origin":38091,"position":1},"title":"CNDH condena amenazas de militares en albergues de migrantes en M\u00e9xico","author":"grieta","date":"25 julio, 2019","format":false,"excerpt":"EFE La Comisi\u00f3n Nacional de los Derechos Humanos (CNDH) emiti\u00f3 este jueves medidas cautelares a fin de evitar violaciones a los derechos humanos tras algunas amenazas registradas en los albergues para migrantes ubicados en los estados mexicanos de Sonora y Coahuila por parte de fuerzas federales. En un comunicado, el\u2026","rel":"","context":"En &quot;CINTILLO&quot;","block_context":{"text":"CINTILLO","link":"http:\/\/www.grieta.org.mx\/index.php\/category\/cintillo\/"},"img":{"alt_text":"","src":"https:\/\/i0.wp.com\/www.grieta.org.mx\/wp-content\/uploads\/2018\/03\/14524434_1106112876131411_958039263622046936_o.jpg?resize=350%2C200","width":350,"height":200,"srcset":"https:\/\/i0.wp.com\/www.grieta.org.mx\/wp-content\/uploads\/2018\/03\/14524434_1106112876131411_958039263622046936_o.jpg?resize=350%2C200 1x, https:\/\/i0.wp.com\/www.grieta.org.mx\/wp-content\/uploads\/2018\/03\/14524434_1106112876131411_958039263622046936_o.jpg?resize=525%2C300 1.5x, https:\/\/i0.wp.com\/www.grieta.org.mx\/wp-content\/uploads\/2018\/03\/14524434_1106112876131411_958039263622046936_o.jpg?resize=700%2C400 2x"},"classes":[]},{"id":48749,"url":"http:\/\/www.grieta.org.mx\/index.php\/2020\/05\/04\/fuerza-publica-usada-contra-la-poblacion-de-tlalnepantla-estado-de-mexico\/","url_meta":{"origin":38091,"position":2},"title":"Fuerza p\u00fablica usada contra la Poblaci\u00f3n de Tlalnepantla. (Estado de M\u00e9xico)","author":"grieta","date":"4 mayo, 2020","format":false,"excerpt":"Vecinos de Atizap\u00e1n Elementos de la polic\u00eda municipal y estatal as\u00ed como de la Guardia Nacional retiran con violencia a los vendedores a quienes incluso, les decomisan sus productos o se los dejan inservibles El gobierno municipal de Tlalnepantla, Estado de M\u00e9xico, encabezado por Raciel P\u00e9rez, orden\u00f3 retirar, mediante el\u2026","rel":"","context":"En &quot;Abuso policiaco y tortura en el Estado de M\u00e9xico&quot;","block_context":{"text":"Abuso policiaco y tortura en el Estado de M\u00e9xico","link":"http:\/\/www.grieta.org.mx\/index.php\/category\/noticias-nacionales\/estado-de-mexico\/abuso-policiaco-y-tortura-en-el-estado-de-mexico\/"},"img":{"alt_text":"","src":"https:\/\/i0.wp.com\/www.grieta.org.mx\/wp-content\/uploads\/2020\/05\/gn-tlalne.png?resize=350%2C200","width":350,"height":200,"srcset":"https:\/\/i0.wp.com\/www.grieta.org.mx\/wp-content\/uploads\/2020\/05\/gn-tlalne.png?resize=350%2C200 1x, https:\/\/i0.wp.com\/www.grieta.org.mx\/wp-content\/uploads\/2020\/05\/gn-tlalne.png?resize=525%2C300 1.5x, https:\/\/i0.wp.com\/www.grieta.org.mx\/wp-content\/uploads\/2020\/05\/gn-tlalne.png?resize=700%2C400 2x, https:\/\/i0.wp.com\/www.grieta.org.mx\/wp-content\/uploads\/2020\/05\/gn-tlalne.png?resize=1050%2C600 3x"},"classes":[]},{"id":29261,"url":"http:\/\/www.grieta.org.mx\/index.php\/2019\/02\/10\/la-cndh-advierte-violaciones-graves-de-la-procuraduria-de-aguascalientes\/","url_meta":{"origin":38091,"position":3},"title":"La CNDH advierte violaciones graves de la procuradur\u00eda de Aguascalientes","author":"grieta","date":"10 febrero, 2019","format":false,"excerpt":"Redacci\u00f3n\/ADN pol\u00edtico. La CNDH acredit\u00f3 que, de 2011 a 2012, agentes de la instituci\u00f3n realizaron torturas y detenciones arbitrarias contra decenas de personas. Por ello, emiti\u00f3 una recomendaci\u00f3n por violaciones graves. CIUDAD DE M\u00c9XICO (ADNPol\u00edtico).- La Comisi\u00f3n Nacional de los Derechos Humanos (CNDH) emiti\u00f3 una recomendaci\u00f3n por violaciones graves por\u2026","rel":"","context":"En &quot;Abuso policiaco y tortura en Aguascalientes&quot;","block_context":{"text":"Abuso policiaco y tortura en Aguascalientes","link":"http:\/\/www.grieta.org.mx\/index.php\/category\/noticias-nacionales\/aguascalientes\/tortura-en-aguascalientes\/"},"img":{"alt_text":"","src":"https:\/\/i0.wp.com\/www.grieta.org.mx\/wp-content\/uploads\/2019\/02\/descarga.jpg?resize=350%2C200","width":350,"height":200,"srcset":"https:\/\/i0.wp.com\/www.grieta.org.mx\/wp-content\/uploads\/2019\/02\/descarga.jpg?resize=350%2C200 1x, https:\/\/i0.wp.com\/www.grieta.org.mx\/wp-content\/uploads\/2019\/02\/descarga.jpg?resize=525%2C300 1.5x, https:\/\/i0.wp.com\/www.grieta.org.mx\/wp-content\/uploads\/2019\/02\/descarga.jpg?resize=700%2C400 2x"},"classes":[]},{"id":58182,"url":"http:\/\/www.grieta.org.mx\/index.php\/2021\/03\/31\/ejercito-suma-5-mil-500-quejas-por-abusos-a-migrantes-ante-derechos-humanos\/","url_meta":{"origin":38091,"position":4},"title":"Ej\u00e9rcito suma 5 mil 500 quejas por abusos a migrantes ante Derechos Humanos","author":"grieta","date":"31 marzo, 2021","format":false,"excerpt":"Marcos Muedano\/La Silla Rota 31 marzo 2021 La\u00a0pol\u00edtica\u00a0del\u00a0gobierno federal\u00a0para evitar el ingreso de\u00a0migrantes\u00a0a territorio nacional no ha dado resultados. Durante los \u00faltimos dos a\u00f1os, por lo menos, m\u00e1s de\u00a0130 mil personas de distintas nacionalidades\u00a0lograron evadir lo\u00a0filtros de seguridad\u00a0implementados durante el\u00a0gobierno de Andr\u00e9s Manuel L\u00f3pez Obrador. Tan s\u00f3lo el\u00a0Ej\u00e9rcito\u00a0detuvo, cada 24\u2026","rel":"","context":"En &quot;CINTILLO&quot;","block_context":{"text":"CINTILLO","link":"http:\/\/www.grieta.org.mx\/index.php\/category\/cintillo\/"},"img":{"alt_text":"","src":"https:\/\/i0.wp.com\/www.grieta.org.mx\/wp-content\/uploads\/2021\/04\/migrante2-focus-0.29-0.16-983-557.jpg?resize=350%2C200","width":350,"height":200,"srcset":"https:\/\/i0.wp.com\/www.grieta.org.mx\/wp-content\/uploads\/2021\/04\/migrante2-focus-0.29-0.16-983-557.jpg?resize=350%2C200 1x, https:\/\/i0.wp.com\/www.grieta.org.mx\/wp-content\/uploads\/2021\/04\/migrante2-focus-0.29-0.16-983-557.jpg?resize=525%2C300 1.5x, https:\/\/i0.wp.com\/www.grieta.org.mx\/wp-content\/uploads\/2021\/04\/migrante2-focus-0.29-0.16-983-557.jpg?resize=700%2C400 2x"},"classes":[]},{"id":725,"url":"http:\/\/www.grieta.org.mx\/index.php\/2015\/01\/24\/eruviel-murillo-cienfuegos-y-plascencia-encubrieron-el-crimen-en-tlatlaya-analistas\/","url_meta":{"origin":38091,"position":5},"title":"Eruviel, Murillo, Cienfuegos y Plascencia encubrieron el crimen en Tlatlaya: analistas","author":"grieta","date":"24 enero, 2015","format":false,"excerpt":"Shaila Rosagel y Ariadna Ortega Ciudad de M\u00e9xico, 24 de enero (SinEmbargo).\u2013 En la ejecuci\u00f3n extrajudicial de Tlatlaya existe una clara red de complicidades y de encubrimiento para proteger al Ej\u00e9rcito mexicano, porque de \u00e9l depende la estrategia de seguridad del gobierno federal, coincidieron expertos consultados por SinEmbargo. El encubrimiento\u2026","rel":"","context":"En &quot;CINTILLO&quot;","block_context":{"text":"CINTILLO","link":"http:\/\/www.grieta.org.mx\/index.php\/category\/cintillo\/"},"img":{"alt_text":"","src":"https:\/\/i0.wp.com\/www.grieta.org.mx\/wp-content\/uploads\/2018\/03\/14524434_1106112876131411_958039263622046936_o.jpg?resize=350%2C200","width":350,"height":200,"srcset":"https:\/\/i0.wp.com\/www.grieta.org.mx\/wp-content\/uploads\/2018\/03\/14524434_1106112876131411_958039263622046936_o.jpg?resize=350%2C200 1x, https:\/\/i0.wp.com\/www.grieta.org.mx\/wp-content\/uploads\/2018\/03\/14524434_1106112876131411_958039263622046936_o.jpg?resize=525%2C300 1.5x, https:\/\/i0.wp.com\/www.grieta.org.mx\/wp-content\/uploads\/2018\/03\/14524434_1106112876131411_958039263622046936_o.jpg?resize=700%2C400 2x"},"classes":[]}],"_links":{"self":[{"href":"http:\/\/www.grieta.org.mx\/index.php\/wp-json\/wp\/v2\/posts\/38091","targetHints":{"allow":["GET"]}}],"collection":[{"href":"http:\/\/www.grieta.org.mx\/index.php\/wp-json\/wp\/v2\/posts"}],"about":[{"href":"http:\/\/www.grieta.org.mx\/index.php\/wp-json\/wp\/v2\/types\/post"}],"author":[{"embeddable":true,"href":"http:\/\/www.grieta.org.mx\/index.php\/wp-json\/wp\/v2\/users\/2"}],"replies":[{"embeddable":true,"href":"http:\/\/www.grieta.org.mx\/index.php\/wp-json\/wp\/v2\/comments?post=38091"}],"version-history":[{"count":1,"href":"http:\/\/www.grieta.org.mx\/index.php\/wp-json\/wp\/v2\/posts\/38091\/revisions"}],"predecessor-version":[{"id":38093,"href":"http:\/\/www.grieta.org.mx\/index.php\/wp-json\/wp\/v2\/posts\/38091\/revisions\/38093"}],"wp:featuredmedia":[{"embeddable":true,"href":"http:\/\/www.grieta.org.mx\/index.php\/wp-json\/wp\/v2\/media\/38092"}],"wp:attachment":[{"href":"http:\/\/www.grieta.org.mx\/index.php\/wp-json\/wp\/v2\/media?parent=38091"}],"wp:term":[{"taxonomy":"category","embeddable":true,"href":"http:\/\/www.grieta.org.mx\/index.php\/wp-json\/wp\/v2\/categories?post=38091"},{"taxonomy":"post_tag","embeddable":true,"href":"http:\/\/www.grieta.org.mx\/index.php\/wp-json\/wp\/v2\/tags?post=38091"}],"curies":[{"name":"wp","href":"https:\/\/api.w.org\/{rel}","templated":true}]}}