{"id":38077,"date":"2019-08-18T08:55:50","date_gmt":"2019-08-18T13:55:50","guid":{"rendered":"http:\/\/www.grieta.org.mx\/?p=38077"},"modified":"2019-08-20T09:24:01","modified_gmt":"2019-08-20T14:24:01","slug":"con-este-sueldito-no-voy-a-sobrevivir-con-la-pension-que-me-tocara","status":"publish","type":"post","link":"http:\/\/www.grieta.org.mx\/index.php\/2019\/08\/18\/con-este-sueldito-no-voy-a-sobrevivir-con-la-pension-que-me-tocara\/","title":{"rendered":"&#8221;Con este &#8216;sueldito&#8217; no voy a sobrevivir con la pensi\u00f3n que me tocar\u00e1&#8221;"},"content":{"rendered":"<figure id=\"attachment_38078\" aria-describedby=\"caption-attachment-38078\" style=\"width: 800px\" class=\"wp-caption alignleft\"><img loading=\"lazy\" decoding=\"async\" data-attachment-id=\"38078\" data-permalink=\"http:\/\/www.grieta.org.mx\/index.php\/2019\/08\/18\/con-este-sueldito-no-voy-a-sobrevivir-con-la-pension-que-me-tocara\/afores-focus-0-0-983-557\/\" data-orig-file=\"http:\/\/www.grieta.org.mx\/wp-content\/uploads\/2019\/08\/afores-focus-0-0-983-557.jpg\" data-orig-size=\"983,557\" data-comments-opened=\"0\" data-image-meta=\"{&quot;aperture&quot;:&quot;0&quot;,&quot;credit&quot;:&quot;&quot;,&quot;camera&quot;:&quot;&quot;,&quot;caption&quot;:&quot;&quot;,&quot;created_timestamp&quot;:&quot;0&quot;,&quot;copyright&quot;:&quot;&quot;,&quot;focal_length&quot;:&quot;0&quot;,&quot;iso&quot;:&quot;0&quot;,&quot;shutter_speed&quot;:&quot;0&quot;,&quot;title&quot;:&quot;&quot;,&quot;orientation&quot;:&quot;0&quot;}\" data-image-title=\"afores-focus-0-0-983-557\" data-image-description=\"\" data-image-caption=\"&lt;p&gt;Y a ti \u00bfte preocupa tu fondo de retiro para el futuro? (Foto: Cuartoscuro \/ Archivo)&lt;\/p&gt;\n\" data-medium-file=\"http:\/\/www.grieta.org.mx\/wp-content\/uploads\/2019\/08\/afores-focus-0-0-983-557-300x170.jpg\" data-large-file=\"http:\/\/www.grieta.org.mx\/wp-content\/uploads\/2019\/08\/afores-focus-0-0-983-557.jpg\" class=\"wp-image-38078\" src=\"http:\/\/www.grieta.org.mx\/wp-content\/uploads\/2019\/08\/afores-focus-0-0-983-557.jpg\" alt=\"\" width=\"800\" height=\"453\" srcset=\"http:\/\/www.grieta.org.mx\/wp-content\/uploads\/2019\/08\/afores-focus-0-0-983-557.jpg 983w, http:\/\/www.grieta.org.mx\/wp-content\/uploads\/2019\/08\/afores-focus-0-0-983-557-300x170.jpg 300w, http:\/\/www.grieta.org.mx\/wp-content\/uploads\/2019\/08\/afores-focus-0-0-983-557-768x435.jpg 768w, http:\/\/www.grieta.org.mx\/wp-content\/uploads\/2019\/08\/afores-focus-0-0-983-557-882x500.jpg 882w\" sizes=\"auto, (max-width: 800px) 100vw, 800px\" \/><figcaption id=\"caption-attachment-38078\" class=\"wp-caption-text\">Y a ti \u00bfte preocupa tu fondo de retiro para el futuro? (Foto: Cuartoscuro \/ Archivo)<\/figcaption><\/figure>\n<p>Marco Antonio Mart\u00ednez\/La Silla Rota<\/p>\n<p>Lili\u00e1n tiene 35 a\u00f1os. Trabaja desde los 18. Aunque dej\u00f3 de trabajar un par de a\u00f1os, no esperaba que luego de 15 a\u00f1os de estar en distintos empleos, s\u00f3lo tenga ahorrado en su afore 150 mil pesos.<\/p>\n<p>&#8220;Al revisar mi estado de cuenta me apareci\u00f3 que si quiero pensionarme o jubilar con seis mil pesos mensuales, te dice cu\u00e1nto debes aportar m\u00e1s&#8221;, algo que la desconcert\u00f3, pues esa cifra ser\u00eda de todos modos una cantidad baja para vivir su retiro.<\/p>\n<p>Un asesor de su afore, Banorte 21 se acerc\u00f3 a la dependencia donde trabaja, y le dijo que para pensionarse con su sueldo actual debe llegar a la cifra de un mill\u00f3n en su estado de cuenta. Un monto del cual a\u00fan est\u00e1 lejos. Fue por eso que adem\u00e1s de elegir aportar el 2 por ciento de su salario, comenz\u00f3 a hacer aportaciones voluntarias en efectivo a partir de este a\u00f1o.<\/p>\n<p>Al preguntarle si gana seis mil pesos al mes, responde que no, que gana m\u00e1s, pero seis mil pesos es lo que reporta la dependencia gubernamental para la que trabaja. Entonces sus aportaciones para su retiro resultan raqu\u00edticas.<\/p>\n<blockquote><p>&#8220;El sueldo del gobierno se divide en dos, sueldo base y compensaci\u00f3n garantizada, el primero es chiquito y luego est\u00e1 la compensaci\u00f3n garantizada. Te pensionan con el sueldo base. De hecho aqu\u00ed hay gente grande que no le conviene y no se puede jubilar. Yo con este sueldito no voy a sobrevivir&#8221;, avizora.<\/p><\/blockquote>\n<p>&#8220;S\u00ed me preocupa porque quieras o no cuando me quiera jubilar o pensionar, as\u00ed como est\u00e1 todo tan caro va a ser dif\u00edcil. Aparte que te ponen con muchos a\u00f1os de trabajo&#8221;.<\/p>\n<p>Otra historia es la \u00c9dgar, que no ha dejado de trabajar, pero s\u00ed dej\u00f3 de cotizar de 2016 a 2018, ya que aunque trabajaba en una dependencia oficial, una empresa que operaba por outsourcing era la que le pagaba y lo hac\u00eda por honorarios. Aunque pod\u00eda hacer aportaciones de manera voluntaria, por sus gastos y el hecho de tener que pagar \u00e9l mismo sus impuestos, opt\u00f3 por no hacerlo.<\/p>\n<p>Este a\u00f1o su situaci\u00f3n y su vida cambiaron. A\u00fan trabaja para el gobierno, y es una empresa privada la que le paga, pero ya no lo hace por honorarios, con lo cual ahora tiene IMSS y ya paga aportaciones a su afore. En el plano personal se convirti\u00f3 en padre. Antes estaba despreocupado por el tema de las aportaciones para las pensiones, pero con el nacimiento de su hija ya no puede permanecer indiferente.<\/p>\n<p>Aclara que en otros trabajos s\u00ed ha tenido IMSS y ha pagado aportaciones, pero nunca se puso a averiguar cu\u00e1nto ten\u00eda, menos estuvo en sus planes hacer aportaciones voluntarias.<\/p>\n<p>Pero luego de la cancelaci\u00f3n del nuevo aeropuerto internacional, a fines del a\u00f1o pasado, s\u00ed revis\u00f3 su estado de cuenta y not\u00f3 que Profuturo le notific\u00f3 que en ese trimestre su saldo hab\u00eda bajado 6 mil pesos.<\/p>\n<p>Pese a que la afore en la que est\u00e1 inscrito le manda correos electr\u00f3nicos y le sugiere aportaciones, hasta hace unos meses no le prestaba atenci\u00f3n. Pero ya lo comenz\u00f3 a hacer y lo que ha visto no le gusta mucho.<\/p>\n<p>&#8220;Con lo que he ahorrado no voy a tener una buena pensi\u00f3n. No me preocupaba antes de que naciera mi hija, ahora s\u00ed quiero ahorrar para mi retiro&#8221;.<\/p>\n<blockquote><p>&#8220;Ha tenido en mente hacer aportaciones voluntarias, pero tiene gastos del d\u00eda m\u00e1s prioritarios. &#8220;Con mi hija hay muchos gastos y ya no queda para la afore. O ahorras para la afore o para los pa\u00f1ales. S\u00ed me gustar\u00eda aportar m\u00e1s pero no hay dinero que alcance. Espero que cuando est\u00e9 viejito pueda aportar m\u00e1s&#8221;.<\/p><\/blockquote>\n<p>Algo similar le pasa a Gladiola. De los 14 a\u00f1os que lleva en el mercado laboral, s\u00f3lo ocho ha cotizado. Y la situaci\u00f3n no parece diferente ya que ella cobra por honorarios y no tiene oportunidad de aportar porque con lo que gana apenas le alcanza para ella y para los gastos de su casa.<\/p>\n<p>Reconoce que a sus 32 a\u00f1os el tema ya le preocupa.<\/p>\n<p>&#8220;Pienso qu\u00e9 voy a hacer, est\u00e1 complicado no tener esta garant\u00eda&#8221;.<\/p>\n<p>Pero no solo las personas comprendidas en el sector de treinta\u00f1eros y quienes ya est\u00e1n inscritos en el nuevo r\u00e9gimen de pensiones a trav\u00e9s de cuentas individuales a trav\u00e9s de administradoras de fondos para el retiro de los trabajadores (Afores) les preocupa.<\/p>\n<p>Do\u00f1a Isabel, de 73 a\u00f1os, es un ama de casa. Dedic\u00f3 los a\u00f1os de su matrimonio al cuidado de su hogar y a la atenci\u00f3n de sus hijos, que ahora se hacen cargo de ella. Pero tambi\u00e9n est\u00e1 inscrita al programa de la pensi\u00f3n universal del gobierno federal y lo estaba desde antes. Adem\u00e1s que recib\u00eda otro de 70 y m\u00e1s del anterior gobierno federal y que usaba para la despensa. Con eso le alcanzaba para comprarse cosas personales y tener dinero a la mano.<\/p>\n<blockquote><p>&#8220;Es que en realidad el dinero nunca sobra. A m\u00ed mis hijos me dan pero yo tambi\u00e9n necesito dinero para medicina y me da pena pedirle. Cuando me debo ir a comer debo tener dinero en la tarjeta&#8221;, dice.<\/p><\/blockquote>\n<p>Pero con el cambio de gobierno vinieron algunas modificaciones que le afectaron. Con el nuevo censo para revisar los padrones del programa que se convirti\u00f3 en federal, ocasionaron que do\u00f1a Isabel se quedara sin recibir la pensi\u00f3n de enero a mayo.<\/p>\n<p>Pero adem\u00e1s del monto que en total rebasaba los 3 mil 100 pesos, se redujo a 2 mil 500 porque lo que recib\u00eda de 70 y m\u00e1s ya no lo recibe. A ello se suma que la tarjeta en la que usualmente recib\u00eda el pago, una Bancomer, ahora debo cambiarla a una de Banco Azteca, una instituci\u00f3n bancaria que tiene menos sucursales a la mano, que tiene menos cajeros y est\u00e1 m\u00e1s llena.<\/p>\n<p>Aunque reconoce que la tarjeta de la pensi\u00f3n universal es muy \u00fatil, est\u00e1 inconforme porque al eliminar la de la 70 y m\u00e1s \u2013que era federal- tiene menos dinero, pero adem\u00e1s no le parece justo que otras personas pensionadas que reciben buena pensi\u00f3n, de hasta 40 mil pesos como un primo suyo, tambi\u00e9n reciben &#8220;la de Andr\u00e9s Manuel&#8221;, lo que no considera justo.<\/p>\n<p>&#8220;\u00c9l, que no necesita, puntualito le depositan y a nosotros que estamos fregados no&#8221;.<\/p>\n<p>Como rarezas del pasado quedar\u00e1n algunas pensiones en las que los trabajadores desde los 50 o 55 a\u00f1os dejaban de trabajar y adem\u00e1s percib\u00edan su sueldo con el que dejaron de trabajar e incluso algunas prestaciones.<\/p>\n<p>Ahora son cuentas individuales, sean del gobierno o de empresas particulares.<\/p>\n<p>Un caso de prestaciones anteriores al sistema de afore es el de la hija de Isabel, Beatriz, quien est\u00e1 a punto de jubilarse luego de 35 a\u00f1os de carrera como maestra. Ella no est\u00e1 regida por la ley del 94, sino la anterior, entonces aunque a\u00fan no ha llegado a los 60 a\u00f1os, recibir\u00e1 un sueldo igual al que ganaba, el cual incluso le alcanzar\u00e1 para terminar de pagar su casa de Infonavit que obtuvo hace tres a\u00f1os y sostenerse econ\u00f3micamente.<\/p>\n<p>&#8220;Ya no me toc\u00f3 afore, soy de hace 35 a\u00f1os. Yo ten\u00eda cuota fija y cada quincena me descontaban lo del retiro durante los a\u00f1os que trabaj\u00e9, se hizo acumulativo&#8221;.<\/p>\n<p>Dice que en caso de que tuviera afore, se hubiera tenido que jubilar hasta los 65 a\u00f1os y no a los 56, como ahora.<\/p>\n<p>&#8220;No me quejo, sabr\u00e9 lo que es cobrar sin trabajar&#8221;, dice, optimista. &#8220;Doy gracias de haber trabajado en el gobierno, daban buenas cosas antes. Los maestros nuevos ahora deben hacer aportaci\u00f3n individual&#8221;.<\/p>\n<p><strong> NUEVO MARCO LEGAL O PRECARIZACI\u00d3N<\/strong><br \/>\nLa reforma a la Ley del Seguro Social de 1995 dio lugar a un sistema de contribuci\u00f3n definida en 1997 mediante cuentas individuales, a trav\u00e9s de administradores de fondos para el retiro de los trabajadores (Afore), el cual fue el inicio de distintas reformas. A la fecha ha permitido que hoy en d\u00eda existan m\u00e1s de 60 millones de cuentas de ahorro individual, donde se acumulan ahorros equivalentes al 15 por ciento del Producto Interno Bruto.<\/p>\n<p>La ley establece que a partir de los 65 a\u00f1os es cuando los trabajadores pueden comenzar a recibir su pensi\u00f3n. Pero los bajos salarios y por ende de aportaciones, as\u00ed como el nivel de informalidad son temas que hacen prever que las cuentas individuales de los trabajadores sean insuficientes para que lleguen a esa edad con recursos suficientes para su vejez.<\/p>\n<blockquote><p>&#8220;El esp\u00edritu de la reforma era que iba a dar solvencia a las finanzas p\u00fablicas y permitir que los trabajadores se retiraran con una pensi\u00f3n digna. En realidad si no hay aportaciones adicionales los trabajadores recibir\u00e1n una pensi\u00f3n inferior a la mitad de su sueldo, de hecho m\u00e1s baja y puede haber precarizaci\u00f3n de sus condiciones sociales y de sus capacidades de consumo, pese a haber generado un ahorro en el sistema de afore&#8221;, dijo a La Silla Rota el director del Instituto para el Desarrollo Industrial y el Crecimiento Econ\u00f3mico, Jos\u00e9 Luis de la Cruz Gallegos.<\/p><\/blockquote>\n<p>En caso de mantenerse el esquema legal de aportaciones para las pensiones, lo que se viene para los trabajadores que cumplan 65 a\u00f1os es una precarizaci\u00f3n, advirti\u00f3.<\/p>\n<p>Explic\u00f3 que el actual sistema de pensiones no bastar\u00e1 para garantizar que los trabajadores tengan una pensi\u00f3n que les permita tener recursos econ\u00f3micos suficientes para mantener su estilo de vida.<\/p>\n<p>&#8220;Lo que pas\u00f3 fue que se sobreestim\u00f3 la capacidad de este esquema, se pens\u00f3 que con las condiciones en que se aprob\u00f3 el r\u00e9gimen de contribuciones de patrones y trabajadores ser\u00eda suficiente para garantizar un retiro digno.<\/p>\n<blockquote><p>&#8220;Segundo, M\u00e9xico al tener un mercado informal hace que las condiciones laborales, a\u00fan las formales sean precarias, con bajos salarios y la supervisi\u00f3n de las autoridades para que se reporten salarios adecuados es muy d\u00e9bil. Eso afecta y tambi\u00e9n que los salarios son bajos a\u00fan de aquellos trabajadores que s\u00ed son reportados con su salario real y cumplen con el requisito de la cantidad de contribuciones que hacen, lo que lleva a que tengan una baja contribuci\u00f3n en la afore y van a estar expuestos a una baja pensi\u00f3n y que s\u00f3lo les va a cubrir 10 a\u00f1os. Si no hay contribuciones voluntarias para ampliarlo y tener mayor cobertura se acaba luego de 10 a\u00f1os&#8221;.<\/p><\/blockquote>\n<p>Record\u00f3 que ya la primera generaci\u00f3n con este sistema est\u00e1 por salir y mientras no cambie el marco legal lo que se va a generar es un grupo de personas con recursos limitados en su vejez.<\/p>\n<p>Cuestionado sobre s\u00ed adem\u00e1s hay riesgo de que los trabajadores vean mermadas sus ganancias por las inversiones que hagan las afores, respondi\u00f3 que s\u00ed hay un grado de riesgo limitado, pero la legislaci\u00f3n evita que se tomen demasiadas acciones de riesgo, dijo el experto econ\u00f3mico.<\/p>\n<p><strong>AN\u00c1LISIS DEL BID<\/strong><br \/>\nEl Banco Interamericano de Desarrollo present\u00f3 en marzo de este a\u00f1o el estudio Diagn\u00f3stico del sistema de pensiones mexicano y opciones para reformarlo, y algunas de sus conclusiones no son halag\u00fce\u00f1as.<\/p>\n<p>El documento explic\u00f3 que M\u00e9xico se encuentra inmerso en una transici\u00f3n demogr\u00e1fica &#8220;caracterizada por un envejecimiento acelerado&#8221;.<\/p>\n<p>Entre 2030 y 2050 el porcentaje de la poblaci\u00f3n mayor de 65 a\u00f1os pasar\u00e1 del 10 por ciento al 20 por ciento del total.<\/p>\n<p><img loading=\"lazy\" decoding=\"async\" data-attachment-id=\"38082\" data-permalink=\"http:\/\/www.grieta.org.mx\/index.php\/2019\/08\/18\/con-este-sueldito-no-voy-a-sobrevivir-con-la-pension-que-me-tocara\/grafedad\/\" data-orig-file=\"http:\/\/www.grieta.org.mx\/wp-content\/uploads\/2019\/08\/grafedad.jpg\" data-orig-size=\"750,829\" data-comments-opened=\"0\" data-image-meta=\"{&quot;aperture&quot;:&quot;0&quot;,&quot;credit&quot;:&quot;&quot;,&quot;camera&quot;:&quot;&quot;,&quot;caption&quot;:&quot;&quot;,&quot;created_timestamp&quot;:&quot;0&quot;,&quot;copyright&quot;:&quot;&quot;,&quot;focal_length&quot;:&quot;0&quot;,&quot;iso&quot;:&quot;0&quot;,&quot;shutter_speed&quot;:&quot;0&quot;,&quot;title&quot;:&quot;&quot;,&quot;orientation&quot;:&quot;0&quot;}\" data-image-title=\"grafedad\" data-image-description=\"\" data-image-caption=\"\" data-medium-file=\"http:\/\/www.grieta.org.mx\/wp-content\/uploads\/2019\/08\/grafedad-271x300.jpg\" data-large-file=\"http:\/\/www.grieta.org.mx\/wp-content\/uploads\/2019\/08\/grafedad.jpg\" class=\"alignleft wp-image-38082\" src=\"http:\/\/www.grieta.org.mx\/wp-content\/uploads\/2019\/08\/grafedad.jpg\" alt=\"\" width=\"800\" height=\"884\" srcset=\"http:\/\/www.grieta.org.mx\/wp-content\/uploads\/2019\/08\/grafedad.jpg 750w, http:\/\/www.grieta.org.mx\/wp-content\/uploads\/2019\/08\/grafedad-271x300.jpg 271w, http:\/\/www.grieta.org.mx\/wp-content\/uploads\/2019\/08\/grafedad-452x500.jpg 452w\" sizes=\"auto, (max-width: 800px) 100vw, 800px\" \/><\/p>\n<p>&#8220;Esto hace necesario acumular recursos para hacer frente a la demanda de pensiones en el futuro, pero las condiciones actuales del mercado laboral mexicano dificultan dicha acumulaci\u00f3n&#8221;.<\/p>\n<p>Otro dato que preocupa es que durante los \u00faltimos a\u00f1os ha sido com\u00fan que &#8220;menos de la mitad de los trabajadores activos coticen a alg\u00fan sistema de pensiones&#8221;.<\/p>\n<p>Esa circunstancia tendr\u00e1 consecuencias importantes, ya que de los trabajadores que cotizan, es probable que solo el 25 por ciento cumpla con los requisitos vigentes para alcanzar una pensi\u00f3n.<\/p>\n<p><img loading=\"lazy\" decoding=\"async\" data-attachment-id=\"38083\" data-permalink=\"http:\/\/www.grieta.org.mx\/index.php\/2019\/08\/18\/con-este-sueldito-no-voy-a-sobrevivir-con-la-pension-que-me-tocara\/grafcuentas\/\" data-orig-file=\"http:\/\/www.grieta.org.mx\/wp-content\/uploads\/2019\/08\/grafcuentas.jpg\" data-orig-size=\"750,890\" data-comments-opened=\"0\" data-image-meta=\"{&quot;aperture&quot;:&quot;0&quot;,&quot;credit&quot;:&quot;&quot;,&quot;camera&quot;:&quot;&quot;,&quot;caption&quot;:&quot;&quot;,&quot;created_timestamp&quot;:&quot;0&quot;,&quot;copyright&quot;:&quot;&quot;,&quot;focal_length&quot;:&quot;0&quot;,&quot;iso&quot;:&quot;0&quot;,&quot;shutter_speed&quot;:&quot;0&quot;,&quot;title&quot;:&quot;&quot;,&quot;orientation&quot;:&quot;0&quot;}\" data-image-title=\"grafcuentas\" data-image-description=\"\" data-image-caption=\"\" data-medium-file=\"http:\/\/www.grieta.org.mx\/wp-content\/uploads\/2019\/08\/grafcuentas-253x300.jpg\" data-large-file=\"http:\/\/www.grieta.org.mx\/wp-content\/uploads\/2019\/08\/grafcuentas.jpg\" class=\"alignleft wp-image-38083\" src=\"http:\/\/www.grieta.org.mx\/wp-content\/uploads\/2019\/08\/grafcuentas.jpg\" alt=\"\" width=\"800\" height=\"949\" srcset=\"http:\/\/www.grieta.org.mx\/wp-content\/uploads\/2019\/08\/grafcuentas.jpg 750w, http:\/\/www.grieta.org.mx\/wp-content\/uploads\/2019\/08\/grafcuentas-253x300.jpg 253w, http:\/\/www.grieta.org.mx\/wp-content\/uploads\/2019\/08\/grafcuentas-421x500.jpg 421w\" sizes=\"auto, (max-width: 800px) 100vw, 800px\" \/><\/p>\n<p>&#8220;El resto solo tendr\u00e1 derecho a retirar el saldo de las aportaciones intermitentes que hayan acumulado en su cuenta individual al momento de retirarse&#8221;.<\/p>\n<p>Pero adem\u00e1s, de esa cuarta parte de trabajadores que alcance una pensi\u00f3n, 6 por ciento, menos de la tercera parte, acumular\u00e1 los recursos suficientes para financiar una pensi\u00f3n por encima a la m\u00ednima del sistema.<\/p>\n<p>&#8220;En suma, la mayor\u00eda de la poblaci\u00f3n que se incorpor\u00f3 al mercado laboral a partir de 1998 no tendr\u00e1 los recursos necesarios para hacer frente a su retiro, y es muy factible que puedan caer en situaci\u00f3n de pobreza si no cuentan con otra fuente de ingresos o transferencias&#8221;.<\/p>\n<p>El documento a\u00f1ade otro problema, el de la informalidad del mercado laboral, lo que a su vez impide contar con un sistema previsional que d\u00e9 una cobertura y un financiamiento adecuados. Destaca el dato que la tasa de formalidad, definida como de los trabajadores que cotizan a la seguridad social, es de apenas 37 por ciento.<\/p>\n<p><img loading=\"lazy\" decoding=\"async\" data-attachment-id=\"38084\" data-permalink=\"http:\/\/www.grieta.org.mx\/index.php\/2019\/08\/18\/con-este-sueldito-no-voy-a-sobrevivir-con-la-pension-que-me-tocara\/grafproyeccion\/\" data-orig-file=\"http:\/\/www.grieta.org.mx\/wp-content\/uploads\/2019\/08\/grafproyeccion.jpg\" data-orig-size=\"750,915\" data-comments-opened=\"0\" data-image-meta=\"{&quot;aperture&quot;:&quot;0&quot;,&quot;credit&quot;:&quot;&quot;,&quot;camera&quot;:&quot;&quot;,&quot;caption&quot;:&quot;&quot;,&quot;created_timestamp&quot;:&quot;0&quot;,&quot;copyright&quot;:&quot;&quot;,&quot;focal_length&quot;:&quot;0&quot;,&quot;iso&quot;:&quot;0&quot;,&quot;shutter_speed&quot;:&quot;0&quot;,&quot;title&quot;:&quot;&quot;,&quot;orientation&quot;:&quot;0&quot;}\" data-image-title=\"grafproyeccion\" data-image-description=\"\" data-image-caption=\"\" data-medium-file=\"http:\/\/www.grieta.org.mx\/wp-content\/uploads\/2019\/08\/grafproyeccion-246x300.jpg\" data-large-file=\"http:\/\/www.grieta.org.mx\/wp-content\/uploads\/2019\/08\/grafproyeccion.jpg\" class=\"alignleft wp-image-38084\" src=\"http:\/\/www.grieta.org.mx\/wp-content\/uploads\/2019\/08\/grafproyeccion.jpg\" alt=\"\" width=\"800\" height=\"976\" srcset=\"http:\/\/www.grieta.org.mx\/wp-content\/uploads\/2019\/08\/grafproyeccion.jpg 750w, http:\/\/www.grieta.org.mx\/wp-content\/uploads\/2019\/08\/grafproyeccion-246x300.jpg 246w, http:\/\/www.grieta.org.mx\/wp-content\/uploads\/2019\/08\/grafproyeccion-410x500.jpg 410w\" sizes=\"auto, (max-width: 800px) 100vw, 800px\" \/><\/p>\n<p>&#8220;La gran mayor\u00eda de mexicanos espera hacer frente a su retiro mediante los recursos otorgados por el pilar no contributivo y del sistema de ahorro afore, el cual no va a cumplir con muchas de las funciones de un sistema pensional. Por ello, es necesario realizar cambios al sistema actual que redefinan cu\u00e1nto ahorro se necesita, el nivel de solidaridad intra e intergeneracional, as\u00ed como el costo fiscal presente y en el futuro&#8221;.<\/p>\n<p>Algunas de las propuestas del BID para mejorar el sistema son las siguientes:<\/p>\n<p>-Mejorar la gobernanza del sistema.<\/p>\n<p>-Incrementar la cobertura y los niveles de pensi\u00f3n presente y futuros.<\/p>\n<p>-Reducir los desequilibrios de la transici\u00f3n entre sistemas.<\/p>\n<p>&#8220;Establecer y emprender una hoja de ruta, cuanto antes, mejor. No existe una \u00fanica reforma pensional que vaya a solucionar todos los problemas del sistema mexicano. M\u00e1s all\u00e1 de implementar algunas de las iniciativas propuestas en esta nota, es importante construir la institucionalidad que permita al sistema mexicano de pensiones adaptarse e implementar los ajustes necesarios en un contexto de envejecimiento acelerado. Sin embargo, no podemos dejar de enfatizar que es clave comenzar cuanto antes. Primero, porque todos los problemas aqu\u00ed identificados solo van a agravarse conforme pase el tiempo y, segundo, porque la efectividad de muchos cambios aqu\u00ed propuestos, ya sea para mejorar la sostenibilidad global del sistema o para incrementar las pensiones, toman tiempo en surtir los efectos deseados&#8221;.<\/p>\n<p>fmma<\/p>\n<p><a href=\"https:\/\/lasillarota.com\/dinero\/con-este-sueldito-no-voy-a-sobrevivir-con-la-pension-que-me-tocara-mexicanos-ahorro-afore-siefore\/309523\" target=\"_blank\" rel=\"noopener noreferrer\">https:\/\/lasillarota.com\/dinero\/con-este-sueldito-no-voy-a-sobrevivir-con-la-pension-que-me-tocara-mexicanos-ahorro-afore-siefore\/309523<\/a><\/p>\n","protected":false},"excerpt":{"rendered":"<p>Marco Antonio Mart\u00ednez\/La Silla Rota Lili\u00e1n tiene 35 a\u00f1os. Trabaja desde los 18. Aunque dej\u00f3 de trabajar un par de a\u00f1os, no esperaba que luego de 15 a\u00f1os de estar &hellip; <a href=\"http:\/\/www.grieta.org.mx\/index.php\/2019\/08\/18\/con-este-sueldito-no-voy-a-sobrevivir-con-la-pension-que-me-tocara\/\" class=\"more-link\">Leer m\u00e1s<\/a><\/p>\n","protected":false},"author":2,"featured_media":38078,"comment_status":"closed","ping_status":"closed","sticky":false,"template":"","format":"standard","meta":{"ngg_post_thumbnail":0,"_jetpack_newsletter_access":"","_jetpack_dont_email_post_to_subs":false,"_jetpack_newsletter_tier_id":0,"_jetpack_memberships_contains_paywalled_content":false,"_jetpack_memberships_contains_paid_content":false,"footnotes":""},"categories":[80,910,83],"tags":[894,1290],"class_list":["post-38077","post","type-post","status-publish","format-standard","has-post-thumbnail","hentry","category-cintillo","category-explotacion-y-precariedad-laboral","category-temas-nacionales","tag-pensiones","tag-precariedad-laboral","entry"],"jetpack_featured_media_url":"http:\/\/www.grieta.org.mx\/wp-content\/uploads\/2019\/08\/afores-focus-0-0-983-557.jpg","jetpack_sharing_enabled":true,"jetpack_shortlink":"https:\/\/wp.me\/p7ZJR4-9U9","jetpack_likes_enabled":false,"jetpack-related-posts":[{"id":65458,"url":"http:\/\/www.grieta.org.mx\/index.php\/2022\/10\/04\/exigen-jubilados-del-imss-que-gobierno-federal-les-regrese-ahorros-del-afore\/","url_meta":{"origin":38077,"position":0},"title":"Exigen jubilados del IMSS que Gobierno federal les regrese ahorros del Afore","author":"grieta","date":"4 octubre, 2022","format":false,"excerpt":"imagen: El Comentario Jubilados del\u00a0Instituto Mexicano del Seguro Social\u00a0(IMSS) se manifestaron en contra de la Afore Siglo XXI de Banorte, a quien acusan de no entregarles sus ahorros del rubro de \u201cCesant\u00eda y vejez\u201d, afectando a m\u00e1s de mil\u00a0trabajadores colimenses, aunque a nivel nacional ser\u00edan m\u00e1s de 90 mil. Los\u2026","rel":"","context":"En &quot;CINTILLO&quot;","block_context":{"text":"CINTILLO","link":"http:\/\/www.grieta.org.mx\/index.php\/category\/cintillo\/"},"img":{"alt_text":"","src":"https:\/\/i0.wp.com\/www.grieta.org.mx\/wp-content\/uploads\/2022\/10\/LOCAL-8-780x470-1.jpg?resize=350%2C200","width":350,"height":200,"srcset":"https:\/\/i0.wp.com\/www.grieta.org.mx\/wp-content\/uploads\/2022\/10\/LOCAL-8-780x470-1.jpg?resize=350%2C200 1x, https:\/\/i0.wp.com\/www.grieta.org.mx\/wp-content\/uploads\/2022\/10\/LOCAL-8-780x470-1.jpg?resize=525%2C300 1.5x, https:\/\/i0.wp.com\/www.grieta.org.mx\/wp-content\/uploads\/2022\/10\/LOCAL-8-780x470-1.jpg?resize=700%2C400 2x"},"classes":[]},{"id":59627,"url":"http:\/\/www.grieta.org.mx\/index.php\/2021\/05\/29\/jubilados-del-imss-exigen-pago-de-afore-nayarit\/","url_meta":{"origin":38077,"position":1},"title":"Jubilados del IMSS exigen pago de Afore (Nayarit)","author":"grieta","date":"29 mayo, 2021","format":false,"excerpt":"Foto: Realidades de Nayarit 80 mil trabajadores jubilados y pensionados del pa\u00eds que a\u00fan no\u00a0 pueden recuperar ese dinero Ver\u00f3nica Ram\u00edrez \/ Realidades de Nayarit Tepic, Nayarit.- S\u00e1bado 29 de mayo del 2021.- Trabajadores jubilados y pensionados del IMSS exigen al Gobierno Federal,\u00a0 les pague lo correspondiente al\u00a0 \u00a0Afore\u00a0 que\u2026","rel":"","context":"En &quot;CINTILLO&quot;","block_context":{"text":"CINTILLO","link":"http:\/\/www.grieta.org.mx\/index.php\/category\/cintillo\/"},"img":{"alt_text":"","src":"https:\/\/i0.wp.com\/www.grieta.org.mx\/wp-content\/uploads\/2021\/05\/jubilados-768x479-1.jpg?resize=350%2C200","width":350,"height":200,"srcset":"https:\/\/i0.wp.com\/www.grieta.org.mx\/wp-content\/uploads\/2021\/05\/jubilados-768x479-1.jpg?resize=350%2C200 1x, https:\/\/i0.wp.com\/www.grieta.org.mx\/wp-content\/uploads\/2021\/05\/jubilados-768x479-1.jpg?resize=525%2C300 1.5x, https:\/\/i0.wp.com\/www.grieta.org.mx\/wp-content\/uploads\/2021\/05\/jubilados-768x479-1.jpg?resize=700%2C400 2x"},"classes":[]},{"id":21184,"url":"http:\/\/www.grieta.org.mx\/index.php\/2016\/09\/05\/se-manifiestan-jubilados-imss-contra-afore-banorte-colima\/","url_meta":{"origin":38077,"position":2},"title":"Se manifiestan jubilados IMSS contra Afore Banorte (Colima)","author":"grieta","date":"5 septiembre, 2016","format":false,"excerpt":"*No quiere seguir pagando el concepto de cesant\u00eda y vejez a 500 personas que tienen tambi\u00e9n cuentas desde 70 mil a 600 mil pesos por a\u00f1os de servicio. Oscar Cervantes|COLIMANOTICIAS Colima, Col.- M\u00e1s de cien jubilados del Instituto Mexicano del Seguro Social se manifestaron est\u00e1 ma\u00f1ana en las oficinas de\u2026","rel":"","context":"En &quot;CINTILLO&quot;","block_context":{"text":"CINTILLO","link":"http:\/\/www.grieta.org.mx\/index.php\/category\/cintillo\/"},"img":{"alt_text":"","src":"https:\/\/i0.wp.com\/www.grieta.org.mx\/wp-content\/uploads\/2018\/03\/14524434_1106112876131411_958039263622046936_o.jpg?resize=350%2C200","width":350,"height":200,"srcset":"https:\/\/i0.wp.com\/www.grieta.org.mx\/wp-content\/uploads\/2018\/03\/14524434_1106112876131411_958039263622046936_o.jpg?resize=350%2C200 1x, https:\/\/i0.wp.com\/www.grieta.org.mx\/wp-content\/uploads\/2018\/03\/14524434_1106112876131411_958039263622046936_o.jpg?resize=525%2C300 1.5x, https:\/\/i0.wp.com\/www.grieta.org.mx\/wp-content\/uploads\/2018\/03\/14524434_1106112876131411_958039263622046936_o.jpg?resize=700%2C400 2x"},"classes":[]},{"id":20896,"url":"http:\/\/www.grieta.org.mx\/index.php\/2016\/09\/05\/reclaman-falta-de-pago-de-fondos-de-retiro-yucatan\/","url_meta":{"origin":38077,"position":3},"title":"Reclaman falta de pago de fondos de retiro (Yucat\u00e1n)","author":"grieta","date":"5 septiembre, 2016","format":false,"excerpt":"(Jes\u00fas Mej\u00eda) M\u00e9rida, Yucat\u00e1n.- Un grupo de jubilados y pensionados reclam\u00f3 a la instituci\u00f3n bancaria Banorte de esta ciudad la falta de pago y\/o devoluci\u00f3n de los ahorros generados durante su vida laboral mediante el sistema de Afore (Administradora de Fondo para el Retiro). Unas 50 personas, la mayor\u00eda ex\u2026","rel":"","context":"En &quot;CINTILLO&quot;","block_context":{"text":"CINTILLO","link":"http:\/\/www.grieta.org.mx\/index.php\/category\/cintillo\/"},"img":{"alt_text":"","src":"https:\/\/i0.wp.com\/www.grieta.org.mx\/wp-content\/uploads\/2018\/03\/14524434_1106112876131411_958039263622046936_o.jpg?resize=350%2C200","width":350,"height":200,"srcset":"https:\/\/i0.wp.com\/www.grieta.org.mx\/wp-content\/uploads\/2018\/03\/14524434_1106112876131411_958039263622046936_o.jpg?resize=350%2C200 1x, https:\/\/i0.wp.com\/www.grieta.org.mx\/wp-content\/uploads\/2018\/03\/14524434_1106112876131411_958039263622046936_o.jpg?resize=525%2C300 1.5x, https:\/\/i0.wp.com\/www.grieta.org.mx\/wp-content\/uploads\/2018\/03\/14524434_1106112876131411_958039263622046936_o.jpg?resize=700%2C400 2x"},"classes":[]},{"id":32352,"url":"http:\/\/www.grieta.org.mx\/index.php\/2019\/04\/18\/trabajas-en-guanajuato-tiene-el-peor-salario-del-bajio\/","url_meta":{"origin":38077,"position":4},"title":"\u00bfTrabajas en Guanajuato? Tiene el peor salario del Baj\u00edo","author":"grieta","date":"18 abril, 2019","format":false,"excerpt":"En 19 estados pagan mejores sueldos; registran $320 diarios en promedio ante IMSS, el m\u00e1s bajo en el Baj\u00edo. AM,Le\u00f3n Guanajuato Por: Redacci\u00f3n, 18 de Abril de 2019 Le\u00f3n.- Guanajuato tiene el peor salario promedio entre los Estados que conforman el Baj\u00edo, la entidad presenta registros de 320.30 pesos diarios\u2026","rel":"","context":"En &quot;CINTILLO&quot;","block_context":{"text":"CINTILLO","link":"http:\/\/www.grieta.org.mx\/index.php\/category\/cintillo\/"},"img":{"alt_text":"","src":"https:\/\/i0.wp.com\/www.grieta.org.mx\/wp-content\/uploads\/2019\/04\/guanajuato-salario-bajio.jpg_851672003.jpg?resize=350%2C200","width":350,"height":200,"srcset":"https:\/\/i0.wp.com\/www.grieta.org.mx\/wp-content\/uploads\/2019\/04\/guanajuato-salario-bajio.jpg_851672003.jpg?resize=350%2C200 1x, https:\/\/i0.wp.com\/www.grieta.org.mx\/wp-content\/uploads\/2019\/04\/guanajuato-salario-bajio.jpg_851672003.jpg?resize=525%2C300 1.5x, https:\/\/i0.wp.com\/www.grieta.org.mx\/wp-content\/uploads\/2019\/04\/guanajuato-salario-bajio.jpg_851672003.jpg?resize=700%2C400 2x"},"classes":[]},{"id":39414,"url":"http:\/\/www.grieta.org.mx\/index.php\/2019\/09\/18\/adultos-mayores-trabajan-por-bajos-sueldos-y-reciben-pensiones-precarias\/","url_meta":{"origin":38077,"position":5},"title":"Adultos mayores trabajan por bajos sueldos y reciben pensiones precarias","author":"grieta","date":"18 septiembre, 2019","format":false,"excerpt":"Andrea Vega \/ Animal Pol\u00edtico F\u00e9lix Saucedo, de 78 a\u00f1os, trabaja seis horas diarias, durante seis d\u00edas a la semana. Tiene ya su Pensi\u00f3n para el Bienestar de las Personas Adultas Mayores. Recibe 2 mil 550 pesos cada dos meses. Tambi\u00e9n tiene pensi\u00f3n por el IMSS. Pero no le alcanza\u2026","rel":"","context":"En &quot;CINTILLO&quot;","block_context":{"text":"CINTILLO","link":"http:\/\/www.grieta.org.mx\/index.php\/category\/cintillo\/"},"img":{"alt_text":"","src":"https:\/\/i0.wp.com\/www.grieta.org.mx\/wp-content\/uploads\/2019\/09\/adultos-mayores-trabajan-sueldos-pensiones.jpeg?resize=350%2C200","width":350,"height":200,"srcset":"https:\/\/i0.wp.com\/www.grieta.org.mx\/wp-content\/uploads\/2019\/09\/adultos-mayores-trabajan-sueldos-pensiones.jpeg?resize=350%2C200 1x, https:\/\/i0.wp.com\/www.grieta.org.mx\/wp-content\/uploads\/2019\/09\/adultos-mayores-trabajan-sueldos-pensiones.jpeg?resize=525%2C300 1.5x, https:\/\/i0.wp.com\/www.grieta.org.mx\/wp-content\/uploads\/2019\/09\/adultos-mayores-trabajan-sueldos-pensiones.jpeg?resize=700%2C400 2x"},"classes":[]}],"_links":{"self":[{"href":"http:\/\/www.grieta.org.mx\/index.php\/wp-json\/wp\/v2\/posts\/38077","targetHints":{"allow":["GET"]}}],"collection":[{"href":"http:\/\/www.grieta.org.mx\/index.php\/wp-json\/wp\/v2\/posts"}],"about":[{"href":"http:\/\/www.grieta.org.mx\/index.php\/wp-json\/wp\/v2\/types\/post"}],"author":[{"embeddable":true,"href":"http:\/\/www.grieta.org.mx\/index.php\/wp-json\/wp\/v2\/users\/2"}],"replies":[{"embeddable":true,"href":"http:\/\/www.grieta.org.mx\/index.php\/wp-json\/wp\/v2\/comments?post=38077"}],"version-history":[{"count":1,"href":"http:\/\/www.grieta.org.mx\/index.php\/wp-json\/wp\/v2\/posts\/38077\/revisions"}],"predecessor-version":[{"id":38085,"href":"http:\/\/www.grieta.org.mx\/index.php\/wp-json\/wp\/v2\/posts\/38077\/revisions\/38085"}],"wp:featuredmedia":[{"embeddable":true,"href":"http:\/\/www.grieta.org.mx\/index.php\/wp-json\/wp\/v2\/media\/38078"}],"wp:attachment":[{"href":"http:\/\/www.grieta.org.mx\/index.php\/wp-json\/wp\/v2\/media?parent=38077"}],"wp:term":[{"taxonomy":"category","embeddable":true,"href":"http:\/\/www.grieta.org.mx\/index.php\/wp-json\/wp\/v2\/categories?post=38077"},{"taxonomy":"post_tag","embeddable":true,"href":"http:\/\/www.grieta.org.mx\/index.php\/wp-json\/wp\/v2\/tags?post=38077"}],"curies":[{"name":"wp","href":"https:\/\/api.w.org\/{rel}","templated":true}]}}