{"id":37966,"date":"2019-08-15T00:41:58","date_gmt":"2019-08-15T05:41:58","guid":{"rendered":"http:\/\/www.grieta.org.mx\/?p=37966"},"modified":"2019-08-17T01:08:08","modified_gmt":"2019-08-17T06:08:08","slug":"el-gobierno-envia-a-la-frontera-con-guatemala-a-solicitantes-de-asilo-devueltos-por-eu","status":"publish","type":"post","link":"http:\/\/www.grieta.org.mx\/index.php\/2019\/08\/15\/el-gobierno-envia-a-la-frontera-con-guatemala-a-solicitantes-de-asilo-devueltos-por-eu\/","title":{"rendered":"El gobierno env\u00eda a la frontera con Guatemala a solicitantes de asilo devueltos por EU"},"content":{"rendered":"<blockquote><p>La Agencia de la ONU para los Refugiados muestra su preocupaci\u00f3n por las condiciones del traslado, y dice que algunos ni siquiera sab\u00edan d\u00f3nde hab\u00edan sido conducidos.<\/p><\/blockquote>\n<figure id=\"attachment_37967\" aria-describedby=\"caption-attachment-37967\" style=\"width: 800px\" class=\"wp-caption alignleft\"><img loading=\"lazy\" decoding=\"async\" data-attachment-id=\"37967\" data-permalink=\"http:\/\/www.grieta.org.mx\/index.php\/2019\/08\/15\/el-gobierno-envia-a-la-frontera-con-guatemala-a-solicitantes-de-asilo-devueltos-por-eu\/migrantes-frontera-sur\/\" data-orig-file=\"http:\/\/www.grieta.org.mx\/wp-content\/uploads\/2019\/08\/migrantes-frontera-sur.jpg\" data-orig-size=\"960,503\" data-comments-opened=\"0\" data-image-meta=\"{&quot;aperture&quot;:&quot;0&quot;,&quot;credit&quot;:&quot;&quot;,&quot;camera&quot;:&quot;&quot;,&quot;caption&quot;:&quot;&quot;,&quot;created_timestamp&quot;:&quot;0&quot;,&quot;copyright&quot;:&quot;&quot;,&quot;focal_length&quot;:&quot;0&quot;,&quot;iso&quot;:&quot;0&quot;,&quot;shutter_speed&quot;:&quot;0&quot;,&quot;title&quot;:&quot;&quot;,&quot;orientation&quot;:&quot;1&quot;}\" data-image-title=\"migrantes-frontera-sur\" data-image-description=\"\" data-image-caption=\"&lt;p&gt;Especial&lt;\/p&gt;\n\" data-medium-file=\"http:\/\/www.grieta.org.mx\/wp-content\/uploads\/2019\/08\/migrantes-frontera-sur-300x157.jpg\" data-large-file=\"http:\/\/www.grieta.org.mx\/wp-content\/uploads\/2019\/08\/migrantes-frontera-sur.jpg\" class=\"wp-image-37967\" src=\"http:\/\/www.grieta.org.mx\/wp-content\/uploads\/2019\/08\/migrantes-frontera-sur.jpg\" alt=\"\" width=\"800\" height=\"419\" srcset=\"http:\/\/www.grieta.org.mx\/wp-content\/uploads\/2019\/08\/migrantes-frontera-sur.jpg 960w, http:\/\/www.grieta.org.mx\/wp-content\/uploads\/2019\/08\/migrantes-frontera-sur-300x157.jpg 300w, http:\/\/www.grieta.org.mx\/wp-content\/uploads\/2019\/08\/migrantes-frontera-sur-768x402.jpg 768w, http:\/\/www.grieta.org.mx\/wp-content\/uploads\/2019\/08\/migrantes-frontera-sur-954x500.jpg 954w\" sizes=\"auto, (max-width: 800px) 100vw, 800px\" \/><figcaption id=\"caption-attachment-37967\" class=\"wp-caption-text\">Especial<\/figcaption><\/figure>\n<p>Alberto Pradilla\/ ANIMAL POL\u00cdTICO<\/p>\n<p>El gobierno ya no quiere que se queden en la frontera norte los migrantes que solicitan asilo a Estados Unidos, y que este pa\u00eds devuelve a M\u00e9xico. Ahora, los traslada a la frontera con Guatemala para que esperen la respuesta del gobierno estadounidense, a 2 mil 200 kil\u00f3metros de distancia.<\/p>\n<p>De acuerdo con la Secretar\u00eda de Relaciones Exteriores, este plan de enviar a los migrantes al sur ya se implementa en las ciudades de Nuevo Laredo y Matamoros, en Tamaulipas, consideradas de alto riesgo por los altos \u00edndices de violencia y la presencia del crimen organizado.<\/p>\n<p>\u201cEsta oferta de transportaci\u00f3n tiene como objeto ofrecer una alternativa m\u00e1s segura para aquellas personas que no desean permanecer en la frontera de M\u00e9xico con Estados Unidos, as\u00ed como desahogar la presi\u00f3n que sufren los albergues ubicados en las localidades de frontera\u201d, seg\u00fan la versi\u00f3n oficial.<\/p>\n<p>Estos son los migrantes que son devueltos a M\u00e9xico como parte del programa \u201cRemain in Mexico\u201d, la iniciativa de Donald Trump para que los refugiados esperen fuera de su territorio a que un juez decida sobre su caso. Y su destino es Tapachula, Chiapas, porque ah\u00ed \u201chay mejores instalaciones y albergues\u201d.<\/p>\n<p>Sin embargo, la Agencia de la ONU para los Refugiados (Acnur) contradice esta versi\u00f3n. \u201cEl Acnur tuvo conocimiento de estos traslados y pudo comprobar que las personas que fueron trasladadas estaban confundidas y algunas no ten\u00edan claro que hab\u00edan llegado a la frontera\u201d, confirma Silvia Gardu\u00f1o, oficial de Informaci\u00f3n P\u00fablica de la instituci\u00f3n.<\/p>\n<p>El mi\u00e9rcoles llegaron a Chiapas al menos cinco autobuses. No se detuvieron hasta alcanzar la entrada del puente internacional Rodolfo Robles, en Ciudad Hidalgo, el \u00faltimo municipio antes de llegar a Guatemala.<\/p>\n<p>De la llegada de los camionetas fue testigo Adam Isaacson, integrante de Washington Office in Latin America (Wola), una ONG estadounidense. Junto a \u00e9l se encontraban funcionarios de Acnur y la Organizaci\u00f3n Internacional para las Migraciones (OIM).<\/p>\n<p>Seg\u00fan relata Isaacson, tres de los autobuses se estacionaron frente a la estaci\u00f3n migratoria Siglo XXI, en Tapachula. Despu\u00e9s de que los pilotos hablasen con personal del centro de detenci\u00f3n retomaron la ruta hasta Ciudad Hidalgo, a 37 kil\u00f3metros, el \u00faltimo municipio mexicano antes de cruzar el r\u00edo Suchiate y entrar en Guatemala. All\u00ed se encontraban los otros dos autobuses.<\/p>\n<p>Todos los trasladados en estos veh\u00edculos fueron previamente devueltos por Estados Unidos. Todos tienen una cita con un juez para solicitar refugio. Todos fueron conducidos a Chiapas, el estado m\u00e1s pobre de M\u00e9xico, el m\u00e1s alejado la frontera norte.<\/p>\n<p>De acuerdo con el relato de Isaacson, algunos regresaron a Guatemala, con el objetivo de esperar la cita en sus pa\u00edses de origen o, simplemente, desistir. Otros quedaron en Ciudad Hidalgo. Si quieren pelear por su caso, deber\u00e1n desandar m\u00e1s de 2,200 kil\u00f3metros. Lo tendr\u00e1n que hacer \u201ccon sus propios recursos\u201d, seg\u00fan estas fuentes de la SRE. El transporte gratuito solo tiene direcci\u00f3n hacia el sur, no hacia el norte.<\/p>\n<p>Esta misma fuente asegur\u00f3 que los migrantes fueron informados en todo momento de cu\u00e1l es su destino, y que pod\u00edan bajar del autob\u00fas en cualquier momento.<\/p>\n<p>Christofer Gasc\u00f3n, representante de la OIM en M\u00e9xico, insiste en establecer diferencias entre este procedimiento y los programas de su instituci\u00f3n. Dice que ellos tienen planes de \u201cretorno asistido\u201d desde lugares como Ciudad Ju\u00e1rez, en Chihuahua, y desde Tijuana, en Baja California. Afirma que existe un protocolo para asegurarse de que los migrantes desean realmente regresar a su pa\u00eds, que conocen el procedimiento y las opciones que tienen en M\u00e9xico y que no corren riesgo en su retorno.<\/p>\n<p>La nota de la SRE no hace menci\u00f3n a protocolo alguno para determinar los peligros que pueden enfrentan los solicitantes de refugio en sus pa\u00edses. \u201cEl gobierno de M\u00e9xico no puede retener a ning\u00fan solicitante de asilo contra su voluntad\u201d, dice la nota.<\/p>\n<p>Los autobuses a Chiapas comenzaron en agosto. Pero fuentes de la SRE aseguran que los traslados desde Tamaulipas se iniciaron cuando Estados Unidos comenz\u00f3 su pol\u00edtica de devoluciones. La diferencia es que antes los migrantes eran enviados a Monterrey, en Nuevo Le\u00f3n, a 224 kil\u00f3metros de la frontera. Fotograf\u00edas tomadas el 31 de agosto en la estaci\u00f3n de Monterrey muestran camionetas con el logo del INM dejando a los migrantes. Ahora, la SRE dice que es \u201cel Gobierno de M\u00e9xico\u201d el que desarrolla el plan.<\/p>\n<p>No hay cifras oficiales sobre cu\u00e1ntos fueron trasladados. Los veh\u00edculos no llevan ning\u00fan distintivo oficial, y en su interior no hay funcionarios adscritos a ning\u00fan departamento del gobierno mexicano.<\/p>\n<p>Animal Pol\u00edtico pregunt\u00f3 al INM sobre su participaci\u00f3n en estos traslados, pero no obtuvo respuesta.<\/p>\n<p><img loading=\"lazy\" decoding=\"async\" data-attachment-id=\"37968\" data-permalink=\"http:\/\/www.grieta.org.mx\/index.php\/2019\/08\/15\/el-gobierno-envia-a-la-frontera-con-guatemala-a-solicitantes-de-asilo-devueltos-por-eu\/foto-migrantes\/\" data-orig-file=\"http:\/\/www.grieta.org.mx\/wp-content\/uploads\/2019\/08\/foto-migrantes.jpg\" data-orig-size=\"1024,768\" data-comments-opened=\"0\" data-image-meta=\"{&quot;aperture&quot;:&quot;0&quot;,&quot;credit&quot;:&quot;&quot;,&quot;camera&quot;:&quot;&quot;,&quot;caption&quot;:&quot;&quot;,&quot;created_timestamp&quot;:&quot;0&quot;,&quot;copyright&quot;:&quot;&quot;,&quot;focal_length&quot;:&quot;0&quot;,&quot;iso&quot;:&quot;0&quot;,&quot;shutter_speed&quot;:&quot;0&quot;,&quot;title&quot;:&quot;&quot;,&quot;orientation&quot;:&quot;1&quot;}\" data-image-title=\"foto-migrantes\" data-image-description=\"\" data-image-caption=\"\" data-medium-file=\"http:\/\/www.grieta.org.mx\/wp-content\/uploads\/2019\/08\/foto-migrantes-300x225.jpg\" data-large-file=\"http:\/\/www.grieta.org.mx\/wp-content\/uploads\/2019\/08\/foto-migrantes-1024x768.jpg\" class=\"alignleft wp-image-37968\" src=\"http:\/\/www.grieta.org.mx\/wp-content\/uploads\/2019\/08\/foto-migrantes.jpg\" alt=\"\" width=\"800\" height=\"600\" srcset=\"http:\/\/www.grieta.org.mx\/wp-content\/uploads\/2019\/08\/foto-migrantes.jpg 1024w, http:\/\/www.grieta.org.mx\/wp-content\/uploads\/2019\/08\/foto-migrantes-300x225.jpg 300w, http:\/\/www.grieta.org.mx\/wp-content\/uploads\/2019\/08\/foto-migrantes-768x576.jpg 768w, http:\/\/www.grieta.org.mx\/wp-content\/uploads\/2019\/08\/foto-migrantes-667x500.jpg 667w\" sizes=\"auto, (max-width: 800px) 100vw, 800px\" \/><\/p>\n<p>Julio L\u00f3pez, sacerdote y responsable de la Casa del Migrante Nazareth, en Nuevo Laredo, fue una de las primeras voces que se alz\u00f3 contra esta pr\u00e1ctica. Asegura que desde inicios de agosto interpuso una queja en la ofician de la Comisi\u00f3n Nacional para los Derechos Humanos (CNDH) en Reynosa. Todav\u00eda no hay resoluci\u00f3n.<\/p>\n<p>Seg\u00fan explica el religioso, los albergues de Nuevo Laredo est\u00e1n colapsados solo con las personas que esperan su proceso legal para pedir asilo. Se trata de aquellos solicitantes que aguardan un turno para entrar por la frontera, pero que terminan sufriendo el mismo destino que aquellos que cruzan el r\u00edo y alcanzan ilegalmente territorio norteamericano para, una vez detenidos, pedir refugio.<\/p>\n<p>El procedimiento, tanto para quienes fueron expulsados a Monterrey como para los desplazados a Chiapas, es el siguiente: los migrantes son devueltos de Estados Unidos. Todos ellos son conducidos a las instalaciones del INM junto al puente 1, en la frontera. All\u00ed se les entrega una Forma Migratoria M\u00faltiple, de 180 d\u00edas de duraci\u00f3n. All\u00ed se ven obligados a esperar. Se trata de un recinto cerrado pero que no tiene condiciones como albergue. Reciben una comida al d\u00eda.<\/p>\n<p>No tienen m\u00e1s opciones: tomar el autob\u00fas, para el que esperan entre uno o dos d\u00edas, o aventarse a Nuevo Laredo, un municipio que no conocen y con problemas de inseguridad.<\/p>\n<p>Francisco Oswaldo Barrera, salvadore\u00f1o de 28 a\u00f1os, es uno de los afectados. El 3 de agosto, justo cuando comenzaron los autobuses hacia Chiapas, mostraba su intranquilidad mientras aguardaba ser trasladado. Relataba haber cruzado por Miguel Alem\u00e1n, en Tamaulipas, junto a su hijo de siete a\u00f1os. Pas\u00f3 varios d\u00edas en la \u201chielera\u201d, las celdas de la Patrulla Fronteriza. Incluso relat\u00f3 que un d\u00eda iban a entregarlo a M\u00e9xico, pero lo rechazaron porque no hab\u00eda espacio. Cuando regres\u00f3 al centro de detenci\u00f3n vio c\u00f3mo otros solicitantes de asilo, que iban con menores como \u00e9l, fueron puestos en libertad en territorio norteamericano.<\/p>\n<p>Maldice su mala suerte. Ojal\u00e1 hubiese sido uno de ellos, se repite.<\/p>\n<p>Dice Barrera que tiene su cita con un juez el 29 de octubre. \u00bfQu\u00e9 hacer hasta entonces?<\/p>\n<p>\u201cNo s\u00e9 d\u00f3nde estar. Para Monterrey hay albergues, pero est\u00e1n llenos. Lo que quieren es sacarnos de aqu\u00ed\u201d, dice. \u201cMi idea es esperar, pero \u00bfd\u00f3nde? Quiero que me den una opci\u00f3n\u201d, se quejaba.<\/p>\n<p>Barrera tom\u00f3 uno de estos autobuses. Quiz\u00e1s haya regresado a El Salvador. Puede que est\u00e9 en Ciudad Hidalgo, donde algunos migrantes durmieron en la plaza o fueron apoyados por pobladores. Puede que intentase retomar el camino al norte.<\/p>\n<p>El gobierno de M\u00e9xico reivindica su plan, argumentando que pone a salvo a los solicitantes de asilo. No todas las instituciones comparten esta visi\u00f3n.<\/p>\n<p>\u201cEl Acnur ha expresado su preocupaci\u00f3n a las autoridades sobre la falta de informaci\u00f3n clara, por ejemplo, para volver a entrar a M\u00e9xico y desde ah\u00ed a Estados Unidos para asistir a las audiencias programadas m\u00e1s adelante. Es importante que las personas sean informadas de manera clara sobre los traslados y los destinos para evitar que quienes tienen necesidades de protecci\u00f3n internacional terminen devolvi\u00e9ndose a sus pa\u00edses de origen a situaciones de riesgo\u201d, dijo Silvia Gardu\u00f1o.<\/p>\n<p>\u201cParece ser una clara y descarada violaci\u00f3n del derecho de solicitar protecci\u00f3n en otro pa\u00eds\u201d, dijo Adam Isaacson. \u201cA\u00fan si solo el 10% de ellos ten\u00edan casos fuertes de asilo, eso implicar\u00eda que decenas de personas ya corren un grave riesgo a sus vidas ya de nuevo en Centroam\u00e9rica\u201d, a\u00f1adi\u00f3.<\/p>\n<p>Para el integrante de Wola, \u201cparece que sacaron a personas vulnerables, atemorizadas, en la parte m\u00e1s peligrosa de la frontera norte, les dieron poca o mala informaci\u00f3n, les llevaron 2,000 kil\u00f3metros solo custodiados por el ch\u00f3fer del bus y las dejaron con opciones poco viables para continuar sus procesos de asilo\u201d.<\/p>\n<p>Con informaci\u00f3n de Francisco Sandoval y Alberto Carrasco<\/p>\n<p>Fotos de Daniel M\u00e9ndez, de El Ma\u00f1ana de Nuevo Laredo<\/p>\n<p><a href=\"https:\/\/www.animalpolitico.com\/2019\/08\/migrantes-asilo-guatemala-envio-frontera\/\" target=\"_blank\" rel=\"noopener noreferrer\">https:\/\/www.animalpolitico.com\/2019\/08\/migrantes-asilo-guatemala-envio-frontera\/<\/a><\/p>\n","protected":false},"excerpt":{"rendered":"<p>La Agencia de la ONU para los Refugiados muestra su preocupaci\u00f3n por las condiciones del traslado, y dice que algunos ni siquiera sab\u00edan d\u00f3nde hab\u00edan sido conducidos. Alberto Pradilla\/ ANIMAL &hellip; <a href=\"http:\/\/www.grieta.org.mx\/index.php\/2019\/08\/15\/el-gobierno-envia-a-la-frontera-con-guatemala-a-solicitantes-de-asilo-devueltos-por-eu\/\" class=\"more-link\">Leer m\u00e1s<\/a><\/p>\n","protected":false},"author":2,"featured_media":37967,"comment_status":"closed","ping_status":"closed","sticky":false,"template":"","format":"standard","meta":{"ngg_post_thumbnail":0,"_jetpack_newsletter_access":"","_jetpack_dont_email_post_to_subs":false,"_jetpack_newsletter_tier_id":0,"_jetpack_memberships_contains_paywalled_content":false,"_jetpack_memberships_contains_paid_content":false,"footnotes":""},"categories":[80,86,2,83],"tags":[2779,2511,2812,2650,2788],"class_list":["post-37966","post","type-post","status-publish","format-standard","has-post-thumbnail","hentry","category-cintillo","category-migrantes","category-noticias-nacionales","category-temas-nacionales","tag-alineacion-de-amlo-con-politica-antimigrante-de-eu","tag-deportacion-de-migrantes","tag-frontera-sur","tag-migrantes-en-la-frontera-norte","tag-violacion-de-derechos-humanos-de-migrantes-por-el-estado-mexicano","entry"],"jetpack_featured_media_url":"http:\/\/www.grieta.org.mx\/wp-content\/uploads\/2019\/08\/migrantes-frontera-sur.jpg","jetpack_sharing_enabled":true,"jetpack_shortlink":"https:\/\/wp.me\/p7ZJR4-9Sm","jetpack_likes_enabled":false,"jetpack-related-posts":[{"id":51524,"url":"http:\/\/www.grieta.org.mx\/index.php\/2020\/07\/02\/varados-mas-de-600-inmigrantes-en-frontera-de-tamaulipas\/","url_meta":{"origin":37966,"position":0},"title":"Varados m\u00e1s de 600 inmigrantes en frontera de Tamaulipas","author":"grieta","date":"2 julio, 2020","format":false,"excerpt":"Mirna Hern\u00e1ndez\/El Sol de Tampico 2 julio 2020 Ante la decisi\u00f3n del gobierno de Guatemala de cerrar su frontera con M\u00e9xico M\u00e1s de 600 migrantes centroamericanos deportados de Estados Unidos, permanecen varados en Tamaulipas | Antonio Sosa | El Sol de Tampico M\u00e1s de 600 migrantes centroamericanos deportados de Estados\u2026","rel":"","context":"En &quot;CINTILLO&quot;","block_context":{"text":"CINTILLO","link":"http:\/\/www.grieta.org.mx\/index.php\/category\/cintillo\/"},"img":{"alt_text":"","src":"https:\/\/i0.wp.com\/www.grieta.org.mx\/wp-content\/uploads\/2020\/07\/WhatsApp-Image-2020-07-02-at-12.09.10.jpeg?resize=350%2C200","width":350,"height":200,"srcset":"https:\/\/i0.wp.com\/www.grieta.org.mx\/wp-content\/uploads\/2020\/07\/WhatsApp-Image-2020-07-02-at-12.09.10.jpeg?resize=350%2C200 1x, https:\/\/i0.wp.com\/www.grieta.org.mx\/wp-content\/uploads\/2020\/07\/WhatsApp-Image-2020-07-02-at-12.09.10.jpeg?resize=525%2C300 1.5x, https:\/\/i0.wp.com\/www.grieta.org.mx\/wp-content\/uploads\/2020\/07\/WhatsApp-Image-2020-07-02-at-12.09.10.jpeg?resize=700%2C400 2x"},"classes":[]},{"id":27604,"url":"http:\/\/www.grieta.org.mx\/index.php\/2018\/11\/16\/mas-de-2-mil-migrantes-en-tijuana-en-espera-de-asilo-politico-en-eu\/","url_meta":{"origin":37966,"position":1},"title":"M\u00e1s de 2 mil migrantes en Tijuana en espera de asilo pol\u00edtico en EU","author":"grieta","date":"16 noviembre, 2018","format":false,"excerpt":"Antonio Heras \/ Lindero Norte Mientras que en Mexicali empiezan a quedarse migrantes a descansar antes de llegar a su destino, Tijuana amaneci\u00f3 con m\u00e1s de 2 mil hombres y mujeres, adem\u00e1s de saturaci\u00f3n de espacios en los albergues instalados por autoridades locales y organizaciones de la sociedad civil. El\u2026","rel":"","context":"En &quot;Baja California&quot;","block_context":{"text":"Baja California","link":"http:\/\/www.grieta.org.mx\/index.php\/category\/noticias-nacionales\/baja-california\/"},"img":{"alt_text":"","src":"https:\/\/i0.wp.com\/www.grieta.org.mx\/wp-content\/uploads\/2018\/11\/images-31379977364878600886.jpg?resize=350%2C200","width":350,"height":200,"srcset":"https:\/\/i0.wp.com\/www.grieta.org.mx\/wp-content\/uploads\/2018\/11\/images-31379977364878600886.jpg?resize=350%2C200 1x, https:\/\/i0.wp.com\/www.grieta.org.mx\/wp-content\/uploads\/2018\/11\/images-31379977364878600886.jpg?resize=525%2C300 1.5x"},"classes":[]},{"id":37998,"url":"http:\/\/www.grieta.org.mx\/index.php\/2019\/08\/17\/desalojan-del-puente-de-nuevo-laredo-a-solicitantes-de-asilo-retornados-de-eu\/","url_meta":{"origin":37966,"position":2},"title":"Desalojan del puente de Nuevo Laredo a solicitantes de asilo retornados de EU","author":"grieta","date":"17 agosto, 2019","format":false,"excerpt":"El desalojo se produjo poco antes de que se revelara que el gobierno mexicano estaba enviando a la frontera sur a los solicitantes de asilo en Estados Unidos. Alberto Pradilla\/ ANIMAL POL\u00cdTICO El Puente I de Nuevo Laredo, en Tamaulipas, donde esperan los migrantes retornados de Estados Unidos tras pedir\u2026","rel":"","context":"En &quot;CINTILLO&quot;","block_context":{"text":"CINTILLO","link":"http:\/\/www.grieta.org.mx\/index.php\/category\/cintillo\/"},"img":{"alt_text":"","src":"https:\/\/i0.wp.com\/www.grieta.org.mx\/wp-content\/uploads\/2019\/08\/desalojan-solicitantes-asilo-nuevo-laredo.jpg?resize=350%2C200","width":350,"height":200,"srcset":"https:\/\/i0.wp.com\/www.grieta.org.mx\/wp-content\/uploads\/2019\/08\/desalojan-solicitantes-asilo-nuevo-laredo.jpg?resize=350%2C200 1x, https:\/\/i0.wp.com\/www.grieta.org.mx\/wp-content\/uploads\/2019\/08\/desalojan-solicitantes-asilo-nuevo-laredo.jpg?resize=525%2C300 1.5x, https:\/\/i0.wp.com\/www.grieta.org.mx\/wp-content\/uploads\/2019\/08\/desalojan-solicitantes-asilo-nuevo-laredo.jpg?resize=700%2C400 2x"},"classes":[]},{"id":8700,"url":"http:\/\/www.grieta.org.mx\/index.php\/2016\/08\/31\/secuestro-de-migrantes-en-bc\/","url_meta":{"origin":37966,"position":3},"title":"Migrantes inundan Baja California","author":"grieta","date":"31 agosto, 2016","format":false,"excerpt":"31\/08\/16. Contin\u00faa llegada de migrantes extranjeros y mexicanos que buscan asilo en EU La Jornada Baja California 20\/08\/16. A la baja llegada de migrantes a BC que quieren asilo en EU El Sol de Puebla 10\/08\/16. Libera INM al grupo de migrantes detenidos en Mexicali La Jornada Baja California 10\/08\/16.\u2026","rel":"","context":"En &quot;Baja California&quot;","block_context":{"text":"Baja California","link":"http:\/\/www.grieta.org.mx\/index.php\/category\/noticias-nacionales\/baja-california\/"},"img":{"alt_text":"","src":"https:\/\/i0.wp.com\/www.grieta.org.mx\/wp-content\/uploads\/2018\/03\/14524434_1106112876131411_958039263622046936_o.jpg?resize=350%2C200","width":350,"height":200,"srcset":"https:\/\/i0.wp.com\/www.grieta.org.mx\/wp-content\/uploads\/2018\/03\/14524434_1106112876131411_958039263622046936_o.jpg?resize=350%2C200 1x, https:\/\/i0.wp.com\/www.grieta.org.mx\/wp-content\/uploads\/2018\/03\/14524434_1106112876131411_958039263622046936_o.jpg?resize=525%2C300 1.5x, https:\/\/i0.wp.com\/www.grieta.org.mx\/wp-content\/uploads\/2018\/03\/14524434_1106112876131411_958039263622046936_o.jpg?resize=700%2C400 2x"},"classes":[]},{"id":39190,"url":"http:\/\/www.grieta.org.mx\/index.php\/2019\/09\/13\/nueva-ola-de-desesperacion-entre-migrantes-en-frontera-mexicana\/","url_meta":{"origin":37966,"position":4},"title":"Nueva ola de desesperaci\u00f3n entre migrantes en frontera mexicana","author":"grieta","date":"13 septiembre, 2019","format":false,"excerpt":"HISPANTV Debido al nuevo fallo de la Corte Suprema de EE.UU., decenas de miles de migrantes sienten desesperados en la frontera con M\u00e9xico. La nueva ola de desesperaci\u00f3n se extiende entre decenas de miles de migrantes que esperaban en la frontera mexicana para buscar refugio en EE.UU. despu\u00e9s de las\u2026","rel":"","context":"En &quot;CINTILLO&quot;","block_context":{"text":"CINTILLO","link":"http:\/\/www.grieta.org.mx\/index.php\/category\/cintillo\/"},"img":{"alt_text":"","src":"https:\/\/i0.wp.com\/www.grieta.org.mx\/wp-content\/uploads\/2019\/09\/migrantes-varados.jpg?resize=350%2C200","width":350,"height":200,"srcset":"https:\/\/i0.wp.com\/www.grieta.org.mx\/wp-content\/uploads\/2019\/09\/migrantes-varados.jpg?resize=350%2C200 1x, https:\/\/i0.wp.com\/www.grieta.org.mx\/wp-content\/uploads\/2019\/09\/migrantes-varados.jpg?resize=525%2C300 1.5x, https:\/\/i0.wp.com\/www.grieta.org.mx\/wp-content\/uploads\/2019\/09\/migrantes-varados.jpg?resize=700%2C400 2x, https:\/\/i0.wp.com\/www.grieta.org.mx\/wp-content\/uploads\/2019\/09\/migrantes-varados.jpg?resize=1050%2C600 3x"},"classes":[]},{"id":52375,"url":"http:\/\/www.grieta.org.mx\/index.php\/2020\/07\/24\/alarga-estados-unidos-la-espera-de-asilo-a-migrantes-enviados-a-mexico\/","url_meta":{"origin":37966,"position":5},"title":"Alarga Estados Unidos la espera de asilo a migrantes enviados a M\u00e9xico","author":"grieta","date":"24 julio, 2020","format":false,"excerpt":"Las Cortes de inmigraci\u00f3n seguir\u00e1n cerradas y no hay fecha para su reapertura debido al COVID-19, anunci\u00f3 la administraci\u00f3n Trump; miles de extranjeros se encuentran en el limbo bajo el programa MPP en Ciudad Ju\u00e1rez, as\u00ed como en otras comunidades de la frontera norte de M\u00e9xico Roc\u00edo Gallegos \/ LA\u2026","rel":"","context":"En &quot;Baja California&quot;","block_context":{"text":"Baja California","link":"http:\/\/www.grieta.org.mx\/index.php\/category\/noticias-nacionales\/baja-california\/"},"img":{"alt_text":"","src":"https:\/\/i0.wp.com\/www.grieta.org.mx\/wp-content\/uploads\/2020\/08\/Foto-bandera-de-EU-en-bordo-del-r%C3%ADo.-alejandro-Sanchez-1536x1022.jpg?resize=350%2C200","width":350,"height":200,"srcset":"https:\/\/i0.wp.com\/www.grieta.org.mx\/wp-content\/uploads\/2020\/08\/Foto-bandera-de-EU-en-bordo-del-r%C3%ADo.-alejandro-Sanchez-1536x1022.jpg?resize=350%2C200 1x, https:\/\/i0.wp.com\/www.grieta.org.mx\/wp-content\/uploads\/2020\/08\/Foto-bandera-de-EU-en-bordo-del-r%C3%ADo.-alejandro-Sanchez-1536x1022.jpg?resize=525%2C300 1.5x, https:\/\/i0.wp.com\/www.grieta.org.mx\/wp-content\/uploads\/2020\/08\/Foto-bandera-de-EU-en-bordo-del-r%C3%ADo.-alejandro-Sanchez-1536x1022.jpg?resize=700%2C400 2x, https:\/\/i0.wp.com\/www.grieta.org.mx\/wp-content\/uploads\/2020\/08\/Foto-bandera-de-EU-en-bordo-del-r%C3%ADo.-alejandro-Sanchez-1536x1022.jpg?resize=1050%2C600 3x, https:\/\/i0.wp.com\/www.grieta.org.mx\/wp-content\/uploads\/2020\/08\/Foto-bandera-de-EU-en-bordo-del-r%C3%ADo.-alejandro-Sanchez-1536x1022.jpg?resize=1400%2C800 4x"},"classes":[]}],"_links":{"self":[{"href":"http:\/\/www.grieta.org.mx\/index.php\/wp-json\/wp\/v2\/posts\/37966","targetHints":{"allow":["GET"]}}],"collection":[{"href":"http:\/\/www.grieta.org.mx\/index.php\/wp-json\/wp\/v2\/posts"}],"about":[{"href":"http:\/\/www.grieta.org.mx\/index.php\/wp-json\/wp\/v2\/types\/post"}],"author":[{"embeddable":true,"href":"http:\/\/www.grieta.org.mx\/index.php\/wp-json\/wp\/v2\/users\/2"}],"replies":[{"embeddable":true,"href":"http:\/\/www.grieta.org.mx\/index.php\/wp-json\/wp\/v2\/comments?post=37966"}],"version-history":[{"count":1,"href":"http:\/\/www.grieta.org.mx\/index.php\/wp-json\/wp\/v2\/posts\/37966\/revisions"}],"predecessor-version":[{"id":37969,"href":"http:\/\/www.grieta.org.mx\/index.php\/wp-json\/wp\/v2\/posts\/37966\/revisions\/37969"}],"wp:featuredmedia":[{"embeddable":true,"href":"http:\/\/www.grieta.org.mx\/index.php\/wp-json\/wp\/v2\/media\/37967"}],"wp:attachment":[{"href":"http:\/\/www.grieta.org.mx\/index.php\/wp-json\/wp\/v2\/media?parent=37966"}],"wp:term":[{"taxonomy":"category","embeddable":true,"href":"http:\/\/www.grieta.org.mx\/index.php\/wp-json\/wp\/v2\/categories?post=37966"},{"taxonomy":"post_tag","embeddable":true,"href":"http:\/\/www.grieta.org.mx\/index.php\/wp-json\/wp\/v2\/tags?post=37966"}],"curies":[{"name":"wp","href":"https:\/\/api.w.org\/{rel}","templated":true}]}}