{"id":37935,"date":"2019-08-16T18:46:43","date_gmt":"2019-08-16T23:46:43","guid":{"rendered":"http:\/\/www.grieta.org.mx\/?p=37935"},"modified":"2019-08-16T18:46:43","modified_gmt":"2019-08-16T23:46:43","slug":"preocupa-la-alza-de-los-feminicidios-en-culiacan-sinaloa","status":"publish","type":"post","link":"http:\/\/www.grieta.org.mx\/index.php\/2019\/08\/16\/preocupa-la-alza-de-los-feminicidios-en-culiacan-sinaloa\/","title":{"rendered":"Preocupa la alza de los feminicidios en Culiac\u00e1n (Sinaloa)"},"content":{"rendered":"<p><img loading=\"lazy\" decoding=\"async\" data-attachment-id=\"37936\" data-permalink=\"http:\/\/www.grieta.org.mx\/index.php\/2019\/08\/16\/preocupa-la-alza-de-los-feminicidios-en-culiacan-sinaloa\/5780345ec4618877778b456e\/\" data-orig-file=\"http:\/\/www.grieta.org.mx\/wp-content\/uploads\/2019\/08\/5780345ec4618877778b456e.jpg\" data-orig-size=\"750,422\" data-comments-opened=\"0\" data-image-meta=\"{&quot;aperture&quot;:&quot;0&quot;,&quot;credit&quot;:&quot;&quot;,&quot;camera&quot;:&quot;&quot;,&quot;caption&quot;:&quot;&quot;,&quot;created_timestamp&quot;:&quot;0&quot;,&quot;copyright&quot;:&quot;&quot;,&quot;focal_length&quot;:&quot;0&quot;,&quot;iso&quot;:&quot;0&quot;,&quot;shutter_speed&quot;:&quot;0&quot;,&quot;title&quot;:&quot;&quot;,&quot;orientation&quot;:&quot;0&quot;}\" data-image-title=\"5780345ec4618877778b456e\" data-image-description=\"\" data-image-caption=\"\" data-medium-file=\"http:\/\/www.grieta.org.mx\/wp-content\/uploads\/2019\/08\/5780345ec4618877778b456e-300x169.jpg\" data-large-file=\"http:\/\/www.grieta.org.mx\/wp-content\/uploads\/2019\/08\/5780345ec4618877778b456e.jpg\" class=\"size-full wp-image-37936 aligncenter\" src=\"http:\/\/www.grieta.org.mx\/wp-content\/uploads\/2019\/08\/5780345ec4618877778b456e.jpg\" alt=\"\" width=\"750\" height=\"422\" srcset=\"http:\/\/www.grieta.org.mx\/wp-content\/uploads\/2019\/08\/5780345ec4618877778b456e.jpg 750w, http:\/\/www.grieta.org.mx\/wp-content\/uploads\/2019\/08\/5780345ec4618877778b456e-300x169.jpg 300w\" sizes=\"auto, (max-width: 750px) 100vw, 750px\" \/><\/p>\n<p>Foto: Reuters\/ Archivo<\/p>\n<p>Jes\u00fas Verdugo \/ El Sol de Sinaloa<\/p>\n<p><b>Culiac\u00e1n, Sin.<\/b>\u00a0La integrante del Observatorio Ciudadano Nacional del Feminicidio, Atziri Avila, realiz\u00f3 un llamado a que tanto las autoridades de justicia y la sociedad en general trate los casos de feminicidios como delitos y no como un concepto de moda o pasajero, esto durante su visita a Sinaloa para impartir el curso de Visualizaci\u00f3n de la violencia feminicida en los medios de comunicaci\u00f3n.<\/p>\n<p>El Sem\u00e1foro Delictivo arroj\u00f3 una cifra de 3 feminicidios en el \u00faltimo mes en Culiac\u00e1n, y aunque son m\u00e1s los asesinatos a mujeres por cuestiones de g\u00e9nero, la tipificaci\u00f3n es diferente para muchos expedientes, ya sea como maquillaje de cifras o incapacidad de las autoridades para identificar cada caso.<\/p>\n<p><em>&#8220;El feminicidio no es un fen\u00f3meno aislado, es algo con lo que vivimos d\u00eda con dia&#8221;.<\/em><\/p>\n<p>Atziri Avila, defensora de los derechos de las mujeres<\/p>\n<p>Seg\u00fan datos del Observatorio Ciudadano Nacional del Feminicidio, solo el 30% de los casos de feminicidios, los victimarios pertenecen al c\u00edrculo cercano de la v\u00edctima, y el 70% restante es ajeno o desconocido.<\/p>\n<p>En ese sentido, en Sinaloa se desconoce el 94 por ciento de los casos quien fue el victimario, dejando un amplio margen de impunidad.<\/p>\n<p>\u00c1vila concluy\u00f3 con un llamado a los medios de comunicaci\u00f3n a ejercer un lenguaje m\u00e1s puntual y preciso en temas como este, casos donde se desestima el papel de la v\u00edctima por prejuicios morales o suposiciones.<\/p>\n<p><a href=\"https:\/\/www.elsoldesinaloa.com.mx\/policiaca\/preocupa-la-alza-de-los-feminicidios-en-culiacan-4048421.html\">https:\/\/www.elsoldesinaloa.com.mx\/policiaca\/preocupa-la-alza-de-los-feminicidios-en-culiacan-4048421.html<\/a><\/p>\n","protected":false},"excerpt":{"rendered":"<p>Foto: Reuters\/ Archivo Jes\u00fas Verdugo \/ El Sol de Sinaloa Culiac\u00e1n, Sin.\u00a0La integrante del Observatorio Ciudadano Nacional del Feminicidio, Atziri Avila, realiz\u00f3 un llamado a que tanto las autoridades de &hellip; <a href=\"http:\/\/www.grieta.org.mx\/index.php\/2019\/08\/16\/preocupa-la-alza-de-los-feminicidios-en-culiacan-sinaloa\/\" class=\"more-link\">Leer m\u00e1s<\/a><\/p>\n","protected":false},"author":2,"featured_media":37936,"comment_status":"closed","ping_status":"closed","sticky":false,"template":"","format":"standard","meta":{"ngg_post_thumbnail":0,"_jetpack_newsletter_access":"","_jetpack_dont_email_post_to_subs":false,"_jetpack_newsletter_tier_id":0,"_jetpack_memberships_contains_paywalled_content":false,"_jetpack_memberships_contains_paid_content":false,"footnotes":""},"categories":[80,84,1132,2,30,83],"tags":[81],"class_list":["post-37935","post","type-post","status-publish","format-standard","has-post-thumbnail","hentry","category-cintillo","category-feminicidios","category-feminicidios-en-sinaloa","category-noticias-nacionales","category-sinaloa","category-temas-nacionales","tag-feminicidios","entry"],"jetpack_featured_media_url":"http:\/\/www.grieta.org.mx\/wp-content\/uploads\/2019\/08\/5780345ec4618877778b456e.jpg","jetpack_sharing_enabled":true,"jetpack_shortlink":"https:\/\/wp.me\/p7ZJR4-9RR","jetpack_likes_enabled":false,"jetpack-related-posts":[{"id":45862,"url":"http:\/\/www.grieta.org.mx\/index.php\/2020\/03\/10\/galeria-de-fotos-del-dia-internacional-de-la-mujer-en-culiacan-sinaloa\/","url_meta":{"origin":37935,"position":0},"title":"Galer\u00eda de fotos del d\u00eda Internacional de la Mujer en Culiac\u00e1n, Sinaloa","author":"Admin","date":"10 marzo, 2020","format":false,"excerpt":"Colectivo Grieta \u00a0","rel":"","context":"En &quot;CINTILLO&quot;","block_context":{"text":"CINTILLO","link":"http:\/\/www.grieta.org.mx\/index.php\/category\/cintillo\/"},"img":{"alt_text":"","src":"https:\/\/i0.wp.com\/www.grieta.org.mx\/wp-content\/uploads\/2020\/03\/Culiacan01.jpeg?resize=350%2C200","width":350,"height":200,"srcset":"https:\/\/i0.wp.com\/www.grieta.org.mx\/wp-content\/uploads\/2020\/03\/Culiacan01.jpeg?resize=350%2C200 1x, https:\/\/i0.wp.com\/www.grieta.org.mx\/wp-content\/uploads\/2020\/03\/Culiacan01.jpeg?resize=525%2C300 1.5x, https:\/\/i0.wp.com\/www.grieta.org.mx\/wp-content\/uploads\/2020\/03\/Culiacan01.jpeg?resize=700%2C400 2x"},"classes":[]},{"id":38174,"url":"http:\/\/www.grieta.org.mx\/index.php\/2019\/08\/16\/colectivos-feministas-gritan-justicia-sinaloa\/","url_meta":{"origin":37935,"position":1},"title":"Colectivos feministas gritan: \u00a1Justicia! (Sinaloa)","author":"grieta","date":"16 agosto, 2019","format":false,"excerpt":"Foto: Jes\u00fas Verdugo Colectivos feministas de Culiac\u00e1n se reunieron a protestar en la fiscal\u00eda por el caso de la menor que presuntamente fue violada por polic\u00edas en Azcapotzalco Jes\u00fas Verdugo \/ El Sol de Sinaloa Culiac\u00e1n, Sin. -\u00a0Decenas de mujeres\u00a0pertenecientes a\u00a0diferentes colectivos\u00a0en pro de los derechos de la mujer acudieron\u2026","rel":"","context":"En &quot;CINTILLO&quot;","block_context":{"text":"CINTILLO","link":"http:\/\/www.grieta.org.mx\/index.php\/category\/cintillo\/"},"img":{"alt_text":"","src":"https:\/\/i0.wp.com\/www.grieta.org.mx\/wp-content\/uploads\/2019\/08\/MUJERES-OKOK.jpg?resize=350%2C200","width":350,"height":200,"srcset":"https:\/\/i0.wp.com\/www.grieta.org.mx\/wp-content\/uploads\/2019\/08\/MUJERES-OKOK.jpg?resize=350%2C200 1x, https:\/\/i0.wp.com\/www.grieta.org.mx\/wp-content\/uploads\/2019\/08\/MUJERES-OKOK.jpg?resize=525%2C300 1.5x, https:\/\/i0.wp.com\/www.grieta.org.mx\/wp-content\/uploads\/2019\/08\/MUJERES-OKOK.jpg?resize=700%2C400 2x"},"classes":[]},{"id":974,"url":"http:\/\/www.grieta.org.mx\/index.php\/2016\/08\/28\/974\/","url_meta":{"origin":37935,"position":2},"title":"Feminicidios en Sinaloa","author":"grieta","date":"28 agosto, 2016","format":false,"excerpt":"28\/08\/16. Registra Sinaloa alta \u2018violencia feminicida\u2019 Noroeste 18\/08\/16. \u201cEl feminicidio va ligado a la desaparici\u00f3n\u201d El Debate 10\/08\/16. Aumentan feminicidios y violencia intrafamiliar (Sinaloa) Noroeste 25\/07\/16. Triple invisibilidad de mujeres en Sinaloa La Jornada 11\/07\/16. Impune, 70% de asesinatos de mujeres Noroeste 10\/07\/16. \"Golpea\" a mujeres la cultura machista Noroeste\u2026","rel":"","context":"En &quot;Feminicidios&quot;","block_context":{"text":"Feminicidios","link":"http:\/\/www.grieta.org.mx\/index.php\/category\/temas-nacionales\/feminicidios\/"},"img":{"alt_text":"","src":"https:\/\/i0.wp.com\/www.grieta.org.mx\/wp-content\/uploads\/2018\/03\/14524434_1106112876131411_958039263622046936_o.jpg?resize=350%2C200","width":350,"height":200,"srcset":"https:\/\/i0.wp.com\/www.grieta.org.mx\/wp-content\/uploads\/2018\/03\/14524434_1106112876131411_958039263622046936_o.jpg?resize=350%2C200 1x, https:\/\/i0.wp.com\/www.grieta.org.mx\/wp-content\/uploads\/2018\/03\/14524434_1106112876131411_958039263622046936_o.jpg?resize=525%2C300 1.5x, https:\/\/i0.wp.com\/www.grieta.org.mx\/wp-content\/uploads\/2018\/03\/14524434_1106112876131411_958039263622046936_o.jpg?resize=700%2C400 2x"},"classes":[]},{"id":58065,"url":"http:\/\/www.grieta.org.mx\/index.php\/2021\/03\/10\/manifestacion-8m-por-mujeres-victimas-de-feminicidios-en-sinaloa\/","url_meta":{"origin":37935,"position":3},"title":"Manifestaci\u00f3n 8M por mujeres v\u00edctimas de feminicidios en Sinaloa","author":"grieta","date":"10 marzo, 2021","format":false,"excerpt":"DEBATE\/ Mar\u00eda Arredondo Sinaloa.- Este 8 de marzo se manifiestan frente a la Catedral de la ciudad de Culiac\u00e1n, Sinaloa, familiares de mujeres v\u00edctimas de feminicidios acompa\u00f1adas de otras ciudadanas pertenecientes al movimiento feminista. Cada que el sem\u00e1foro de la avenida Obreg\u00f3n pinta su color rojo para los automovilistas, las\u2026","rel":"","context":"En &quot;Feminicidios en Sinaloa&quot;","block_context":{"text":"Feminicidios en Sinaloa","link":"http:\/\/www.grieta.org.mx\/index.php\/category\/noticias-nacionales\/sinaloa\/feminicidios-en-sinaloa\/"},"img":{"alt_text":"","src":"https:\/\/i0.wp.com\/www.grieta.org.mx\/wp-content\/uploads\/2021\/04\/Sinaloa.jpg?resize=350%2C200","width":350,"height":200,"srcset":"https:\/\/i0.wp.com\/www.grieta.org.mx\/wp-content\/uploads\/2021\/04\/Sinaloa.jpg?resize=350%2C200 1x, https:\/\/i0.wp.com\/www.grieta.org.mx\/wp-content\/uploads\/2021\/04\/Sinaloa.jpg?resize=525%2C300 1.5x, https:\/\/i0.wp.com\/www.grieta.org.mx\/wp-content\/uploads\/2021\/04\/Sinaloa.jpg?resize=700%2C400 2x, https:\/\/i0.wp.com\/www.grieta.org.mx\/wp-content\/uploads\/2021\/04\/Sinaloa.jpg?resize=1050%2C600 3x"},"classes":[]},{"id":15494,"url":"http:\/\/www.grieta.org.mx\/index.php\/2016\/04\/30\/en-10-dias-tres-feminicidios-en-culiacan-y-novolato\/","url_meta":{"origin":37935,"position":4},"title":"En 10 d\u00edas tres feminicidios en Culiac\u00e1n y Novolato","author":"grieta","date":"30 abril, 2016","format":false,"excerpt":"Redacci\u00f3n Revoluci\u00f3n 3.0. (30 de abril, 2016).- En Sinaloa, todos los feminicidios que han ocurrido, han sido en Culiac\u00e1n y Navolato. Dichos delitos han sido recurrentes en abril. Hasta el momento, van cuatro mujeres asesinadas en estos dos municipios, tres de \u00e9stas han sido asesinadas en los \u00faltimos 10 d\u00edas.\u2026","rel":"","context":"En &quot;CINTILLO&quot;","block_context":{"text":"CINTILLO","link":"http:\/\/www.grieta.org.mx\/index.php\/category\/cintillo\/"},"img":{"alt_text":"","src":"https:\/\/i0.wp.com\/www.grieta.org.mx\/wp-content\/uploads\/2018\/03\/14524434_1106112876131411_958039263622046936_o.jpg?resize=350%2C200","width":350,"height":200,"srcset":"https:\/\/i0.wp.com\/www.grieta.org.mx\/wp-content\/uploads\/2018\/03\/14524434_1106112876131411_958039263622046936_o.jpg?resize=350%2C200 1x, https:\/\/i0.wp.com\/www.grieta.org.mx\/wp-content\/uploads\/2018\/03\/14524434_1106112876131411_958039263622046936_o.jpg?resize=525%2C300 1.5x, https:\/\/i0.wp.com\/www.grieta.org.mx\/wp-content\/uploads\/2018\/03\/14524434_1106112876131411_958039263622046936_o.jpg?resize=700%2C400 2x"},"classes":[]},{"id":40180,"url":"http:\/\/www.grieta.org.mx\/index.php\/2019\/09\/27\/tiene-sinaloa-feminicidios-de-verdad-y-fiscalias-de-mentiras\/","url_meta":{"origin":37935,"position":5},"title":"Tiene Sinaloa feminicidios de verdad y fiscal\u00edas de mentiras","author":"grieta","date":"27 septiembre, 2019","format":false,"excerpt":"Revista Espejo \u00a0 \u00a0 Diana Giselle, la joven embarazada que estaba amenazada de muerte, interpuso el 17 de septiembre la denuncia ante la Fiscal\u00eda General de Sinaloa creyendo en las autoridades y que estas le proporcionar\u00edas las medidas de protecci\u00f3n para conservar la vida de ella y de su beb\u00e9,\u2026","rel":"","context":"En &quot;CINTILLO&quot;","block_context":{"text":"CINTILLO","link":"http:\/\/www.grieta.org.mx\/index.php\/category\/cintillo\/"},"img":{"alt_text":"","src":"https:\/\/i0.wp.com\/www.grieta.org.mx\/wp-content\/uploads\/2019\/10\/descarga.jpeg?resize=350%2C200","width":350,"height":200},"classes":[]}],"_links":{"self":[{"href":"http:\/\/www.grieta.org.mx\/index.php\/wp-json\/wp\/v2\/posts\/37935","targetHints":{"allow":["GET"]}}],"collection":[{"href":"http:\/\/www.grieta.org.mx\/index.php\/wp-json\/wp\/v2\/posts"}],"about":[{"href":"http:\/\/www.grieta.org.mx\/index.php\/wp-json\/wp\/v2\/types\/post"}],"author":[{"embeddable":true,"href":"http:\/\/www.grieta.org.mx\/index.php\/wp-json\/wp\/v2\/users\/2"}],"replies":[{"embeddable":true,"href":"http:\/\/www.grieta.org.mx\/index.php\/wp-json\/wp\/v2\/comments?post=37935"}],"version-history":[{"count":1,"href":"http:\/\/www.grieta.org.mx\/index.php\/wp-json\/wp\/v2\/posts\/37935\/revisions"}],"predecessor-version":[{"id":37938,"href":"http:\/\/www.grieta.org.mx\/index.php\/wp-json\/wp\/v2\/posts\/37935\/revisions\/37938"}],"wp:featuredmedia":[{"embeddable":true,"href":"http:\/\/www.grieta.org.mx\/index.php\/wp-json\/wp\/v2\/media\/37936"}],"wp:attachment":[{"href":"http:\/\/www.grieta.org.mx\/index.php\/wp-json\/wp\/v2\/media?parent=37935"}],"wp:term":[{"taxonomy":"category","embeddable":true,"href":"http:\/\/www.grieta.org.mx\/index.php\/wp-json\/wp\/v2\/categories?post=37935"},{"taxonomy":"post_tag","embeddable":true,"href":"http:\/\/www.grieta.org.mx\/index.php\/wp-json\/wp\/v2\/tags?post=37935"}],"curies":[{"name":"wp","href":"https:\/\/api.w.org\/{rel}","templated":true}]}}