{"id":37898,"date":"2019-08-15T00:05:16","date_gmt":"2019-08-15T05:05:16","guid":{"rendered":"http:\/\/www.grieta.org.mx\/?p=37898"},"modified":"2019-08-16T00:19:56","modified_gmt":"2019-08-16T05:19:56","slug":"tortura-sistematica-en-reclusorio-oriente-y-carceles-de-la-cdmx","status":"publish","type":"post","link":"http:\/\/www.grieta.org.mx\/index.php\/2019\/08\/15\/tortura-sistematica-en-reclusorio-oriente-y-carceles-de-la-cdmx\/","title":{"rendered":"Tortura sistem\u00e1tica en Reclusorio Oriente y c\u00e1rceles de la CDMX"},"content":{"rendered":"<p>Jordana Gonz\u00e1lez\/ CONTRAL\u00cdNEA<\/p>\n<blockquote><p>Sobrepoblaci\u00f3n, hacinamiento, castigos y corrupci\u00f3n son caldo de cultivo para los tratos crueles, inhumanos y degradantes que se padecen en las prisiones mexicanas. En la capital, cinco c\u00e1rceles se encuentran en estado cr\u00edtico; y la Cdhcdmx investiga 4 mil 345 quejas por violaciones a los derechos humanos de los reclusos, cometidas entre 2018 y lo que va de 2019<\/p><\/blockquote>\n<p><img loading=\"lazy\" decoding=\"async\" data-attachment-id=\"37899\" data-permalink=\"http:\/\/www.grieta.org.mx\/index.php\/2019\/08\/15\/tortura-sistematica-en-reclusorio-oriente-y-carceles-de-la-cdmx\/armando-monroy-co\/\" data-orig-file=\"http:\/\/www.grieta.org.mx\/wp-content\/uploads\/2019\/08\/Armando-monroy-CO.jpg\" data-orig-size=\"600,335\" data-comments-opened=\"0\" data-image-meta=\"{&quot;aperture&quot;:&quot;0&quot;,&quot;credit&quot;:&quot;&quot;,&quot;camera&quot;:&quot;&quot;,&quot;caption&quot;:&quot;&quot;,&quot;created_timestamp&quot;:&quot;0&quot;,&quot;copyright&quot;:&quot;&quot;,&quot;focal_length&quot;:&quot;0&quot;,&quot;iso&quot;:&quot;0&quot;,&quot;shutter_speed&quot;:&quot;0&quot;,&quot;title&quot;:&quot;&quot;,&quot;orientation&quot;:&quot;1&quot;}\" data-image-title=\"Armando-monroy-CO\" data-image-description=\"\" data-image-caption=\"\" data-medium-file=\"http:\/\/www.grieta.org.mx\/wp-content\/uploads\/2019\/08\/Armando-monroy-CO-300x168.jpg\" data-large-file=\"http:\/\/www.grieta.org.mx\/wp-content\/uploads\/2019\/08\/Armando-monroy-CO.jpg\" class=\"alignleft wp-image-37899\" src=\"http:\/\/www.grieta.org.mx\/wp-content\/uploads\/2019\/08\/Armando-monroy-CO.jpg\" alt=\"\" width=\"800\" height=\"447\" srcset=\"http:\/\/www.grieta.org.mx\/wp-content\/uploads\/2019\/08\/Armando-monroy-CO.jpg 600w, http:\/\/www.grieta.org.mx\/wp-content\/uploads\/2019\/08\/Armando-monroy-CO-300x168.jpg 300w\" sizes=\"auto, (max-width: 800px) 100vw, 800px\" \/><\/p>\n<p>\u201c\u00a1Hijo de tu puta madre, baja la cabeza. Ahora vas a valer madre. No me est\u00e9s viendo. Ponte ching\u00f3n!\u201d, fueron las palabras de bienvenida que le dieron los custodios del Reclusorio Preventivo Varonil Oriente de la Ciudad de M\u00e9xico a Bruno Valdez. Era la media noche de un s\u00e1bado de 2013 cuando lo ingresaron por vez primera a una l\u00fagubre y austera celda junto con el resto de los primo delincuentes, conocida como zona de ingreso.<\/p>\n<p>Bruno recuerda que fue despojado de sus pertenencias. Los celadores se quedan con todo aquello a lo que puedan \u201csacarle algo\u201d: unos tenis \u201cchidos\u201d, por ejemplo, narra el joven a Contral\u00ednea. A cambio, los prisioneros reciben \u201cpinches chanclas o lo que tengan\u201d.<\/p>\n<p>Actualmente, la Comisi\u00f3n de Derechos Humanos de la Ciudad de M\u00e9xico investiga 4 mil 345 quejas por presuntas violaciones cometidas en las c\u00e1rceles de la capital, que fueron presentadas entre enero de 2018 y mayo de 2019. El Reclusorio Preventivo Varonil Oriente concentra el 23.6 por ciento de esas denuncias, de acuerdo con datos de la ombudsperson capitalina Nashieli Ram\u00edrez.<\/p>\n<p>Las personas que m\u00e1s sufren \u201call\u00e1 adentro [en la c\u00e1rcel]\u201d son quienes padecen de alguna discapacidad, se\u00f1ala Bruno. Aquellos pertenecientes a una comunidad originaria o los analfabetas, asegura. \u201cSi no contestas bien, te pegan ching\u00f3n\u201d.<\/p>\n<p>Los tratos crueles, inhumanos y degradantes se viven desde el ingreso. Ning\u00fan reo parece escapar de ellos, pues en la c\u00e1rcel \u2013considerada de por s\u00ed como un espacio torturante\u2013 hasta el espacio que habitan resulta ser un acto de tortura: en las peque\u00f1as celdas de 5 por 5 metros cuadrados se hacinan de cuatro a m\u00e1s personas; y en las m\u00e1s grandes, hasta 50 reos.<\/p>\n<p>Ya en libertad, Bruno recuerda aquellos d\u00edas tras las rejas: \u201cMe toc\u00f3 estar con 25 personas. \u00c9ramos muchos. Vi que unos g\u00fceyes se dorm\u00edan de gargolita: se amarraban en la puerta [con s\u00e1banas, su\u00e9teres o bufandas], o dorm\u00edan en las tumbas [espacio que se forma entre el piso y la primera cama de la litera]\u201d. Otros se apropiaban del espacio correspondiente al sanitario y ah\u00ed intentaban conciliar el sue\u00f1o.<\/p>\n<p>De acuerdo con el Diagn\u00f3stico nacional de supervisi\u00f3n penitenciaria \u2013elaborado por la Comisi\u00f3n Nacional de los Derechos Humanos (CNDH)\u2013, de 1 mil 162 centros de reclusi\u00f3n en el pa\u00eds, 457 est\u00e1n sobrepoblados y 494 presentan autogobierno.<\/p>\n<p>En la capital, se desprende de ese mismo estudio, cinco c\u00e1rceles se encuentran en esa situaci\u00f3n: los reclusorios varoniles Oriente, Norte y Sur; Centro Femenil de Reinserci\u00f3n Social Tepepan; y Penitenciar\u00eda Santa Martha Acatitla.<\/p>\n<p><img loading=\"lazy\" decoding=\"async\" data-attachment-id=\"37900\" data-permalink=\"http:\/\/www.grieta.org.mx\/index.php\/2019\/08\/15\/tortura-sistematica-en-reclusorio-oriente-y-carceles-de-la-cdmx\/dss-co\/\" data-orig-file=\"http:\/\/www.grieta.org.mx\/wp-content\/uploads\/2019\/08\/DSS-CO.jpg\" data-orig-size=\"600,335\" data-comments-opened=\"0\" data-image-meta=\"{&quot;aperture&quot;:&quot;0&quot;,&quot;credit&quot;:&quot;&quot;,&quot;camera&quot;:&quot;&quot;,&quot;caption&quot;:&quot;&quot;,&quot;created_timestamp&quot;:&quot;0&quot;,&quot;copyright&quot;:&quot;&quot;,&quot;focal_length&quot;:&quot;0&quot;,&quot;iso&quot;:&quot;0&quot;,&quot;shutter_speed&quot;:&quot;0&quot;,&quot;title&quot;:&quot;&quot;,&quot;orientation&quot;:&quot;1&quot;}\" data-image-title=\"DSS-CO\" data-image-description=\"\" data-image-caption=\"\" data-medium-file=\"http:\/\/www.grieta.org.mx\/wp-content\/uploads\/2019\/08\/DSS-CO-300x168.jpg\" data-large-file=\"http:\/\/www.grieta.org.mx\/wp-content\/uploads\/2019\/08\/DSS-CO.jpg\" class=\"alignleft wp-image-37900\" src=\"http:\/\/www.grieta.org.mx\/wp-content\/uploads\/2019\/08\/DSS-CO.jpg\" alt=\"\" width=\"800\" height=\"447\" srcset=\"http:\/\/www.grieta.org.mx\/wp-content\/uploads\/2019\/08\/DSS-CO.jpg 600w, http:\/\/www.grieta.org.mx\/wp-content\/uploads\/2019\/08\/DSS-CO-300x168.jpg 300w\" sizes=\"auto, (max-width: 800px) 100vw, 800px\" \/><\/p>\n<p>Tortura, pr\u00e1ctica sistem\u00e1tica<br \/>\nSentado en las escaleras de un centro social al oriente de la Ciudad, el joven viste con playera negra de manga corta, jeans color azul claro, tenis negros con detalles verdes y una gorra oscura con la visera echada hacia atr\u00e1s. Desde all\u00ed, narra los pesares que pas\u00f3 en prisi\u00f3n, como \u00e9se de \u201cluchar\u201d por un espacio para dormir o de hacer piel gruesa ante los constantes insultos de los custodios.<\/p>\n<p>Para Osvaldo Chavarr\u00eda Su\u00e1rez, especialista en derecho penal por el Instituto Nacional de Ciencias Penales (Inacipe), el que los reclusos tengan que dormir de manera vertical y amarrados a rejas de las celdas con su\u00e9teres, cobijas o bufandas \u201cimplica una cuesti\u00f3n de tortura\u201d.<\/p>\n<p>El acad\u00e9mico de la Facultad de Derecho, de la Universidad Nacional Aut\u00f3noma de M\u00e9xico, advierte que las formas en las que se agrede a los reclusos son variadas y constantes, algunas de ellas son f\u00edsicas y muy dolorosas, pero en ocasiones no dejan marca o \u00e9sta desaparece en menos de 24 horas.<\/p>\n<p>Por ejemplo, se les pega con palos en extremidades del cuerpo, se le obliga a hacer limpieza en cuclillas durante tiempos prolongados sin descanso, les meten alfileres o agujas debajo de las u\u00f1as.<\/p>\n<p>Ante la ausencia de marcas, a las v\u00edctimas se les dificulta presentar denuncias y pedir audiencia con un juez de ejecuci\u00f3n, como lo indica la Ley de Ejecuci\u00f3n Penal, para que posteriormente su caso pueda ser revisado bajo el Protocolo de Estambul, explica Adriana Greaves Mu\u00f1oz, maestra en derecho p\u00fablico y derecho comparado por la Benjamin Cardozo School of Law-Yeshiva University de Nueva York.<\/p>\n<p>No s\u00f3lo son las agresiones f\u00edsicas que padecen los reclusos. Otro tema que ocurre detr\u00e1s de los barrotes se refiere a los da\u00f1os sicol\u00f3gicos y, al respecto, Estefan\u00eda Medina Ruvalcaba, especialista en Sistema Penal Acusatorio por la Escuela Libre de Derecho, refiere que es muy dif\u00edcil probarlos. \u201cNo es lo mismo que el delito tenga poco tiempo a que sea denunciado 2 a\u00f1os despu\u00e9s\u201d.<\/p>\n<p>Datos de la CNDH indican que en lo que va de 2019 se han presentado dos quejas por tortura y tratos crueles, inhumanos y degradantes en las prisiones; mientras que en 2017, fueron 68 quejas presentadas por esos delitos de lesa humanidad. \u201cEs oscuro el tema porque claramente hay una cifra negra de gente que no denuncia y que se siente amenazada\u201d, se\u00f1ala la investigadora Greaves Mu\u00f1oz.<\/p>\n<p>Para 2018, sin embargo, no hay estad\u00edsticas similares: la Comisi\u00f3n apunta \u2013en el Diagn\u00f3stico nacional de supervisi\u00f3n penitenciaria\u2013 que en ese a\u00f1o recibi\u00f3 143 quejas por violaciones al derecho a la protecci\u00f3n de la salud, 24 por transgresiones al derecho al trato digno y cuatro por violaciones al derecho a la integridad y seguridad personal.<\/p>\n<p>El tema de la impunidad tambi\u00e9n es un factor para no denunciar. Consultadas por medio de la Ley General de Transparencia (solicitudes 000170191118 y 0002700001119), la Fiscal\u00eda General de la Rep\u00fablica \u2013antes Procuradur\u00eda\u2013 y la Secretar\u00eda de la Funci\u00f3n P\u00fablica (SFP) refieren no tener datos de sanciones aplicadas a celadores y funcionarios de c\u00e1rceles federales o de propios reos perpetradores de estos delitos.<\/p>\n<p>Para Greaves Mu\u00f1oz y Medina Ruvalcaba, cofundadoras de la asociaci\u00f3n civil Tojil Estrategia Contra la Impunidad, el problema no es la ausencia de datos, sino que las autoridades no investiguen los casos denunciados como tortura, porque las v\u00edctimas enfrentan procesos o han cometido delitos.<\/p>\n<p>En entrevista con Contral\u00ednea, refieren que esto genera un vicio en el que se percibe a los reos como los malos, gente de la sociedad que no merece la pena de investigar si fueron o no v\u00edctimas de violaciones a sus derechos humanos. Son doblemente castigados, desprotegidos por el mismo sistema, coinciden.<\/p>\n<p><img loading=\"lazy\" decoding=\"async\" data-attachment-id=\"37901\" data-permalink=\"http:\/\/www.grieta.org.mx\/index.php\/2019\/08\/15\/tortura-sistematica-en-reclusorio-oriente-y-carceles-de-la-cdmx\/mjm-2-co\/\" data-orig-file=\"http:\/\/www.grieta.org.mx\/wp-content\/uploads\/2019\/08\/MJM-2-CO.jpg\" data-orig-size=\"600,335\" data-comments-opened=\"0\" data-image-meta=\"{&quot;aperture&quot;:&quot;0&quot;,&quot;credit&quot;:&quot;&quot;,&quot;camera&quot;:&quot;&quot;,&quot;caption&quot;:&quot;&quot;,&quot;created_timestamp&quot;:&quot;0&quot;,&quot;copyright&quot;:&quot;&quot;,&quot;focal_length&quot;:&quot;0&quot;,&quot;iso&quot;:&quot;0&quot;,&quot;shutter_speed&quot;:&quot;0&quot;,&quot;title&quot;:&quot;&quot;,&quot;orientation&quot;:&quot;1&quot;}\" data-image-title=\"MJM-2-CO\" data-image-description=\"\" data-image-caption=\"\" data-medium-file=\"http:\/\/www.grieta.org.mx\/wp-content\/uploads\/2019\/08\/MJM-2-CO-300x168.jpg\" data-large-file=\"http:\/\/www.grieta.org.mx\/wp-content\/uploads\/2019\/08\/MJM-2-CO.jpg\" class=\"alignleft wp-image-37901\" src=\"http:\/\/www.grieta.org.mx\/wp-content\/uploads\/2019\/08\/MJM-2-CO.jpg\" alt=\"\" width=\"800\" height=\"447\" srcset=\"http:\/\/www.grieta.org.mx\/wp-content\/uploads\/2019\/08\/MJM-2-CO.jpg 600w, http:\/\/www.grieta.org.mx\/wp-content\/uploads\/2019\/08\/MJM-2-CO-300x168.jpg 300w\" sizes=\"auto, (max-width: 800px) 100vw, 800px\" \/><\/p>\n<p>El d\u00eda a d\u00eda en la prisi\u00f3n<br \/>\nLos centros de reclusi\u00f3n deben proporcionar a sus poblaciones lo m\u00e1s b\u00e1sico, como papel higi\u00e9nico, toallas sanitarias para las mujeres, agua, vestido, medicamentos y alimento en condiciones favorables con base en las Reglas Nelson Mandela, como se les conoce a las Reglas M\u00ednimas de las Naciones Unidas para el Tratamiento de los Reclusos adoptadas por el Estado mexicano.<\/p>\n<p>Sin embargo esto no siempre se cumple. En el Reclusorio Oriente, por ejemplo, no se les proporcionan utensilios para consumir sus alimentos en el llamado rancho. Bruno relata que \u00fanicamente en la zona de ingreso les proporcionaban platos, cucharas y otros enseres: \u201cah\u00ed hay trastecillos, los lavas y los usas. Y si no hay, usas lo que encuentres\u201d.<\/p>\n<p>Ante la falta de insumos b\u00e1sicos y la desesperaci\u00f3n, incluso, utilizan sus manos para sostener la comida o de la basura rescatan una botella de pl\u00e1stico, la cortan por la mitad con los dientes y ah\u00ed se les sirve el alimento, afirma el abogado Chavarr\u00eda Su\u00e1rez.<\/p>\n<p>En el Reclusorio Oriente no s\u00f3lo hay d\u00e9ficit en servicios b\u00e1sicos, sino incluso los presos pagan para que los funcionarios hagan su trabajo: la organizaci\u00f3n civil Documenta refiere que en 2016 los celadores cobraban 10 pesos por el pase de lista, lo que les representaba una ganancia superior a los 150 millones de pesos.<\/p>\n<p>Seg\u00fan Bruno, \u201cingreso es una zona muy cara. Para todo tienes que pagar: si no quieres pasar lista y pasar horas bajo el fr\u00edo sentado en el patio, si quieres realizar una llamada aunque no contesten, si no quieres hacer fajina [limpieza de las instalaciones]\u201d.<\/p>\n<p>El joven, quien actualmente estudia la licenciatura en derecho, refiere que ya en el anexo 7, \u00e9l y otros cinco compa\u00f1eros de celda compraron cobijas en los meses m\u00e1s fr\u00edos del a\u00f1o y las colocaban como cortinas.<\/p>\n<p>Las Reglas Nelson Mandela indican que el lugar de alojamiento, en especial los dormitorios, \u201cdeber\u00e1n cumplir todas las normas en condiciones clim\u00e1ticas y, en concreto, al volumen de aire, la superficie m\u00ednima, la iluminaci\u00f3n, la calefacci\u00f3n\u201d.<\/p>\n<p><img loading=\"lazy\" decoding=\"async\" data-attachment-id=\"37902\" data-permalink=\"http:\/\/www.grieta.org.mx\/index.php\/2019\/08\/15\/tortura-sistematica-en-reclusorio-oriente-y-carceles-de-la-cdmx\/isaac-esquivel-co\/\" data-orig-file=\"http:\/\/www.grieta.org.mx\/wp-content\/uploads\/2019\/08\/Isaac-Esquivel-CO.jpeg\" data-orig-size=\"600,335\" data-comments-opened=\"0\" data-image-meta=\"{&quot;aperture&quot;:&quot;0&quot;,&quot;credit&quot;:&quot;&quot;,&quot;camera&quot;:&quot;&quot;,&quot;caption&quot;:&quot;&quot;,&quot;created_timestamp&quot;:&quot;0&quot;,&quot;copyright&quot;:&quot;&quot;,&quot;focal_length&quot;:&quot;0&quot;,&quot;iso&quot;:&quot;0&quot;,&quot;shutter_speed&quot;:&quot;0&quot;,&quot;title&quot;:&quot;&quot;,&quot;orientation&quot;:&quot;1&quot;}\" data-image-title=\"Isaac-Esquivel-CO\" data-image-description=\"\" data-image-caption=\"\" data-medium-file=\"http:\/\/www.grieta.org.mx\/wp-content\/uploads\/2019\/08\/Isaac-Esquivel-CO-300x168.jpeg\" data-large-file=\"http:\/\/www.grieta.org.mx\/wp-content\/uploads\/2019\/08\/Isaac-Esquivel-CO.jpeg\" class=\"alignleft wp-image-37902\" src=\"http:\/\/www.grieta.org.mx\/wp-content\/uploads\/2019\/08\/Isaac-Esquivel-CO.jpeg\" alt=\"\" width=\"800\" height=\"447\" srcset=\"http:\/\/www.grieta.org.mx\/wp-content\/uploads\/2019\/08\/Isaac-Esquivel-CO.jpeg 600w, http:\/\/www.grieta.org.mx\/wp-content\/uploads\/2019\/08\/Isaac-Esquivel-CO-300x168.jpeg 300w\" sizes=\"auto, (max-width: 800px) 100vw, 800px\" \/><\/p>\n<p>Los castigos<br \/>\nBruno recuerda otra de las penurias frecuentes en la c\u00e1rcel: los llamados castigos. Para ello se tiene el llamado m\u00f3dulo, adonde mandan a personas castigadas, a los multi-reincidentes o quienes tienen cadenas perpetuas porque los delitos cometidos fueron de alta peligrosidad.<\/p>\n<p>Ah\u00ed, detalla, las condiciones son infrahumanas: la comida no alcanza para todos. \u201cNunca ves la luz del sol y cuando lo haces [los custodios] son muy cuidados. \u201cS\u00f3lo sales una vez a la semana al patio para jugar soccer o algo as\u00ed y te vuelven a clavar abajo\u201d.<\/p>\n<p>El especialista en derecho Chavarr\u00eda Su\u00e1rez considera que recluir a alguien en celdas apartadas como castigo es otra forma de violentar los derechos humanos. En un centro de reclusi\u00f3n y readaptaci\u00f3n social, el individuo tiene derecho a caminar por los pasillos, y en los d\u00edas de visita acudir al \u00e1rea correspondiente para convivir con sus familiares.<\/p>\n<p>No obstante, es com\u00fan que a algunos internos se les a\u00edsle sin derecho a recibir visita ni a interactuar con los vigilantes, porque incluso los alimentos les son proporcionados por debajo de la puerta. Para el abogado Chavarr\u00eda, tan s\u00f3lo el hecho de que se les impida ver a sus familiares ya constituye una tortura.<\/p>\n<p>Otros castigos son m\u00e1s cotidianos y extendidos. Ejemplo de ello es lo que el propio Bruno vivi\u00f3 al momento en que fue trasladado de la zona de ingreso al centro de observaci\u00f3n y comunicaci\u00f3n (COC): un custodio lo oblig\u00f3 a hacer \u201cfajina\u201d en cuclillas: los llamados \u201ccarritos y patitos\u201d.<\/p>\n<p>El primer \u201cconcepto\u201d, explica el joven de 23 a\u00f1os, es que \u201cte ponen en cuclillas con la jerga y los brazos extendidos hacia el piso, para arrastrarla por toda la zona\u201d. El segundo es que, en la misma posici\u00f3n, \u201cvas barriendo con una escobeta; y ah\u00ed va toda la fila de chavos persigui\u00e9ndose\u201d.<\/p>\n<p>Hacer la fajina quiebra a la persona: Bruno resisti\u00f3 un solo d\u00eda tanta presi\u00f3n f\u00edsica. As\u00ed que desde entonces empez\u00f3 a pagar a los celadores para no ser obligado a limpiar. Pero no todos tienen los mil o mil 500 pesos que exigen al mes.<\/p>\n<p><img loading=\"lazy\" decoding=\"async\" data-attachment-id=\"37903\" data-permalink=\"http:\/\/www.grieta.org.mx\/index.php\/2019\/08\/15\/tortura-sistematica-en-reclusorio-oriente-y-carceles-de-la-cdmx\/mjm-1-coa\/\" data-orig-file=\"http:\/\/www.grieta.org.mx\/wp-content\/uploads\/2019\/08\/MJM-1-COa.jpg\" data-orig-size=\"600,335\" data-comments-opened=\"0\" data-image-meta=\"{&quot;aperture&quot;:&quot;0&quot;,&quot;credit&quot;:&quot;&quot;,&quot;camera&quot;:&quot;&quot;,&quot;caption&quot;:&quot;&quot;,&quot;created_timestamp&quot;:&quot;0&quot;,&quot;copyright&quot;:&quot;&quot;,&quot;focal_length&quot;:&quot;0&quot;,&quot;iso&quot;:&quot;0&quot;,&quot;shutter_speed&quot;:&quot;0&quot;,&quot;title&quot;:&quot;&quot;,&quot;orientation&quot;:&quot;1&quot;}\" data-image-title=\"MJM-1-COa\" data-image-description=\"\" data-image-caption=\"\" data-medium-file=\"http:\/\/www.grieta.org.mx\/wp-content\/uploads\/2019\/08\/MJM-1-COa-300x168.jpg\" data-large-file=\"http:\/\/www.grieta.org.mx\/wp-content\/uploads\/2019\/08\/MJM-1-COa.jpg\" class=\"alignleft wp-image-37903\" src=\"http:\/\/www.grieta.org.mx\/wp-content\/uploads\/2019\/08\/MJM-1-COa.jpg\" alt=\"\" width=\"800\" height=\"447\" srcset=\"http:\/\/www.grieta.org.mx\/wp-content\/uploads\/2019\/08\/MJM-1-COa.jpg 600w, http:\/\/www.grieta.org.mx\/wp-content\/uploads\/2019\/08\/MJM-1-COa-300x168.jpg 300w\" sizes=\"auto, (max-width: 800px) 100vw, 800px\" \/><\/p>\n<p>Nula aplicaci\u00f3n de leyes<br \/>\nTodo ello ocurre a pesar las normas que tienen por objeto prevenir la tortura y respetar la calidad humana de quienes viven privados de la libertad, como la Ley de Ejecuci\u00f3n Penal y la Ley General para Investigar, Prevenir y Sancionar la Tortura.<\/p>\n<p>Toda la normatividad se queda en mecanismos y documentos que son letra muerta, no en la realidad de las prisiones, se\u00f1alan las cofundadoras de Tojil, Greaves Mu\u00f1oz y Medina Ruvalcaba.<\/p>\n<p>\u201cValdr\u00eda la pena poner ah\u00ed el foco rojo: no quedarnos s\u00f3lo con el diagn\u00f3stico, sino de volver los ojos en qui\u00e9n y c\u00f3mo lo evaluar\u00e1n, y qu\u00e9 resultados est\u00e1n teniendo\u201d, puntualiza Estefan\u00eda Medina.<\/p>\n<p>El coordinador del Colectivo Contra la Tortura y la Impunidad (CCTI) guerrerense, Raymundo D\u00edaz Taboada, asegura que con el nuevo sistema judicial quienes est\u00e1n a cargo de velar por el cumplimiento de los derechos humanos son los jueces de control. Sin embargo, en lugar de hacer cumplir la ley, le otorgan la responsabilidad a las comisiones o a las defensor\u00edas estatales.<\/p>\n<p>Para que una persona sea torturada tiene que estar bajo el control de alguna autoridad, explica. En muchos casos, detalla, los perpetradores intelectuales son los celadores y los materiales son los propios internos, con lo cual se complica la imputaci\u00f3n del il\u00edcito.<\/p>\n<p>Otro factor por el que se alienta la impunidad es que no hay libre acceso a las c\u00e1rceles para los visitadores de la CNDH, las comisiones estatales y las organizaciones internacionales: para que les permitan entrar, tienen que recorrer la burocracia para que les otorguen los permisos, y esto provoca opacidad.<\/p>\n<p>D\u00edaz Taboada observa que mientras no haya voluntad pol\u00edtica ser\u00e1 dif\u00edcil que exista un cambio de fondo. \u201cMientras no se termine la impunidad, mientras no haya perpetradores sentenciados encarcelados, sabr\u00e1n que son impunes, que nadie los toca, nadie los castiga y cometer\u00e1n los mismos actos, aunque las leyes sean muy buenas\u201d.<\/p>\n<p>Para el investigador, no hay esa voluntad pol\u00edtica ni a nivel estatal ni federal para acabar con el hacinamiento, la sobrepoblaci\u00f3n y sobre todo la y corrupci\u00f3n.<\/p>\n<p>Maiisa Hubert Chackur \u2013investigadora de la organizaci\u00f3n civil Documenta\u2013 advierte que la administraci\u00f3n penitenciaria \u201csigue siendo la misma desde hace dos o tres administraciones: no hemos visto cambios\u201d.<\/p>\n<p>La polit\u00f3loga por la Universidad Denis Diderot Paris VII observa que en el tema del combate a la corrupci\u00f3n en las c\u00e1rceles capitalinas es necesario profundizar: ir m\u00e1s all\u00e1 de los celadores, porque no es el tema de dos o tres funcionarios, \u201csino de una red muy poderosa que va muy arriba\u201d.<\/p>\n<p>Y agrega que \u201cla Ciudad de M\u00e9xico es uno de los estados m\u00e1s atrasados en su sistema local anticorrupci\u00f3n. No vemos que haya ninguna voluntad absoluta para combatir cualquier tipo de corrupci\u00f3n\u201d, a pesar de que figura en el primer pelda\u00f1o de corrupci\u00f3n carcelaria, con 310 v\u00edctimas por cada 1 mil personas privadas de la libertad.<\/p>\n<p>Para conocer su versi\u00f3n sobre los tratos crueles, inhumanos y degradantes y las acciones anticorrupci\u00f3n, Contral\u00ednea busc\u00f3 entrevista con Antonio Hazael Ruiz Ortega, titular de la Subsecretar\u00eda del Sistema Penitenciario de la Ciudad de M\u00e9xico, pero hasta el cierre de esta edici\u00f3n no hubo respuesta.<\/p>\n<p>Los problemas de las c\u00e1rceles capitalinas son similares a los que enfrentan las prisiones federales: corrupci\u00f3n, tortura, impunidad. A nivel federal se percibe en las autoridades una actitud de \u201carrogancia\u201d, se\u00f1al\u00f3 Salva LaCruz, miembro del Centro de Derechos Humanos Fray Mat\u00edas de C\u00f3rdova, durante el seminario virtual M\u00e9xico ante el Comit\u00e9 contra la Tortura.<\/p>\n<p>Las cifras m\u00e1s recientes en torno a delitos de lesa humanidad corresponden a 2017. En ese a\u00f1o, un total de 1 mil 328 situaciones riesgosas fueron registradas en centros de reclusi\u00f3n mexicanos, a partir de 415 visitas de supervisi\u00f3n realizadas por la CNDH en su papel de Mecanismo Nacional para Prevenir la Tortura. El 67 por ciento pudo derivarse en actos tortuosos, crueles e inhumanos.<\/p>\n<p>Entre los factores de tortura que el Mecanismo menciona est\u00e1n la sobrepoblaci\u00f3n y el hacinamiento, la falta de higiene en instalaciones, el confinamiento prolongado en celdas, alimentos en mal estado, fugas de agua, humedad en paredes, falta de iluminaci\u00f3n y ventilaci\u00f3n adecuada e insuficiente personal para reinsertar a los reos a la sociedad. Los problemas han sido heredados de administraci\u00f3n en administraci\u00f3n y a\u00fan perviven.<\/p>\n<p><a href=\"https:\/\/www.contralinea.com.mx\/archivo-revista\/2019\/08\/15\/tortura-sistematica-en-reclusorio-oriente-y-carceles-de-la-cdmx\/\" target=\"_blank\" rel=\"noopener noreferrer\">https:\/\/www.contralinea.com.mx\/archivo-revista\/2019\/08\/15\/tortura-sistematica-en-reclusorio-oriente-y-carceles-de-la-cdmx\/<\/a><\/p>\n","protected":false},"excerpt":{"rendered":"<p>Jordana Gonz\u00e1lez\/ CONTRAL\u00cdNEA Sobrepoblaci\u00f3n, hacinamiento, castigos y corrupci\u00f3n son caldo de cultivo para los tratos crueles, inhumanos y degradantes que se padecen en las prisiones mexicanas. En la capital, cinco &hellip; <a href=\"http:\/\/www.grieta.org.mx\/index.php\/2019\/08\/15\/tortura-sistematica-en-reclusorio-oriente-y-carceles-de-la-cdmx\/\" class=\"more-link\">Leer m\u00e1s<\/a><\/p>\n","protected":false},"author":2,"featured_media":37899,"comment_status":"closed","ping_status":"closed","sticky":false,"template":"","format":"standard","meta":{"ngg_post_thumbnail":0,"_jetpack_newsletter_access":"","_jetpack_dont_email_post_to_subs":false,"_jetpack_newsletter_tier_id":0,"_jetpack_memberships_contains_paywalled_content":false,"_jetpack_memberships_contains_paid_content":false,"footnotes":""},"categories":[2804,80,14,2],"tags":[2810,1349,325],"class_list":["post-37898","post","type-post","status-publish","format-standard","has-post-thumbnail","hentry","category-abuso-policiaco-y-tortura-en-la-ciudad-de-mexico","category-cintillo","category-ciudad-de-mexico","category-noticias-nacionales","tag-carceles","tag-prisiones","tag-tortura","entry"],"jetpack_featured_media_url":"http:\/\/www.grieta.org.mx\/wp-content\/uploads\/2019\/08\/Armando-monroy-CO.jpg","jetpack_sharing_enabled":true,"jetpack_shortlink":"https:\/\/wp.me\/p7ZJR4-9Rg","jetpack_likes_enabled":false,"jetpack-related-posts":[{"id":40514,"url":"http:\/\/www.grieta.org.mx\/index.php\/2019\/10\/25\/carlos-murio-por-tortura-en-el-reclusorio-norte-y-como-el-de-el-mas-casos-se-acumulan-en-cdmx-ciudad-de-mexico\/","url_meta":{"origin":37898,"position":0},"title":"Carlos muri\u00f3 por tortura en el Reclusorio Norte, y como el de \u00e9l m\u00e1s casos se acumulan en CdMx (Ciudad de M\u00e9xico)","author":"grieta","date":"25 octubre, 2019","format":false,"excerpt":"Sugeyry G\u00e1ndara \/ Sin Embargo La Comisi\u00f3n de Derechos Humanos de la Ciudad de M\u00e9xico document\u00f3, en su Recomendaci\u00f3n 14\/2019, tres casos de internos que murieron a consecuencia de las lesiones ocasionadas por la tortura a la que fueron sometidos dentro de Centros Penitenciarios de la Ciudad de M\u00e9xico. La\u2026","rel":"","context":"En &quot;Abuso policiaco y tortura en la Ciudad de M\u00e9xico&quot;","block_context":{"text":"Abuso policiaco y tortura en la Ciudad de M\u00e9xico","link":"http:\/\/www.grieta.org.mx\/index.php\/category\/noticias-nacionales\/ciudad-de-mexico\/abuso-policiaco-y-tortura-en-la-ciudad-de-mexico\/"},"img":{"alt_text":"","src":"https:\/\/i0.wp.com\/www.grieta.org.mx\/wp-content\/uploads\/2019\/10\/Carlos-muri%C3%B3-por-tortura-en-el-Reclusorio-Norte-y-como-el-de-%C3%A9l-m%C3%A1s-casos-se-acumulan-en-CdMx-oct.jpg?resize=350%2C200","width":350,"height":200,"srcset":"https:\/\/i0.wp.com\/www.grieta.org.mx\/wp-content\/uploads\/2019\/10\/Carlos-muri%C3%B3-por-tortura-en-el-Reclusorio-Norte-y-como-el-de-%C3%A9l-m%C3%A1s-casos-se-acumulan-en-CdMx-oct.jpg?resize=350%2C200 1x, https:\/\/i0.wp.com\/www.grieta.org.mx\/wp-content\/uploads\/2019\/10\/Carlos-muri%C3%B3-por-tortura-en-el-Reclusorio-Norte-y-como-el-de-%C3%A9l-m%C3%A1s-casos-se-acumulan-en-CdMx-oct.jpg?resize=525%2C300 1.5x, https:\/\/i0.wp.com\/www.grieta.org.mx\/wp-content\/uploads\/2019\/10\/Carlos-muri%C3%B3-por-tortura-en-el-Reclusorio-Norte-y-como-el-de-%C3%A9l-m%C3%A1s-casos-se-acumulan-en-CdMx-oct.jpg?resize=700%2C400 2x, https:\/\/i0.wp.com\/www.grieta.org.mx\/wp-content\/uploads\/2019\/10\/Carlos-muri%C3%B3-por-tortura-en-el-Reclusorio-Norte-y-como-el-de-%C3%A9l-m%C3%A1s-casos-se-acumulan-en-CdMx-oct.jpg?resize=1050%2C600 3x"},"classes":[]},{"id":55764,"url":"http:\/\/www.grieta.org.mx\/index.php\/2020\/12\/10\/tortura-sin-solucion-en-reclusorios-de-cdmx\/","url_meta":{"origin":37898,"position":1},"title":"TORTURA SIN SOLUCI\u00d3N EN RECLUSORIOS DE CDMX","author":"grieta","date":"10 diciembre, 2020","format":false,"excerpt":"Imagen: Reporte \u00cdndigo David Mart\u00ednez \/ Reporte \u00cdndigo Ni el cambio de administraci\u00f3n, ni las acciones para terminar la corrupci\u00f3n en los reclusorios de la Ciudad de M\u00e9xico, frenan la tortura en estos lugares; especialistas consideran que es un mal sist\u00e9mico que llega a la esfera social La tortura y\u2026","rel":"","context":"En &quot;Abuso policiaco y tortura en la Ciudad de M\u00e9xico&quot;","block_context":{"text":"Abuso policiaco y tortura en la Ciudad de M\u00e9xico","link":"http:\/\/www.grieta.org.mx\/index.php\/category\/noticias-nacionales\/ciudad-de-mexico\/abuso-policiaco-y-tortura-en-la-ciudad-de-mexico\/"},"img":{"alt_text":"","src":"https:\/\/i0.wp.com\/www.grieta.org.mx\/wp-content\/uploads\/2020\/12\/TORTURA-SIN-SOLUCION-EN-RECLUSORIOS-DE-CDMX-dic.jpg?resize=350%2C200","width":350,"height":200},"classes":[]},{"id":7107,"url":"http:\/\/www.grieta.org.mx\/index.php\/2015\/09\/11\/carceles-de-tabasco-entre-las-peores-del-pais\/","url_meta":{"origin":37898,"position":2},"title":"C\u00e1rceles de Tabasco, entre las peores del pa\u00eds","author":"grieta","date":"11 septiembre, 2015","format":false,"excerpt":"Por Francisco Cubas Mala higiene, prostituci\u00f3n, cobro de cuotas por los custodios e internos, mala atenci\u00f3n m\u00e9dica, sobrepoblaci\u00f3n, son algunos de los problemas que arrastran las c\u00e1rceles, seg\u00fan el diagn\u00f3stico de la CNDH El Diagn\u00f3stico Nacional de Supervisi\u00f3n Penitenciaria (DNSP), de la Comisi\u00f3n Nacional de Derechos Humanos (CNDH), califica a\u2026","rel":"","context":"En &quot;CINTILLO&quot;","block_context":{"text":"CINTILLO","link":"http:\/\/www.grieta.org.mx\/index.php\/category\/cintillo\/"},"img":{"alt_text":"","src":"https:\/\/i0.wp.com\/www.grieta.org.mx\/wp-content\/uploads\/2018\/03\/14524434_1106112876131411_958039263622046936_o.jpg?resize=350%2C200","width":350,"height":200,"srcset":"https:\/\/i0.wp.com\/www.grieta.org.mx\/wp-content\/uploads\/2018\/03\/14524434_1106112876131411_958039263622046936_o.jpg?resize=350%2C200 1x, https:\/\/i0.wp.com\/www.grieta.org.mx\/wp-content\/uploads\/2018\/03\/14524434_1106112876131411_958039263622046936_o.jpg?resize=525%2C300 1.5x, https:\/\/i0.wp.com\/www.grieta.org.mx\/wp-content\/uploads\/2018\/03\/14524434_1106112876131411_958039263622046936_o.jpg?resize=700%2C400 2x"},"classes":[]},{"id":16424,"url":"http:\/\/www.grieta.org.mx\/index.php\/2016\/07\/03\/violacion-metodo-para-arrancar-confesiones-a-mujeres-en-puebla\/","url_meta":{"origin":37898,"position":3},"title":"Violaci\u00f3n, m\u00e9todo para arrancar confesiones a mujeres en Puebla","author":"grieta","date":"3 julio, 2016","format":false,"excerpt":"Por Jos\u00e9 Carmona \/ Ana Jennifer De La Fuente En Puebla y en otros 18 estados, las mujeres detenidas son -en su mayor\u00eda- torturadas y violadas por elementos de las polic\u00edas y las Fuerzas Armadas a fin de arrancarles una confesi\u00f3n que permita meterlas a prisi\u00f3n. El informe de Amnist\u00eda\u2026","rel":"","context":"En &quot;CINTILLO&quot;","block_context":{"text":"CINTILLO","link":"http:\/\/www.grieta.org.mx\/index.php\/category\/cintillo\/"},"img":{"alt_text":"","src":"https:\/\/i0.wp.com\/www.grieta.org.mx\/wp-content\/uploads\/2018\/03\/14524434_1106112876131411_958039263622046936_o.jpg?resize=350%2C200","width":350,"height":200,"srcset":"https:\/\/i0.wp.com\/www.grieta.org.mx\/wp-content\/uploads\/2018\/03\/14524434_1106112876131411_958039263622046936_o.jpg?resize=350%2C200 1x, https:\/\/i0.wp.com\/www.grieta.org.mx\/wp-content\/uploads\/2018\/03\/14524434_1106112876131411_958039263622046936_o.jpg?resize=525%2C300 1.5x, https:\/\/i0.wp.com\/www.grieta.org.mx\/wp-content\/uploads\/2018\/03\/14524434_1106112876131411_958039263622046936_o.jpg?resize=700%2C400 2x"},"classes":[]},{"id":16435,"url":"http:\/\/www.grieta.org.mx\/index.php\/2016\/07\/03\/violacion-metodo-para-arrancar-confesiones-a-mujeres-en-puebla-ai\/","url_meta":{"origin":37898,"position":4},"title":"Violaci\u00f3n, m\u00e9todo para arrancar confesiones a mujeres en Puebla: AI","author":"grieta","date":"3 julio, 2016","format":false,"excerpt":"Por Jos\u00e9 Carmona \/ Ana Jennifer De La Fuente En Puebla y en otros 18 estados, las mujeres detenidas son -en su mayor\u00eda- torturadas y violadas por elementos de las polic\u00edas y las Fuerzas Armadas a fin de arrancarles una confesi\u00f3n que permita meterlas a prisi\u00f3n. El informe de Amnist\u00eda\u2026","rel":"","context":"En &quot;CINTILLO&quot;","block_context":{"text":"CINTILLO","link":"http:\/\/www.grieta.org.mx\/index.php\/category\/cintillo\/"},"img":{"alt_text":"","src":"https:\/\/i0.wp.com\/www.grieta.org.mx\/wp-content\/uploads\/2018\/03\/14524434_1106112876131411_958039263622046936_o.jpg?resize=350%2C200","width":350,"height":200,"srcset":"https:\/\/i0.wp.com\/www.grieta.org.mx\/wp-content\/uploads\/2018\/03\/14524434_1106112876131411_958039263622046936_o.jpg?resize=350%2C200 1x, https:\/\/i0.wp.com\/www.grieta.org.mx\/wp-content\/uploads\/2018\/03\/14524434_1106112876131411_958039263622046936_o.jpg?resize=525%2C300 1.5x, https:\/\/i0.wp.com\/www.grieta.org.mx\/wp-content\/uploads\/2018\/03\/14524434_1106112876131411_958039263622046936_o.jpg?resize=700%2C400 2x"},"classes":[]},{"id":7074,"url":"http:\/\/www.grieta.org.mx\/index.php\/2015\/09\/11\/tabasco-tiene-las-peores-carceles-en-el-pais-segun-estudio-de-la-cndh\/","url_meta":{"origin":37898,"position":5},"title":"Tabasco tiene las peores c\u00e1rceles en el pa\u00eds, seg\u00fan estudio de la CNDH","author":"grieta","date":"11 septiembre, 2015","format":false,"excerpt":"Patricia Hern\u00e1ndez El estudio se\u00f1ala que 4 c\u00e1rceles de la entidad est\u00e1n sobrepoblados y hay una mala clasificaci\u00f3n entre procesados y sentenciados, insuficiencia de actividades deportivas, educativas, laborales y falta de programas de prevenci\u00f3n de adicciones. VILLAHERMOSA.- Los centros penitenciarios de Tabasco est\u00e1n entre los peor calificados del pa\u00eds, de\u2026","rel":"","context":"En &quot;CINTILLO&quot;","block_context":{"text":"CINTILLO","link":"http:\/\/www.grieta.org.mx\/index.php\/category\/cintillo\/"},"img":{"alt_text":"","src":"https:\/\/i0.wp.com\/www.grieta.org.mx\/wp-content\/uploads\/2018\/03\/14524434_1106112876131411_958039263622046936_o.jpg?resize=350%2C200","width":350,"height":200,"srcset":"https:\/\/i0.wp.com\/www.grieta.org.mx\/wp-content\/uploads\/2018\/03\/14524434_1106112876131411_958039263622046936_o.jpg?resize=350%2C200 1x, https:\/\/i0.wp.com\/www.grieta.org.mx\/wp-content\/uploads\/2018\/03\/14524434_1106112876131411_958039263622046936_o.jpg?resize=525%2C300 1.5x, https:\/\/i0.wp.com\/www.grieta.org.mx\/wp-content\/uploads\/2018\/03\/14524434_1106112876131411_958039263622046936_o.jpg?resize=700%2C400 2x"},"classes":[]}],"_links":{"self":[{"href":"http:\/\/www.grieta.org.mx\/index.php\/wp-json\/wp\/v2\/posts\/37898","targetHints":{"allow":["GET"]}}],"collection":[{"href":"http:\/\/www.grieta.org.mx\/index.php\/wp-json\/wp\/v2\/posts"}],"about":[{"href":"http:\/\/www.grieta.org.mx\/index.php\/wp-json\/wp\/v2\/types\/post"}],"author":[{"embeddable":true,"href":"http:\/\/www.grieta.org.mx\/index.php\/wp-json\/wp\/v2\/users\/2"}],"replies":[{"embeddable":true,"href":"http:\/\/www.grieta.org.mx\/index.php\/wp-json\/wp\/v2\/comments?post=37898"}],"version-history":[{"count":1,"href":"http:\/\/www.grieta.org.mx\/index.php\/wp-json\/wp\/v2\/posts\/37898\/revisions"}],"predecessor-version":[{"id":37904,"href":"http:\/\/www.grieta.org.mx\/index.php\/wp-json\/wp\/v2\/posts\/37898\/revisions\/37904"}],"wp:featuredmedia":[{"embeddable":true,"href":"http:\/\/www.grieta.org.mx\/index.php\/wp-json\/wp\/v2\/media\/37899"}],"wp:attachment":[{"href":"http:\/\/www.grieta.org.mx\/index.php\/wp-json\/wp\/v2\/media?parent=37898"}],"wp:term":[{"taxonomy":"category","embeddable":true,"href":"http:\/\/www.grieta.org.mx\/index.php\/wp-json\/wp\/v2\/categories?post=37898"},{"taxonomy":"post_tag","embeddable":true,"href":"http:\/\/www.grieta.org.mx\/index.php\/wp-json\/wp\/v2\/tags?post=37898"}],"curies":[{"name":"wp","href":"https:\/\/api.w.org\/{rel}","templated":true}]}}