{"id":37871,"date":"2019-08-13T21:49:43","date_gmt":"2019-08-14T02:49:43","guid":{"rendered":"http:\/\/www.grieta.org.mx\/?p=37871"},"modified":"2019-08-13T22:02:13","modified_gmt":"2019-08-14T03:02:13","slug":"mujeres-exigen-seguridad-y-sheinbaum-les-llama-provocadoras-ciudad-de-mexico","status":"publish","type":"post","link":"http:\/\/www.grieta.org.mx\/index.php\/2019\/08\/13\/mujeres-exigen-seguridad-y-sheinbaum-les-llama-provocadoras-ciudad-de-mexico\/","title":{"rendered":"Mujeres exigen seguridad y Sheinbaum les llama provocadoras (Ciudad de M\u00e9xico)"},"content":{"rendered":"<p><img loading=\"lazy\" decoding=\"async\" data-attachment-id=\"37877\" data-permalink=\"http:\/\/www.grieta.org.mx\/index.php\/2019\/08\/13\/mujeres-exigen-seguridad-y-sheinbaum-les-llama-provocadoras-ciudad-de-mexico\/pdp_exigirnoesprovocacion_12082019_mariaruiz21\/\" data-orig-file=\"http:\/\/www.grieta.org.mx\/wp-content\/uploads\/2019\/08\/pdp_exigirnoesprovocacion_12082019_mariaruiz21.jpg\" data-orig-size=\"1181,697\" data-comments-opened=\"0\" data-image-meta=\"{&quot;aperture&quot;:&quot;2.8&quot;,&quot;credit&quot;:&quot;&quot;,&quot;camera&quot;:&quot;Canon EOS Rebel SL2&quot;,&quot;caption&quot;:&quot;&quot;,&quot;created_timestamp&quot;:&quot;1565619055&quot;,&quot;copyright&quot;:&quot;&quot;,&quot;focal_length&quot;:&quot;24&quot;,&quot;iso&quot;:&quot;1600&quot;,&quot;shutter_speed&quot;:&quot;0.002&quot;,&quot;title&quot;:&quot;&quot;,&quot;orientation&quot;:&quot;0&quot;}\" data-image-title=\"pdp_exigirnoesprovocacion_12082019_mariaruiz21\" data-image-description=\"\" data-image-caption=\"\" data-medium-file=\"http:\/\/www.grieta.org.mx\/wp-content\/uploads\/2019\/08\/pdp_exigirnoesprovocacion_12082019_mariaruiz21-300x177.jpg\" data-large-file=\"http:\/\/www.grieta.org.mx\/wp-content\/uploads\/2019\/08\/pdp_exigirnoesprovocacion_12082019_mariaruiz21-1024x604.jpg\" class=\"alignleft wp-image-37877\" src=\"http:\/\/www.grieta.org.mx\/wp-content\/uploads\/2019\/08\/pdp_exigirnoesprovocacion_12082019_mariaruiz21-1024x604.jpg\" alt=\"\" width=\"800\" height=\"472\" srcset=\"http:\/\/www.grieta.org.mx\/wp-content\/uploads\/2019\/08\/pdp_exigirnoesprovocacion_12082019_mariaruiz21-1024x604.jpg 1024w, http:\/\/www.grieta.org.mx\/wp-content\/uploads\/2019\/08\/pdp_exigirnoesprovocacion_12082019_mariaruiz21-300x177.jpg 300w, http:\/\/www.grieta.org.mx\/wp-content\/uploads\/2019\/08\/pdp_exigirnoesprovocacion_12082019_mariaruiz21-768x453.jpg 768w, http:\/\/www.grieta.org.mx\/wp-content\/uploads\/2019\/08\/pdp_exigirnoesprovocacion_12082019_mariaruiz21-847x500.jpg 847w, http:\/\/www.grieta.org.mx\/wp-content\/uploads\/2019\/08\/pdp_exigirnoesprovocacion_12082019_mariaruiz21.jpg 1181w\" sizes=\"auto, (max-width: 800px) 100vw, 800px\" \/><\/p>\n<p>Arturo Contreras: texto; Mar\u00eda Fernanda Ruiz: Fotos\/ PIE DE P\u00c1GINA<\/p>\n<blockquote><p>Sin di\u00e1logo con las autoridades y con mujeres tildadas de provocadoras por la jefa de Gobierno de la ciudad. As\u00ed termin\u00f3 la marcha de mujeres que demandaron a las autoridades que resuelvan el caso de una joven de 17 a\u00f1os que denunci\u00f3 que fue abusada sexualmente por cuatro polic\u00edas de Azcapotzalco<\/p><\/blockquote>\n<p>En la calle los gritos no cesan. \u201c\u00a1No nos cuidan, nos violan!\u201d, corean cientos de mujeres j\u00f3venes enardecidas afuera de la Procuradur\u00eda General de Justicia de la Ciudad de M\u00e9xico. En la recepci\u00f3n del edificio, un pu\u00f1ado de mujeres pinta los emblemas de la dependencia con aerosol. Algunas lanzan latas de pintura. Un cristal truena. Luego otro. Poco a poco la puerta de vidrio del edificio queda en a\u00f1icos sobre el suelo.<\/p>\n<p>Afuera, las j\u00f3venes no dejan de gritar y exigir justicia. Hace una semana, una joven de 17 a\u00f1os denunci\u00f3 que fue abusada sexualmente por cuatro polic\u00edas de la alcald\u00eda de Azcapotzalco, quienes est\u00e1n bajo resguardo del \u00e1rea de Asuntos Internos de la Secretar\u00eda de Seguridad Ciudadana y podr\u00edan volver pronto a sus actividades en las calles.<\/p>\n<figure id=\"attachment_37872\" aria-describedby=\"caption-attachment-37872\" style=\"width: 800px\" class=\"wp-caption alignleft\"><img loading=\"lazy\" decoding=\"async\" data-attachment-id=\"37872\" data-permalink=\"http:\/\/www.grieta.org.mx\/index.php\/2019\/08\/13\/mujeres-exigen-seguridad-y-sheinbaum-les-llama-provocadoras-ciudad-de-mexico\/pdp_exigirjusticianoesprovocacion_cdmx_12082019_mariaruiz03\/\" data-orig-file=\"http:\/\/www.grieta.org.mx\/wp-content\/uploads\/2019\/08\/pdp_exigirjusticianoesprovocacion_cdmx_12082019_mariaruiz03.jpg\" data-orig-size=\"1175,783\" data-comments-opened=\"0\" data-image-meta=\"{&quot;aperture&quot;:&quot;2.8&quot;,&quot;credit&quot;:&quot;&quot;,&quot;camera&quot;:&quot;Canon EOS Rebel SL2&quot;,&quot;caption&quot;:&quot;&quot;,&quot;created_timestamp&quot;:&quot;1565618970&quot;,&quot;copyright&quot;:&quot;&quot;,&quot;focal_length&quot;:&quot;24&quot;,&quot;iso&quot;:&quot;100&quot;,&quot;shutter_speed&quot;:&quot;0.0015625&quot;,&quot;title&quot;:&quot;&quot;,&quot;orientation&quot;:&quot;0&quot;}\" data-image-title=\"pdp_exigirjusticianoesprovocacion_cdmx_12082019_mariaruiz03\" data-image-description=\"\" data-image-caption=\"&lt;p&gt;Foto: Mar\u00eda Ruiz \/ Frente a la PGJDF mujeres exigen acciones contra la violencia sexual y la impunidad que alimentan las autoridades en la Ciudad de M\u00e9xico&lt;\/p&gt;\n\" data-medium-file=\"http:\/\/www.grieta.org.mx\/wp-content\/uploads\/2019\/08\/pdp_exigirjusticianoesprovocacion_cdmx_12082019_mariaruiz03-300x200.jpg\" data-large-file=\"http:\/\/www.grieta.org.mx\/wp-content\/uploads\/2019\/08\/pdp_exigirjusticianoesprovocacion_cdmx_12082019_mariaruiz03-1024x682.jpg\" class=\"wp-image-37872\" src=\"http:\/\/www.grieta.org.mx\/wp-content\/uploads\/2019\/08\/pdp_exigirjusticianoesprovocacion_cdmx_12082019_mariaruiz03-1024x682.jpg\" alt=\"\" width=\"800\" height=\"533\" srcset=\"http:\/\/www.grieta.org.mx\/wp-content\/uploads\/2019\/08\/pdp_exigirjusticianoesprovocacion_cdmx_12082019_mariaruiz03-1024x682.jpg 1024w, http:\/\/www.grieta.org.mx\/wp-content\/uploads\/2019\/08\/pdp_exigirjusticianoesprovocacion_cdmx_12082019_mariaruiz03-300x200.jpg 300w, http:\/\/www.grieta.org.mx\/wp-content\/uploads\/2019\/08\/pdp_exigirjusticianoesprovocacion_cdmx_12082019_mariaruiz03-768x512.jpg 768w, http:\/\/www.grieta.org.mx\/wp-content\/uploads\/2019\/08\/pdp_exigirjusticianoesprovocacion_cdmx_12082019_mariaruiz03-750x500.jpg 750w, http:\/\/www.grieta.org.mx\/wp-content\/uploads\/2019\/08\/pdp_exigirjusticianoesprovocacion_cdmx_12082019_mariaruiz03.jpg 1175w\" sizes=\"auto, (max-width: 800px) 100vw, 800px\" \/><figcaption id=\"caption-attachment-37872\" class=\"wp-caption-text\">Foto: Mar\u00eda Ruiz \/ Frente a la PGJDF mujeres exigen acciones contra la violencia sexual y la impunidad que alimentan las autoridades en la Ciudad de M\u00e9xico<\/figcaption><\/figure>\n<p>Instantes despu\u00e9s, una de las manifestantes toma el meg\u00e1fono y a todo pulm\u00f3n grita: \u201c\u00a1Nos dicen que estamos locas!\u201d. Bajo sus pies, el vidrio roto cruje. \u201cPues s\u00ed, estamos bien pinches locas. \u00a1Porque nos est\u00e1n matando!\u201d. Sus palabras resumen la euforia que marc\u00f3 la manifestaci\u00f3n.<\/p>\n<p>\u201c\u00bfCreen que esto es agresi\u00f3n? Nosotras rompemos sus cristales y pintamos sus paredes porque cuando venimos a denunciar a este edificio, donde nos deber\u00edamos sentir cobijadas, tambi\u00e9n nos sentimos agredidas\u201d, dice en el Meg\u00e1fono.<\/p>\n<p>La muchacha, con jeans de batalla y botas negras, cuenta la revictimizaci\u00f3n que sufre cualquier mujer al intentar levantar una denuncia por violencia sexual en estas instalaciones. \u201c\u00a1Nos preguntan que si conocemos el nombre del agresor, o si es un taxi, si conocemos las placas!\u201d, se queja.<\/p>\n<p>Las agresiones a las instalaciones fueron la respuesta de las manifestantes ante la negativa de la Procuradur\u00eda de mandar un grupo de personas a hablar con las manifestantes.<\/p>\n<p>Afuera, en la calle, Araceli Osorio toma la palabra. En cuanto empieza hablar todas las muchachas la escuchan. Araceli es mam\u00e1 de Lesvy Berl\u00edn, quien muri\u00f3 estrangulada por su novio en Ciudad Universitaria en 2017. Desde entonces, Araceli no dej\u00f3 de luchar por justicia. La Procuradur\u00eda le tuvo que ofrecer una disculpa p\u00fablica por sus omisiones en la investigaci\u00f3n del caso.<\/p>\n<figure id=\"attachment_37873\" aria-describedby=\"caption-attachment-37873\" style=\"width: 800px\" class=\"wp-caption alignleft\"><img loading=\"lazy\" decoding=\"async\" data-attachment-id=\"37873\" data-permalink=\"http:\/\/www.grieta.org.mx\/index.php\/2019\/08\/13\/mujeres-exigen-seguridad-y-sheinbaum-les-llama-provocadoras-ciudad-de-mexico\/pdp_exigirjusticianoesprovocacion_cdmx_12082019_mariaruiz02\/\" data-orig-file=\"http:\/\/www.grieta.org.mx\/wp-content\/uploads\/2019\/08\/pdp_exigirjusticianoesprovocacion_cdmx_12082019_mariaruiz02.jpg\" data-orig-size=\"1175,783\" data-comments-opened=\"0\" data-image-meta=\"{&quot;aperture&quot;:&quot;2.8&quot;,&quot;credit&quot;:&quot;&quot;,&quot;camera&quot;:&quot;Canon EOS Rebel SL2&quot;,&quot;caption&quot;:&quot;&quot;,&quot;created_timestamp&quot;:&quot;1565618067&quot;,&quot;copyright&quot;:&quot;&quot;,&quot;focal_length&quot;:&quot;24&quot;,&quot;iso&quot;:&quot;400&quot;,&quot;shutter_speed&quot;:&quot;0.004&quot;,&quot;title&quot;:&quot;&quot;,&quot;orientation&quot;:&quot;0&quot;}\" data-image-title=\"pdp_exigirjusticianoesprovocacion_cdmx_12082019_mariaruiz02\" data-image-description=\"\" data-image-caption=\"&lt;p&gt;Foto: Mar\u00eda Ruiz \/ La manifestaci\u00f3n fue una propuesta por Colectivas Feministas de la Ciudad de M\u00e9xico ante la falta de acciones contra los polic\u00edas que abusaron sexualmente de una adolescente. \u201cNo nos cuidan, nos violan\u201d pintaron en la puerta de la PGJDF antes de romperla.&lt;\/p&gt;\n\" data-medium-file=\"http:\/\/www.grieta.org.mx\/wp-content\/uploads\/2019\/08\/pdp_exigirjusticianoesprovocacion_cdmx_12082019_mariaruiz02-300x200.jpg\" data-large-file=\"http:\/\/www.grieta.org.mx\/wp-content\/uploads\/2019\/08\/pdp_exigirjusticianoesprovocacion_cdmx_12082019_mariaruiz02-1024x682.jpg\" class=\"wp-image-37873\" src=\"http:\/\/www.grieta.org.mx\/wp-content\/uploads\/2019\/08\/pdp_exigirjusticianoesprovocacion_cdmx_12082019_mariaruiz02-1024x682.jpg\" alt=\"\" width=\"800\" height=\"533\" srcset=\"http:\/\/www.grieta.org.mx\/wp-content\/uploads\/2019\/08\/pdp_exigirjusticianoesprovocacion_cdmx_12082019_mariaruiz02-1024x682.jpg 1024w, http:\/\/www.grieta.org.mx\/wp-content\/uploads\/2019\/08\/pdp_exigirjusticianoesprovocacion_cdmx_12082019_mariaruiz02-300x200.jpg 300w, http:\/\/www.grieta.org.mx\/wp-content\/uploads\/2019\/08\/pdp_exigirjusticianoesprovocacion_cdmx_12082019_mariaruiz02-768x512.jpg 768w, http:\/\/www.grieta.org.mx\/wp-content\/uploads\/2019\/08\/pdp_exigirjusticianoesprovocacion_cdmx_12082019_mariaruiz02-750x500.jpg 750w, http:\/\/www.grieta.org.mx\/wp-content\/uploads\/2019\/08\/pdp_exigirjusticianoesprovocacion_cdmx_12082019_mariaruiz02.jpg 1175w\" sizes=\"auto, (max-width: 800px) 100vw, 800px\" \/><figcaption id=\"caption-attachment-37873\" class=\"wp-caption-text\">Foto: Mar\u00eda Ruiz \/ La manifestaci\u00f3n fue una propuesta por Colectivas Feministas de la Ciudad de M\u00e9xico ante la falta de acciones contra los polic\u00edas que abusaron sexualmente de una adolescente. \u201cNo nos cuidan, nos violan\u201d pintaron en la puerta de la PGJDF antes de romperla.<\/figcaption><\/figure>\n<p>\u201cEl d\u00eda de hoy, lo que acaban de ver es un sin\u00f3nimo de hartazgo. Esto que est\u00e1 pasando, tiene que ver con el hartazgo que hay de las mujeres. Porque todos los d\u00edas las noticias son las mismas. Mujeres violadas, mujeres asesinadas. Mujeres que no cuentan con el apoyo de ninguna autoridad\u201d.<\/p>\n<p>Despu\u00e9s, Araceli pregunta si se debe formar una comitiva para entrar a una mesa de di\u00e1logo. Inmediatamente las protestantes se organizan y un peque\u00f1o grupo se apresta a entrar. Entre ellas va tambi\u00e9n Norma Trujillo, activista de las Madres de Ju\u00e1rez. Su hija, como muchas otras, sali\u00f3 un d\u00eda de la maquila y no regres\u00f3.<\/p>\n<p>Pasan los minutos, y el grupo de di\u00e1logo a\u00fan espera en los torniquetes de entrada al B\u00fanker, como llaman a las instalaciones de la Procuradur\u00eda capitalina. Despu\u00e9s de m\u00e1s tiempo, baja una funcionaria.<\/p>\n<p>\u2013 \u00bfTraen su pliego petitorio?- pregunta.<\/p>\n<p>\u2013 No, porque no hab\u00eda uno, lo tenemos en palabras, hablado- responde Norma.<\/p>\n<p>\u2013 Entonces no lo traen\u2026<\/p>\n<p>Momentos despu\u00e9s, se da la vuelta y se va. Desaparece entre las filas de agentes judiciales, musculosos hombres vestidos todos de negro y con cara de pocos amigos que resguardan la entrada al B\u00fanker, por si acaso otra muchachita quiere volver a entrar a hacer desmanes. Nadie vuelve a bajar.<\/p>\n<p>Antes de irse, la funcionaria deja un mensaje a las manifestantes: la Procuradur\u00eda pretende abrir una carpeta de investigaci\u00f3n en contra de las responsables de vandalizar la recepci\u00f3n de sus instalaciones.<\/p>\n<p>Como respuesta, Norma le pide ponderar el valor jur\u00eddico de una vida contra el de unas puertas de vidrio. Despu\u00e9s de todo, esta protesta es por la pobre actuaci\u00f3n de la propia Procuradur\u00eda en el caso, y por las agresiones y omisiones que los propios funcionarios cometen de forma sistem\u00e1tica en contra de v\u00edctimas de violencia sexual.<\/p>\n<p>El caso<br \/>\nLa semana pasada se dio a conocer el caso de una chica de 17 a\u00f1os hab\u00eda sido abordada por polic\u00edas de la Secretar\u00eda de Seguridad Ciudadana cuando regresaba de una fiesta. Cuando estuvo a punto de llegar a su casa, los cuatro polic\u00edas la detuvieron y le dijeron que ellos la llevaban. La joven se neg\u00f3, y sigui\u00f3 caminando hasta que los polic\u00edas la alcanzaron, la subieron a la patrulla y abusaron de ella.<\/p>\n<p>Despu\u00e9s de la noticia, las autoridades se apuraron a dar declaraciones. La jefa de Gobierno dijo que se hab\u00eda cesado a los cuatro elementos y que ya se investigaba su responsabilidad en los actos. Sin embargo, Jes\u00fas Orta, secretario de Seguridad, hab\u00eda asegurado que ninguno de los polic\u00edas hab\u00eda dejado sus labores.<\/p>\n<p>D\u00edas despu\u00e9s, un trabajador de la Procuradur\u00eda filtr\u00f3 partes del expediente a la prensa, que difundi\u00f3 informaci\u00f3n delicada sobre la v\u00edctima. Esto caus\u00f3 que la joven decidiera no ratificar su denuncia y se abriera la posibilidad de que no haya sanci\u00f3n para los presuntos responsables.<\/p>\n<figure id=\"attachment_37874\" aria-describedby=\"caption-attachment-37874\" style=\"width: 800px\" class=\"wp-caption alignleft\"><img loading=\"lazy\" decoding=\"async\" data-attachment-id=\"37874\" data-permalink=\"http:\/\/www.grieta.org.mx\/index.php\/2019\/08\/13\/mujeres-exigen-seguridad-y-sheinbaum-les-llama-provocadoras-ciudad-de-mexico\/pdp_exigirjusticianoesprovocacion_cdmx_12082019_mariaruiz\/\" data-orig-file=\"http:\/\/www.grieta.org.mx\/wp-content\/uploads\/2019\/08\/pdp_exigirjusticianoesprovocacion_cdmx_12082019_mariaruiz.jpg\" data-orig-size=\"1175,783\" data-comments-opened=\"0\" data-image-meta=\"{&quot;aperture&quot;:&quot;4.5&quot;,&quot;credit&quot;:&quot;&quot;,&quot;camera&quot;:&quot;Canon EOS Rebel SL2&quot;,&quot;caption&quot;:&quot;&quot;,&quot;created_timestamp&quot;:&quot;1565616916&quot;,&quot;copyright&quot;:&quot;&quot;,&quot;focal_length&quot;:&quot;24&quot;,&quot;iso&quot;:&quot;100&quot;,&quot;shutter_speed&quot;:&quot;0.003125&quot;,&quot;title&quot;:&quot;&quot;,&quot;orientation&quot;:&quot;0&quot;}\" data-image-title=\"pdp_exigirjusticianoesprovocacion_cdmx_12082019_mariaruiz\" data-image-description=\"\" data-image-caption=\"&lt;p&gt;Foto: Mar\u00eda Ruiz \/ Ante el enojo por los dos casos de polic\u00edas que abusaron sexualmente de dos adolescentes durante la manifestaci\u00f3n una mujer march\u00f3 con una cabeza de puerco y la leyenda de \u201ctiemblen puercos, los vamos a tirar\u201d en su espalda.&lt;\/p&gt;\n\" data-medium-file=\"http:\/\/www.grieta.org.mx\/wp-content\/uploads\/2019\/08\/pdp_exigirjusticianoesprovocacion_cdmx_12082019_mariaruiz-300x200.jpg\" data-large-file=\"http:\/\/www.grieta.org.mx\/wp-content\/uploads\/2019\/08\/pdp_exigirjusticianoesprovocacion_cdmx_12082019_mariaruiz-1024x682.jpg\" class=\"wp-image-37874\" src=\"http:\/\/www.grieta.org.mx\/wp-content\/uploads\/2019\/08\/pdp_exigirjusticianoesprovocacion_cdmx_12082019_mariaruiz-1024x682.jpg\" alt=\"\" width=\"800\" height=\"533\" srcset=\"http:\/\/www.grieta.org.mx\/wp-content\/uploads\/2019\/08\/pdp_exigirjusticianoesprovocacion_cdmx_12082019_mariaruiz-1024x682.jpg 1024w, http:\/\/www.grieta.org.mx\/wp-content\/uploads\/2019\/08\/pdp_exigirjusticianoesprovocacion_cdmx_12082019_mariaruiz-300x200.jpg 300w, http:\/\/www.grieta.org.mx\/wp-content\/uploads\/2019\/08\/pdp_exigirjusticianoesprovocacion_cdmx_12082019_mariaruiz-768x512.jpg 768w, http:\/\/www.grieta.org.mx\/wp-content\/uploads\/2019\/08\/pdp_exigirjusticianoesprovocacion_cdmx_12082019_mariaruiz-750x500.jpg 750w, http:\/\/www.grieta.org.mx\/wp-content\/uploads\/2019\/08\/pdp_exigirjusticianoesprovocacion_cdmx_12082019_mariaruiz.jpg 1175w\" sizes=\"auto, (max-width: 800px) 100vw, 800px\" \/><figcaption id=\"caption-attachment-37874\" class=\"wp-caption-text\">Foto: Mar\u00eda Ruiz \/ Ante el enojo por los dos casos de polic\u00edas que abusaron sexualmente de dos adolescentes durante la manifestaci\u00f3n una mujer march\u00f3 con una cabeza de puerco y la leyenda de \u201ctiemblen puercos, los vamos a tirar\u201d en su espalda.<\/figcaption><\/figure>\n<p>Violaciones, perseguidas \u00bfpor oficio?<br \/>\nLa marcha parti\u00f3 desde fuera del edificio de la Secretar\u00eda d Seguridad Ciudadana, donde el titular Jes\u00fas Orta recibi\u00f3 un pu\u00f1ado de diamantina rosa mientras daba declaraciones a la prensa.<\/p>\n<p>Entre las mujeres que se dieron cita en esa sede previo a la marcha est\u00e1 Rosa Mar\u00eda Cabrera Lotfes. Ella form\u00f3 parte del Congreso Constituyente que redact\u00f3 la Constituci\u00f3n de la Ciudad de M\u00e9xico. A diferencia de muchas de las presentes, su rostro no presume la misma juventud. Todo lo contrario.<\/p>\n<p>\u201cYo estoy aqu\u00ed no por un asunto de edad, sino por un asunto de seguridad y derechos\u201d, dice. \u201cAnta\u00f1o \u00e9sta era la ciudad de los derechos por los que luchamos, y ahora todo est\u00e1 en el suelo\u201d, lamenta.<\/p>\n<p>\u201cNosotras logramos que la Constituci\u00f3n fuera la gran carta de Derechos Humanos, en la que se garantizaban todos los derechos. Pero con lo que vemos que hacen las autoridades nos preguntamos \u00bfen manos de qui\u00e9n estamos?\u201d.<\/p>\n<p>Cabrera Loftes explica que hace un par de a\u00f1os, cuando se discuti\u00f3 la Constituci\u00f3n de la ciudad, se logr\u00f3 hacer que las violaciones se investigaran por oficio, sin necesidad de que hubiera una denuncia. Sin embargo, asegura que los legisladores encontraron una forma de echarla a perder. Ahora, si bien la investigaci\u00f3n inicia por oficio, necesita de la confirmaci\u00f3n por parte de la v\u00edctima. Sin esa ratificaci\u00f3n, la sentencia no procede.<\/p>\n<p>\u201cLa ley habla de: justiciabilidad y accesibilidad. Pero eso no pasa. Ellos (los polic\u00edas) saben muy bien qu\u00e9 polic\u00edas andan a qu\u00e9 hora y en qu\u00e9 rond\u00edn. \u00bfC\u00f3mo es que no se hace justicia?\u201d.<\/p>\n<figure id=\"attachment_37875\" aria-describedby=\"caption-attachment-37875\" style=\"width: 800px\" class=\"wp-caption alignleft\"><img loading=\"lazy\" decoding=\"async\" data-attachment-id=\"37875\" data-permalink=\"http:\/\/www.grieta.org.mx\/index.php\/2019\/08\/13\/mujeres-exigen-seguridad-y-sheinbaum-les-llama-provocadoras-ciudad-de-mexico\/pdp_exigirjusticianoesprovocacion_cdmx_12082019_mariaruiz00\/\" data-orig-file=\"http:\/\/www.grieta.org.mx\/wp-content\/uploads\/2019\/08\/pdp_exigirjusticianoesprovocacion_cdmx_12082019_mariaruiz00.jpg\" data-orig-size=\"1175,783\" data-comments-opened=\"0\" data-image-meta=\"{&quot;aperture&quot;:&quot;3.2&quot;,&quot;credit&quot;:&quot;&quot;,&quot;camera&quot;:&quot;Canon EOS Rebel SL2&quot;,&quot;caption&quot;:&quot;&quot;,&quot;created_timestamp&quot;:&quot;1565617687&quot;,&quot;copyright&quot;:&quot;&quot;,&quot;focal_length&quot;:&quot;24&quot;,&quot;iso&quot;:&quot;100&quot;,&quot;shutter_speed&quot;:&quot;0.001&quot;,&quot;title&quot;:&quot;&quot;,&quot;orientation&quot;:&quot;0&quot;}\" data-image-title=\"pdp_exigirjusticianoesprovocacion_cdmx_12082019_mariaruiz00\" data-image-description=\"\" data-image-caption=\"&lt;p&gt;Foto: Mar\u00eda Ruiz \/ De la Secretar\u00eda de Seguridad Ciudadana de la Ciudad de M\u00e9xico a la Procuradur\u00eda General de Justicia, pasando por Insurgentes y avenida Chapultepec, colectivas feministas marcharon gritando consignas contra la violencia machista.&lt;\/p&gt;\n\" data-medium-file=\"http:\/\/www.grieta.org.mx\/wp-content\/uploads\/2019\/08\/pdp_exigirjusticianoesprovocacion_cdmx_12082019_mariaruiz00-300x200.jpg\" data-large-file=\"http:\/\/www.grieta.org.mx\/wp-content\/uploads\/2019\/08\/pdp_exigirjusticianoesprovocacion_cdmx_12082019_mariaruiz00-1024x682.jpg\" class=\"wp-image-37875\" src=\"http:\/\/www.grieta.org.mx\/wp-content\/uploads\/2019\/08\/pdp_exigirjusticianoesprovocacion_cdmx_12082019_mariaruiz00-1024x682.jpg\" alt=\"\" width=\"800\" height=\"533\" srcset=\"http:\/\/www.grieta.org.mx\/wp-content\/uploads\/2019\/08\/pdp_exigirjusticianoesprovocacion_cdmx_12082019_mariaruiz00-1024x682.jpg 1024w, http:\/\/www.grieta.org.mx\/wp-content\/uploads\/2019\/08\/pdp_exigirjusticianoesprovocacion_cdmx_12082019_mariaruiz00-300x200.jpg 300w, http:\/\/www.grieta.org.mx\/wp-content\/uploads\/2019\/08\/pdp_exigirjusticianoesprovocacion_cdmx_12082019_mariaruiz00-768x512.jpg 768w, http:\/\/www.grieta.org.mx\/wp-content\/uploads\/2019\/08\/pdp_exigirjusticianoesprovocacion_cdmx_12082019_mariaruiz00-750x500.jpg 750w, http:\/\/www.grieta.org.mx\/wp-content\/uploads\/2019\/08\/pdp_exigirjusticianoesprovocacion_cdmx_12082019_mariaruiz00.jpg 1175w\" sizes=\"auto, (max-width: 800px) 100vw, 800px\" \/><figcaption id=\"caption-attachment-37875\" class=\"wp-caption-text\">Foto: Mar\u00eda Ruiz \/ De la Secretar\u00eda de Seguridad Ciudadana de la Ciudad de M\u00e9xico a la Procuradur\u00eda General de Justicia, pasando por Insurgentes y avenida Chapultepec, colectivas feministas marcharon gritando consignas contra la violencia machista.<\/figcaption><\/figure>\n<p>\u2018Son provocaciones\u2018<br \/>\nUna hora despu\u00e9s de que terminara la protesta la jefa de Gobierno Claudia Sheinbaum sali\u00f3 a dar un mensaje ante medios de comunicaci\u00f3n. Asegur\u00f3 de forma insistente que su gobierno no caer\u00eda en ninguna provocaci\u00f3n.<\/p>\n<p>\u201cEsto es una provocaci\u00f3n. Quer\u00edan que el gobierno utilizara m\u00e9todos violentos, igual que las que ellos utilizaron y nosotros por ning\u00fan motivo vamos a caer en provocaciones. Claro que va a haber carpetas de investigaci\u00f3n por lo que ocurri\u00f3 particularmente en la Procuradur\u00eda y ya ser\u00e1 la propia instancia, la propia instituci\u00f3n quien haga las investigaciones y que resuelva\u201d, dijo sobre los hechos. \u201cNo son protestas, son provocaciones\u201d.<\/p>\n<p>Sobre el caso, asegur\u00f3 que no se fabricar\u00edan culpables. Por lo que se continuar\u00eda con la investigaci\u00f3n. Durante la marcha, uno de los c\u00e1nticos de las colectivas hac\u00eda alusi\u00f3n precisamente a esa frase de la jefa de Gobierno, que ha repetido en otras ocasiones: \u201cNo fabricamos culpables, fabricamos violadores\u201d.<\/p>\n<p>Para esclarecer las investigaciones por la violaci\u00f3n de la menor, Sheinbaum Pardo asegur\u00f3 que pedir\u00eda ayuda a la Comisi\u00f3n de Derechos Humanos de la Ciudad, para que sea una entidad externa que pueda ver el caso tambi\u00e9n.<\/p>\n<p><a href=\"https:\/\/piedepagina.mx\/mujeres-exigen-seguridad-y-sheinbaum-les-llama-provocadoras\/\" target=\"_blank\" rel=\"noopener noreferrer\">https:\/\/piedepagina.mx\/mujeres-exigen-seguridad-y-sheinbaum-les-llama-provocadoras\/<\/a><\/p>\n","protected":false},"excerpt":{"rendered":"<p>Arturo Contreras: texto; Mar\u00eda Fernanda Ruiz: Fotos\/ PIE DE P\u00c1GINA Sin di\u00e1logo con las autoridades y con mujeres tildadas de provocadoras por la jefa de Gobierno de la ciudad. As\u00ed &hellip; <a href=\"http:\/\/www.grieta.org.mx\/index.php\/2019\/08\/13\/mujeres-exigen-seguridad-y-sheinbaum-les-llama-provocadoras-ciudad-de-mexico\/\" class=\"more-link\">Leer m\u00e1s<\/a><\/p>\n","protected":false},"author":2,"featured_media":37872,"comment_status":"closed","ping_status":"closed","sticky":false,"template":"","format":"standard","meta":{"ngg_post_thumbnail":0,"_jetpack_newsletter_access":"","_jetpack_dont_email_post_to_subs":false,"_jetpack_newsletter_tier_id":0,"_jetpack_memberships_contains_paywalled_content":false,"_jetpack_memberships_contains_paid_content":false,"footnotes":""},"categories":[80,14,1141,1138,1670,2,2388],"tags":[199,2802,2801,1725],"class_list":["post-37871","post","type-post","status-publish","format-standard","has-post-thumbnail","hentry","category-cintillo","category-ciudad-de-mexico","category-feminicidios-en-la-ciudad-de-mexico","category-incremento-de-la-violencia-en-la-ciudad-de-mexico","category-movilizaciones-y-protestas-de-estudiantes-de-la-ciudad-de-mexico","category-noticias-nacionales","category-violencia-contra-las-mujeres-en-la-ciudad-de-mexico","tag-abuso-policiaco","tag-abuso-sexual-de-policias-contra-mujeres","tag-violencia-policiaca-contra-mujeres","tag-violencia-policiaca-en-la-ciudad-de-mexico","entry"],"jetpack_featured_media_url":"http:\/\/www.grieta.org.mx\/wp-content\/uploads\/2019\/08\/pdp_exigirjusticianoesprovocacion_cdmx_12082019_mariaruiz03.jpg","jetpack_sharing_enabled":true,"jetpack_shortlink":"https:\/\/wp.me\/p7ZJR4-9QP","jetpack_likes_enabled":false,"jetpack-related-posts":[{"id":38097,"url":"http:\/\/www.grieta.org.mx\/index.php\/2019\/08\/16\/galeria-glitter-rosa-la-marcha-feminista-en-ciudad-juarez-chihuahua\/","url_meta":{"origin":37871,"position":0},"title":"Galer\u00eda: Glitter Rosa, la marcha feminista en Ciudad Ju\u00e1rez (Chihuahua)","author":"grieta","date":"16 agosto, 2019","format":false,"excerpt":"Redacci\u00f3n; Fotograf\u00edas: Rey J. Jauregui\/ LA VERDAD DE JU\u00c1REZ Ciudad Ju\u00e1rez \u2013 Entre gritos de consignas contra \u201cactitudes machistas\u201d, haciendo pintas y lanzando brillantina rosa, decenas de mujeres marcharon en Ciudad Ju\u00e1rez para exigir un alto a la violencia de g\u00e9nero y en protesta por la revictimizaci\u00f3n de las autoridades\u2026","rel":"","context":"En &quot;Chihuahua&quot;","block_context":{"text":"Chihuahua","link":"http:\/\/www.grieta.org.mx\/index.php\/category\/noticias-nacionales\/chihuahua\/"},"img":{"alt_text":"","src":"https:\/\/i0.wp.com\/www.grieta.org.mx\/wp-content\/uploads\/2019\/08\/Foto-Galer%C3%ADa-Mujeres.jpg?resize=350%2C200","width":350,"height":200,"srcset":"https:\/\/i0.wp.com\/www.grieta.org.mx\/wp-content\/uploads\/2019\/08\/Foto-Galer%C3%ADa-Mujeres.jpg?resize=350%2C200 1x, https:\/\/i0.wp.com\/www.grieta.org.mx\/wp-content\/uploads\/2019\/08\/Foto-Galer%C3%ADa-Mujeres.jpg?resize=525%2C300 1.5x, https:\/\/i0.wp.com\/www.grieta.org.mx\/wp-content\/uploads\/2019\/08\/Foto-Galer%C3%ADa-Mujeres.jpg?resize=700%2C400 2x, https:\/\/i0.wp.com\/www.grieta.org.mx\/wp-content\/uploads\/2019\/08\/Foto-Galer%C3%ADa-Mujeres.jpg?resize=1050%2C600 3x, https:\/\/i0.wp.com\/www.grieta.org.mx\/wp-content\/uploads\/2019\/08\/Foto-Galer%C3%ADa-Mujeres.jpg?resize=1400%2C800 4x"},"classes":[]},{"id":38058,"url":"http:\/\/www.grieta.org.mx\/index.php\/2019\/08\/16\/protestan-en-tijuana-contra-violacion-de-mujeres-por-agentes-policiacos-en-ciudad-de-mexico-baja-california\/","url_meta":{"origin":37871,"position":1},"title":"Protestan en Tijuana contra violaci\u00f3n de mujeres por agentes polic\u00edacos en Ciudad de M\u00e9xico  (Baja California)","author":"grieta","date":"16 agosto, 2019","format":false,"excerpt":"Antonio Heras \/ Lindero Norte. Mexicali.- Un grupo de mujeres se manifest\u00f3 en Tijuana para reclamar justicia para las mujeres violadas por polic\u00edas en la Ciudad de M\u00e9xico. En el monumento a M\u00e9xico, conocido como \u201cLas Tijeras\u201d, integrantes de colectivos participaron en la \u201cbrillanteada\u201d donde lanzaron consignas en contra los\u2026","rel":"","context":"En &quot;Baja California&quot;","block_context":{"text":"Baja California","link":"http:\/\/www.grieta.org.mx\/index.php\/category\/noticias-nacionales\/baja-california\/"},"img":{"alt_text":"","src":"https:\/\/i0.wp.com\/www.grieta.org.mx\/wp-content\/uploads\/2019\/08\/TJ.jpg?resize=350%2C200","width":350,"height":200,"srcset":"https:\/\/i0.wp.com\/www.grieta.org.mx\/wp-content\/uploads\/2019\/08\/TJ.jpg?resize=350%2C200 1x, https:\/\/i0.wp.com\/www.grieta.org.mx\/wp-content\/uploads\/2019\/08\/TJ.jpg?resize=525%2C300 1.5x, https:\/\/i0.wp.com\/www.grieta.org.mx\/wp-content\/uploads\/2019\/08\/TJ.jpg?resize=700%2C400 2x, https:\/\/i0.wp.com\/www.grieta.org.mx\/wp-content\/uploads\/2019\/08\/TJ.jpg?resize=1050%2C600 3x"},"classes":[]},{"id":43401,"url":"http:\/\/www.grieta.org.mx\/index.php\/2020\/01\/23\/liberan-a-estudiantes-de-filosofia-y-letras-detenidas-injustificadamente-ciudad-de-mexico\/","url_meta":{"origin":37871,"position":2},"title":"LIBERAN A ESTUDIANTES DE FILOSOF\u00cdA Y LETRAS DETENIDAS INJUSTIFICADAMENTE (Ciudad de M\u00e9xico)","author":"grieta","date":"23 enero, 2020","format":false,"excerpt":"Reporte \u00cdndigo Tres estudiantes de la Facultad de Filosof\u00eda y Letras de la UNAM. fueron detenidas despu\u00e9s de buscar un trato justo para una menor de edad acusada de robo Tres estudiantes de la Facultad de Filosof\u00eda y Letras de la UNAM fueron liberadas despu\u00e9s de que no se encontraran\u2026","rel":"","context":"En &quot;Abuso policiaco y tortura en la Ciudad de M\u00e9xico&quot;","block_context":{"text":"Abuso policiaco y tortura en la Ciudad de M\u00e9xico","link":"http:\/\/www.grieta.org.mx\/index.php\/category\/noticias-nacionales\/ciudad-de-mexico\/abuso-policiaco-y-tortura-en-la-ciudad-de-mexico\/"},"img":{"alt_text":"","src":"https:\/\/i0.wp.com\/www.grieta.org.mx\/wp-content\/uploads\/2020\/01\/LIBERAN-A-ESTUDIANTES-DE-FILOSOF%C3%8DA-Y-LETRAS-DETENIDAS-INJUSTIFICADAMENTE-cdmx-ene.jpg?resize=350%2C200","width":350,"height":200},"classes":[]},{"id":54895,"url":"http:\/\/www.grieta.org.mx\/index.php\/2020\/11\/08\/cdmx-despliega-1000-policias-para-protesta-de-30-mujeres-contra-el-acoso-en-ipn\/","url_meta":{"origin":37871,"position":3},"title":"CDMX despliega 1,000 polic\u00edas para protesta de 30 mujeres contra el acoso en IPN","author":"grieta","date":"8 noviembre, 2020","format":false,"excerpt":"Fotos: Cuartoscuro\u00a0 Animal Pol\u00edtico Las manifestantes reclamaron que polic\u00edas les imped\u00edan el paso y las manten\u00edan encapsuladas. Las autoridades de la Ciudad de M\u00e9xico informaron este domingo que fueron desplegadas 800 mujeres polic\u00edas del Grupo Atenea y 200 elementos masculinos de la Secretar\u00eda de Seguridad Ciudadana para el operativo ante\u2026","rel":"","context":"En &quot;Abuso policiaco y tortura en la Ciudad de M\u00e9xico&quot;","block_context":{"text":"Abuso policiaco y tortura en la Ciudad de M\u00e9xico","link":"http:\/\/www.grieta.org.mx\/index.php\/category\/noticias-nacionales\/ciudad-de-mexico\/abuso-policiaco-y-tortura-en-la-ciudad-de-mexico\/"},"img":{"alt_text":"","src":"https:\/\/i0.wp.com\/www.grieta.org.mx\/wp-content\/uploads\/2020\/11\/CDMX-despliega-1000-policias-para-protesta-de-30-mujeres-contra-el-acoso-en-IPN-cdmx-nov.jpeg?resize=350%2C200","width":350,"height":200,"srcset":"https:\/\/i0.wp.com\/www.grieta.org.mx\/wp-content\/uploads\/2020\/11\/CDMX-despliega-1000-policias-para-protesta-de-30-mujeres-contra-el-acoso-en-IPN-cdmx-nov.jpeg?resize=350%2C200 1x, https:\/\/i0.wp.com\/www.grieta.org.mx\/wp-content\/uploads\/2020\/11\/CDMX-despliega-1000-policias-para-protesta-de-30-mujeres-contra-el-acoso-en-IPN-cdmx-nov.jpeg?resize=525%2C300 1.5x, https:\/\/i0.wp.com\/www.grieta.org.mx\/wp-content\/uploads\/2020\/11\/CDMX-despliega-1000-policias-para-protesta-de-30-mujeres-contra-el-acoso-en-IPN-cdmx-nov.jpeg?resize=700%2C400 2x"},"classes":[]},{"id":55155,"url":"http:\/\/www.grieta.org.mx\/index.php\/2020\/11\/13\/encapsulan-a-protesta-feminista-en-cdmx-autoridades-dicen-que-hay-dialogo\/","url_meta":{"origin":37871,"position":4},"title":"Encapsulan a protesta feminista en CDMX; autoridades dicen que hay di\u00e1logo","author":"grieta","date":"13 noviembre, 2020","format":false,"excerpt":"\u00a0 Animal Pol\u00edtico Ante la intervenci\u00f3n de polic\u00edas capitalinos, ha habido enfrentamientos con piedras y golpes. Videos muestran tambi\u00e9n que elementos de seguridad han encapsulado la protesta y han utilizado extinguidores. Integrantes de colectivos feministas protestaron este viernes en instalaciones de la Fiscal\u00eda de la Ciudad de M\u00e9xico por el\u2026","rel":"","context":"En &quot;Abuso policiaco y tortura en la Ciudad de M\u00e9xico&quot;","block_context":{"text":"Abuso policiaco y tortura en la Ciudad de M\u00e9xico","link":"http:\/\/www.grieta.org.mx\/index.php\/category\/noticias-nacionales\/ciudad-de-mexico\/abuso-policiaco-y-tortura-en-la-ciudad-de-mexico\/"},"img":{"alt_text":"","src":"https:\/\/i0.wp.com\/www.grieta.org.mx\/wp-content\/uploads\/2020\/11\/Encapsulan-a-protesta-feminista-en-CDMX-autoridades-dicen-que-hay-dialogo-cdmx-nov.jpeg?resize=350%2C200","width":350,"height":200,"srcset":"https:\/\/i0.wp.com\/www.grieta.org.mx\/wp-content\/uploads\/2020\/11\/Encapsulan-a-protesta-feminista-en-CDMX-autoridades-dicen-que-hay-dialogo-cdmx-nov.jpeg?resize=350%2C200 1x, https:\/\/i0.wp.com\/www.grieta.org.mx\/wp-content\/uploads\/2020\/11\/Encapsulan-a-protesta-feminista-en-CDMX-autoridades-dicen-que-hay-dialogo-cdmx-nov.jpeg?resize=525%2C300 1.5x, https:\/\/i0.wp.com\/www.grieta.org.mx\/wp-content\/uploads\/2020\/11\/Encapsulan-a-protesta-feminista-en-CDMX-autoridades-dicen-que-hay-dialogo-cdmx-nov.jpeg?resize=700%2C400 2x"},"classes":[]},{"id":38240,"url":"http:\/\/www.grieta.org.mx\/index.php\/2019\/08\/17\/se-solidarizan-por-violencia-contra-las-mujeres-jalisco\/","url_meta":{"origin":37871,"position":5},"title":"Se solidarizan por violencia contra las mujeres (Jalisco)","author":"grieta","date":"17 agosto, 2019","format":false,"excerpt":"Foto: F Atilano. \/ El Informador Exigen justicia por caso de menor violada por polic\u00edas en la Ciudad de M\u00e9xico Redacci\u00f3n \/ El Informador Cerca de 200 manifestantes protestaron en la Plaza de Armas, en solidaridad y exigiendo justicia por el caso de una joven de 17 a\u00f1os quien presuntamente\u2026","rel":"","context":"En &quot;CINTILLO&quot;","block_context":{"text":"CINTILLO","link":"http:\/\/www.grieta.org.mx\/index.php\/category\/cintillo\/"},"img":{"alt_text":"","src":"https:\/\/i0.wp.com\/www.grieta.org.mx\/wp-content\/uploads\/2019\/08\/imagen_feminismox_feministasx31311658x_crop1566026510984.jpg_1970638775.jpg?resize=350%2C200","width":350,"height":200,"srcset":"https:\/\/i0.wp.com\/www.grieta.org.mx\/wp-content\/uploads\/2019\/08\/imagen_feminismox_feministasx31311658x_crop1566026510984.jpg_1970638775.jpg?resize=350%2C200 1x, https:\/\/i0.wp.com\/www.grieta.org.mx\/wp-content\/uploads\/2019\/08\/imagen_feminismox_feministasx31311658x_crop1566026510984.jpg_1970638775.jpg?resize=525%2C300 1.5x, https:\/\/i0.wp.com\/www.grieta.org.mx\/wp-content\/uploads\/2019\/08\/imagen_feminismox_feministasx31311658x_crop1566026510984.jpg_1970638775.jpg?resize=700%2C400 2x"},"classes":[]}],"_links":{"self":[{"href":"http:\/\/www.grieta.org.mx\/index.php\/wp-json\/wp\/v2\/posts\/37871","targetHints":{"allow":["GET"]}}],"collection":[{"href":"http:\/\/www.grieta.org.mx\/index.php\/wp-json\/wp\/v2\/posts"}],"about":[{"href":"http:\/\/www.grieta.org.mx\/index.php\/wp-json\/wp\/v2\/types\/post"}],"author":[{"embeddable":true,"href":"http:\/\/www.grieta.org.mx\/index.php\/wp-json\/wp\/v2\/users\/2"}],"replies":[{"embeddable":true,"href":"http:\/\/www.grieta.org.mx\/index.php\/wp-json\/wp\/v2\/comments?post=37871"}],"version-history":[{"count":1,"href":"http:\/\/www.grieta.org.mx\/index.php\/wp-json\/wp\/v2\/posts\/37871\/revisions"}],"predecessor-version":[{"id":37879,"href":"http:\/\/www.grieta.org.mx\/index.php\/wp-json\/wp\/v2\/posts\/37871\/revisions\/37879"}],"wp:featuredmedia":[{"embeddable":true,"href":"http:\/\/www.grieta.org.mx\/index.php\/wp-json\/wp\/v2\/media\/37872"}],"wp:attachment":[{"href":"http:\/\/www.grieta.org.mx\/index.php\/wp-json\/wp\/v2\/media?parent=37871"}],"wp:term":[{"taxonomy":"category","embeddable":true,"href":"http:\/\/www.grieta.org.mx\/index.php\/wp-json\/wp\/v2\/categories?post=37871"},{"taxonomy":"post_tag","embeddable":true,"href":"http:\/\/www.grieta.org.mx\/index.php\/wp-json\/wp\/v2\/tags?post=37871"}],"curies":[{"name":"wp","href":"https:\/\/api.w.org\/{rel}","templated":true}]}}