{"id":37714,"date":"2019-08-03T18:11:42","date_gmt":"2019-08-03T23:11:42","guid":{"rendered":"http:\/\/www.grieta.org.mx\/?p=37714"},"modified":"2019-08-09T18:20:40","modified_gmt":"2019-08-09T23:20:40","slug":"marchan-de-nuevo-contra-el-aumento-al-transporte-anticipan-amparos-jalisco","status":"publish","type":"post","link":"http:\/\/www.grieta.org.mx\/index.php\/2019\/08\/03\/marchan-de-nuevo-contra-el-aumento-al-transporte-anticipan-amparos-jalisco\/","title":{"rendered":"Marchan de nuevo contra el aumento al transporte; anticipan amparos (Jalisco)"},"content":{"rendered":"<p><img loading=\"lazy\" decoding=\"async\" data-attachment-id=\"37716\" data-permalink=\"http:\/\/www.grieta.org.mx\/index.php\/2019\/08\/03\/marchan-de-nuevo-contra-el-aumento-al-transporte-anticipan-amparos-jalisco\/m6_crop1564882957609-jpeg_1970638775\/\" data-orig-file=\"http:\/\/www.grieta.org.mx\/wp-content\/uploads\/2019\/08\/m6_crop1564882957609.jpeg_1970638775.jpeg\" data-orig-size=\"770,485\" data-comments-opened=\"0\" data-image-meta=\"{&quot;aperture&quot;:&quot;0&quot;,&quot;credit&quot;:&quot;&quot;,&quot;camera&quot;:&quot;&quot;,&quot;caption&quot;:&quot;&quot;,&quot;created_timestamp&quot;:&quot;0&quot;,&quot;copyright&quot;:&quot;&quot;,&quot;focal_length&quot;:&quot;0&quot;,&quot;iso&quot;:&quot;0&quot;,&quot;shutter_speed&quot;:&quot;0&quot;,&quot;title&quot;:&quot;&quot;,&quot;orientation&quot;:&quot;0&quot;}\" data-image-title=\"m6_crop1564882957609.jpeg_1970638775\" data-image-description=\"\" data-image-caption=\"\" data-medium-file=\"http:\/\/www.grieta.org.mx\/wp-content\/uploads\/2019\/08\/m6_crop1564882957609.jpeg_1970638775-300x189.jpeg\" data-large-file=\"http:\/\/www.grieta.org.mx\/wp-content\/uploads\/2019\/08\/m6_crop1564882957609.jpeg_1970638775.jpeg\" class=\"size-full wp-image-37716 aligncenter\" src=\"http:\/\/www.grieta.org.mx\/wp-content\/uploads\/2019\/08\/m6_crop1564882957609.jpeg_1970638775.jpeg\" alt=\"\" width=\"770\" height=\"485\" srcset=\"http:\/\/www.grieta.org.mx\/wp-content\/uploads\/2019\/08\/m6_crop1564882957609.jpeg_1970638775.jpeg 770w, http:\/\/www.grieta.org.mx\/wp-content\/uploads\/2019\/08\/m6_crop1564882957609.jpeg_1970638775-300x189.jpeg 300w, http:\/\/www.grieta.org.mx\/wp-content\/uploads\/2019\/08\/m6_crop1564882957609.jpeg_1970638775-768x484.jpeg 768w\" sizes=\"auto, (max-width: 770px) 100vw, 770px\" \/><\/p>\n<p>Foto: F. Atilano &#8211; El Informador<\/p>\n<p>Sergio Blanco \/ El Informador<\/p>\n<p>Una nueva marcha en contra del\u00a0<strong>aumento<\/strong>\u00a0a la tarifa del transporte p\u00fablico tuvo lugar la tarde de este s\u00e1bado en el centro de Guadalajara. Los manifestantes ten\u00edan la consigna de no caer en provocaciones, por lo que solamente recurrieron a los gritos y a las consignas en contra del que calificaron como &#8220;gobierno represor&#8221; de Enrique Alfaro Ram\u00edrez.<\/p>\n<p><strong>Minutos despu\u00e9s de las cinco de la tarde, la manifestaci\u00f3n parti\u00f3 del cruce de Federalismo y Ju\u00e1rez con rumbo hacia la plaza Liberaci\u00f3n<\/strong>. Fueron alrededor de unas 200 personas las que comenzaron a andar, seg\u00fan los c\u00e1lculos de la Polic\u00eda Vial y de Bomberos de Guadalajara.<\/p>\n<p>&#8220;\u00a1Si aumentan los precios, aumentan las protestas!&#8221;; &#8220;\u00a1Fuera Alfaro!&#8221;; &#8220;\u00a1No se va a caer, lo vamos a tumbar!&#8221;, eran de las principales advertencias que los manifestantes lanzaban, al tiempo que ped\u00edan a la gente que se uniera. &#8220;\u00a1A ti que est\u00e1s mirando, tambi\u00e9n te est\u00e1n ch&#8230;!&#8221;<\/p>\n<p>Juan V\u00e1zquez Ocampo, uno de los organizadores, inform\u00f3 que\u00a0<strong>adem\u00e1s de las movilizaciones, est\u00e1n por promover amparos individuales y masivos.<\/strong><\/p>\n<p>Javier Ibarra, otro de los coordinadores, anticip\u00f3 que el martes pr\u00f3ximo tendr\u00e1n listo el formato de los amparos para comenzar a elaborarlos y fijar la fecha en la que los presenten. &#8220;Una v\u00eda es que el pueblo entienda que tiene que movilizarse y la otra v\u00eda es en el Poder Judicial&#8221;, dijo V\u00e1zquez.<\/p>\n<p>Las personas que presenciaban apoyaban en su gran mayor\u00eda a los manifestantes. &#8220;Estoy de acuerdo, es que subieron mucho el cami\u00f3n y luego con mal servicio, le afect\u00f3 a mi familia, imag\u00ednate los que ganan el m\u00ednimo&#8221;, admiti\u00f3 Mar\u00eda L\u00f3pez.<\/p>\n<p>Hacia las seis de la tarde, el contingente lleg\u00f3 hasta las puertas del Palacio de Gobierno, donde expusieron los tres principales puntos de su demanda:\u00a0<strong>que no se autorice el aumento a 9.50 pesos; que la tarifa se reduzca en principio a seis pesos; y que el transporte colectivo regrese a manos del gobierno.<\/strong><\/p>\n<p>&#8220;Fundamentalmente echar abajo al aumento, ya si logramos echar abajo el aumento, ya tendr\u00edan que venir una serie de actos que es que el estado se haga ya cargo del\u00a0<strong>transporte p\u00fablico<\/strong>, porque ahorita el 95 por ciento de los camiones urbanos que circulan est\u00e1n concesionados&#8221;, explic\u00f3 V\u00e1zquez Ocampo.<\/p>\n<p><strong>&#8220;Han dejado el transporte p\u00fablico en manos de los particulares<\/strong>. En la Ciudad de M\u00e9xico, mayoritariamente quien ofrece el servicio es el gobierno y vemos las tarifas de dos pesos, cuatro pesos y cinco pesos en la Red de Transporte de Pasajeros&#8221;.<\/p>\n<p>Tras la protesta, un grupo de representantes del gobierno ofrecieron organizar mesas de trabajo el pr\u00f3ximo mi\u00e9rcoles a las 15:00 horas para atender sus demandas con el apoyo de especialistas, lo cual finalmente fue aceptado por los manifestantes.<\/p>\n<p><a href=\"https:\/\/www.informador.mx\/jalisco\/Marchan-de-nuevo-contra-el-aumento-al-transporte-anticipan-amparos-20190803-0098.html\">https:\/\/www.informador.mx\/jalisco\/Marchan-de-nuevo-contra-el-aumento-al-transporte-anticipan-amparos-20190803-0098.html<\/a><\/p>\n","protected":false},"excerpt":{"rendered":"<p>Foto: F. Atilano &#8211; El Informador Sergio Blanco \/ El Informador Una nueva marcha en contra del\u00a0aumento\u00a0a la tarifa del transporte p\u00fablico tuvo lugar la tarde de este s\u00e1bado en &hellip; <a href=\"http:\/\/www.grieta.org.mx\/index.php\/2019\/08\/03\/marchan-de-nuevo-contra-el-aumento-al-transporte-anticipan-amparos-jalisco\/\" class=\"more-link\">Leer m\u00e1s<\/a><\/p>\n","protected":false},"author":2,"featured_media":37716,"comment_status":"closed","ping_status":"closed","sticky":false,"template":"","format":"standard","meta":{"ngg_post_thumbnail":0,"_jetpack_newsletter_access":"","_jetpack_dont_email_post_to_subs":false,"_jetpack_newsletter_tier_id":0,"_jetpack_memberships_contains_paywalled_content":false,"_jetpack_memberships_contains_paid_content":false,"footnotes":""},"categories":[80,20,2,2781],"tags":[2782,1595,1994],"class_list":["post-37714","post","type-post","status-publish","format-standard","has-post-thumbnail","hentry","category-cintillo","category-jalisco","category-noticias-nacionales","category-protestas-contra-el-aumento-de-tarifas-al-transporte-publico","tag-protestas-contra-alza-de-tarifas-de-transporte-publico","tag-tarifa-transporte-publico","tag-tarifazo","entry"],"jetpack_featured_media_url":"http:\/\/www.grieta.org.mx\/wp-content\/uploads\/2019\/08\/m6_crop1564882957609.jpeg_1970638775.jpeg","jetpack_sharing_enabled":true,"jetpack_shortlink":"https:\/\/wp.me\/p7ZJR4-9Oi","jetpack_likes_enabled":false,"jetpack-related-posts":[{"id":37355,"url":"http:\/\/www.grieta.org.mx\/index.php\/2019\/07\/28\/por-tercer-dia-consecutivo-en-guadalajara-se-manifiestan-contra-alfaro-represor-por-alza-al-transporte-publico-jalisco\/","url_meta":{"origin":37714,"position":0},"title":"Por tercer d\u00eda consecutivo en Guadalajara se manifiestan contra \u201cAlfaro represor\u201d por alza al transporte p\u00fablico (Jalisco)","author":"grieta","date":"28 julio, 2019","format":false,"excerpt":"Fotos: Zona Docs Mario Marlo \/ Zona Docs Por tercer d\u00eda consecutivo, en la ciudad de Guadalajara,\u00a0 se realizaron manifestaciones contra el Gobernador de Jalisco, Enrique Alfaro, despu\u00e9s de que diera a conocer el anunci\u00f3\u00a0de que el costo del pasaje en el transporte p\u00fablico \u00a0increment\u00f3 un 35.7%, de 7 a\u2026","rel":"","context":"En &quot;CINTILLO&quot;","block_context":{"text":"CINTILLO","link":"http:\/\/www.grieta.org.mx\/index.php\/category\/cintillo\/"},"img":{"alt_text":"","src":"https:\/\/i0.wp.com\/www.grieta.org.mx\/wp-content\/uploads\/2019\/08\/Tarifazo-GDL-6.jpg?resize=350%2C200","width":350,"height":200,"srcset":"https:\/\/i0.wp.com\/www.grieta.org.mx\/wp-content\/uploads\/2019\/08\/Tarifazo-GDL-6.jpg?resize=350%2C200 1x, https:\/\/i0.wp.com\/www.grieta.org.mx\/wp-content\/uploads\/2019\/08\/Tarifazo-GDL-6.jpg?resize=525%2C300 1.5x, https:\/\/i0.wp.com\/www.grieta.org.mx\/wp-content\/uploads\/2019\/08\/Tarifazo-GDL-6.jpg?resize=700%2C400 2x, https:\/\/i0.wp.com\/www.grieta.org.mx\/wp-content\/uploads\/2019\/08\/Tarifazo-GDL-6.jpg?resize=1050%2C600 3x"},"classes":[]},{"id":5201,"url":"http:\/\/www.grieta.org.mx\/index.php\/2015\/09\/12\/protestas-contra-el-alza-en-tarifa-de-transporte-en-queretaro\/","url_meta":{"origin":37714,"position":1},"title":"Protestas contra el alza en tarifa de transporte en Quer\u00e9taro","author":"grieta","date":"12 septiembre, 2015","format":false,"excerpt":"12\/09\/15. Presentan amparos contra alza de tarifa El Universal 07\/09\/15. Desestiman amparo de la UAQ contra aumento al transporte p\u00fablico AM Quer\u00e9taro 26\/08\/15. UAQ instalar\u00e1 mesas en 13 facultades para recolectar firmas a favor del amparo contra aumento a tarifa de RedQ C\u00f3dice informativo 21\/08\/15. Colegio de Abogados de Quer\u00e9taro\u2026","rel":"","context":"En &quot;Comunicaciones y transportes&quot;","block_context":{"text":"Comunicaciones y transportes","link":"http:\/\/www.grieta.org.mx\/index.php\/category\/megaproyectos\/comunicaciones-y-transportes\/"},"img":{"alt_text":"","src":"https:\/\/i0.wp.com\/www.grieta.org.mx\/wp-content\/uploads\/2018\/03\/14524434_1106112876131411_958039263622046936_o.jpg?resize=350%2C200","width":350,"height":200,"srcset":"https:\/\/i0.wp.com\/www.grieta.org.mx\/wp-content\/uploads\/2018\/03\/14524434_1106112876131411_958039263622046936_o.jpg?resize=350%2C200 1x, https:\/\/i0.wp.com\/www.grieta.org.mx\/wp-content\/uploads\/2018\/03\/14524434_1106112876131411_958039263622046936_o.jpg?resize=525%2C300 1.5x, https:\/\/i0.wp.com\/www.grieta.org.mx\/wp-content\/uploads\/2018\/03\/14524434_1106112876131411_958039263622046936_o.jpg?resize=700%2C400 2x"},"classes":[]},{"id":17781,"url":"http:\/\/www.grieta.org.mx\/index.php\/2016\/03\/14\/conflictos-y-protestas-por-transporte-publico-en-guanajuato\/","url_meta":{"origin":37714,"position":2},"title":"Conflictos y protestas por transporte p\u00fablico en Guanajuato","author":"grieta","date":"14 marzo, 2016","format":false,"excerpt":"14\/03\/2016. Contin\u00faan las protestas contra aumento al pasaje en el transporte p\u00fablico en Le\u00f3n Peri\u00f3dico Correo 03\/03\/2016. Protestan contra aumento al pasaje en el transporte p\u00fablico en Le\u00f3n AM 20\/11\/2015. Agreden a manifestantes que exigen mantener gratuidad del transporte para ancianos en Le\u00f3nZona Franca 26\/10\/2015. Siguen las manifestaciones para exigir\u2026","rel":"","context":"En &quot;Guanajuato&quot;","block_context":{"text":"Guanajuato","link":"http:\/\/www.grieta.org.mx\/index.php\/category\/noticias-nacionales\/guanajuato\/"},"img":{"alt_text":"","src":"https:\/\/i0.wp.com\/www.grieta.org.mx\/wp-content\/uploads\/2018\/03\/14524434_1106112876131411_958039263622046936_o.jpg?resize=350%2C200","width":350,"height":200,"srcset":"https:\/\/i0.wp.com\/www.grieta.org.mx\/wp-content\/uploads\/2018\/03\/14524434_1106112876131411_958039263622046936_o.jpg?resize=350%2C200 1x, https:\/\/i0.wp.com\/www.grieta.org.mx\/wp-content\/uploads\/2018\/03\/14524434_1106112876131411_958039263622046936_o.jpg?resize=525%2C300 1.5x, https:\/\/i0.wp.com\/www.grieta.org.mx\/wp-content\/uploads\/2018\/03\/14524434_1106112876131411_958039263622046936_o.jpg?resize=700%2C400 2x"},"classes":[]},{"id":42901,"url":"http:\/\/www.grieta.org.mx\/index.php\/2020\/01\/09\/policias-repliegan-a-golpes-manifestacion-contra-aumento-de-pasaje-estado-de-mexico\/","url_meta":{"origin":37714,"position":3},"title":"Polic\u00edas repliegan a golpes manifestaci\u00f3n contra aumento de pasaje (Estado de M\u00e9xico)","author":"grieta","date":"9 enero, 2020","format":false,"excerpt":"Chilango Este jueves se realiz\u00f3 una manifestaci\u00f3n contra el aumento a la tarifa de transporte p\u00fablico del Edomex La tarde de este jueves 9 de enero se realiz\u00f3 una marcha contra aumento de pasaje en el Estado de M\u00e9xico, en la cual participaron estudiantes de distintas escuelas de la Universidad\u2026","rel":"","context":"En &quot;Abuso policiaco y tortura en el Estado de M\u00e9xico&quot;","block_context":{"text":"Abuso policiaco y tortura en el Estado de M\u00e9xico","link":"http:\/\/www.grieta.org.mx\/index.php\/category\/noticias-nacionales\/estado-de-mexico\/abuso-policiaco-y-tortura-en-el-estado-de-mexico\/"},"img":{"alt_text":"","src":"https:\/\/i0.wp.com\/www.grieta.org.mx\/wp-content\/uploads\/2020\/01\/Polic%C3%ADas-repliegan-a-golpes-manifestaci%C3%B3n-contra-aumento-de-pasaje-edomex-ener.jpg?resize=350%2C200","width":350,"height":200},"classes":[]},{"id":42915,"url":"http:\/\/www.grieta.org.mx\/index.php\/2020\/01\/09\/estudiantes-de-la-unam-y-uaem-marchan-contra-tarifazo-en-transporte-de-edomex\/","url_meta":{"origin":37714,"position":4},"title":"Estudiantes de la UNAM y UAEM marchan contra \u201ctarifazo\u201d en transporte de Edomex","author":"grieta","date":"9 enero, 2020","format":false,"excerpt":"Los estudiantes pidieron que se respeten las tarifas especiales que dan a universitarios. Foto: Leticia R\u00edos Leticia R\u00edos \/ El Heraldo de M\u00e9xico La tarifa en el transporte de Edomex aument\u00f3 20% desde el 1 de enero; universitarios dicen que la medida afecta su bolsillo Alrededor de 60 estudiantes de\u2026","rel":"","context":"En &quot;CINTILLO&quot;","block_context":{"text":"CINTILLO","link":"http:\/\/www.grieta.org.mx\/index.php\/category\/cintillo\/"},"img":{"alt_text":"","src":"https:\/\/i0.wp.com\/www.grieta.org.mx\/wp-content\/uploads\/2020\/01\/Estudiantes-de-la-UNAM-y-UAEM-marchan-contra-tarifazo-en-transporte-de-Edomex-ene.jpg?resize=350%2C200","width":350,"height":200},"classes":[]},{"id":5290,"url":"http:\/\/www.grieta.org.mx\/index.php\/2016\/03\/14\/continuan-las-protestas-contra-aumento-al-pasaje-en-el-transporte-publico-en-leon\/","url_meta":{"origin":37714,"position":5},"title":"Contin\u00faan las protestas contra aumento al pasaje en el transporte p\u00fablico en Le\u00f3n","author":"grieta","date":"14 marzo, 2016","format":false,"excerpt":"Dami\u00e1n Godoy, Le\u00f3n, Gto. Alrededor de 250 miembros de la Coordinadora Leonesa de Adultos Mayores (Clama) esta ma\u00f1ana impidieron la circulaci\u00f3n vehicular en un tramo del bulevar Adolfo L\u00f3pez Mateos y calles de la zona centro, para manifestar su desacuerdo ante la posibilidad de que se incremente la tarifa al\u2026","rel":"","context":"En &quot;CINTILLO&quot;","block_context":{"text":"CINTILLO","link":"http:\/\/www.grieta.org.mx\/index.php\/category\/cintillo\/"},"img":{"alt_text":"","src":"https:\/\/i0.wp.com\/www.grieta.org.mx\/wp-content\/uploads\/2018\/03\/14524434_1106112876131411_958039263622046936_o.jpg?resize=350%2C200","width":350,"height":200,"srcset":"https:\/\/i0.wp.com\/www.grieta.org.mx\/wp-content\/uploads\/2018\/03\/14524434_1106112876131411_958039263622046936_o.jpg?resize=350%2C200 1x, https:\/\/i0.wp.com\/www.grieta.org.mx\/wp-content\/uploads\/2018\/03\/14524434_1106112876131411_958039263622046936_o.jpg?resize=525%2C300 1.5x, https:\/\/i0.wp.com\/www.grieta.org.mx\/wp-content\/uploads\/2018\/03\/14524434_1106112876131411_958039263622046936_o.jpg?resize=700%2C400 2x"},"classes":[]}],"_links":{"self":[{"href":"http:\/\/www.grieta.org.mx\/index.php\/wp-json\/wp\/v2\/posts\/37714","targetHints":{"allow":["GET"]}}],"collection":[{"href":"http:\/\/www.grieta.org.mx\/index.php\/wp-json\/wp\/v2\/posts"}],"about":[{"href":"http:\/\/www.grieta.org.mx\/index.php\/wp-json\/wp\/v2\/types\/post"}],"author":[{"embeddable":true,"href":"http:\/\/www.grieta.org.mx\/index.php\/wp-json\/wp\/v2\/users\/2"}],"replies":[{"embeddable":true,"href":"http:\/\/www.grieta.org.mx\/index.php\/wp-json\/wp\/v2\/comments?post=37714"}],"version-history":[{"count":1,"href":"http:\/\/www.grieta.org.mx\/index.php\/wp-json\/wp\/v2\/posts\/37714\/revisions"}],"predecessor-version":[{"id":37717,"href":"http:\/\/www.grieta.org.mx\/index.php\/wp-json\/wp\/v2\/posts\/37714\/revisions\/37717"}],"wp:featuredmedia":[{"embeddable":true,"href":"http:\/\/www.grieta.org.mx\/index.php\/wp-json\/wp\/v2\/media\/37716"}],"wp:attachment":[{"href":"http:\/\/www.grieta.org.mx\/index.php\/wp-json\/wp\/v2\/media?parent=37714"}],"wp:term":[{"taxonomy":"category","embeddable":true,"href":"http:\/\/www.grieta.org.mx\/index.php\/wp-json\/wp\/v2\/categories?post=37714"},{"taxonomy":"post_tag","embeddable":true,"href":"http:\/\/www.grieta.org.mx\/index.php\/wp-json\/wp\/v2\/tags?post=37714"}],"curies":[{"name":"wp","href":"https:\/\/api.w.org\/{rel}","templated":true}]}}