{"id":37560,"date":"2019-08-02T10:44:47","date_gmt":"2019-08-02T15:44:47","guid":{"rendered":"http:\/\/www.grieta.org.mx\/?p=37560"},"modified":"2019-08-07T10:51:07","modified_gmt":"2019-08-07T15:51:07","slug":"guardia-nacional-irrumpe-arbitrariamente-en-albergue-de-migrantes-en-veracruz","status":"publish","type":"post","link":"http:\/\/www.grieta.org.mx\/index.php\/2019\/08\/02\/guardia-nacional-irrumpe-arbitrariamente-en-albergue-de-migrantes-en-veracruz\/","title":{"rendered":"Guardia Nacional irrumpe arbitrariamente en albergue de migrantes en Veracruz"},"content":{"rendered":"<p><img loading=\"lazy\" decoding=\"async\" data-attachment-id=\"37561\" data-permalink=\"http:\/\/www.grieta.org.mx\/index.php\/2019\/08\/02\/guardia-nacional-irrumpe-arbitrariamente-en-albergue-de-migrantes-en-veracruz\/whatsapp_image_2019-07-26_at_09-40-52\/\" data-orig-file=\"http:\/\/www.grieta.org.mx\/wp-content\/uploads\/2019\/08\/whatsapp_image_2019-07-26_at_09.40.52.jpeg\" data-orig-size=\"1200,900\" data-comments-opened=\"0\" data-image-meta=\"{&quot;aperture&quot;:&quot;0&quot;,&quot;credit&quot;:&quot;&quot;,&quot;camera&quot;:&quot;&quot;,&quot;caption&quot;:&quot;&quot;,&quot;created_timestamp&quot;:&quot;0&quot;,&quot;copyright&quot;:&quot;&quot;,&quot;focal_length&quot;:&quot;0&quot;,&quot;iso&quot;:&quot;0&quot;,&quot;shutter_speed&quot;:&quot;0&quot;,&quot;title&quot;:&quot;&quot;,&quot;orientation&quot;:&quot;0&quot;}\" data-image-title=\"whatsapp_image_2019-07-26_at_09.40.52\" data-image-description=\"\" data-image-caption=\"\" data-medium-file=\"http:\/\/www.grieta.org.mx\/wp-content\/uploads\/2019\/08\/whatsapp_image_2019-07-26_at_09.40.52-300x225.jpeg\" data-large-file=\"http:\/\/www.grieta.org.mx\/wp-content\/uploads\/2019\/08\/whatsapp_image_2019-07-26_at_09.40.52-1024x768.jpeg\" class=\"alignleft wp-image-37561\" src=\"http:\/\/www.grieta.org.mx\/wp-content\/uploads\/2019\/08\/whatsapp_image_2019-07-26_at_09.40.52-1024x768.jpeg\" alt=\"\" width=\"800\" height=\"600\" srcset=\"http:\/\/www.grieta.org.mx\/wp-content\/uploads\/2019\/08\/whatsapp_image_2019-07-26_at_09.40.52-1024x768.jpeg 1024w, http:\/\/www.grieta.org.mx\/wp-content\/uploads\/2019\/08\/whatsapp_image_2019-07-26_at_09.40.52-300x225.jpeg 300w, http:\/\/www.grieta.org.mx\/wp-content\/uploads\/2019\/08\/whatsapp_image_2019-07-26_at_09.40.52-768x576.jpeg 768w, http:\/\/www.grieta.org.mx\/wp-content\/uploads\/2019\/08\/whatsapp_image_2019-07-26_at_09.40.52-667x500.jpeg 667w, http:\/\/www.grieta.org.mx\/wp-content\/uploads\/2019\/08\/whatsapp_image_2019-07-26_at_09.40.52.jpeg 1200w\" sizes=\"auto, (max-width: 800px) 100vw, 800px\" \/><\/p>\n<p>Nayra Rivera \/ E-Consulta<br \/>\n<strong><br \/>\nXalapa, Ver. &#8211; Integrantes de la Casa del Migrante Mons. Guillermo Ranzahuer Gonz\u00e1lez emitieron un comunicado en el que acusan a elementos de la Guardia Nacional de irrumpir de manera arbitraria en sus instalaciones.<\/p>\n<p>Los hechos se registraron, de acuerdo con lo narrado en el documento, el pasado 27 de julio al medio d\u00eda cuando seis elementos militares entraron al albergue que resguarda a 133 migrantes, entre ellos mujeres embarazadas y ni\u00f1os.<\/strong><\/p>\n<p>Los uniformados aprovecharon que un pipa cargaba gas para entrar sin autorizaci\u00f3n, argumentaron que hab\u00edan sido enviados porque ah\u00ed se encontraba la Estancia Migratoria. No presentaron orden de un juez y tampoco usaron la fuerza, aseguraron en el comunicado.<\/p>\n<p>Los uniformados aprovecharon que un pipa cargaba gas para entrar sin autorizaci\u00f3n, argumentaron que hab\u00edan sido enviados porque ah\u00ed se encontraba la Estancia Migratoria. No presentaron orden de un juez y tampoco usaron la fuerza, aseguraron en el comunicado.<\/p>\n<p><a href=\"https:\/\/es.scribd.com\/document\/420584477\/Comunicado-Oluta-Sobe-Guardia-Nacional#from_embed\">Ve el Comunicado aqu\u00ed<\/a><\/p>\n<p><a href=\"http:\/\/www.m.e-veracruz.mx\/nota\/2019-08-02\/migrantes\/guardia-nacional-irrumpe-arbitrariamente-en-albergue-de-migrantes-en\">http:\/\/www.m.e-veracruz.mx\/nota\/2019-08-02\/migrantes\/guardia-nacional-irrumpe-arbitrariamente-en-albergue-de-migrantes-en<\/a><\/p>\n","protected":false},"excerpt":{"rendered":"<p>Nayra Rivera \/ E-Consulta Xalapa, Ver. &#8211; Integrantes de la Casa del Migrante Mons. Guillermo Ranzahuer Gonz\u00e1lez emitieron un comunicado en el que acusan a elementos de la Guardia Nacional &hellip; <a href=\"http:\/\/www.grieta.org.mx\/index.php\/2019\/08\/02\/guardia-nacional-irrumpe-arbitrariamente-en-albergue-de-migrantes-en-veracruz\/\" class=\"more-link\">Leer m\u00e1s<\/a><\/p>\n","protected":false},"author":2,"featured_media":37561,"comment_status":"closed","ping_status":"closed","sticky":false,"template":"","format":"standard","meta":{"ngg_post_thumbnail":0,"_jetpack_newsletter_access":"","_jetpack_dont_email_post_to_subs":false,"_jetpack_newsletter_tier_id":0,"_jetpack_memberships_contains_paywalled_content":false,"_jetpack_memberships_contains_paid_content":false,"footnotes":""},"categories":[80,2294,2,2541,35,2428],"tags":[1395,2696,739],"class_list":["post-37560","post","type-post","status-publish","format-standard","has-post-thumbnail","hentry","category-cintillo","category-militarizacion-en-veracruz","category-noticias-nacionales","category-persecucion-y-criminalizacion-de-migrantes-en-veracruz-veracruz","category-veracruz","category-violencia-de-fuerzas-represivas-en-veracruz","tag-abuso-contra-migrantes","tag-abusos-de-la-guardia-nacional","tag-violencia-contra-migrantes","entry"],"jetpack_featured_media_url":"http:\/\/www.grieta.org.mx\/wp-content\/uploads\/2019\/08\/whatsapp_image_2019-07-26_at_09.40.52.jpeg","jetpack_sharing_enabled":true,"jetpack_shortlink":"https:\/\/wp.me\/p7ZJR4-9LO","jetpack_likes_enabled":false,"jetpack-related-posts":[{"id":37963,"url":"http:\/\/www.grieta.org.mx\/index.php\/2019\/08\/16\/acusan-a-la-guardia-nacional-de-actuar-como-la-patrulla-fronteriza-de-eu-en-tijuana-baja-california\/","url_meta":{"origin":37560,"position":0},"title":"Acusan a la Guardia Nacional de actuar como la Patrulla Fronteriza de EU en Tijuana (Baja California)","author":"grieta","date":"16 agosto, 2019","format":false,"excerpt":"La Redacci\u00f3n\/ PROCESO CIUDAD DE M\u00c9XICO (apro).- Defensores de migrantes acusaron a la Guaria Nacional de convertirse en la \u201cPatrulla Fronteriza\u201d del gobierno de Donald Trump, luego de que el pasado martes 13 se llevaron detenidos, de forma arbitraria, a ni\u00f1os, adolescentes y adultos que se encontraban en playas de\u2026","rel":"","context":"En &quot;Baja California&quot;","block_context":{"text":"Baja California","link":"http:\/\/www.grieta.org.mx\/index.php\/category\/noticias-nacionales\/baja-california\/"},"img":{"alt_text":"","src":"https:\/\/i0.wp.com\/www.grieta.org.mx\/wp-content\/uploads\/2019\/08\/tijuana-e1565998708377.jpg?resize=350%2C200","width":350,"height":200,"srcset":"https:\/\/i0.wp.com\/www.grieta.org.mx\/wp-content\/uploads\/2019\/08\/tijuana-e1565998708377.jpg?resize=350%2C200 1x, https:\/\/i0.wp.com\/www.grieta.org.mx\/wp-content\/uploads\/2019\/08\/tijuana-e1565998708377.jpg?resize=525%2C300 1.5x, https:\/\/i0.wp.com\/www.grieta.org.mx\/wp-content\/uploads\/2019\/08\/tijuana-e1565998708377.jpg?resize=700%2C400 2x, https:\/\/i0.wp.com\/www.grieta.org.mx\/wp-content\/uploads\/2019\/08\/tijuana-e1565998708377.jpg?resize=1050%2C600 3x"},"classes":[]},{"id":44211,"url":"http:\/\/www.grieta.org.mx\/index.php\/2020\/02\/05\/impunidad-de-delitos-contra-migrantes-alcanza-99-ong-veracruz-oaxaca\/","url_meta":{"origin":37560,"position":1},"title":"Impunidad de delitos contra migrantes alcanza 99%: ONG (Veracruz, Oaxaca)","author":"grieta","date":"5 febrero, 2020","format":false,"excerpt":"Mar\u00eda Cabadas \/ Contrar\u00e9plica Chiapas, Oaxaca y Veracruz, son las entidades donde ocurren m\u00e1s delitos contra migrantes, se\u00f1ala el organismo civil Impunidad Cero, que agrega que la impunidad que alcanzan los il\u00edcitos cometidos contra quienes cruzan M\u00e9xico con miras a llegar a Estados Unidos, es de 99 por ciento. \u201cLa\u2026","rel":"","context":"En &quot;Caravana de poblaciones migrantes en Veracruz&quot;","block_context":{"text":"Caravana de poblaciones migrantes en Veracruz","link":"http:\/\/www.grieta.org.mx\/index.php\/category\/noticias-nacionales\/veracruz\/caravana-de-poblaciones-migrantes-en-veracruz\/"},"img":{"alt_text":"","src":"https:\/\/i0.wp.com\/www.grieta.org.mx\/wp-content\/uploads\/2020\/02\/037205c9b3f142baa3ff0175ce0d41b3.jpg?resize=350%2C200","width":350,"height":200,"srcset":"https:\/\/i0.wp.com\/www.grieta.org.mx\/wp-content\/uploads\/2020\/02\/037205c9b3f142baa3ff0175ce0d41b3.jpg?resize=350%2C200 1x, https:\/\/i0.wp.com\/www.grieta.org.mx\/wp-content\/uploads\/2020\/02\/037205c9b3f142baa3ff0175ce0d41b3.jpg?resize=525%2C300 1.5x, https:\/\/i0.wp.com\/www.grieta.org.mx\/wp-content\/uploads\/2020\/02\/037205c9b3f142baa3ff0175ce0d41b3.jpg?resize=700%2C400 2x"},"classes":[]},{"id":35374,"url":"http:\/\/www.grieta.org.mx\/index.php\/2019\/06\/19\/acusan-migrantes-de-haber-sido-atacados-a-tiros-en-mexico-veracruz\/","url_meta":{"origin":37560,"position":2},"title":"Acusan migrantes de haber sido atacados a tiros en M\u00e9xico (Veracruz)","author":"grieta","date":"19 junio, 2019","format":false,"excerpt":"VERACRUZ.-Un grupo de salvadore\u00f1os habr\u00eda sido atacado a tiros por supuestos polic\u00edas en Veracruz, seg\u00fan inform\u00f3 una organizaci\u00f3n de defensa de migrantes. En dicho altercado, ocurrido el d\u00eda viernes, habr\u00eda muerto una joven de 19 a\u00f1os y dos hombres fueron heridos de bala. Este acontecimiento ser\u00eda el primero registrado en\u2026","rel":"","context":"En &quot;CINTILLO&quot;","block_context":{"text":"CINTILLO","link":"http:\/\/www.grieta.org.mx\/index.php\/category\/cintillo\/"},"img":{"alt_text":"","src":"https:\/\/i0.wp.com\/www.grieta.org.mx\/wp-content\/uploads\/2019\/06\/Screenshot_2019-06-25-Acusan-migrantes-de-haber-sido-atacados-a-tiros-en-M%C3%A9xico.jpg?resize=350%2C200","width":350,"height":200,"srcset":"https:\/\/i0.wp.com\/www.grieta.org.mx\/wp-content\/uploads\/2019\/06\/Screenshot_2019-06-25-Acusan-migrantes-de-haber-sido-atacados-a-tiros-en-M%C3%A9xico.jpg?resize=350%2C200 1x, https:\/\/i0.wp.com\/www.grieta.org.mx\/wp-content\/uploads\/2019\/06\/Screenshot_2019-06-25-Acusan-migrantes-de-haber-sido-atacados-a-tiros-en-M%C3%A9xico.jpg?resize=525%2C300 1.5x, https:\/\/i0.wp.com\/www.grieta.org.mx\/wp-content\/uploads\/2019\/06\/Screenshot_2019-06-25-Acusan-migrantes-de-haber-sido-atacados-a-tiros-en-M%C3%A9xico.jpg?resize=700%2C400 2x, https:\/\/i0.wp.com\/www.grieta.org.mx\/wp-content\/uploads\/2019\/06\/Screenshot_2019-06-25-Acusan-migrantes-de-haber-sido-atacados-a-tiros-en-M%C3%A9xico.jpg?resize=1050%2C600 3x"},"classes":[]},{"id":39344,"url":"http:\/\/www.grieta.org.mx\/index.php\/2019\/09\/04\/senalan-continuidad-de-politica-migratoria-con-la-4t\/","url_meta":{"origin":37560,"position":3},"title":"Se\u00f1alan continuidad de pol\u00edtica migratoria con la 4T","author":"grieta","date":"4 septiembre, 2019","format":false,"excerpt":"Texto y foto: Redacci\u00f3n PIE DE P\u00c1GINA La Guardia Nacional comete las mismas violaciones a derechos humanos que los los viejos elementos de seguridad, acusaron representantes de la Red de Red de Documentaci\u00f3n de las Organizaciones Defensoras de Migrantes Durante la presentaci\u00f3n de su informe anual, Procesos Migratorios en M\u00e9xico,\u2026","rel":"","context":"En &quot;CINTILLO&quot;","block_context":{"text":"CINTILLO","link":"http:\/\/www.grieta.org.mx\/index.php\/category\/cintillo\/"},"img":{"alt_text":"","src":"https:\/\/i0.wp.com\/www.grieta.org.mx\/wp-content\/uploads\/2019\/09\/PDP_informe_migracion_AC-1-1140x570.jpg?resize=350%2C200","width":350,"height":200,"srcset":"https:\/\/i0.wp.com\/www.grieta.org.mx\/wp-content\/uploads\/2019\/09\/PDP_informe_migracion_AC-1-1140x570.jpg?resize=350%2C200 1x, https:\/\/i0.wp.com\/www.grieta.org.mx\/wp-content\/uploads\/2019\/09\/PDP_informe_migracion_AC-1-1140x570.jpg?resize=525%2C300 1.5x, https:\/\/i0.wp.com\/www.grieta.org.mx\/wp-content\/uploads\/2019\/09\/PDP_informe_migracion_AC-1-1140x570.jpg?resize=700%2C400 2x, https:\/\/i0.wp.com\/www.grieta.org.mx\/wp-content\/uploads\/2019\/09\/PDP_informe_migracion_AC-1-1140x570.jpg?resize=1050%2C600 3x"},"classes":[]},{"id":62123,"url":"http:\/\/www.grieta.org.mx\/index.php\/2021\/09\/15\/racistas-corruptos-y-criminales-migracion-y-gn-de-las-choapas-activista-haitiano\/","url_meta":{"origin":37560,"position":4},"title":"&#8220;Racistas, corruptos y criminales&#8221;, migraci\u00f3n y GN de Las Choapas: activista haitiano","author":"grieta","date":"15 septiembre, 2021","format":false,"excerpt":"\u00c1lex Cazar\u00edn \/ Presencia El presidente del Comit\u00e9 Ciudadano en Defensa de los Naturalizados y Afroamericanos (CCDNAM), Wilner Metelus, exigi\u00f3 el martes al mediod\u00eda la liberaci\u00f3n de un grupo de haitianos detenidos en Las Choapas. El presidente del Comit\u00e9 Ciudadano en Defensa de los Naturalizados y Afroamericanos (CCDNAM), Wilner Metelus,\u2026","rel":"","context":"En &quot;CINTILLO&quot;","block_context":{"text":"CINTILLO","link":"http:\/\/www.grieta.org.mx\/index.php\/category\/cintillo\/"},"img":{"alt_text":"","src":"https:\/\/i0.wp.com\/www.grieta.org.mx\/wp-content\/uploads\/2021\/10\/Screenshot-2021-10-04-at-12-58-06-Racistas-corruptos-y-criminales-migracion-y-GN-de-Las-Choapas-activista-haitiano.png?resize=350%2C200","width":350,"height":200,"srcset":"https:\/\/i0.wp.com\/www.grieta.org.mx\/wp-content\/uploads\/2021\/10\/Screenshot-2021-10-04-at-12-58-06-Racistas-corruptos-y-criminales-migracion-y-GN-de-Las-Choapas-activista-haitiano.png?resize=350%2C200 1x, https:\/\/i0.wp.com\/www.grieta.org.mx\/wp-content\/uploads\/2021\/10\/Screenshot-2021-10-04-at-12-58-06-Racistas-corruptos-y-criminales-migracion-y-GN-de-Las-Choapas-activista-haitiano.png?resize=525%2C300 1.5x, https:\/\/i0.wp.com\/www.grieta.org.mx\/wp-content\/uploads\/2021\/10\/Screenshot-2021-10-04-at-12-58-06-Racistas-corruptos-y-criminales-migracion-y-GN-de-Las-Choapas-activista-haitiano.png?resize=700%2C400 2x, https:\/\/i0.wp.com\/www.grieta.org.mx\/wp-content\/uploads\/2021\/10\/Screenshot-2021-10-04-at-12-58-06-Racistas-corruptos-y-criminales-migracion-y-GN-de-Las-Choapas-activista-haitiano.png?resize=1050%2C600 3x, https:\/\/i0.wp.com\/www.grieta.org.mx\/wp-content\/uploads\/2021\/10\/Screenshot-2021-10-04-at-12-58-06-Racistas-corruptos-y-criminales-migracion-y-GN-de-Las-Choapas-activista-haitiano.png?resize=1400%2C800 4x"},"classes":[]},{"id":33188,"url":"http:\/\/www.grieta.org.mx\/index.php\/2019\/04\/26\/repatriacion-genera-tension-entre-migrantes-en-acayucan-veracruz\/","url_meta":{"origin":37560,"position":5},"title":"Repatriaci\u00f3n genera tensi\u00f3n entre migrantes en Acayucan (Veracruz)","author":"grieta","date":"26 abril, 2019","format":false,"excerpt":"Alejandro Ceja \/ Imagen del Golfo Un conato de mot\u00edn se registr\u00f3 en el interior de la Estaci\u00f3n Migratoria de Acayucan derivado de la desesperaci\u00f3n entre un grupo de migrantes tras ser informados sobre la cancelaci\u00f3n de los autobuses que los trasladar\u00eda a su lugar de origen. El incidente fue\u2026","rel":"","context":"En &quot;CINTILLO&quot;","block_context":{"text":"CINTILLO","link":"http:\/\/www.grieta.org.mx\/index.php\/category\/cintillo\/"},"img":{"alt_text":"","src":"https:\/\/i0.wp.com\/www.grieta.org.mx\/wp-content\/uploads\/2019\/05\/563221_d.jpg?resize=350%2C200","width":350,"height":200,"srcset":"https:\/\/i0.wp.com\/www.grieta.org.mx\/wp-content\/uploads\/2019\/05\/563221_d.jpg?resize=350%2C200 1x, https:\/\/i0.wp.com\/www.grieta.org.mx\/wp-content\/uploads\/2019\/05\/563221_d.jpg?resize=525%2C300 1.5x"},"classes":[]}],"_links":{"self":[{"href":"http:\/\/www.grieta.org.mx\/index.php\/wp-json\/wp\/v2\/posts\/37560","targetHints":{"allow":["GET"]}}],"collection":[{"href":"http:\/\/www.grieta.org.mx\/index.php\/wp-json\/wp\/v2\/posts"}],"about":[{"href":"http:\/\/www.grieta.org.mx\/index.php\/wp-json\/wp\/v2\/types\/post"}],"author":[{"embeddable":true,"href":"http:\/\/www.grieta.org.mx\/index.php\/wp-json\/wp\/v2\/users\/2"}],"replies":[{"embeddable":true,"href":"http:\/\/www.grieta.org.mx\/index.php\/wp-json\/wp\/v2\/comments?post=37560"}],"version-history":[{"count":1,"href":"http:\/\/www.grieta.org.mx\/index.php\/wp-json\/wp\/v2\/posts\/37560\/revisions"}],"predecessor-version":[{"id":37562,"href":"http:\/\/www.grieta.org.mx\/index.php\/wp-json\/wp\/v2\/posts\/37560\/revisions\/37562"}],"wp:featuredmedia":[{"embeddable":true,"href":"http:\/\/www.grieta.org.mx\/index.php\/wp-json\/wp\/v2\/media\/37561"}],"wp:attachment":[{"href":"http:\/\/www.grieta.org.mx\/index.php\/wp-json\/wp\/v2\/media?parent=37560"}],"wp:term":[{"taxonomy":"category","embeddable":true,"href":"http:\/\/www.grieta.org.mx\/index.php\/wp-json\/wp\/v2\/categories?post=37560"},{"taxonomy":"post_tag","embeddable":true,"href":"http:\/\/www.grieta.org.mx\/index.php\/wp-json\/wp\/v2\/tags?post=37560"}],"curies":[{"name":"wp","href":"https:\/\/api.w.org\/{rel}","templated":true}]}}