{"id":37517,"date":"2019-08-05T13:22:48","date_gmt":"2019-08-05T18:22:48","guid":{"rendered":"http:\/\/www.grieta.org.mx\/?p=37517"},"modified":"2019-08-06T13:51:15","modified_gmt":"2019-08-06T18:51:15","slug":"en-el-primer-semestre-del-2019-mataron-diario-a-3-ninos-en-mexico","status":"publish","type":"post","link":"http:\/\/www.grieta.org.mx\/index.php\/2019\/08\/05\/en-el-primer-semestre-del-2019-mataron-diario-a-3-ninos-en-mexico\/","title":{"rendered":"En el primer semestre del 2019, mataron diario a 3 ni\u00f1os en M\u00e9xico"},"content":{"rendered":"<p><img loading=\"lazy\" decoding=\"async\" data-attachment-id=\"37519\" data-permalink=\"http:\/\/www.grieta.org.mx\/index.php\/2019\/08\/05\/en-el-primer-semestre-del-2019-mataron-diario-a-3-ninos-en-mexico\/muertes-de-ninos-high\/\" data-orig-file=\"http:\/\/www.grieta.org.mx\/wp-content\/uploads\/2019\/08\/muertes-de-ninos-high.jpg\" data-orig-size=\"836,470\" data-comments-opened=\"0\" data-image-meta=\"{&quot;aperture&quot;:&quot;0&quot;,&quot;credit&quot;:&quot;&quot;,&quot;camera&quot;:&quot;&quot;,&quot;caption&quot;:&quot;&quot;,&quot;created_timestamp&quot;:&quot;0&quot;,&quot;copyright&quot;:&quot;&quot;,&quot;focal_length&quot;:&quot;0&quot;,&quot;iso&quot;:&quot;0&quot;,&quot;shutter_speed&quot;:&quot;0&quot;,&quot;title&quot;:&quot;&quot;,&quot;orientation&quot;:&quot;0&quot;}\" data-image-title=\"muertes-de-ninos-high\" data-image-description=\"\" data-image-caption=\"\" data-medium-file=\"http:\/\/www.grieta.org.mx\/wp-content\/uploads\/2019\/08\/muertes-de-ninos-high-300x169.jpg\" data-large-file=\"http:\/\/www.grieta.org.mx\/wp-content\/uploads\/2019\/08\/muertes-de-ninos-high.jpg\" class=\"alignleft wp-image-37519\" src=\"http:\/\/www.grieta.org.mx\/wp-content\/uploads\/2019\/08\/muertes-de-ninos-high.jpg\" alt=\"\" width=\"800\" height=\"450\" srcset=\"http:\/\/www.grieta.org.mx\/wp-content\/uploads\/2019\/08\/muertes-de-ninos-high.jpg 836w, http:\/\/www.grieta.org.mx\/wp-content\/uploads\/2019\/08\/muertes-de-ninos-high-300x169.jpg 300w, http:\/\/www.grieta.org.mx\/wp-content\/uploads\/2019\/08\/muertes-de-ninos-high-768x432.jpg 768w\" sizes=\"auto, (max-width: 800px) 100vw, 800px\" \/><br \/>\nLau Almaraz\/CC News<\/p>\n<blockquote><p>De enero a junio, fueron 552 ni\u00f1os los que fueron asesinados en nuestro pa\u00eds, teniendo las tasas m\u00e1s altas tanto el Edomex, como Guanajuato.<\/p><\/blockquote>\n<p>Apenas comenz\u00f3 el octavo mes del a\u00f1o, pero los ciudadanos en M\u00e9xico preferir\u00edan que el tiempo no avanzara si es que las cifras en inseguridad crecen conforme pasan los d\u00edas; m\u00e1s si estos n\u00fameros incluyen muertes de ni\u00f1os. Y es que lo revelado recientemente por el Secretariado Ejecutivo del Sistema Nacional de Seguridad P\u00fablica, SNSP, es realmente alarmante.<\/p>\n<p>Durante los primeros seis meses del a\u00f1o, fueron asesinados 552 ni\u00f1os en nuestro pa\u00eds, es decir, tres peque\u00f1os fueron ultimados diariamente en M\u00e9xico, de enero a junio del 2019. El porcentaje creci\u00f3 un 2.6 por ciento respecto al segundo semestre del 2018, cuando todav\u00eda estaba en el poder Enrique Pe\u00f1a Nieto.<\/p>\n<figure id=\"attachment_37518\" aria-describedby=\"caption-attachment-37518\" style=\"width: 800px\" class=\"wp-caption alignleft\"><img loading=\"lazy\" decoding=\"async\" data-attachment-id=\"37518\" data-permalink=\"http:\/\/www.grieta.org.mx\/index.php\/2019\/08\/05\/en-el-primer-semestre-del-2019-mataron-diario-a-3-ninos-en-mexico\/asesinatos-de-ninos-2019-high\/\" data-orig-file=\"http:\/\/www.grieta.org.mx\/wp-content\/uploads\/2019\/08\/asesinatos-de-ninos-2019-high.jpg\" data-orig-size=\"836,522\" data-comments-opened=\"0\" data-image-meta=\"{&quot;aperture&quot;:&quot;0&quot;,&quot;credit&quot;:&quot;&quot;,&quot;camera&quot;:&quot;&quot;,&quot;caption&quot;:&quot;&quot;,&quot;created_timestamp&quot;:&quot;0&quot;,&quot;copyright&quot;:&quot;&quot;,&quot;focal_length&quot;:&quot;0&quot;,&quot;iso&quot;:&quot;0&quot;,&quot;shutter_speed&quot;:&quot;0&quot;,&quot;title&quot;:&quot;&quot;,&quot;orientation&quot;:&quot;0&quot;}\" data-image-title=\"asesinatos-de-ninos-2019-high\" data-image-description=\"\" data-image-caption=\"&lt;p&gt;Guanajuato es la entidad que lidera esta clasificaci\u00f3n con 74 asesinatos contra menores. (Foto: El Txoro Matutino)&lt;\/p&gt;\n\" data-medium-file=\"http:\/\/www.grieta.org.mx\/wp-content\/uploads\/2019\/08\/asesinatos-de-ninos-2019-high-300x187.jpg\" data-large-file=\"http:\/\/www.grieta.org.mx\/wp-content\/uploads\/2019\/08\/asesinatos-de-ninos-2019-high.jpg\" class=\"wp-image-37518\" src=\"http:\/\/www.grieta.org.mx\/wp-content\/uploads\/2019\/08\/asesinatos-de-ninos-2019-high.jpg\" alt=\"\" width=\"800\" height=\"500\" srcset=\"http:\/\/www.grieta.org.mx\/wp-content\/uploads\/2019\/08\/asesinatos-de-ninos-2019-high.jpg 836w, http:\/\/www.grieta.org.mx\/wp-content\/uploads\/2019\/08\/asesinatos-de-ninos-2019-high-300x187.jpg 300w, http:\/\/www.grieta.org.mx\/wp-content\/uploads\/2019\/08\/asesinatos-de-ninos-2019-high-768x480.jpg 768w, http:\/\/www.grieta.org.mx\/wp-content\/uploads\/2019\/08\/asesinatos-de-ninos-2019-high-801x500.jpg 801w\" sizes=\"auto, (max-width: 800px) 100vw, 800px\" \/><figcaption id=\"caption-attachment-37518\" class=\"wp-caption-text\">Guanajuato es la entidad que lidera esta clasificaci\u00f3n con 74 asesinatos contra menores. (Foto: El Txoro Matutino)<\/figcaption><\/figure>\n<p><strong>Guanajuato y Estado de M\u00e9xico, con las cifras m\u00e1s altas<\/strong><\/p>\n<p>Si bien el Estado de M\u00e9xico integra esta clasificaci\u00f3n con 58 asesinatos de ni\u00f1os en el primer semestre del 2019, no la lidera. Es Guanajuato el Estado de la Rep\u00fablica que registr\u00f3 el mayor n\u00famero de asesinatos en contra de menores de entre 0 y 17 a\u00f1os, con un total de 74.<\/p>\n<p>De acuerdo al reporte presentado por el Secretariado Ejecutivo, casi la mitad de estos 552 asesinatos se concentraron en seis entidades federativas. Adem\u00e1s de Guanajuato y el Estado de M\u00e9xico, tambi\u00e9n encabezan la lista Jalisco, Veracruz, Baja California y Chihuahua, que en conjunto sumaron 274 v\u00edctimas. Jalisco registr\u00f3 38 asesinatos, Veracruz 37, Baja California 34 y Chihuahua con 33.<\/p>\n<p>El problema con Guanajuato, es que en los \u00faltimos cuatro a\u00f1os, los asesinatos de ni\u00f1os han ido en ascenso de una manera visible. En el a\u00f1o 2015, de acuerdo a informaci\u00f3n manejada en Milenio, s\u00f3lo se reportaron 24 asesinatos de menores. Un a\u00f1o despu\u00e9s, en el 2016, la cifra disminuy\u00f3 a 18 casos; pero para el 2017, se alcanzaron 40 asesinatos de ni\u00f1os en este estado. Durante el a\u00f1o 2018, de enero a junio, 62 ni\u00f1os fueron ultimados y este 2019 ya lo rebas\u00f3 con 74.<\/p>\n<figure id=\"attachment_37520\" aria-describedby=\"caption-attachment-37520\" style=\"width: 800px\" class=\"wp-caption alignleft\"><img loading=\"lazy\" decoding=\"async\" data-attachment-id=\"37520\" data-permalink=\"http:\/\/www.grieta.org.mx\/index.php\/2019\/08\/05\/en-el-primer-semestre-del-2019-mataron-diario-a-3-ninos-en-mexico\/asesinatos-de-ninos-en-2019-high\/\" data-orig-file=\"http:\/\/www.grieta.org.mx\/wp-content\/uploads\/2019\/08\/asesinatos-de-ninos-en-2019-high.jpg\" data-orig-size=\"836,558\" data-comments-opened=\"0\" data-image-meta=\"{&quot;aperture&quot;:&quot;0&quot;,&quot;credit&quot;:&quot;&quot;,&quot;camera&quot;:&quot;&quot;,&quot;caption&quot;:&quot;&quot;,&quot;created_timestamp&quot;:&quot;0&quot;,&quot;copyright&quot;:&quot;&quot;,&quot;focal_length&quot;:&quot;0&quot;,&quot;iso&quot;:&quot;0&quot;,&quot;shutter_speed&quot;:&quot;0&quot;,&quot;title&quot;:&quot;&quot;,&quot;orientation&quot;:&quot;0&quot;}\" data-image-title=\"asesinatos-de-ninos-en-2019-high\" data-image-description=\"\" data-image-caption=\"&lt;p&gt;El Estado de M\u00e9xico redujo de 61 asesinatos a menores, en 2016, a 58 en este 2019. (Foto: Naci\u00f3n 321)&lt;\/p&gt;\n\" data-medium-file=\"http:\/\/www.grieta.org.mx\/wp-content\/uploads\/2019\/08\/asesinatos-de-ninos-en-2019-high-300x200.jpg\" data-large-file=\"http:\/\/www.grieta.org.mx\/wp-content\/uploads\/2019\/08\/asesinatos-de-ninos-en-2019-high.jpg\" class=\"wp-image-37520\" src=\"http:\/\/www.grieta.org.mx\/wp-content\/uploads\/2019\/08\/asesinatos-de-ninos-en-2019-high.jpg\" alt=\"\" width=\"800\" height=\"534\" srcset=\"http:\/\/www.grieta.org.mx\/wp-content\/uploads\/2019\/08\/asesinatos-de-ninos-en-2019-high.jpg 836w, http:\/\/www.grieta.org.mx\/wp-content\/uploads\/2019\/08\/asesinatos-de-ninos-en-2019-high-300x200.jpg 300w, http:\/\/www.grieta.org.mx\/wp-content\/uploads\/2019\/08\/asesinatos-de-ninos-en-2019-high-768x513.jpg 768w, http:\/\/www.grieta.org.mx\/wp-content\/uploads\/2019\/08\/asesinatos-de-ninos-en-2019-high-749x500.jpg 749w\" sizes=\"auto, (max-width: 800px) 100vw, 800px\" \/><figcaption id=\"caption-attachment-37520\" class=\"wp-caption-text\">El Estado de M\u00e9xico redujo de 61 asesinatos a menores, en 2016, a 58 en este 2019. (Foto: Naci\u00f3n 321)<\/figcaption><\/figure>\n<p><strong>Aunque parezca incre\u00edble, se redujeron los asesinatos en el Estado de M\u00e9xico<\/strong><\/p>\n<p>Esta ma\u00f1ana, cuando el gobernador del Estado de M\u00e9xico, Alfredo del Mazo, declaraba que las cifras delincuenciales hab\u00edan bajado en la entidad mexiquense, se cuestionaban sus palabras, algo que tras este informe queda comprobado, pues, aunque hayan sido tres asesinatos menos que los que se registraron respecto al primer semestre del 2017, s\u00ed hubo una reducci\u00f3n. En aquel a\u00f1o se registraron 61 asesinatos.<\/p>\n<p>Hay que destacar que pese a esta cifra en la que el Estado de M\u00e9xico no lidera la clasificaci\u00f3n de m\u00e1s asesinatos de ni\u00f1os en el primer semestre de este 2019, sigue siendo el Estado m\u00e1s peligroso para las mujeres menores de 17 a\u00f1os en todo el pa\u00eds. Al menos de enero a junio del presente a\u00f1o, doce menores murieron por ataques de arma de fuego, mismos que a\u00fan no son catalogados como feminicidios.<\/p>\n<p>Por el contrario, hay tres entidades que no han registrado un solo asesinato a ni\u00f1os. Estos son: Baja California Sur, Tlaxcala y Yucat\u00e1n. La Ciudad de M\u00e9xico registra 19 asesinatos a menores, seguida de Tabasco con 20, Guerrero con 21, Puebla con 25 al igual que Michoac\u00e1n; Morelos le sigue con 26 y Nuevo Le\u00f3n con 29.<\/p>\n<p><a href=\"https:\/\/news.culturacolectiva.com\/mexico\/en-primer-semestre-del-2019-mataron-diario-3-ninos-mexico\/\" target=\"_blank\" rel=\"noopener noreferrer\">https:\/\/news.culturacolectiva.com\/mexico\/en-primer-semestre-del-2019-mataron-diario-3-ninos-mexico\/<\/a><\/p>\n","protected":false},"excerpt":{"rendered":"<p>Lau Almaraz\/CC News De enero a junio, fueron 552 ni\u00f1os los que fueron asesinados en nuestro pa\u00eds, teniendo las tasas m\u00e1s altas tanto el Edomex, como Guanajuato. Apenas comenz\u00f3 el &hellip; <a href=\"http:\/\/www.grieta.org.mx\/index.php\/2019\/08\/05\/en-el-primer-semestre-del-2019-mataron-diario-a-3-ninos-en-mexico\/\" class=\"more-link\">Leer m\u00e1s<\/a><\/p>\n","protected":false},"author":2,"featured_media":37519,"comment_status":"closed","ping_status":"closed","sticky":false,"template":"","format":"standard","meta":{"ngg_post_thumbnail":0,"_jetpack_newsletter_access":"","_jetpack_dont_email_post_to_subs":false,"_jetpack_newsletter_tier_id":0,"_jetpack_memberships_contains_paywalled_content":false,"_jetpack_memberships_contains_paid_content":false,"footnotes":""},"categories":[80,16,17,2315,1827,2513,2,83],"tags":[2518,1333],"class_list":["post-37517","post","type-post","status-publish","format-standard","has-post-thumbnail","hentry","category-cintillo","category-estado-de-mexico","category-guanajuato","category-la-ninez-bajo-la-tormenta-capitalista-en-el-estado-de-mexico","category-la-ninez-en-la-tormenta-capitalista","category-la-ninez-en-la-tormenta-capitalista-en-guanajuato","category-noticias-nacionales","category-temas-nacionales","tag-asesinato-de-ninos","tag-nina-desaparecida","entry"],"jetpack_featured_media_url":"http:\/\/www.grieta.org.mx\/wp-content\/uploads\/2019\/08\/muertes-de-ninos-high.jpg","jetpack_sharing_enabled":true,"jetpack_shortlink":"https:\/\/wp.me\/p7ZJR4-9L7","jetpack_likes_enabled":false,"jetpack-related-posts":[{"id":32687,"url":"http:\/\/www.grieta.org.mx\/index.php\/2019\/04\/27\/guanajuato-tiene-el-mayor-numero-de-asesinatos-de-menores\/","url_meta":{"origin":37517,"position":0},"title":"Guanajuato tiene el mayor n\u00famero de asesinatos de menores","author":"grieta","date":"27 abril, 2019","format":false,"excerpt":"Durante los primeros meses de este a\u00f1o, en el pa\u00eds 285 menores fueron v\u00edctimas de homicidio y Guanajuato cuenta con el mayor n\u00famero de casos, con 35 AM, Le\u00f3n Guanajuato\/ Redacci\u00f3n, 27 de Abril de 2019 Durante el primer trimestre del a\u00f1o, 285 menores de edad fueron asesinados en el\u2026","rel":"","context":"En &quot;Chihuahua&quot;","block_context":{"text":"Chihuahua","link":"http:\/\/www.grieta.org.mx\/index.php\/category\/noticias-nacionales\/chihuahua\/"},"img":{"alt_text":"","src":"https:\/\/i0.wp.com\/www.grieta.org.mx\/wp-content\/uploads\/2018\/03\/14524434_1106112876131411_958039263622046936_o.jpg?resize=350%2C200","width":350,"height":200,"srcset":"https:\/\/i0.wp.com\/www.grieta.org.mx\/wp-content\/uploads\/2018\/03\/14524434_1106112876131411_958039263622046936_o.jpg?resize=350%2C200 1x, https:\/\/i0.wp.com\/www.grieta.org.mx\/wp-content\/uploads\/2018\/03\/14524434_1106112876131411_958039263622046936_o.jpg?resize=525%2C300 1.5x, https:\/\/i0.wp.com\/www.grieta.org.mx\/wp-content\/uploads\/2018\/03\/14524434_1106112876131411_958039263622046936_o.jpg?resize=700%2C400 2x"},"classes":[]},{"id":32792,"url":"http:\/\/www.grieta.org.mx\/index.php\/2019\/04\/26\/reportan-mas-de-4-mil-menores-asesinados-en-tres-anos-en-mexico\/","url_meta":{"origin":37517,"position":1},"title":"Reportan m\u00e1s de 4 mil menores asesinados en tres a\u00f1os en M\u00e9xico","author":"grieta","date":"26 abril, 2019","format":false,"excerpt":"Lizett Ximena Mej\u00eda\/Excelsior CIUDAD DE M\u00c9XICO. Desde el 2015 hasta el d\u00eda de hoy han sido asesinados 4 mil 299 ni\u00f1os, ni\u00f1as y adolescentes en M\u00e9xico. De acuerdo con la Red por los Derechos de la Infancia en M\u00e9xico (REDIM), los homicidios aumentaron 42% en estos \u00faltimos tres a\u00f1os debido\u2026","rel":"","context":"En &quot;CINTILLO&quot;","block_context":{"text":"CINTILLO","link":"http:\/\/www.grieta.org.mx\/index.php\/category\/cintillo\/"},"img":{"alt_text":"","src":"https:\/\/i0.wp.com\/www.grieta.org.mx\/wp-content\/uploads\/2019\/05\/2137754.jpg?resize=350%2C200","width":350,"height":200},"classes":[]},{"id":65945,"url":"http:\/\/www.grieta.org.mx\/index.php\/2022\/12\/04\/colima-entre-los-estados-mas-inseguros-para-ninas-y-adolescentes\/","url_meta":{"origin":37517,"position":2},"title":"Colima, entre los estados m\u00e1s inseguros para ni\u00f1as y adolescentes","author":"grieta","date":"4 diciembre, 2022","format":false,"excerpt":"Imagen: Diario Avanzada Heidi de Le\u00f3n Guti\u00e9rrez \/ Diario Avanzada Colima, M\u00e9xico, Avanzada (04\/12\/2022).- Colima se encuentra entre los 14 estados m\u00e1s inseguros para las ni\u00f1as y adolescentes, de acuerdo al monitoreo que realiz\u00f3 la organizaci\u00f3n: Aqu\u00ed estamos: feminicidio infantil en M\u00e9xico. El reporte fue elaborado por un grupo de\u2026","rel":"","context":"En &quot;CINTILLO&quot;","block_context":{"text":"CINTILLO","link":"http:\/\/www.grieta.org.mx\/index.php\/category\/cintillo\/"},"img":{"alt_text":"","src":"https:\/\/i0.wp.com\/www.grieta.org.mx\/wp-content\/uploads\/2022\/12\/image-25-1.png?resize=350%2C200","width":350,"height":200,"srcset":"https:\/\/i0.wp.com\/www.grieta.org.mx\/wp-content\/uploads\/2022\/12\/image-25-1.png?resize=350%2C200 1x, https:\/\/i0.wp.com\/www.grieta.org.mx\/wp-content\/uploads\/2022\/12\/image-25-1.png?resize=525%2C300 1.5x"},"classes":[]},{"id":43667,"url":"http:\/\/www.grieta.org.mx\/index.php\/2020\/01\/28\/padres-de-ninos-con-cancer-exigiran-informacion-de-compra-de-medicamentos-ciudad-de-mexico\/","url_meta":{"origin":37517,"position":3},"title":"Padres de ni\u00f1os con c\u00e1ncer exigir\u00e1n informaci\u00f3n de compra de medicamentos (Ciudad de M\u00e9xico)","author":"grieta","date":"28 enero, 2020","format":false,"excerpt":"Padres de ni\u00f1os enfermos de c\u00e1ncer, anunciaron que presentar\u00e1 un pliego petitorio a la Secretar\u00eda de Gobernaci\u00f3n \/ Foto Especial Nora Bucio \/ MVS Noticias Los padres incluyeron en su pliego petitorio la solicitud de fechas exactas de llegada del medicamento y saber la calidad del mencionado. Padres de ni\u00f1os\u2026","rel":"","context":"En &quot;CINTILLO&quot;","block_context":{"text":"CINTILLO","link":"http:\/\/www.grieta.org.mx\/index.php\/category\/cintillo\/"},"img":{"alt_text":"","src":"https:\/\/i0.wp.com\/www.grieta.org.mx\/wp-content\/uploads\/2020\/01\/Padres-de-ni%C3%B1os-con-c%C3%A1ncer-exigir%C3%A1n-informaci%C3%B3n-de-compra-de-medicamentos-cdmx-ene.jpeg?resize=350%2C200","width":350,"height":200,"srcset":"https:\/\/i0.wp.com\/www.grieta.org.mx\/wp-content\/uploads\/2020\/01\/Padres-de-ni%C3%B1os-con-c%C3%A1ncer-exigir%C3%A1n-informaci%C3%B3n-de-compra-de-medicamentos-cdmx-ene.jpeg?resize=350%2C200 1x, https:\/\/i0.wp.com\/www.grieta.org.mx\/wp-content\/uploads\/2020\/01\/Padres-de-ni%C3%B1os-con-c%C3%A1ncer-exigir%C3%A1n-informaci%C3%B3n-de-compra-de-medicamentos-cdmx-ene.jpeg?resize=525%2C300 1.5x, https:\/\/i0.wp.com\/www.grieta.org.mx\/wp-content\/uploads\/2020\/01\/Padres-de-ni%C3%B1os-con-c%C3%A1ncer-exigir%C3%A1n-informaci%C3%B3n-de-compra-de-medicamentos-cdmx-ene.jpeg?resize=700%2C400 2x"},"classes":[]},{"id":66568,"url":"http:\/\/www.grieta.org.mx\/index.php\/2023\/03\/14\/jalisco-tercer-estado-en-el-que-matan-mas-ninas\/","url_meta":{"origin":37517,"position":4},"title":"Jalisco, tercer estado en el que matan m\u00e1s ni\u00f1as","author":"grieta","date":"14 marzo, 2023","format":false,"excerpt":"Imagen: Archivo NTR \/\u00a0 GP Sonia Serrano I\u00f1iguez \/ El Diario NTR De 2015 a 2022 fueron asesinadas 2 mil 166 ni\u00f1as y adolescentes en el pa\u00eds, delito en el que Jalisco ocupa el tercer lugar nacional con 140 v\u00edctimas, apenas por debajo del Estado de M\u00e9xico y Guanajuato. El\u2026","rel":"","context":"En &quot;CINTILLO&quot;","block_context":{"text":"CINTILLO","link":"http:\/\/www.grieta.org.mx\/index.php\/category\/cintillo\/"},"img":{"alt_text":"","src":"https:\/\/i0.wp.com\/www.grieta.org.mx\/wp-content\/uploads\/2023\/03\/2023-03-14_12-03-49___6344.jpg?resize=350%2C200","width":350,"height":200,"srcset":"https:\/\/i0.wp.com\/www.grieta.org.mx\/wp-content\/uploads\/2023\/03\/2023-03-14_12-03-49___6344.jpg?resize=350%2C200 1x, https:\/\/i0.wp.com\/www.grieta.org.mx\/wp-content\/uploads\/2023\/03\/2023-03-14_12-03-49___6344.jpg?resize=525%2C300 1.5x, https:\/\/i0.wp.com\/www.grieta.org.mx\/wp-content\/uploads\/2023\/03\/2023-03-14_12-03-49___6344.jpg?resize=700%2C400 2x"},"classes":[]},{"id":30911,"url":"http:\/\/www.grieta.org.mx\/index.php\/2019\/03\/08\/al-menos-siete-feminicidios-mensuales-de-ninas-y-adolescentes-redim\/","url_meta":{"origin":37517,"position":5},"title":"Al menos siete feminicidios mensuales de ni\u00f1as y adolescentes: REDIM","author":"grieta","date":"8 marzo, 2019","format":false,"excerpt":"L\u00f3pez D\u00f3riga Digital La cifra de adolescentes v\u00edctimas de feminicidios a nivel nacional se duplic\u00f3 de 2015 a 2018, al pasar de 422 a 861 casos La Red por los Derechos de la Infancia en M\u00e9xico (REDIM) asegur\u00f3 que la violencia machista y omisi\u00f3n de las autoridades son responsables de\u2026","rel":"","context":"En &quot;Chihuahua&quot;","block_context":{"text":"Chihuahua","link":"http:\/\/www.grieta.org.mx\/index.php\/category\/noticias-nacionales\/chihuahua\/"},"img":{"alt_text":"","src":"https:\/\/i0.wp.com\/www.grieta.org.mx\/wp-content\/uploads\/2019\/03\/Al-menos-siete-feminicidios-mensuales-de-ni%C3%B1as-y-adolescentes-REDIM-nl-mzo.jpg?resize=350%2C200","width":350,"height":200,"srcset":"https:\/\/i0.wp.com\/www.grieta.org.mx\/wp-content\/uploads\/2019\/03\/Al-menos-siete-feminicidios-mensuales-de-ni%C3%B1as-y-adolescentes-REDIM-nl-mzo.jpg?resize=350%2C200 1x, https:\/\/i0.wp.com\/www.grieta.org.mx\/wp-content\/uploads\/2019\/03\/Al-menos-siete-feminicidios-mensuales-de-ni%C3%B1as-y-adolescentes-REDIM-nl-mzo.jpg?resize=525%2C300 1.5x, https:\/\/i0.wp.com\/www.grieta.org.mx\/wp-content\/uploads\/2019\/03\/Al-menos-siete-feminicidios-mensuales-de-ni%C3%B1as-y-adolescentes-REDIM-nl-mzo.jpg?resize=700%2C400 2x"},"classes":[]}],"_links":{"self":[{"href":"http:\/\/www.grieta.org.mx\/index.php\/wp-json\/wp\/v2\/posts\/37517","targetHints":{"allow":["GET"]}}],"collection":[{"href":"http:\/\/www.grieta.org.mx\/index.php\/wp-json\/wp\/v2\/posts"}],"about":[{"href":"http:\/\/www.grieta.org.mx\/index.php\/wp-json\/wp\/v2\/types\/post"}],"author":[{"embeddable":true,"href":"http:\/\/www.grieta.org.mx\/index.php\/wp-json\/wp\/v2\/users\/2"}],"replies":[{"embeddable":true,"href":"http:\/\/www.grieta.org.mx\/index.php\/wp-json\/wp\/v2\/comments?post=37517"}],"version-history":[{"count":1,"href":"http:\/\/www.grieta.org.mx\/index.php\/wp-json\/wp\/v2\/posts\/37517\/revisions"}],"predecessor-version":[{"id":37521,"href":"http:\/\/www.grieta.org.mx\/index.php\/wp-json\/wp\/v2\/posts\/37517\/revisions\/37521"}],"wp:featuredmedia":[{"embeddable":true,"href":"http:\/\/www.grieta.org.mx\/index.php\/wp-json\/wp\/v2\/media\/37519"}],"wp:attachment":[{"href":"http:\/\/www.grieta.org.mx\/index.php\/wp-json\/wp\/v2\/media?parent=37517"}],"wp:term":[{"taxonomy":"category","embeddable":true,"href":"http:\/\/www.grieta.org.mx\/index.php\/wp-json\/wp\/v2\/categories?post=37517"},{"taxonomy":"post_tag","embeddable":true,"href":"http:\/\/www.grieta.org.mx\/index.php\/wp-json\/wp\/v2\/tags?post=37517"}],"curies":[{"name":"wp","href":"https:\/\/api.w.org\/{rel}","templated":true}]}}