{"id":37404,"date":"2019-08-01T22:40:54","date_gmt":"2019-08-02T03:40:54","guid":{"rendered":"http:\/\/www.grieta.org.mx\/?p=37404"},"modified":"2019-08-02T23:16:41","modified_gmt":"2019-08-03T04:16:41","slug":"nos-abrieron-fuego-como-si-fueramos-animales-testigo-afirma-que-policias-quitaron-la-vida-a-migrante-hondureno-en-saltillo-coahuila","status":"publish","type":"post","link":"http:\/\/www.grieta.org.mx\/index.php\/2019\/08\/01\/nos-abrieron-fuego-como-si-fueramos-animales-testigo-afirma-que-policias-quitaron-la-vida-a-migrante-hondureno-en-saltillo-coahuila\/","title":{"rendered":"&#8220;Nos abrieron fuego como si fu\u00e9ramos animales&#8221;&#8230; testigo afirma que polic\u00edas quitaron la vida a migrante hondure\u00f1o en Saltillo (Coahuila)"},"content":{"rendered":"<p><iframe loading=\"lazy\" src=\"https:\/\/www.youtube.com\/embed\/BMim926kMAE\" width=\"780\" height=\"439\" frameborder=\"0\" allowfullscreen=\"allowfullscreen\"><\/iframe><\/p>\n<p>Armando R\u00edos\/ LA VANGUARDIA MX<\/p>\n<blockquote><p>Un testigo del asesinato ocurrido ayer, en el que polic\u00edas dispararon en contra de un migrante, habl\u00f3 sobre los hechos asegurando que ellos no agredieron a los oficiales y no estaban armados<\/p><\/blockquote>\n<p><a href=\"https:\/\/www.facebook.com\/VanguardiaMx\/videos\/2379688592107622\/\" target=\"_blank\" rel=\"noopener noreferrer\">https:\/\/www.facebook.com\/VanguardiaMx\/videos\/2379688592107622\/<\/a><\/p>\n<p>Migrante testigo de asesinato ocurrido ayer en la colonia San Miguel, donde polic\u00edas dispararon en contra de un inmigrante hondure\u00f1o habl\u00f3 sobre los hechos.<\/p>\n<p>El migrante dijo conocer a Marcos, asesinado ayer y con quien se encontraba la noche en el lugar de los hecho. &#8220;Escuch\u00e9 cuatro detonaciones y despu\u00e9s mataron a Marcos&#8221;.<\/p>\n<p>&#8220;Nos abrieron fuego como si fueramos animales&#8221; dijo el migrante testigo de asesinato de su compa\u00f1ero donde polic\u00edas afirman el ahora occiso portaba un arma de fuego, motivo por le cual dispararon en su contra al repeler el ataque.<\/p>\n<figure id=\"attachment_37409\" aria-describedby=\"caption-attachment-37409\" style=\"width: 800px\" class=\"wp-caption alignleft\"><img loading=\"lazy\" decoding=\"async\" data-attachment-id=\"37409\" data-permalink=\"http:\/\/www.grieta.org.mx\/index.php\/2019\/08\/01\/nos-abrieron-fuego-como-si-fueramos-animales-testigo-afirma-que-policias-quitaron-la-vida-a-migrante-hondureno-en-saltillo-coahuila\/asesinato-de-migrante\/\" data-orig-file=\"http:\/\/www.grieta.org.mx\/wp-content\/uploads\/2019\/08\/asesinato-de-migrante.jpg\" data-orig-size=\"980,653\" data-comments-opened=\"0\" data-image-meta=\"{&quot;aperture&quot;:&quot;0&quot;,&quot;credit&quot;:&quot;&quot;,&quot;camera&quot;:&quot;&quot;,&quot;caption&quot;:&quot;&quot;,&quot;created_timestamp&quot;:&quot;0&quot;,&quot;copyright&quot;:&quot;&quot;,&quot;focal_length&quot;:&quot;0&quot;,&quot;iso&quot;:&quot;0&quot;,&quot;shutter_speed&quot;:&quot;0&quot;,&quot;title&quot;:&quot;&quot;,&quot;orientation&quot;:&quot;0&quot;}\" data-image-title=\"asesinato de migrante\" data-image-description=\"\" data-image-caption=\"&lt;p&gt;Foto: Vanguardia&lt;\/p&gt;\n\" data-medium-file=\"http:\/\/www.grieta.org.mx\/wp-content\/uploads\/2019\/08\/asesinato-de-migrante-300x200.jpg\" data-large-file=\"http:\/\/www.grieta.org.mx\/wp-content\/uploads\/2019\/08\/asesinato-de-migrante.jpg\" class=\"wp-image-37409\" src=\"http:\/\/www.grieta.org.mx\/wp-content\/uploads\/2019\/08\/asesinato-de-migrante.jpg\" alt=\"\" width=\"800\" height=\"533\" srcset=\"http:\/\/www.grieta.org.mx\/wp-content\/uploads\/2019\/08\/asesinato-de-migrante.jpg 980w, http:\/\/www.grieta.org.mx\/wp-content\/uploads\/2019\/08\/asesinato-de-migrante-300x200.jpg 300w, http:\/\/www.grieta.org.mx\/wp-content\/uploads\/2019\/08\/asesinato-de-migrante-768x512.jpg 768w, http:\/\/www.grieta.org.mx\/wp-content\/uploads\/2019\/08\/asesinato-de-migrante-750x500.jpg 750w\" sizes=\"auto, (max-width: 800px) 100vw, 800px\" \/><figcaption id=\"caption-attachment-37409\" class=\"wp-caption-text\">Foto: Vanguardia<\/figcaption><\/figure>\n<p>A\u00f1adi\u00f3 que no fueron ellos los que iniciaron la agresi\u00f3n contra los polic\u00edas invetigadores, negando que el migrante hondure\u00f1o se encontrara armado como lo afirma un comunicado de la Fiscal\u00eda General del Estado de Coahuila.<\/p>\n<p>Personal de la Casa del Migrante inform\u00f3 que las personas que llegan al recinto son revisadas para su ingreso y registro, descartando que Marcos se encontrara armado.<\/p>\n<p>El migrante estaba acompa\u00f1ado de su hija de 8 a\u00f1os y su intenci\u00f3n era reunise con su pareja en los Estados Unidos.<\/p>\n<p>&nbsp;<\/p>\n<figure id=\"attachment_37410\" aria-describedby=\"caption-attachment-37410\" style=\"width: 800px\" class=\"wp-caption alignleft\"><img loading=\"lazy\" decoding=\"async\" data-attachment-id=\"37410\" data-permalink=\"http:\/\/www.grieta.org.mx\/index.php\/2019\/08\/01\/nos-abrieron-fuego-como-si-fueramos-animales-testigo-afirma-que-policias-quitaron-la-vida-a-migrante-hondureno-en-saltillo-coahuila\/anillo-migrante\/\" data-orig-file=\"http:\/\/www.grieta.org.mx\/wp-content\/uploads\/2019\/08\/anillo-migrante.jpg\" data-orig-size=\"980,653\" data-comments-opened=\"0\" data-image-meta=\"{&quot;aperture&quot;:&quot;0&quot;,&quot;credit&quot;:&quot;&quot;,&quot;camera&quot;:&quot;&quot;,&quot;caption&quot;:&quot;&quot;,&quot;created_timestamp&quot;:&quot;0&quot;,&quot;copyright&quot;:&quot;&quot;,&quot;focal_length&quot;:&quot;0&quot;,&quot;iso&quot;:&quot;0&quot;,&quot;shutter_speed&quot;:&quot;0&quot;,&quot;title&quot;:&quot;&quot;,&quot;orientation&quot;:&quot;0&quot;}\" data-image-title=\"anillo migrante\" data-image-description=\"\" data-image-caption=\"&lt;p&gt;Foto: Vanguardia&lt;\/p&gt;\n\" data-medium-file=\"http:\/\/www.grieta.org.mx\/wp-content\/uploads\/2019\/08\/anillo-migrante-300x200.jpg\" data-large-file=\"http:\/\/www.grieta.org.mx\/wp-content\/uploads\/2019\/08\/anillo-migrante.jpg\" class=\"wp-image-37410\" src=\"http:\/\/www.grieta.org.mx\/wp-content\/uploads\/2019\/08\/anillo-migrante.jpg\" alt=\"\" width=\"800\" height=\"533\" srcset=\"http:\/\/www.grieta.org.mx\/wp-content\/uploads\/2019\/08\/anillo-migrante.jpg 980w, http:\/\/www.grieta.org.mx\/wp-content\/uploads\/2019\/08\/anillo-migrante-300x200.jpg 300w, http:\/\/www.grieta.org.mx\/wp-content\/uploads\/2019\/08\/anillo-migrante-768x512.jpg 768w, http:\/\/www.grieta.org.mx\/wp-content\/uploads\/2019\/08\/anillo-migrante-750x500.jpg 750w\" sizes=\"auto, (max-width: 800px) 100vw, 800px\" \/><figcaption id=\"caption-attachment-37410\" class=\"wp-caption-text\">Foto: Vanguardia<\/figcaption><\/figure>\n<p><a href=\"http:\/\/Foto: Vanguardia\" target=\"_blank\" rel=\"noopener noreferrer\">Foto: Vanguardia<\/a><\/p>\n<p>Los Hechos<\/p>\n<p>Un migrante hondure\u00f1o fue asesinado anoche a tiros presuntamente por polic\u00edas estatales que lo persegu\u00edan junto con otros centroamericanos en la colonia San Miguel, tras poner a salvo a un ni\u00f1o de 3 a\u00f1os, seg\u00fan versiones de testigos, en el sur de la ciudad.<\/p>\n<p>De acuerdo con la Casa del Migrante una ni\u00f1a de 8 a\u00f1os vio cuando fue asesinado su pap\u00e1. \u201cVen\u00edan migrantes corriendo con mujeres y ni\u00f1os, polic\u00edas de la Fiscal\u00eda los ven\u00edan persiguiendo y les iban tirando balazos\u201d, se\u00f1alaron vecinos, luego de que se report\u00f3 la muerte del hombre de unos 35 a\u00f1os, en un arroyo del sector.<\/p>\n<p>A las 2:00 horas de hoy, la Fiscal\u00eda General del Estado no hab\u00eda dado una versi\u00f3n de los hechos, ni hab\u00eda confirmado el homicidio del supuesto migrante y s\u00f3lo admitieron que abrieron una carpeta de investigaci\u00f3n.<\/p>\n<p>Por medio de las versiones de los vecinos, se estableci\u00f3 que alrededor de las 21:30 horas de ayer comenzaron a escuchar gritos pidiendo ayuda y luego observaron a personas que corr\u00edan por la calle Emiliano Zapata.<\/p>\n<p>\u201cEran polic\u00edas vestidos de civiles, de esos de la Fiscal\u00eda, porque con ellos ven\u00eda una camioneta negra con los logos de esa corporaci\u00f3n\u201d, aseguraron los testigos, quienes por temor a represalias pidieron permanecer en el anonimato.<\/p>\n<p>DEJARON A UN NI\u00d1O<\/p>\n<p>En un comunicado, la Casa del Migrante asegur\u00f3 que los elementos de la FGE mataron al centroamericano luego de una persecuci\u00f3n que inici\u00f3 cuando la v\u00edctima y al menos otras nueve personas se dirig\u00edan al sitio por donde pasa el tren, para intentar irse a Estados Unidos.<\/p>\n<p>El documento, firmado por Alberto Xicot\u00e9ncatl, director de la casa, explica que los migrantes dejaron al ni\u00f1o en una tienda para ponerlo a salvo. Tambi\u00e9n se\u00f1ala que en el grupo iban familias y que varios de los centroamericanos fueron detenidos, entre ellos, una mujer y su hija.<\/p>\n<figure id=\"attachment_37411\" aria-describedby=\"caption-attachment-37411\" style=\"width: 800px\" class=\"wp-caption alignleft\"><img loading=\"lazy\" decoding=\"async\" data-attachment-id=\"37411\" data-permalink=\"http:\/\/www.grieta.org.mx\/index.php\/2019\/08\/01\/nos-abrieron-fuego-como-si-fueramos-animales-testigo-afirma-que-policias-quitaron-la-vida-a-migrante-hondureno-en-saltillo-coahuila\/casa-de\/\" data-orig-file=\"http:\/\/www.grieta.org.mx\/wp-content\/uploads\/2019\/08\/casa-de.jpg\" data-orig-size=\"980,653\" data-comments-opened=\"0\" data-image-meta=\"{&quot;aperture&quot;:&quot;0&quot;,&quot;credit&quot;:&quot;&quot;,&quot;camera&quot;:&quot;&quot;,&quot;caption&quot;:&quot;&quot;,&quot;created_timestamp&quot;:&quot;0&quot;,&quot;copyright&quot;:&quot;&quot;,&quot;focal_length&quot;:&quot;0&quot;,&quot;iso&quot;:&quot;0&quot;,&quot;shutter_speed&quot;:&quot;0&quot;,&quot;title&quot;:&quot;&quot;,&quot;orientation&quot;:&quot;0&quot;}\" data-image-title=\"casa de\" data-image-description=\"\" data-image-caption=\"&lt;p&gt;Foto: Vanguardia&lt;\/p&gt;\n\" data-medium-file=\"http:\/\/www.grieta.org.mx\/wp-content\/uploads\/2019\/08\/casa-de-300x200.jpg\" data-large-file=\"http:\/\/www.grieta.org.mx\/wp-content\/uploads\/2019\/08\/casa-de.jpg\" class=\"wp-image-37411\" src=\"http:\/\/www.grieta.org.mx\/wp-content\/uploads\/2019\/08\/casa-de.jpg\" alt=\"\" width=\"800\" height=\"533\" srcset=\"http:\/\/www.grieta.org.mx\/wp-content\/uploads\/2019\/08\/casa-de.jpg 980w, http:\/\/www.grieta.org.mx\/wp-content\/uploads\/2019\/08\/casa-de-300x200.jpg 300w, http:\/\/www.grieta.org.mx\/wp-content\/uploads\/2019\/08\/casa-de-768x512.jpg 768w, http:\/\/www.grieta.org.mx\/wp-content\/uploads\/2019\/08\/casa-de-750x500.jpg 750w\" sizes=\"auto, (max-width: 800px) 100vw, 800px\" \/><figcaption id=\"caption-attachment-37411\" class=\"wp-caption-text\">Foto: Vanguardia<\/figcaption><\/figure>\n<p><a href=\"https:\/\/vanguardia.com.mx\/articulo\/nos-abrieron-fuego-como-si-fueramos-animales-testigo-afirma-que-policias-quitaron\" target=\"_blank\" rel=\"noopener noreferrer\">https:\/\/vanguardia.com.mx\/articulo\/nos-abrieron-fuego-como-si-fueramos-animales-testigo-afirma-que-policias-quitaron<\/a><\/p>\n","protected":false},"excerpt":{"rendered":"<p>Armando R\u00edos\/ LA VANGUARDIA MX Un testigo del asesinato ocurrido ayer, en el que polic\u00edas dispararon en contra de un migrante, habl\u00f3 sobre los hechos asegurando que ellos no agredieron &hellip; <a href=\"http:\/\/www.grieta.org.mx\/index.php\/2019\/08\/01\/nos-abrieron-fuego-como-si-fueramos-animales-testigo-afirma-que-policias-quitaron-la-vida-a-migrante-hondureno-en-saltillo-coahuila\/\" class=\"more-link\">Leer m\u00e1s<\/a><\/p>\n","protected":false},"author":2,"featured_media":37409,"comment_status":"closed","ping_status":"closed","sticky":false,"template":"","format":"standard","meta":{"ngg_post_thumbnail":0,"_jetpack_newsletter_access":"","_jetpack_dont_email_post_to_subs":false,"_jetpack_newsletter_tier_id":0,"_jetpack_memberships_contains_paywalled_content":false,"_jetpack_memberships_contains_paid_content":false,"footnotes":""},"categories":[80,419,86,1390,912,2,83],"tags":[2779,2694,2697,1392,2352,2667,1370],"class_list":["post-37404","post","type-post","status-publish","format-standard","has-post-thumbnail","hentry","category-cintillo","category-coahuila","category-migrantes","category-migrantes-en-coahuila","category-militarizacion","category-noticias-nacionales","category-temas-nacionales","tag-alineacion-de-amlo-con-politica-antimigrante-de-eu","tag-asesinato-de-migrantes","tag-casa-del-migrante","tag-migrantes-centroamericanos","tag-muerte-de-migrantes","tag-mujeres-migrantes","tag-ninos-migrantes","entry"],"jetpack_featured_media_url":"http:\/\/www.grieta.org.mx\/wp-content\/uploads\/2019\/08\/asesinato-de-migrante.jpg","jetpack_sharing_enabled":true,"jetpack_shortlink":"https:\/\/wp.me\/p7ZJR4-9Ji","jetpack_likes_enabled":false,"jetpack-related-posts":[{"id":37477,"url":"http:\/\/www.grieta.org.mx\/index.php\/2019\/08\/04\/demandan-justicia-en-misa-de-migrantes-coahuila\/","url_meta":{"origin":37404,"position":0},"title":"Demandan justicia en misa de migrantes (Coahuila)","author":"grieta","date":"4 agosto, 2019","format":false,"excerpt":"Con pancartas desfilaron hasta el atrio de la Catedral Carolina Viveros\/ VANGUARDIA MX Decenas de migrantes centroamericanos cargando orgullosamente las banderas de sus pa\u00edses de origen y en su mayor\u00eda cubiertos de sus rostros, desfilaron hasta el atrio de la Catedral de Santiago en una misa especial que encabez\u00f3 el\u2026","rel":"","context":"En &quot;CINTILLO&quot;","block_context":{"text":"CINTILLO","link":"http:\/\/www.grieta.org.mx\/index.php\/category\/cintillo\/"},"img":{"alt_text":"","src":"https:\/\/i0.wp.com\/www.grieta.org.mx\/wp-content\/uploads\/2019\/08\/misa_8.jpg?resize=350%2C200","width":350,"height":200,"srcset":"https:\/\/i0.wp.com\/www.grieta.org.mx\/wp-content\/uploads\/2019\/08\/misa_8.jpg?resize=350%2C200 1x, https:\/\/i0.wp.com\/www.grieta.org.mx\/wp-content\/uploads\/2019\/08\/misa_8.jpg?resize=525%2C300 1.5x, https:\/\/i0.wp.com\/www.grieta.org.mx\/wp-content\/uploads\/2019\/08\/misa_8.jpg?resize=700%2C400 2x"},"classes":[]},{"id":6655,"url":"http:\/\/www.grieta.org.mx\/index.php\/2015\/12\/07\/caravana-de-madres-de-migrantes-desaparecidos-en-coahuila\/","url_meta":{"origin":37404,"position":1},"title":"Caravana de Madres de Migrantes Desaparecidos en Coahuila","author":"grieta","date":"7 diciembre, 2015","format":false,"excerpt":"07\/12\/15. \u201cFueron polic\u00edas quienes desaparecieron a mi hijo\u201d, acusa madre de migrante Proceso","rel":"","context":"En &quot;Coahuila&quot;","block_context":{"text":"Coahuila","link":"http:\/\/www.grieta.org.mx\/index.php\/category\/noticias-nacionales\/coahuila\/"},"img":{"alt_text":"","src":"https:\/\/i0.wp.com\/www.grieta.org.mx\/wp-content\/uploads\/2018\/03\/14524434_1106112876131411_958039263622046936_o.jpg?resize=350%2C200","width":350,"height":200,"srcset":"https:\/\/i0.wp.com\/www.grieta.org.mx\/wp-content\/uploads\/2018\/03\/14524434_1106112876131411_958039263622046936_o.jpg?resize=350%2C200 1x, https:\/\/i0.wp.com\/www.grieta.org.mx\/wp-content\/uploads\/2018\/03\/14524434_1106112876131411_958039263622046936_o.jpg?resize=525%2C300 1.5x, https:\/\/i0.wp.com\/www.grieta.org.mx\/wp-content\/uploads\/2018\/03\/14524434_1106112876131411_958039263622046936_o.jpg?resize=700%2C400 2x"},"classes":[]},{"id":37413,"url":"http:\/\/www.grieta.org.mx\/index.php\/2019\/08\/02\/el-sueno-fallido-de-volver-con-mama-la-hija-del-migrante-fallecido-coahuila\/","url_meta":{"origin":37404,"position":2},"title":"El sue\u00f1o fallido de volver con mam\u00e1\u2026 la hija del migrante fallecido (Coahuila)","author":"grieta","date":"2 agosto, 2019","format":false,"excerpt":"Armando R\u00edos\/LA VANGUARDIA MX Brenda Rodr\u00edguez, voluntaria quien recibi\u00f3 a la hija del migrante centroamericano que fue asesinado este mi\u00e9rcoles en Saltillo, recuerda que la pl\u00e1tica de la menor se centr\u00f3 en la inocencia y en el sue\u00f1o que tiene por reunirse con su madre en Estados Unidos. \u201cIban felices\u2026","rel":"","context":"En &quot;CINTILLO&quot;","block_context":{"text":"CINTILLO","link":"http:\/\/www.grieta.org.mx\/index.php\/category\/cintillo\/"},"img":{"alt_text":"","src":"https:\/\/i0.wp.com\/www.grieta.org.mx\/wp-content\/uploads\/2019\/08\/Brenda.jpg?resize=350%2C200","width":350,"height":200,"srcset":"https:\/\/i0.wp.com\/www.grieta.org.mx\/wp-content\/uploads\/2019\/08\/Brenda.jpg?resize=350%2C200 1x, https:\/\/i0.wp.com\/www.grieta.org.mx\/wp-content\/uploads\/2019\/08\/Brenda.jpg?resize=525%2C300 1.5x, https:\/\/i0.wp.com\/www.grieta.org.mx\/wp-content\/uploads\/2019\/08\/Brenda.jpg?resize=700%2C400 2x"},"classes":[]},{"id":24152,"url":"http:\/\/www.grieta.org.mx\/index.php\/2018\/04\/11\/detencion-de-migrantes-genera-xenofobia-en-piedras-negras-coahuila\/","url_meta":{"origin":37404,"position":3},"title":"Detenci\u00f3n de migrantes genera xenofobia en Piedras Negras (Coahuila)","author":"grieta","date":"11 abril, 2018","format":false,"excerpt":"Ren\u00e9 Arellano\/EL SIGLO DE TORRE\u00d3N La detenci\u00f3n de tres centroamericanos indocumentados en la zona Centro de Piedras Negras, por elementos de la Polic\u00eda Preventiva municipal, es una acci\u00f3n que violenta los Derechos Humanos de los migrantes y una acci\u00f3n que no le compete a dicha corporaci\u00f3n polic\u00edaca, adem\u00e1s de genera\u2026","rel":"","context":"En &quot;CINTILLO&quot;","block_context":{"text":"CINTILLO","link":"http:\/\/www.grieta.org.mx\/index.php\/category\/cintillo\/"},"img":{"alt_text":"","src":"https:\/\/i0.wp.com\/www.grieta.org.mx\/wp-content\/uploads\/2018\/03\/14524434_1106112876131411_958039263622046936_o.jpg?resize=350%2C200","width":350,"height":200,"srcset":"https:\/\/i0.wp.com\/www.grieta.org.mx\/wp-content\/uploads\/2018\/03\/14524434_1106112876131411_958039263622046936_o.jpg?resize=350%2C200 1x, https:\/\/i0.wp.com\/www.grieta.org.mx\/wp-content\/uploads\/2018\/03\/14524434_1106112876131411_958039263622046936_o.jpg?resize=525%2C300 1.5x, https:\/\/i0.wp.com\/www.grieta.org.mx\/wp-content\/uploads\/2018\/03\/14524434_1106112876131411_958039263622046936_o.jpg?resize=700%2C400 2x"},"classes":[]},{"id":3354,"url":"http:\/\/www.grieta.org.mx\/index.php\/2015\/10\/06\/a-balazos-cazan-policias-a-migrantes-que-iban-en-tren\/","url_meta":{"origin":37404,"position":4},"title":"A balazos cazan polic\u00edas a migrantes que iban en tren","author":"grieta","date":"6 octubre, 2015","format":false,"excerpt":"e-consulta Polic\u00edas municipales fueron se\u00f1alados por presuntamente matar a un migrante y herir a otros dos cuando dispararon ayer contra un grupo de centroamericanos a bordo de un tren, a la altura del Municipio de Tocatl\u00e1n, Tlaxcala. \u201cVen\u00edamos arriba de los vagones, ven\u00edamos distribuidos en todo el tren, cuando vimos\u2026","rel":"","context":"En &quot;CINTILLO&quot;","block_context":{"text":"CINTILLO","link":"http:\/\/www.grieta.org.mx\/index.php\/category\/cintillo\/"},"img":{"alt_text":"","src":"https:\/\/i0.wp.com\/www.grieta.org.mx\/wp-content\/uploads\/2015\/10\/migrantes_2.jpg?resize=350%2C200","width":350,"height":200,"srcset":"https:\/\/i0.wp.com\/www.grieta.org.mx\/wp-content\/uploads\/2015\/10\/migrantes_2.jpg?resize=350%2C200 1x, https:\/\/i0.wp.com\/www.grieta.org.mx\/wp-content\/uploads\/2015\/10\/migrantes_2.jpg?resize=525%2C300 1.5x"},"classes":[]},{"id":3362,"url":"http:\/\/www.grieta.org.mx\/index.php\/2015\/10\/06\/acusan-a-policias-municipales-de-tlaxcala-de-disparar-contra-un-grupo-de-migrantes\/","url_meta":{"origin":37404,"position":5},"title":"Acusan a polic\u00edas municipales de Tlaxcala de disparar contra un grupo de migrantes","author":"grieta","date":"6 octubre, 2015","format":false,"excerpt":"SDP noticias \u201cVen\u00edamos arriba de los vagones, ven\u00edamos distribuidos en todo el tren, cuando vimos que pas\u00f3 una patrulla, azul con blanco, y rebas\u00f3 al tren, entonces empezamos a escuchar los balazos, de la nada nos dispararon\u201d, Tlaxcala, Tlaxcala.- Elementos de la polic\u00eda municipal de Tocatl\u00e1n, Tlaxcala, son acusados por\u2026","rel":"","context":"En &quot;CINTILLO&quot;","block_context":{"text":"CINTILLO","link":"http:\/\/www.grieta.org.mx\/index.php\/category\/cintillo\/"},"img":{"alt_text":"","src":"https:\/\/i0.wp.com\/www.grieta.org.mx\/wp-content\/uploads\/2015\/10\/c7e0fb725e4746f399a9541e5757cbb5_620x350.jpg?resize=350%2C200","width":350,"height":200,"srcset":"https:\/\/i0.wp.com\/www.grieta.org.mx\/wp-content\/uploads\/2015\/10\/c7e0fb725e4746f399a9541e5757cbb5_620x350.jpg?resize=350%2C200 1x, https:\/\/i0.wp.com\/www.grieta.org.mx\/wp-content\/uploads\/2015\/10\/c7e0fb725e4746f399a9541e5757cbb5_620x350.jpg?resize=525%2C300 1.5x"},"classes":[]}],"_links":{"self":[{"href":"http:\/\/www.grieta.org.mx\/index.php\/wp-json\/wp\/v2\/posts\/37404","targetHints":{"allow":["GET"]}}],"collection":[{"href":"http:\/\/www.grieta.org.mx\/index.php\/wp-json\/wp\/v2\/posts"}],"about":[{"href":"http:\/\/www.grieta.org.mx\/index.php\/wp-json\/wp\/v2\/types\/post"}],"author":[{"embeddable":true,"href":"http:\/\/www.grieta.org.mx\/index.php\/wp-json\/wp\/v2\/users\/2"}],"replies":[{"embeddable":true,"href":"http:\/\/www.grieta.org.mx\/index.php\/wp-json\/wp\/v2\/comments?post=37404"}],"version-history":[{"count":1,"href":"http:\/\/www.grieta.org.mx\/index.php\/wp-json\/wp\/v2\/posts\/37404\/revisions"}],"predecessor-version":[{"id":37412,"href":"http:\/\/www.grieta.org.mx\/index.php\/wp-json\/wp\/v2\/posts\/37404\/revisions\/37412"}],"wp:featuredmedia":[{"embeddable":true,"href":"http:\/\/www.grieta.org.mx\/index.php\/wp-json\/wp\/v2\/media\/37409"}],"wp:attachment":[{"href":"http:\/\/www.grieta.org.mx\/index.php\/wp-json\/wp\/v2\/media?parent=37404"}],"wp:term":[{"taxonomy":"category","embeddable":true,"href":"http:\/\/www.grieta.org.mx\/index.php\/wp-json\/wp\/v2\/categories?post=37404"},{"taxonomy":"post_tag","embeddable":true,"href":"http:\/\/www.grieta.org.mx\/index.php\/wp-json\/wp\/v2\/tags?post=37404"}],"curies":[{"name":"wp","href":"https:\/\/api.w.org\/{rel}","templated":true}]}}