{"id":37402,"date":"2019-08-01T22:38:11","date_gmt":"2019-08-02T03:38:11","guid":{"rendered":"http:\/\/www.grieta.org.mx\/?p=37402"},"modified":"2019-08-02T22:54:03","modified_gmt":"2019-08-03T03:54:03","slug":"procuradora-federal-de-la-4t-llama-canibales-a-migrantes-de-africa-y-se-burla-de-su-hambre","status":"publish","type":"post","link":"http:\/\/www.grieta.org.mx\/index.php\/2019\/08\/01\/procuradora-federal-de-la-4t-llama-canibales-a-migrantes-de-africa-y-se-burla-de-su-hambre\/","title":{"rendered":"Procuradora federal de la 4T llama \u201ccan\u00edbales\u201d a migrantes de \u00c1frica\u2026 y se burla de su hambre"},"content":{"rendered":"<figure id=\"attachment_37403\" aria-describedby=\"caption-attachment-37403\" style=\"width: 800px\" class=\"wp-caption alignleft\"><img loading=\"lazy\" decoding=\"async\" data-attachment-id=\"37403\" data-permalink=\"http:\/\/www.grieta.org.mx\/index.php\/2019\/08\/01\/procuradora-federal-de-la-4t-llama-canibales-a-migrantes-de-africa-y-se-burla-de-su-hambre\/protesta_africanos_estacion_migratoria-2\/\" data-orig-file=\"http:\/\/www.grieta.org.mx\/wp-content\/uploads\/2019\/08\/protesta_africanos_estacion_migratoria-2.jpg\" data-orig-size=\"1100,580\" data-comments-opened=\"0\" data-image-meta=\"{&quot;aperture&quot;:&quot;0&quot;,&quot;credit&quot;:&quot;&quot;,&quot;camera&quot;:&quot;&quot;,&quot;caption&quot;:&quot;&quot;,&quot;created_timestamp&quot;:&quot;0&quot;,&quot;copyright&quot;:&quot;&quot;,&quot;focal_length&quot;:&quot;0&quot;,&quot;iso&quot;:&quot;0&quot;,&quot;shutter_speed&quot;:&quot;0&quot;,&quot;title&quot;:&quot;&quot;,&quot;orientation&quot;:&quot;0&quot;}\" data-image-title=\"protesta_africanos_estacion_migratoria-2\" data-image-description=\"\" data-image-caption=\"&lt;p&gt;Funcionarios que forman parte del grupo de WhatsApp presentaron una denuncia an\u00f3nima por la conversaci\u00f3n ofensiva contra migrantes africanos. Foto: Isabel Mateos, Cuartoscuro.&lt;\/p&gt;\n\" data-medium-file=\"http:\/\/www.grieta.org.mx\/wp-content\/uploads\/2019\/08\/protesta_africanos_estacion_migratoria-2-300x158.jpg\" data-large-file=\"http:\/\/www.grieta.org.mx\/wp-content\/uploads\/2019\/08\/protesta_africanos_estacion_migratoria-2-1024x540.jpg\" class=\"wp-image-37403\" src=\"http:\/\/www.grieta.org.mx\/wp-content\/uploads\/2019\/08\/protesta_africanos_estacion_migratoria-2-1024x540.jpg\" alt=\"\" width=\"800\" height=\"422\" srcset=\"http:\/\/www.grieta.org.mx\/wp-content\/uploads\/2019\/08\/protesta_africanos_estacion_migratoria-2-1024x540.jpg 1024w, http:\/\/www.grieta.org.mx\/wp-content\/uploads\/2019\/08\/protesta_africanos_estacion_migratoria-2-300x158.jpg 300w, http:\/\/www.grieta.org.mx\/wp-content\/uploads\/2019\/08\/protesta_africanos_estacion_migratoria-2-768x405.jpg 768w, http:\/\/www.grieta.org.mx\/wp-content\/uploads\/2019\/08\/protesta_africanos_estacion_migratoria-2-948x500.jpg 948w, http:\/\/www.grieta.org.mx\/wp-content\/uploads\/2019\/08\/protesta_africanos_estacion_migratoria-2.jpg 1100w\" sizes=\"auto, (max-width: 800px) 100vw, 800px\" \/><figcaption id=\"caption-attachment-37403\" class=\"wp-caption-text\">Funcionarios que forman parte del grupo de WhatsApp presentaron una denuncia an\u00f3nima por la conversaci\u00f3n ofensiva contra migrantes africanos. Foto: Isabel Mateos, Cuartoscuro.<\/figcaption><\/figure>\n<p>Jos\u00e9 Ignacio De Alba y Mar\u00eda Fernanda Ruiz\/ PIE DE P\u00c1GINA\/ SIN EMBARGO<\/p>\n<blockquote><p>En un chat entre funcionarios que atienden migrantes, Martha Yolanda L\u00f3pez Bravo, Procuradora Federal de Protecci\u00f3n a Ni\u00f1as, Ni\u00f1os y Adolescentes, que pertenece al Sistema Nacional DIF, se refiri\u00f3 a los migrantes africanos que protestaban en un albergue en Chiapas como \u201ccan\u00edbales\u201d. La denuncia fue recibida desde el 5 de julio en el Sistema Nacional DIF, en la Secretar\u00eda de Gobernaci\u00f3n y en la Comisi\u00f3n Nacional de Derechos Humanos, pero hasta ahora ninguna dependencia se ha hecho cargo.<\/p><\/blockquote>\n<p>Ciudad de M\u00e9xico, 1 de agosto (Pie de P\u00e1gina).\u2013 La Procuradora federal de Protecci\u00f3n a Ni\u00f1as Ni\u00f1os y Adolescentes, Martha Yolanda L\u00f3pez Bravo, escribi\u00f3 en un chat de WhatsApp de enlace con servidores p\u00fablicos comisionados para atender menores migrantes en Chiapas que los migrantes africanos son \u201ccan\u00edbales\u201d.<\/p>\n<p>El mensaje fue enviado la tarde del 18 de junio. Lo que sigui\u00f3 en la conversaci\u00f3n fue la respuesta del Subdirector de Representaci\u00f3n Jur\u00eddica, Salvador Silva Becerra, quien escribi\u00f3 \u201cjajaja no me vallan (sic) a ver con ojos de rostizado\u201d, haciendo referencia al hambre de los migrantes.<\/p>\n<blockquote><p>La conversaci\u00f3n tuvo lugar cuando algunos funcionarios de la Procuradur\u00eda estaban dentro de la extensi\u00f3n de la Estaci\u00f3n Migratoria Siglo XXI que se instal\u00f3 en la Feria Mesoamericana y luego de que un grupo de indocumentados africanos se amotin\u00f3 en el lugar y algunos lograron escapar.<\/p><\/blockquote>\n<figure id=\"attachment_37405\" aria-describedby=\"caption-attachment-37405\" style=\"width: 800px\" class=\"wp-caption alignleft\"><img loading=\"lazy\" decoding=\"async\" data-attachment-id=\"37405\" data-permalink=\"http:\/\/www.grieta.org.mx\/index.php\/2019\/08\/01\/procuradora-federal-de-la-4t-llama-canibales-a-migrantes-de-africa-y-se-burla-de-su-hambre\/migrante-canibal\/\" data-orig-file=\"http:\/\/www.grieta.org.mx\/wp-content\/uploads\/2019\/08\/migrante-canibal.jpg\" data-orig-size=\"700,1144\" data-comments-opened=\"0\" data-image-meta=\"{&quot;aperture&quot;:&quot;0&quot;,&quot;credit&quot;:&quot;&quot;,&quot;camera&quot;:&quot;&quot;,&quot;caption&quot;:&quot;&quot;,&quot;created_timestamp&quot;:&quot;0&quot;,&quot;copyright&quot;:&quot;&quot;,&quot;focal_length&quot;:&quot;0&quot;,&quot;iso&quot;:&quot;0&quot;,&quot;shutter_speed&quot;:&quot;0&quot;,&quot;title&quot;:&quot;&quot;,&quot;orientation&quot;:&quot;0&quot;}\" data-image-title=\"migrante-canibal\" data-image-description=\"\" data-image-caption=\"&lt;p&gt;Foto: Especial v\u00eda Pie de P\u00e1gina.&lt;\/p&gt;\n\" data-medium-file=\"http:\/\/www.grieta.org.mx\/wp-content\/uploads\/2019\/08\/migrante-canibal-184x300.jpg\" data-large-file=\"http:\/\/www.grieta.org.mx\/wp-content\/uploads\/2019\/08\/migrante-canibal-627x1024.jpg\" class=\"wp-image-37405\" src=\"http:\/\/www.grieta.org.mx\/wp-content\/uploads\/2019\/08\/migrante-canibal-627x1024.jpg\" alt=\"\" width=\"800\" height=\"1307\" srcset=\"http:\/\/www.grieta.org.mx\/wp-content\/uploads\/2019\/08\/migrante-canibal-627x1024.jpg 627w, http:\/\/www.grieta.org.mx\/wp-content\/uploads\/2019\/08\/migrante-canibal-184x300.jpg 184w, http:\/\/www.grieta.org.mx\/wp-content\/uploads\/2019\/08\/migrante-canibal-306x500.jpg 306w, http:\/\/www.grieta.org.mx\/wp-content\/uploads\/2019\/08\/migrante-canibal.jpg 700w\" sizes=\"auto, (max-width: 800px) 100vw, 800px\" \/><figcaption id=\"caption-attachment-37405\" class=\"wp-caption-text\">Foto: Especial v\u00eda Pie de P\u00e1gina.<\/figcaption><\/figure>\n<p>El 5 de julio, funcionarios que forman parte del grupo de WhatsApp presentaron una denuncia an\u00f3nima por la conversaci\u00f3n ofensiva ante la Contralor\u00eda Interna, el Sistema Nacional para el Desarrollo Integral de la Familia (SNDIF), la Comisi\u00f3n Nacional de Derechos Humanos y la Secretar\u00eda de Gobernaci\u00f3n. Pero hasta ahora ninguno ha dado respuesta.<\/p>\n<p>De hecho, esta informaci\u00f3n fue entregada a Pie de P\u00e1gina 25 d\u00edas despu\u00e9s de que se present\u00f3 la denuncia y cuando ninguna de las instancias que sell\u00f3 de \u201crecibido\u201d tom\u00f3 alguna medida al respecto.<\/p>\n<p>La carta est\u00e1 dirigida a Mar\u00eda del Roc\u00edo P\u00e9rez, titular del SNDIF, los denunciantes consideran que \u201ces sumamente preocupante que dichos Servidores P\u00fablicos se encuentren en una instituci\u00f3n federal encargada de garantizar y restituir los derechos de las personas en situaci\u00f3n de migraci\u00f3n\u201d. Adem\u00e1s, piden que se realicen las indagatorias necesarias se tomen las medidas para cesar a ambos funcionarios.<\/p>\n<p>Pie de P\u00e1gina se comunic\u00f3 con la responsable de la oficina de Comunicaci\u00f3n Social de SNDIF para pedir una posici\u00f3n sobre la denuncia dirigida a a su directora. La respuesta fue: \u201cno tengo idea, al \u00e1rea de Comunicaci\u00f3n Social no nos ha llegado nada\u201d.<\/p>\n<p>La Procuradora Yolanda L\u00f3pez Bravo, autora del mensaje, es la encargada de procurar la protecci\u00f3n de infantes y adolescentes en M\u00e9xico, adem\u00e1s en sus manos est\u00e1 la atenci\u00f3n m\u00e9dica y psicol\u00f3gica de los menores de edad seg\u00fan el art\u00edculo 122 de Ley General de los Derechos de Ni\u00f1as, Ni\u00f1os y Adolescentes.<\/p>\n<p>Adem\u00e1s, la Procuradora L\u00f3pez es parte del Comit\u00e9 de \u00c9tica y de Prevenci\u00f3n de Conflictos de Inter\u00e9s del Sistema Nacional para el Desarrollo Integral de la Familia. Este comit\u00e9 se encarga del cumplimiento del C\u00f3digo \u00c9tico y de conducta de los funcionarios p\u00fablicos.<\/p>\n<p><img loading=\"lazy\" decoding=\"async\" data-attachment-id=\"37406\" data-permalink=\"http:\/\/www.grieta.org.mx\/index.php\/2019\/08\/01\/procuradora-federal-de-la-4t-llama-canibales-a-migrantes-de-africa-y-se-burla-de-su-hambre\/documento\/\" data-orig-file=\"http:\/\/www.grieta.org.mx\/wp-content\/uploads\/2019\/08\/documento.jpg\" data-orig-size=\"700,931\" data-comments-opened=\"0\" data-image-meta=\"{&quot;aperture&quot;:&quot;0&quot;,&quot;credit&quot;:&quot;&quot;,&quot;camera&quot;:&quot;&quot;,&quot;caption&quot;:&quot;&quot;,&quot;created_timestamp&quot;:&quot;0&quot;,&quot;copyright&quot;:&quot;&quot;,&quot;focal_length&quot;:&quot;0&quot;,&quot;iso&quot;:&quot;0&quot;,&quot;shutter_speed&quot;:&quot;0&quot;,&quot;title&quot;:&quot;&quot;,&quot;orientation&quot;:&quot;0&quot;}\" data-image-title=\"documento\" data-image-description=\"\" data-image-caption=\"\" data-medium-file=\"http:\/\/www.grieta.org.mx\/wp-content\/uploads\/2019\/08\/documento-226x300.jpg\" data-large-file=\"http:\/\/www.grieta.org.mx\/wp-content\/uploads\/2019\/08\/documento.jpg\" class=\"alignleft wp-image-37406\" src=\"http:\/\/www.grieta.org.mx\/wp-content\/uploads\/2019\/08\/documento.jpg\" alt=\"\" width=\"800\" height=\"1064\" srcset=\"http:\/\/www.grieta.org.mx\/wp-content\/uploads\/2019\/08\/documento.jpg 700w, http:\/\/www.grieta.org.mx\/wp-content\/uploads\/2019\/08\/documento-226x300.jpg 226w, http:\/\/www.grieta.org.mx\/wp-content\/uploads\/2019\/08\/documento-376x500.jpg 376w\" sizes=\"auto, (max-width: 800px) 100vw, 800px\" \/><\/p>\n<p>&nbsp;<\/p>\n<p><img loading=\"lazy\" decoding=\"async\" data-attachment-id=\"37407\" data-permalink=\"http:\/\/www.grieta.org.mx\/index.php\/2019\/08\/01\/procuradora-federal-de-la-4t-llama-canibales-a-migrantes-de-africa-y-se-burla-de-su-hambre\/documento-2\/\" data-orig-file=\"http:\/\/www.grieta.org.mx\/wp-content\/uploads\/2019\/08\/documento-2.jpg\" data-orig-size=\"700,1114\" data-comments-opened=\"0\" data-image-meta=\"{&quot;aperture&quot;:&quot;0&quot;,&quot;credit&quot;:&quot;&quot;,&quot;camera&quot;:&quot;&quot;,&quot;caption&quot;:&quot;&quot;,&quot;created_timestamp&quot;:&quot;0&quot;,&quot;copyright&quot;:&quot;&quot;,&quot;focal_length&quot;:&quot;0&quot;,&quot;iso&quot;:&quot;0&quot;,&quot;shutter_speed&quot;:&quot;0&quot;,&quot;title&quot;:&quot;&quot;,&quot;orientation&quot;:&quot;0&quot;}\" data-image-title=\"documento 2\" data-image-description=\"\" data-image-caption=\"\" data-medium-file=\"http:\/\/www.grieta.org.mx\/wp-content\/uploads\/2019\/08\/documento-2-189x300.jpg\" data-large-file=\"http:\/\/www.grieta.org.mx\/wp-content\/uploads\/2019\/08\/documento-2-643x1024.jpg\" class=\"alignleft wp-image-37407\" src=\"http:\/\/www.grieta.org.mx\/wp-content\/uploads\/2019\/08\/documento-2-643x1024.jpg\" alt=\"\" width=\"800\" height=\"1273\" srcset=\"http:\/\/www.grieta.org.mx\/wp-content\/uploads\/2019\/08\/documento-2-643x1024.jpg 643w, http:\/\/www.grieta.org.mx\/wp-content\/uploads\/2019\/08\/documento-2-189x300.jpg 189w, http:\/\/www.grieta.org.mx\/wp-content\/uploads\/2019\/08\/documento-2-314x500.jpg 314w, http:\/\/www.grieta.org.mx\/wp-content\/uploads\/2019\/08\/documento-2.jpg 700w\" sizes=\"auto, (max-width: 800px) 100vw, 800px\" \/><\/p>\n<p>Por su parte, Roc\u00edo P\u00e9rez participar\u00e1 este mi\u00e9rcoles, en la presentaci\u00f3n conjunta que har\u00e1n el SNDIF y la Unicef (Fondo de Naciones Unidas para la ni\u00f1ez) el \u201cModelo de cuidados alternativos para ni\u00f1as ni\u00f1os y adolescentes solicitantes de asilo y refugiados en M\u00e9xico: gu\u00eda para su implementaci\u00f3n\u201d.<\/p>\n<p><a href=\"https:\/\/www.sinembargo.mx\/01-08-2019\/3622301\" target=\"_blank\" rel=\"noopener noreferrer\">https:\/\/www.sinembargo.mx\/01-08-2019\/3622301<\/a><\/p>\n","protected":false},"excerpt":{"rendered":"<p>Jos\u00e9 Ignacio De Alba y Mar\u00eda Fernanda Ruiz\/ PIE DE P\u00c1GINA\/ SIN EMBARGO En un chat entre funcionarios que atienden migrantes, Martha Yolanda L\u00f3pez Bravo, Procuradora Federal de Protecci\u00f3n a &hellip; <a href=\"http:\/\/www.grieta.org.mx\/index.php\/2019\/08\/01\/procuradora-federal-de-la-4t-llama-canibales-a-migrantes-de-africa-y-se-burla-de-su-hambre\/\" class=\"more-link\">Leer m\u00e1s<\/a><\/p>\n","protected":false},"author":2,"featured_media":37403,"comment_status":"closed","ping_status":"closed","sticky":false,"template":"","format":"standard","meta":{"ngg_post_thumbnail":0,"_jetpack_newsletter_access":"","_jetpack_dont_email_post_to_subs":false,"_jetpack_newsletter_tier_id":0,"_jetpack_memberships_contains_paywalled_content":false,"_jetpack_memberships_contains_paid_content":false,"footnotes":""},"categories":[80,86,83],"tags":[2779,1194,2700,2416,1030],"class_list":["post-37402","post","type-post","status-publish","format-standard","has-post-thumbnail","hentry","category-cintillo","category-migrantes","category-temas-nacionales","tag-alineacion-de-amlo-con-politica-antimigrante-de-eu","tag-criminalizacion-de-migrantes","tag-maltrato-a-migrantes","tag-migrantes-africanos","tag-racismo","entry"],"jetpack_featured_media_url":"http:\/\/www.grieta.org.mx\/wp-content\/uploads\/2019\/08\/protesta_africanos_estacion_migratoria-2.jpg","jetpack_sharing_enabled":true,"jetpack_shortlink":"https:\/\/wp.me\/p7ZJR4-9Jg","jetpack_likes_enabled":false,"jetpack-related-posts":[{"id":40414,"url":"http:\/\/www.grieta.org.mx\/index.php\/2019\/10\/23\/xenofobia-y-criminalizacion-de-migrantes-en-inm-ong\/","url_meta":{"origin":37402,"position":0},"title":"Xenofobia y criminalizaci\u00f3n de migrantes en INM: ONG","author":"grieta","date":"23 octubre, 2019","format":false,"excerpt":"El titular del Instituto Nacional de Migraci\u00f3n fue se\u00f1alado de xen\u00f3fobo y de promover la criminalizaci\u00f3n de migrantes por parte de organizaciones ciudadanas. Conapred inici\u00f3 investigaci\u00f3n Redacci\u00f3n\/ PIE DE P\u00c1GINA Texto: CHIAPAS PARALELO Foto: Guillermo Arias El Consejo Ciudadano del Instituto Nacional de Migraci\u00f3n y organizaciones sociales reprobaron las declaraciones\u2026","rel":"","context":"En &quot;CINTILLO&quot;","block_context":{"text":"CINTILLO","link":"http:\/\/www.grieta.org.mx\/index.php\/category\/cintillo\/"},"img":{"alt_text":"","src":"https:\/\/i0.wp.com\/www.grieta.org.mx\/wp-content\/uploads\/2019\/10\/ppa.jpg?resize=350%2C200","width":350,"height":200,"srcset":"https:\/\/i0.wp.com\/www.grieta.org.mx\/wp-content\/uploads\/2019\/10\/ppa.jpg?resize=350%2C200 1x, https:\/\/i0.wp.com\/www.grieta.org.mx\/wp-content\/uploads\/2019\/10\/ppa.jpg?resize=525%2C300 1.5x, https:\/\/i0.wp.com\/www.grieta.org.mx\/wp-content\/uploads\/2019\/10\/ppa.jpg?resize=700%2C400 2x"},"classes":[]},{"id":8700,"url":"http:\/\/www.grieta.org.mx\/index.php\/2016\/08\/31\/secuestro-de-migrantes-en-bc\/","url_meta":{"origin":37402,"position":1},"title":"Migrantes inundan Baja California","author":"grieta","date":"31 agosto, 2016","format":false,"excerpt":"31\/08\/16. Contin\u00faa llegada de migrantes extranjeros y mexicanos que buscan asilo en EU La Jornada Baja California 20\/08\/16. A la baja llegada de migrantes a BC que quieren asilo en EU El Sol de Puebla 10\/08\/16. Libera INM al grupo de migrantes detenidos en Mexicali La Jornada Baja California 10\/08\/16.\u2026","rel":"","context":"En &quot;Baja California&quot;","block_context":{"text":"Baja California","link":"http:\/\/www.grieta.org.mx\/index.php\/category\/noticias-nacionales\/baja-california\/"},"img":{"alt_text":"","src":"https:\/\/i0.wp.com\/www.grieta.org.mx\/wp-content\/uploads\/2018\/03\/14524434_1106112876131411_958039263622046936_o.jpg?resize=350%2C200","width":350,"height":200,"srcset":"https:\/\/i0.wp.com\/www.grieta.org.mx\/wp-content\/uploads\/2018\/03\/14524434_1106112876131411_958039263622046936_o.jpg?resize=350%2C200 1x, https:\/\/i0.wp.com\/www.grieta.org.mx\/wp-content\/uploads\/2018\/03\/14524434_1106112876131411_958039263622046936_o.jpg?resize=525%2C300 1.5x, https:\/\/i0.wp.com\/www.grieta.org.mx\/wp-content\/uploads\/2018\/03\/14524434_1106112876131411_958039263622046936_o.jpg?resize=700%2C400 2x"},"classes":[]},{"id":31589,"url":"http:\/\/www.grieta.org.mx\/index.php\/2019\/03\/29\/se-quedan-850-migrantes-varados-en-nuevo-laredo-tamaulipas\/","url_meta":{"origin":37402,"position":2},"title":"Se quedan 850 migrantes varados en Nuevo Laredo (Tamaulipas)","author":"grieta","date":"29 marzo, 2019","format":false,"excerpt":"El Bravo M\u00e1s de 850 migrantes, entre cubanos, africanos y centroamericanos, se encuentran varados en el municipio fronterizo de Nuevo Laredo, en espera de que el gobierno de Estados Unidos les d\u00e9 asilo pol\u00edtico. En entrevista, el edil de Nuevo Laredo, Enrique Rivas Cu\u00e9llar, refiri\u00f3 que es constante el flujo\u2026","rel":"","context":"En &quot;CINTILLO&quot;","block_context":{"text":"CINTILLO","link":"http:\/\/www.grieta.org.mx\/index.php\/category\/cintillo\/"},"img":{"alt_text":"","src":"https:\/\/i0.wp.com\/www.grieta.org.mx\/wp-content\/uploads\/2019\/04\/Se-quedan-850-migrantes-varados-en-Nuevo-Laredo-tama-abr.jpg?resize=350%2C200","width":350,"height":200,"srcset":"https:\/\/i0.wp.com\/www.grieta.org.mx\/wp-content\/uploads\/2019\/04\/Se-quedan-850-migrantes-varados-en-Nuevo-Laredo-tama-abr.jpg?resize=350%2C200 1x, https:\/\/i0.wp.com\/www.grieta.org.mx\/wp-content\/uploads\/2019\/04\/Se-quedan-850-migrantes-varados-en-Nuevo-Laredo-tama-abr.jpg?resize=525%2C300 1.5x"},"classes":[]},{"id":33478,"url":"http:\/\/www.grieta.org.mx\/index.php\/2019\/05\/13\/africanos-piden-agilizar-asilo-humanitario-en-nuevo-laredo-tamaulipas\/","url_meta":{"origin":37402,"position":3},"title":"Africanos piden agilizar asilo humanitario en Nuevo Laredo (Tamaulipas)","author":"grieta","date":"13 mayo, 2019","format":false,"excerpt":"El Bravo Al menos 100 africanos entre adultos y ni\u00f1os se congregaron a las afueras del puente internacional n\u00famero 1 Puerta de las Am\u00e9ricas en Nuevo Laredo, para solicitar la agilizaci\u00f3n del tr\u00e1mite de asilo humanitario. El grupo solicit\u00f3 hablar con personal del Instituto Nacional de Migraci\u00f3n para ser informados\u2026","rel":"","context":"En &quot;CINTILLO&quot;","block_context":{"text":"CINTILLO","link":"http:\/\/www.grieta.org.mx\/index.php\/category\/cintillo\/"},"img":{"alt_text":"","src":"https:\/\/i0.wp.com\/www.grieta.org.mx\/wp-content\/uploads\/2019\/05\/Africanos-piden-agilizar-asilo-humanitario-en-Nuevo-Laredo-tama-may.jpg?resize=350%2C200","width":350,"height":200,"srcset":"https:\/\/i0.wp.com\/www.grieta.org.mx\/wp-content\/uploads\/2019\/05\/Africanos-piden-agilizar-asilo-humanitario-en-Nuevo-Laredo-tama-may.jpg?resize=350%2C200 1x, https:\/\/i0.wp.com\/www.grieta.org.mx\/wp-content\/uploads\/2019\/05\/Africanos-piden-agilizar-asilo-humanitario-en-Nuevo-Laredo-tama-may.jpg?resize=525%2C300 1.5x"},"classes":[]},{"id":32454,"url":"http:\/\/www.grieta.org.mx\/index.php\/2019\/04\/23\/por-saturacion-cierran-albergue-senda-de-vida-a-mas-migrantes-en-reynosa-tamaulipas\/","url_meta":{"origin":37402,"position":4},"title":"Por saturaci\u00f3n, cierran albergue Senda de Vida a m\u00e1s migrantes en Reynosa (Tamaulipas)","author":"grieta","date":"23 abril, 2019","format":false,"excerpt":"Viviana Cervantes \/ El Ma\u00f1ana Siguen llegando y les niegan acceso; les piden se vayan a Nuevo Laredo Reynosa, Tam.- Debido a la saturaci\u00f3n del albergue \"Senda de Vida\" los directivos han decidido no recibir a m\u00e1s migrantes. Llegan migrantes y les niegan el acceso por falta de espacio; les\u2026","rel":"","context":"En &quot;CINTILLO&quot;","block_context":{"text":"CINTILLO","link":"http:\/\/www.grieta.org.mx\/index.php\/category\/cintillo\/"},"img":{"alt_text":"","src":"https:\/\/i0.wp.com\/www.grieta.org.mx\/wp-content\/uploads\/2019\/04\/Por-saturaci%C3%B3n-cierran-albergue-Senda-de-Vida-a-m%C3%A1s-migrantes-en-Reynosa-tama-abr.jpg?resize=350%2C200","width":350,"height":200,"srcset":"https:\/\/i0.wp.com\/www.grieta.org.mx\/wp-content\/uploads\/2019\/04\/Por-saturaci%C3%B3n-cierran-albergue-Senda-de-Vida-a-m%C3%A1s-migrantes-en-Reynosa-tama-abr.jpg?resize=350%2C200 1x, https:\/\/i0.wp.com\/www.grieta.org.mx\/wp-content\/uploads\/2019\/04\/Por-saturaci%C3%B3n-cierran-albergue-Senda-de-Vida-a-m%C3%A1s-migrantes-en-Reynosa-tama-abr.jpg?resize=525%2C300 1.5x"},"classes":[]},{"id":19616,"url":"http:\/\/www.grieta.org.mx\/index.php\/2016\/08\/10\/detienen-en-mexicali-a-convoy-de-migrantes-africanos-con-rumbo-a-tijuana\/","url_meta":{"origin":37402,"position":5},"title":"Detienen en Mexicali a convoy de migrantes africanos con rumbo a Tijuana","author":"grieta","date":"10 agosto, 2016","format":false,"excerpt":"Mexicali, 10 de agosto.- M\u00e1s de 50 personas originarias de \u00c1frica que se dirig\u00edan a Tijuana fueron detenidos en un ret\u00e9n militar de Mexicali y trasladados a las oficinas del Instituto Nacional de Migraci\u00f3n (INM) con el objetivo de revisar su situaci\u00f3n migratoria. La ma\u00f1ana de este martes, dos camiones\u2026","rel":"","context":"En &quot;CINTILLO&quot;","block_context":{"text":"CINTILLO","link":"http:\/\/www.grieta.org.mx\/index.php\/category\/cintillo\/"},"img":{"alt_text":"","src":"https:\/\/i0.wp.com\/www.grieta.org.mx\/wp-content\/uploads\/2018\/03\/14524434_1106112876131411_958039263622046936_o.jpg?resize=350%2C200","width":350,"height":200,"srcset":"https:\/\/i0.wp.com\/www.grieta.org.mx\/wp-content\/uploads\/2018\/03\/14524434_1106112876131411_958039263622046936_o.jpg?resize=350%2C200 1x, https:\/\/i0.wp.com\/www.grieta.org.mx\/wp-content\/uploads\/2018\/03\/14524434_1106112876131411_958039263622046936_o.jpg?resize=525%2C300 1.5x, https:\/\/i0.wp.com\/www.grieta.org.mx\/wp-content\/uploads\/2018\/03\/14524434_1106112876131411_958039263622046936_o.jpg?resize=700%2C400 2x"},"classes":[]}],"_links":{"self":[{"href":"http:\/\/www.grieta.org.mx\/index.php\/wp-json\/wp\/v2\/posts\/37402","targetHints":{"allow":["GET"]}}],"collection":[{"href":"http:\/\/www.grieta.org.mx\/index.php\/wp-json\/wp\/v2\/posts"}],"about":[{"href":"http:\/\/www.grieta.org.mx\/index.php\/wp-json\/wp\/v2\/types\/post"}],"author":[{"embeddable":true,"href":"http:\/\/www.grieta.org.mx\/index.php\/wp-json\/wp\/v2\/users\/2"}],"replies":[{"embeddable":true,"href":"http:\/\/www.grieta.org.mx\/index.php\/wp-json\/wp\/v2\/comments?post=37402"}],"version-history":[{"count":1,"href":"http:\/\/www.grieta.org.mx\/index.php\/wp-json\/wp\/v2\/posts\/37402\/revisions"}],"predecessor-version":[{"id":37408,"href":"http:\/\/www.grieta.org.mx\/index.php\/wp-json\/wp\/v2\/posts\/37402\/revisions\/37408"}],"wp:featuredmedia":[{"embeddable":true,"href":"http:\/\/www.grieta.org.mx\/index.php\/wp-json\/wp\/v2\/media\/37403"}],"wp:attachment":[{"href":"http:\/\/www.grieta.org.mx\/index.php\/wp-json\/wp\/v2\/media?parent=37402"}],"wp:term":[{"taxonomy":"category","embeddable":true,"href":"http:\/\/www.grieta.org.mx\/index.php\/wp-json\/wp\/v2\/categories?post=37402"},{"taxonomy":"post_tag","embeddable":true,"href":"http:\/\/www.grieta.org.mx\/index.php\/wp-json\/wp\/v2\/tags?post=37402"}],"curies":[{"name":"wp","href":"https:\/\/api.w.org\/{rel}","templated":true}]}}