{"id":37363,"date":"2019-07-26T19:24:19","date_gmt":"2019-07-27T00:24:19","guid":{"rendered":"http:\/\/www.grieta.org.mx\/?p=37363"},"modified":"2019-08-02T19:39:25","modified_gmt":"2019-08-03T00:39:25","slug":"revela-inegi-maquillaje-en-homicidios-de-2018-jalisco","status":"publish","type":"post","link":"http:\/\/www.grieta.org.mx\/index.php\/2019\/07\/26\/revela-inegi-maquillaje-en-homicidios-de-2018-jalisco\/","title":{"rendered":"Revela Inegi maquillaje en homicidios de 2018 (Jalisco)"},"content":{"rendered":"<p><img loading=\"lazy\" decoding=\"async\" data-attachment-id=\"37364\" data-permalink=\"http:\/\/www.grieta.org.mx\/index.php\/2019\/07\/26\/revela-inegi-maquillaje-en-homicidios-de-2018-jalisco\/rs1147104__24w1806_crop1564137603942-jpg_2024461655\/\" data-orig-file=\"http:\/\/www.grieta.org.mx\/wp-content\/uploads\/2019\/08\/rs1147104__24w1806_crop1564137603942.jpg_2024461655.jpg\" data-orig-size=\"630,315\" data-comments-opened=\"0\" data-image-meta=\"{&quot;aperture&quot;:&quot;0&quot;,&quot;credit&quot;:&quot;&quot;,&quot;camera&quot;:&quot;&quot;,&quot;caption&quot;:&quot;&quot;,&quot;created_timestamp&quot;:&quot;0&quot;,&quot;copyright&quot;:&quot;&quot;,&quot;focal_length&quot;:&quot;0&quot;,&quot;iso&quot;:&quot;0&quot;,&quot;shutter_speed&quot;:&quot;0&quot;,&quot;title&quot;:&quot;&quot;,&quot;orientation&quot;:&quot;0&quot;}\" data-image-title=\"rs1147104__24w1806_crop1564137603942.jpg_2024461655\" data-image-description=\"\" data-image-caption=\"\" data-medium-file=\"http:\/\/www.grieta.org.mx\/wp-content\/uploads\/2019\/08\/rs1147104__24w1806_crop1564137603942.jpg_2024461655-300x150.jpg\" data-large-file=\"http:\/\/www.grieta.org.mx\/wp-content\/uploads\/2019\/08\/rs1147104__24w1806_crop1564137603942.jpg_2024461655.jpg\" class=\" wp-image-37364 aligncenter\" src=\"http:\/\/www.grieta.org.mx\/wp-content\/uploads\/2019\/08\/rs1147104__24w1806_crop1564137603942.jpg_2024461655.jpg\" alt=\"\" width=\"780\" height=\"390\" srcset=\"http:\/\/www.grieta.org.mx\/wp-content\/uploads\/2019\/08\/rs1147104__24w1806_crop1564137603942.jpg_2024461655.jpg 630w, http:\/\/www.grieta.org.mx\/wp-content\/uploads\/2019\/08\/rs1147104__24w1806_crop1564137603942.jpg_2024461655-300x150.jpg 300w\" sizes=\"auto, (max-width: 780px) 100vw, 780px\" \/><\/p>\n<p>Foto: El informador<\/p>\n<p><em>Confirma dos mil 919 asesinatos en Jalisco durante el a\u00f1o pasado; la Fiscal\u00eda report\u00f3 dos mil 418; el subregistro es de 501 casos<\/em><\/p>\n<p>En medio de la ola de homicidios que registr\u00f3 Jalisco en el primer semestre de 2019, el Instituto Nacional de Estad\u00edstica y Geograf\u00eda (Inegi) revel\u00f3 que el indicador de asesinatos del a\u00f1o anterior tiene un subregistro importante.<\/p>\n<p>Seg\u00fan el Instituto, en total se cometieron dos mil 919 asesinatos entre enero y diciembre de 2018, que se traducen en 501 v\u00edctimas adicionales a las dos mil 418 que report\u00f3 la Fiscal\u00eda estatal al Gobierno federal.<\/p>\n<p>La informaci\u00f3n confirma que\u00a0<strong>Jalisco no s\u00f3lo rompi\u00f3 el r\u00e9cord hist\u00f3rico en ese delito (al menos desde 1997, cuando se comenz\u00f3 a generar la estad\u00edstica), sino que hubo un promedio de ocho asesinatos diarios.<\/strong><\/p>\n<p>Los datos dimensionan el subregistro que ya adelantaba el Gobierno estatal, cuando, a un mes de iniciada la administraci\u00f3n, el gobernador Enrique Alfaro dijo que las cifras de 2016 a 2018 hab\u00edan sido \u201cmaquilladas\u201d.<\/p>\n<p>El pasado 10 de enero, el mandatario afirm\u00f3 que la Fiscal\u00eda de la Entidad hab\u00eda documentado menos cr\u00edmenes a la Federaci\u00f3n con el fin de \u201cno ahuyentar al turismo\u201d.<\/p>\n<p>Agreg\u00f3 que<strong>\u00a0el a\u00f1o del enga\u00f1o fue 2018, porque apenas se reportaron 27 de cada 100 delitos al Secretariado Ejecutivo del Sistema Nacional de Seguridad P\u00fablica<\/strong>(SESNSP). Y de acuerdo con el Inegi, s\u00f3lo en homicidios se ocultaron 17 de cada 100 v\u00edctimas.<\/p>\n<p>Para su metodolog\u00eda, el Instituto obtiene informaci\u00f3n de las oficial\u00edas del Registro Civil, las agencias del Ministerio P\u00fablico y del Servicio M\u00e9dico Forense. As\u00ed, establece causas de muerte que \u201cno pueden ser atribuidas a factores naturales\u201d, como una enfermedad, sino que \u201cpueden estar relacionados con agresiones directas, realizadas con la intenci\u00f3n de provocar un da\u00f1o, que de manera determinante constituyen la causa de la muerte\u201d.<\/p>\n<p><strong>En Jalisco, la principal causa de homicidios dolosos el a\u00f1o pasado fue arma de fuego.<\/strong><\/p>\n<p>Alfaro prometi\u00f3 que, en su encargo como gobernador, la informaci\u00f3n estad\u00edstica de delitos ser\u00e1 p\u00fablica y sin filtros. Y no s\u00f3lo eso, pues tambi\u00e9n acentu\u00f3 que el Consejo Estatal de Seguridad P\u00fablica investigar\u00e1 a los funcionarios responsables y los sancionar\u00e1.<\/p>\n<p>El secretario de Seguridad y Protecci\u00f3n Ciudadana, Alfonso Durazo, estim\u00f3 que a mitad del sexenio se reducir\u00e1 la incidencia delictiva en el pa\u00eds, que este a\u00f1o podr\u00eda alcanzar niveles r\u00e9cord en materia de homicidios dolosos. \u201cEl primer objetivo es romper la tendencia y avanzar en la reducci\u00f3n de estos \u00edndices\u201d.<\/p>\n<p>Jalisco alcanza un nuevo r\u00e9cord hist\u00f3rico en homicidios dolosos<\/p>\n<p>Mientras se encontraban en una fiesta, siete personas fueron asesinadas adentro de una finca en la colonia Francisco I. Madero, en Tlaquepaque. El\u00a0ataque\u00a0sucedi\u00f3 el 8 de julio del a\u00f1o pasado.<\/p>\n<p>Eran cuatro mujeres y tres hombres. De acuerdo con testigos, un grupo armado y ataviado con chalecos y pasamonta\u00f1as entr\u00f3 al domicilio y dispar\u00f3 en contra de todos los asistentes. Luego huy\u00f3 en dos veh\u00edculos con placas del Estado de M\u00e9xico. Atr\u00e1s s\u00f3lo dejaron casquillos de armas largas y cortas.<\/p>\n<p>Esas fueron s\u00f3lo siete v\u00edctimas de las dos mil 919 que, seg\u00fan revel\u00f3 ayer el Instituto Nacional de Estad\u00edstica y Geograf\u00eda (Inegi), dej\u00f3 2018 en el Estado.\u00a0<strong>El a\u00f1o pasado, Jalisco \u00a0alcanz\u00f3 una tasa de 35 homicidios por cada 100 mil habitantes.<\/strong><\/p>\n<p><strong>As\u00ed, la Entidad registr\u00f3 una tasa r\u00e9cord que incluso se encuentra por encima de la media nacional (29 asesinatos por cada 100 mil habitantes). Seg\u00fan la Organizaci\u00f3n Mundial de la Salud (OMS), una regi\u00f3n tiene una \u201cepidemia de violencia\u201d cuando la tasa supera las 10 muertes por cada 100 mil habitantes.<\/strong><\/p>\n<p>El registro m\u00e1s alto en este sentido se dio en Jalisco durante 2011 y 2012, a\u00f1os en los que Felipe Calder\u00f3n gobernaba el pa\u00eds. La tasa se hab\u00eda repetido en 2017, pero al final el Inegi concluy\u00f3 que ese a\u00f1o fueron asesinadas 19 personas por cada 100 mil habitantes.<\/p>\n<p>De acuerdo con el historiador Jos\u00e9 Mar\u00eda Muri\u00e0, la violencia que registra actualmente el Estado no tiene precedentes. Ni siquiera punto de comparaci\u00f3n con los conflictos b\u00e9licos que se han vivido, como la Revoluci\u00f3n.<\/p>\n<p>\u201cLa mayor parte de los balazos, los revolucionarios los mandaban al aire. La mortandad de la Revoluci\u00f3n, considerando el conflicto b\u00e9lico, es relativamente baja. Y la mortandad que tenemos en Jalisco, considerando que vivimos en paz, es exorbitantemente alta\u201d.<\/p>\n<p>Cuando lleg\u00f3 al Palacio de Gobierno, en diciembre pasado, el gobernador Enrique Alfaro afirm\u00f3 que la mayor\u00eda de los asesinatos son atribuidos a pugnas internas del crimen organizado. Y en su m\u00e1s reciente rueda de prensas de cifras sobre incidencia delictiva, a inicios de julio, admiti\u00f3 que \u201cen el tema hay un estancamiento\u201d.<\/p>\n<p>Entonces,\u00a0<strong>la estrategia de seguridad se ha enfocado en los delitos patrimoniales, pues \u00e9stos son, afirm\u00f3, los que \u201cm\u00e1s afectan a los ciudadano<\/strong>s\u201d.<\/p>\n<p><strong>La tendencia se mantiene<\/strong><\/p>\n<p>Seg\u00fan el corte de seguridad que present\u00f3 a principios de mes el gobernador Enrique Alfaro,\u00a0<strong>los homicidios dolosos en Jalisco suman, hasta junio, mil 394 v\u00edctimas. Equivale a siete muertes al d\u00eda en promedio.<\/strong><\/p>\n<p>En el primer semestre de este a\u00f1o, el mes m\u00e1s violento fue febrero, cuando se registraron 264 carpetas de investigaci\u00f3n por homicidio doloso en Jalisco.<\/p>\n<p>La mayor parte de los delitos ocurre en el \u00c1rea Metropolitana de Guadalajara, pues pr\u00e1cticamente 84 de cada 100 asesinatos se registran en esa \u00e1rea geogr\u00e1fica.<\/p>\n<p>En cortes anteriores, Alfaro justific\u00f3 que algunos de los homicidios dolosos que alimentan las estad\u00edsticas en esta administraci\u00f3n proven\u00edan de hallazgos de fosas clandestinas, donde muchas v\u00edctimas fueron asesinadas en meses previos a su toma de protesta como gobernador, seg\u00fan los dict\u00e1menes de necropsias de Ciencias Forenses.<\/p>\n<p>El mandatario estatal enfatiz\u00f3 que las cifras que \u00e9l muestra son oficiales, y que \u00e9stas se env\u00edan al Secretariado Ejecutivo del Sistema Nacional de Seguridad P\u00fablica: el ente que concentra las cifras de delitos del fuero com\u00fan a nivel nacional. A partir de agosto las cifras se subir\u00e1n a una plataforma en l\u00ednea.<\/p>\n<p><strong>Tlajomulco es el puntero en la ZMG<\/strong><\/p>\n<p>El pasado 9 de abril,\u00a0este medio inform\u00f3\u00a0que durante 2018 Tlajomulco se posicion\u00f3 como el municipio con la tasa de homicidios m\u00e1s alta del Estado, seg\u00fan la investigaci\u00f3n \u201cGeograf\u00eda del Homicidio en el \u00c1rea Metropolitana de Guadalajara (AMG): an\u00e1lisis comparativo entre 2013 y 2018\u201d.<\/p>\n<p>El doctorante de la Universidad de Guadalajara, Antonio Reyna Sevilla, inform\u00f3 que\u00a0<strong>mientras en 2013 ese municipio registr\u00f3 una tasa de 20.3 homicidios por cada 100 mil habitantes, en 2018 increment\u00f3 m\u00e1s del doble: 50.7.<\/strong><\/p>\n<p><strong>Guadalajara es el siguiente municipio, con una tasa de 34.5 homicidios por cada 100 mil habitantes, seguido por\u00a0Zapopan\u00a0(19.8) y\u00a0Tlaquepaque\u00a0(18.8).\u00a0Tonal\u00e1\u00a0y El Salto ocupan los \u00faltimos dos puestos, con una tasa de 6.8 y 6.2 homicidios, respectivamente.<\/strong><\/p>\n<p>La investigaci\u00f3n analiz\u00f3 los sitios donde se cometieron los homicidios y segment\u00f3 la informaci\u00f3n por colonias, municipios, d\u00edas y horarios. Adem\u00e1s, dio a conocer que\u00a0<strong>en 2018 estos delitos ocurrieron mayoritariamente entre los d\u00edas mi\u00e9rcoles y viernes, entre las 20:00 y las 23:00 horas.<\/strong><\/p>\n<h4>Ven riesgo para la econom\u00eda<\/h4>\n<p>El que Jalisco muestre tal incremento en su tasa de homicidios provoca que el Estado se perciba como un sitio inseguro. Y eso pone en riesgo las futuras inversiones nacionales e internacionales, de acuerdo con organismos de la sociedad civil.<\/p>\n<p>Para Anuar Garc\u00eda, presidente de la organizaci\u00f3n SOS Jalisco, la realidad actual representa una falta de seguridad jur\u00eddica debido a que la Fiscal\u00eda estatal \u201cha permitido altos niveles de impunidad\u201d. \u00bfLa prueba?\u00a0<strong>98% de los homicidios sin resolver.<\/strong><\/p>\n<p>Por su parte, Augusto Chac\u00f3n, coordinador del observatorio ciudadano Jalisco C\u00f3mo Vamos, indic\u00f3 que tambi\u00e9n\u00a0<strong>existe el riesgo de que aumente la percepci\u00f3n negativa y la ciudadan\u00eda modifique h\u00e1bitos como salir de casa y evitar espacios p\u00fablicos, lo que, adem\u00e1s, inhibe el gasto y pone en riesgo las transacciones en comercios locales.<\/strong><\/p>\n<p>Por ello, sugirieron que la actual administraci\u00f3n, adem\u00e1s de lograr una coordinaci\u00f3n entre los tres niveles de Gobierno, debe garantizar el Estado de derecho encontrando a los responsables de los homicidios y haci\u00e9ndolos pagar por sus cr\u00edmenes.<\/p>\n<p>\u201cEl Estado de derecho se refiere no s\u00f3lo a que el sistema de justicia pueda dirimir transparentemente los conflictos particulares, sino tambi\u00e9n a que, en el territorio, los homicidios se resuelvan adecuadamente. Esta tasa de homicidios nos dice que hay impunidad y esta impunidad genera m\u00e1s homicidios y que se vuelva un c\u00edrculo que se potencia a s\u00ed mismo. Hace que cualquiera asesine y no tenga castigo\u201d, dijo Chac\u00f3n.<\/p>\n<p><a href=\"https:\/\/www.informador.mx\/Revela-Inegi-maquillaje-en-homicidios-de-2018-l201907260002.html\">https:\/\/www.informador.mx\/Revela-Inegi-maquillaje-en-homicidios-de-2018-l201907260002.html<\/a><\/p>\n","protected":false},"excerpt":{"rendered":"<p>Foto: El informador Confirma dos mil 919 asesinatos en Jalisco durante el a\u00f1o pasado; la Fiscal\u00eda report\u00f3 dos mil 418; el subregistro es de 501 casos En medio de la &hellip; <a href=\"http:\/\/www.grieta.org.mx\/index.php\/2019\/07\/26\/revela-inegi-maquillaje-en-homicidios-de-2018-jalisco\/\" class=\"more-link\">Leer m\u00e1s<\/a><\/p>\n","protected":false},"author":2,"featured_media":37364,"comment_status":"closed","ping_status":"closed","sticky":false,"template":"","format":"standard","meta":{"ngg_post_thumbnail":0,"_jetpack_newsletter_access":"","_jetpack_dont_email_post_to_subs":false,"_jetpack_newsletter_tier_id":0,"_jetpack_memberships_contains_paywalled_content":false,"_jetpack_memberships_contains_paid_content":false,"footnotes":""},"categories":[80,1771,20,2],"tags":[2357,1133,1643],"class_list":["post-37363","post","type-post","status-publish","format-standard","has-post-thumbnail","hentry","category-cintillo","category-incremento-de-la-violencia-en-jalisco","category-jalisco","category-noticias-nacionales","tag-homicidios","tag-incremento-en-la-violencia","tag-violencia-e-inseguridad-urbana","entry"],"jetpack_featured_media_url":"http:\/\/www.grieta.org.mx\/wp-content\/uploads\/2019\/08\/rs1147104__24w1806_crop1564137603942.jpg_2024461655.jpg","jetpack_sharing_enabled":true,"jetpack_shortlink":"https:\/\/wp.me\/p7ZJR4-9ID","jetpack_likes_enabled":false,"jetpack-related-posts":[{"id":26785,"url":"http:\/\/www.grieta.org.mx\/index.php\/2018\/09\/24\/violencia-desborda-a-guanajuato-y-jalisco-reporte-de-los-ultimos-4-anos\/","url_meta":{"origin":37363,"position":0},"title":"Violencia desborda a Guanajuato y Jalisco; reporte de los \u00faltimos 4 a\u00f1os","author":"grieta","date":"24 septiembre, 2018","format":false,"excerpt":"Ambas entidades rompen r\u00e9cords en homicidios dolosos CIUDAD DE M\u00c9XICO. La violencia en Guanajuato y Jalisco est\u00e1 incontenible y no deja de romper r\u00e9cords. En agosto, ambas entidades federativas registraron su cifra m\u00e1s alta en incidencia de homicidios dolosos en lo que va de este a\u00f1o, con 244 y 178\u2026","rel":"","context":"En &quot;CINTILLO&quot;","block_context":{"text":"CINTILLO","link":"http:\/\/www.grieta.org.mx\/index.php\/category\/cintillo\/"},"img":{"alt_text":"","src":"https:\/\/i0.wp.com\/www.grieta.org.mx\/wp-content\/uploads\/2018\/09\/2010036.jpg?resize=350%2C200","width":350,"height":200,"srcset":"https:\/\/i0.wp.com\/www.grieta.org.mx\/wp-content\/uploads\/2018\/09\/2010036.jpg?resize=350%2C200 1x, https:\/\/i0.wp.com\/www.grieta.org.mx\/wp-content\/uploads\/2018\/09\/2010036.jpg?resize=525%2C300 1.5x"},"classes":[]},{"id":43540,"url":"http:\/\/www.grieta.org.mx\/index.php\/2020\/01\/21\/el-ano-mas-violento-en-lagos-de-moreno-fue-2019-con-98-homicidios-jalisco\/","url_meta":{"origin":37363,"position":1},"title":"El a\u00f1o m\u00e1s violento en Lagos de Moreno fue 2019 con 98 homicidios (Jalisco)","author":"grieta","date":"21 enero, 2020","format":false,"excerpt":"Foto: Cuadrante 7 Redacci\u00f3n \/ Cuadrante 7 21 de enero de 2020.-\u00a0\u00a0Lagos de Moreno, el municipio que tiene cuatro nombramientos de atracci\u00f3n tur\u00edstica, durante\u00a02019\u00a0registr\u00f3\u00a098 homicidios dolosos, lo que lo hace el a\u00f1o\u00a0 m\u00e1s violento. De acuerdo a una nota publicada por el diario\u00a0A.M.\u00a0este lunes 20 de enero, se destaca que\u2026","rel":"","context":"En &quot;CINTILLO&quot;","block_context":{"text":"CINTILLO","link":"http:\/\/www.grieta.org.mx\/index.php\/category\/cintillo\/"},"img":{"alt_text":"","src":"https:\/\/i0.wp.com\/www.grieta.org.mx\/wp-content\/uploads\/2020\/01\/2d865172-6edd-403a-ad75-dfff8f30e5e5-700x525.jpg?resize=350%2C200","width":350,"height":200,"srcset":"https:\/\/i0.wp.com\/www.grieta.org.mx\/wp-content\/uploads\/2020\/01\/2d865172-6edd-403a-ad75-dfff8f30e5e5-700x525.jpg?resize=350%2C200 1x, https:\/\/i0.wp.com\/www.grieta.org.mx\/wp-content\/uploads\/2020\/01\/2d865172-6edd-403a-ad75-dfff8f30e5e5-700x525.jpg?resize=525%2C300 1.5x, https:\/\/i0.wp.com\/www.grieta.org.mx\/wp-content\/uploads\/2020\/01\/2d865172-6edd-403a-ad75-dfff8f30e5e5-700x525.jpg?resize=700%2C400 2x"},"classes":[]},{"id":48433,"url":"http:\/\/www.grieta.org.mx\/index.php\/2020\/04\/28\/ni-la-emergencia-del-covid-19-detiene-asesinatos-en-jalisco\/","url_meta":{"origin":37363,"position":2},"title":"Ni la emergencia del COVID-19 detiene asesinatos en Jalisco","author":"grieta","date":"28 abril, 2020","format":false,"excerpt":"Foto: EFE referencial En la entidad marzo registr\u00f3 245 homicidios, superando a enero, en el que hubo 227 y a febrero, en los que hubo 195 Julio R\u00edos \/ UDGTV Guadalajara, Jalisco. Los asesinatos en Jalisco no se detienen a pesar de la cuarentena por el coronavirus. De acuerdo con\u2026","rel":"","context":"En &quot;CINTILLO&quot;","block_context":{"text":"CINTILLO","link":"http:\/\/www.grieta.org.mx\/index.php\/category\/cintillo\/"},"img":{"alt_text":"","src":"https:\/\/i0.wp.com\/www.grieta.org.mx\/wp-content\/uploads\/2020\/05\/Violencia-en-M%C3%A9xico-EFE-1-630x420.jpg?resize=350%2C200","width":350,"height":200,"srcset":"https:\/\/i0.wp.com\/www.grieta.org.mx\/wp-content\/uploads\/2020\/05\/Violencia-en-M%C3%A9xico-EFE-1-630x420.jpg?resize=350%2C200 1x, https:\/\/i0.wp.com\/www.grieta.org.mx\/wp-content\/uploads\/2020\/05\/Violencia-en-M%C3%A9xico-EFE-1-630x420.jpg?resize=525%2C300 1.5x"},"classes":[]},{"id":39997,"url":"http:\/\/www.grieta.org.mx\/index.php\/2019\/10\/01\/homicidios-al-alza-en-2019-segun-observatorio-de-seguridad-y-justicia-de-la-udg-jalisco\/","url_meta":{"origin":37363,"position":3},"title":"Homicidios al alza en 2019, seg\u00fan Observatorio de Seguridad y Justicia de la UdG  (Jalisco)","author":"grieta","date":"1 octubre, 2019","format":false,"excerpt":"Foto: El Occidental El Observatorio de Seguridad y Justicia del Departamento de Derecho P\u00fablico, de la Universidad de Guadalajara, dio a conocer una gr\u00e1fica sobre homicidios en los nueve municipios metropolitanos, la cual muestra un considerable en la cantidad de homicidios de 2018 a 2019 principalmente en los municipios de\u2026","rel":"","context":"En &quot;CINTILLO&quot;","block_context":{"text":"CINTILLO","link":"http:\/\/www.grieta.org.mx\/index.php\/category\/cintillo\/"},"img":{"alt_text":"","src":"https:\/\/i0.wp.com\/www.grieta.org.mx\/wp-content\/uploads\/2019\/10\/Cinta_ilustrativa.jpeg?resize=350%2C200","width":350,"height":200,"srcset":"https:\/\/i0.wp.com\/www.grieta.org.mx\/wp-content\/uploads\/2019\/10\/Cinta_ilustrativa.jpeg?resize=350%2C200 1x, https:\/\/i0.wp.com\/www.grieta.org.mx\/wp-content\/uploads\/2019\/10\/Cinta_ilustrativa.jpeg?resize=525%2C300 1.5x, https:\/\/i0.wp.com\/www.grieta.org.mx\/wp-content\/uploads\/2019\/10\/Cinta_ilustrativa.jpeg?resize=700%2C400 2x"},"classes":[]},{"id":62896,"url":"http:\/\/www.grieta.org.mx\/index.php\/2021\/12\/06\/reportan-11-asesinatos-de-mujeres-trans-en-jalisco\/","url_meta":{"origin":37363,"position":4},"title":"Reportan 11 asesinatos de mujeres trans en Jalisco","author":"grieta","date":"6 diciembre, 2021","format":false,"excerpt":"Foto: Tomada de la Red Juan Levario \/ El Diario NTR De 2019 al 13 de junio de este a\u00f1o, en Jalisco ocurrieron 11 asesinatos de mujeres transexuales. Tras una solicitud de informaci\u00f3n, la Fiscal\u00eda del Estado dio a conocer que tiene registro de 10 v\u00edctimas entre 2019 y junio\u2026","rel":"","context":"En &quot;CINTILLO&quot;","block_context":{"text":"CINTILLO","link":"http:\/\/www.grieta.org.mx\/index.php\/category\/cintillo\/"},"img":{"alt_text":"","src":"","width":0,"height":0},"classes":[]},{"id":65588,"url":"http:\/\/www.grieta.org.mx\/index.php\/2022\/10\/22\/jalisco-segundo-lugar-en-feminicidios-infantiles\/","url_meta":{"origin":37363,"position":5},"title":"Jalisco, segundo lugar en feminicidios infantiles","author":"grieta","date":"22 octubre, 2022","format":false,"excerpt":"Imagen: Cuartoscuro Redacci\u00f3n \/ El Diario TNR Jalisco se ubica en el segundo sitio a nivel nacional con m\u00e1s feminicidios infantiles y adolescentes, el cuarto lugar con m\u00e1s hospitalizaciones de menores de edad por violencia sexual, y quinto lugar en homicidios de menores de 0 a 17 a\u00f1os, precis\u00f3 Tania\u2026","rel":"","context":"En &quot;CINTILLO&quot;","block_context":{"text":"CINTILLO","link":"http:\/\/www.grieta.org.mx\/index.php\/category\/cintillo\/"},"img":{"alt_text":"","src":"https:\/\/i0.wp.com\/www.grieta.org.mx\/wp-content\/uploads\/2022\/10\/2022-10-22_03-10-55___5899.jpg?resize=350%2C200","width":350,"height":200,"srcset":"https:\/\/i0.wp.com\/www.grieta.org.mx\/wp-content\/uploads\/2022\/10\/2022-10-22_03-10-55___5899.jpg?resize=350%2C200 1x, https:\/\/i0.wp.com\/www.grieta.org.mx\/wp-content\/uploads\/2022\/10\/2022-10-22_03-10-55___5899.jpg?resize=525%2C300 1.5x, https:\/\/i0.wp.com\/www.grieta.org.mx\/wp-content\/uploads\/2022\/10\/2022-10-22_03-10-55___5899.jpg?resize=700%2C400 2x"},"classes":[]}],"_links":{"self":[{"href":"http:\/\/www.grieta.org.mx\/index.php\/wp-json\/wp\/v2\/posts\/37363","targetHints":{"allow":["GET"]}}],"collection":[{"href":"http:\/\/www.grieta.org.mx\/index.php\/wp-json\/wp\/v2\/posts"}],"about":[{"href":"http:\/\/www.grieta.org.mx\/index.php\/wp-json\/wp\/v2\/types\/post"}],"author":[{"embeddable":true,"href":"http:\/\/www.grieta.org.mx\/index.php\/wp-json\/wp\/v2\/users\/2"}],"replies":[{"embeddable":true,"href":"http:\/\/www.grieta.org.mx\/index.php\/wp-json\/wp\/v2\/comments?post=37363"}],"version-history":[{"count":1,"href":"http:\/\/www.grieta.org.mx\/index.php\/wp-json\/wp\/v2\/posts\/37363\/revisions"}],"predecessor-version":[{"id":37369,"href":"http:\/\/www.grieta.org.mx\/index.php\/wp-json\/wp\/v2\/posts\/37363\/revisions\/37369"}],"wp:featuredmedia":[{"embeddable":true,"href":"http:\/\/www.grieta.org.mx\/index.php\/wp-json\/wp\/v2\/media\/37364"}],"wp:attachment":[{"href":"http:\/\/www.grieta.org.mx\/index.php\/wp-json\/wp\/v2\/media?parent=37363"}],"wp:term":[{"taxonomy":"category","embeddable":true,"href":"http:\/\/www.grieta.org.mx\/index.php\/wp-json\/wp\/v2\/categories?post=37363"},{"taxonomy":"post_tag","embeddable":true,"href":"http:\/\/www.grieta.org.mx\/index.php\/wp-json\/wp\/v2\/tags?post=37363"}],"curies":[{"name":"wp","href":"https:\/\/api.w.org\/{rel}","templated":true}]}}