{"id":3731,"date":"2015-03-01T05:18:02","date_gmt":"2015-03-01T05:18:02","guid":{"rendered":"http:\/\/50.22.11.12\/~grietaor\/?p=3731"},"modified":"2016-03-17T05:22:55","modified_gmt":"2016-03-17T05:22:55","slug":"nayarit-registra-tres-quejas-contra-construccion-de-presa-2","status":"publish","type":"post","link":"http:\/\/www.grieta.org.mx\/index.php\/2015\/03\/01\/nayarit-registra-tres-quejas-contra-construccion-de-presa-2\/","title":{"rendered":"Nayarit registra tres quejas contra construcci\u00f3n de presa"},"content":{"rendered":"<p>Por Redacci\u00f3n \/Sin Embargo<\/p>\n<p>Tepic, 1 Mar (Notimex).- El presidente de la Comisi\u00f3n de Defensa de los Derechos Humanos para el Estado de Nayarit (CDDH), Guillermo Huicot Rivas \u00c1lvarez, inform\u00f3 que el organismo recibi\u00f3 tres denuncias de organizaciones civiles e ind\u00edgenas contra la construcci\u00f3n de la Presa Las Cruces.<br \/>\nEn entrevista con Notimex, el ombudsman destac\u00f3 que de estas tres denuncias, ya se ha requerido a tres autoridades locales para que respondan por los se\u00f1alamientos, aunque tambi\u00e9n las inconformidades fueron canalizadas a la Comisi\u00f3n Nacional de los Derechos Humanos (CNDH) para la acci\u00f3n correspondiente.<br \/>\nEntre los se\u00f1alamientos que dieron causa a estas denuncias, dijo que se encuentran motivos relacionados con cuestiones ecol\u00f3gicas, culturales, ind\u00edgenas, de seguridad, entre otras.<br \/>\nAdem\u00e1s de las denuncias establecidas en Nayarit, Rivas \u00c1lvarez mencion\u00f3 que existen otros casos referentes al tema, en la Comisi\u00f3n Nacional de los Derechos Humanos y ante la C\u00e1mara de Diputados.<br \/>\n\u201cSon casos representados a trav\u00e9s de asociaciones civiles, que se han conformado expresamente para ello, hay tambi\u00e9n asociaciones del estado de Jalisco, algunas de nivel internacional, que tienen una filial de M\u00e9xico que han tomado el tema\u201d sostuvo.<br \/>\nPara finalizar, el titular de la CDDH Nayarit, afirm\u00f3 que el caso se revisar\u00e1 bajo dos perspectivas, por una parte, quienes se\u00f1alan riesgos ecol\u00f3gicos y afectaci\u00f3n a sitios sagrados; as\u00ed como a las ofertas que ha dado la autoridad federal para la compensaci\u00f3n de riesgos, aunque el proyecto, sostuvo, debe ser explicado con toda claridad y sin lugar a dudas .<\/p>\n<p><a href=\"http:\/\/www.sinembargo.mx\/01-03-2015\/1267137\" target=\"_blank\">http:\/\/www.sinembargo.mx\/01-03-2015\/1267137<\/a><\/p>\n","protected":false},"excerpt":{"rendered":"<p>Por Redacci\u00f3n \/Sin Embargo Tepic, 1 Mar (Notimex).- El presidente de la Comisi\u00f3n de Defensa de los Derechos Humanos para el Estado de Nayarit (CDDH), Guillermo Huicot Rivas \u00c1lvarez, inform\u00f3 &hellip; <a href=\"http:\/\/www.grieta.org.mx\/index.php\/2015\/03\/01\/nayarit-registra-tres-quejas-contra-construccion-de-presa-2\/\" class=\"more-link\">Leer m\u00e1s<\/a><\/p>\n","protected":false},"author":2,"featured_media":21928,"comment_status":"closed","ping_status":"open","sticky":false,"template":"","format":"standard","meta":{"ngg_post_thumbnail":0,"_jetpack_newsletter_access":"","_jetpack_dont_email_post_to_subs":false,"_jetpack_newsletter_tier_id":0,"_jetpack_memberships_contains_paywalled_content":false,"_jetpack_memberships_contains_paid_content":false,"footnotes":""},"categories":[80],"tags":[228,154,318],"class_list":["post-3731","post","type-post","status-publish","format-standard","has-post-thumbnail","hentry","category-cintillo","tag-22-nayeri","tag-areas-naturales-protegidas","tag-presa-las-cruces","entry"],"jetpack_featured_media_url":"http:\/\/www.grieta.org.mx\/wp-content\/uploads\/2018\/03\/14524434_1106112876131411_958039263622046936_o.jpg","jetpack_sharing_enabled":true,"jetpack_shortlink":"https:\/\/wp.me\/p7ZJR4-Yb","jetpack_likes_enabled":false,"jetpack-related-posts":[{"id":1611,"url":"http:\/\/www.grieta.org.mx\/index.php\/2015\/03\/01\/nayarit-registra-tres-quejas-contra-construccion-de-presa\/","url_meta":{"origin":3731,"position":0},"title":"Nayarit registra tres quejas contra construcci\u00f3n de presa","author":"grieta","date":"1 marzo, 2015","format":false,"excerpt":"Redacci\u00f3n\/Sin embargo Tepic, 1 Mar (Notimex).- El presidente de la Comisi\u00f3n de Defensa de los Derechos Humanos para el Estado de Nayarit (CDDH), Guillermo Huicot Rivas \u00c1lvarez, inform\u00f3 que el organismo recibi\u00f3 tres denuncias de organizaciones civiles e ind\u00edgenas contra la construcci\u00f3n de la Presa Las Cruces. En entrevista con\u2026","rel":"","context":"En &quot;CINTILLO&quot;","block_context":{"text":"CINTILLO","link":"http:\/\/www.grieta.org.mx\/index.php\/category\/cintillo\/"},"img":{"alt_text":"","src":"https:\/\/i0.wp.com\/www.grieta.org.mx\/wp-content\/uploads\/2018\/03\/14524434_1106112876131411_958039263622046936_o.jpg?resize=350%2C200","width":350,"height":200,"srcset":"https:\/\/i0.wp.com\/www.grieta.org.mx\/wp-content\/uploads\/2018\/03\/14524434_1106112876131411_958039263622046936_o.jpg?resize=350%2C200 1x, https:\/\/i0.wp.com\/www.grieta.org.mx\/wp-content\/uploads\/2018\/03\/14524434_1106112876131411_958039263622046936_o.jpg?resize=525%2C300 1.5x, https:\/\/i0.wp.com\/www.grieta.org.mx\/wp-content\/uploads\/2018\/03\/14524434_1106112876131411_958039263622046936_o.jpg?resize=700%2C400 2x"},"classes":[]},{"id":1576,"url":"http:\/\/www.grieta.org.mx\/index.php\/2015\/11\/20\/sedatu-expropiara-tierras-para-construir-presa-en-nayarit\/","url_meta":{"origin":3731,"position":1},"title":"Sedatu expropiar\u00e1 tierras para construir presa en Nayarit","author":"grieta","date":"20 noviembre, 2015","format":false,"excerpt":"Redacci\u00f3n\/Sin Embargo Tepic, 20 Nov (Notimex.- El delegado de la Secretar\u00eda de Desarrollo Agrario, Territorial y Urbano (Sedatu) en Nayarit, Gerardo Aguirre Barr\u00f3n, inform\u00f3 que iniciar\u00e1n procesos de expropiaci\u00f3n de tierras, para realizar las obras de la presa hidroel\u00e9ctrica Las Cruces. El funcionario dio a conocer a Notimex que ser\u00e1n\u2026","rel":"","context":"En &quot;CINTILLO&quot;","block_context":{"text":"CINTILLO","link":"http:\/\/www.grieta.org.mx\/index.php\/category\/cintillo\/"},"img":{"alt_text":"","src":"https:\/\/i0.wp.com\/www.grieta.org.mx\/wp-content\/uploads\/2018\/03\/14524434_1106112876131411_958039263622046936_o.jpg?resize=350%2C200","width":350,"height":200,"srcset":"https:\/\/i0.wp.com\/www.grieta.org.mx\/wp-content\/uploads\/2018\/03\/14524434_1106112876131411_958039263622046936_o.jpg?resize=350%2C200 1x, https:\/\/i0.wp.com\/www.grieta.org.mx\/wp-content\/uploads\/2018\/03\/14524434_1106112876131411_958039263622046936_o.jpg?resize=525%2C300 1.5x, https:\/\/i0.wp.com\/www.grieta.org.mx\/wp-content\/uploads\/2018\/03\/14524434_1106112876131411_958039263622046936_o.jpg?resize=700%2C400 2x"},"classes":[]},{"id":3740,"url":"http:\/\/www.grieta.org.mx\/index.php\/2014\/06\/20\/presa-las-cruces-amenaza-con-desaparecer-pueblos-indigenas-en-nayarit\/","url_meta":{"origin":3731,"position":2},"title":"Presa las Cruces amenaza con desaparecer Pueblos Ind\u00edgenas en Nayarit","author":"grieta","date":"20 junio, 2014","format":false,"excerpt":"Fabiola Guti\u00e9rrez\/Somos el Medio El Consejo Intercomunitario del r\u00edo San Pedro de Nayarit, denunci\u00f3 que la construcci\u00f3n de la presa Las Cruces en el r\u00edo San Pedro, impulsada por la Comisi\u00f3n Federal de Electricidad (CFE), afectar\u00e1 30 mil hect\u00e1reas de manglar, donde se encuentran las lagunas costeras m\u00e1s productivas en\u2026","rel":"","context":"En &quot;CINTILLO&quot;","block_context":{"text":"CINTILLO","link":"http:\/\/www.grieta.org.mx\/index.php\/category\/cintillo\/"},"img":{"alt_text":"","src":"https:\/\/i0.wp.com\/www.grieta.org.mx\/wp-content\/uploads\/2018\/03\/14524434_1106112876131411_958039263622046936_o.jpg?resize=350%2C200","width":350,"height":200,"srcset":"https:\/\/i0.wp.com\/www.grieta.org.mx\/wp-content\/uploads\/2018\/03\/14524434_1106112876131411_958039263622046936_o.jpg?resize=350%2C200 1x, https:\/\/i0.wp.com\/www.grieta.org.mx\/wp-content\/uploads\/2018\/03\/14524434_1106112876131411_958039263622046936_o.jpg?resize=525%2C300 1.5x, https:\/\/i0.wp.com\/www.grieta.org.mx\/wp-content\/uploads\/2018\/03\/14524434_1106112876131411_958039263622046936_o.jpg?resize=700%2C400 2x"},"classes":[]},{"id":852,"url":"http:\/\/www.grieta.org.mx\/index.php\/2016\/02\/29\/oposicion-a-la-presa-las-cruces-en-nayarit\/","url_meta":{"origin":3731,"position":3},"title":"Oposici\u00f3n a la presa Las Cruces en Nayarit","author":"grieta","date":"29 febrero, 2016","format":false,"excerpt":"29\/02\/16. Se frena construcci\u00f3n de Presa \"Las Cruces\" 02\/02\/16. Proyecto hidroel\u00e9ctrico Las Cruces amenaza al humedal m\u00e1s importante del Pac\u00edfico mexicano AIDA 01\/12\/15. Comunidades de Acaponeta se resisten a la expropiaci\u00f3n de sus tierras Nayarit en l\u00ednea 20\/11\/15. Sedatu expropiar\u00e1 tierras para construir presa en Nayarit Sin Embargo 26\/10\/15. \u201cNos\u2026","rel":"","context":"En &quot;22. N\u00e1yeris&quot;","block_context":{"text":"22. N\u00e1yeris","link":"http:\/\/www.grieta.org.mx\/index.php\/category\/espejos-de-la-resistencia\/22-nayeris\/"},"img":{"alt_text":"","src":"https:\/\/i0.wp.com\/www.grieta.org.mx\/wp-content\/uploads\/2018\/03\/14524434_1106112876131411_958039263622046936_o.jpg?resize=350%2C200","width":350,"height":200,"srcset":"https:\/\/i0.wp.com\/www.grieta.org.mx\/wp-content\/uploads\/2018\/03\/14524434_1106112876131411_958039263622046936_o.jpg?resize=350%2C200 1x, https:\/\/i0.wp.com\/www.grieta.org.mx\/wp-content\/uploads\/2018\/03\/14524434_1106112876131411_958039263622046936_o.jpg?resize=525%2C300 1.5x, https:\/\/i0.wp.com\/www.grieta.org.mx\/wp-content\/uploads\/2018\/03\/14524434_1106112876131411_958039263622046936_o.jpg?resize=700%2C400 2x"},"classes":[]},{"id":3734,"url":"http:\/\/www.grieta.org.mx\/index.php\/2014\/09\/30\/los-coras-wirrarikas-mexicaneros-y-la-presa-las-cruces-en-nayarit\/","url_meta":{"origin":3731,"position":4},"title":"Los Coras, Wirr\u00e1rikas, Mexicaneros y la Presa Las Cruces en Nayarit","author":"grieta","date":"30 septiembre, 2014","format":false,"excerpt":"Guadalupe Espinoza Sauceda\/Hijos de la Tierra Lo que se ven\u00eda anunciando, que la presa Las Cruces sobre el r\u00edo San Pedro en Nayarit era inminente su construcci\u00f3n y a pesar de las voces de reclamo y de inconformidad, de la opini\u00f3n de los acad\u00e9micos y de distintos sectores de la\u2026","rel":"","context":"En &quot;CINTILLO&quot;","block_context":{"text":"CINTILLO","link":"http:\/\/www.grieta.org.mx\/index.php\/category\/cintillo\/"},"img":{"alt_text":"","src":"https:\/\/i0.wp.com\/www.grieta.org.mx\/wp-content\/uploads\/2018\/03\/14524434_1106112876131411_958039263622046936_o.jpg?resize=350%2C200","width":350,"height":200,"srcset":"https:\/\/i0.wp.com\/www.grieta.org.mx\/wp-content\/uploads\/2018\/03\/14524434_1106112876131411_958039263622046936_o.jpg?resize=350%2C200 1x, https:\/\/i0.wp.com\/www.grieta.org.mx\/wp-content\/uploads\/2018\/03\/14524434_1106112876131411_958039263622046936_o.jpg?resize=525%2C300 1.5x, https:\/\/i0.wp.com\/www.grieta.org.mx\/wp-content\/uploads\/2018\/03\/14524434_1106112876131411_958039263622046936_o.jpg?resize=700%2C400 2x"},"classes":[]},{"id":4207,"url":"http:\/\/www.grieta.org.mx\/index.php\/2015\/02\/26\/marchan-en-tepic-para-exigir-justicia-por-ayotzinapa-y-la-no-construccion-de-la-presa-las-cruces\/","url_meta":{"origin":3731,"position":5},"title":"Marchan en Tepic para exigir justicia por Ayotzinapa y la no construcci\u00f3n de la Presa Las Cruces","author":"grieta","date":"26 febrero, 2015","format":false,"excerpt":"Gustavo Vargas\/Nayarit en L\u00ednea Tepic.- Cientos de personas pertenecientes a diversas agrupaciones sociales como el Frente en Defensa de Wirikuta, Consejo Nayeri, colectivos locales y la presencia de un normalista sobreviviente, as\u00ed como padres del estudiante desaparecido Jorge \u00c1lvarez Nava, marcharon para exigir justicia tras cinco meses de la desaparici\u00f3n\u2026","rel":"","context":"En &quot;CINTILLO&quot;","block_context":{"text":"CINTILLO","link":"http:\/\/www.grieta.org.mx\/index.php\/category\/cintillo\/"},"img":{"alt_text":"","src":"https:\/\/i0.wp.com\/www.grieta.org.mx\/wp-content\/uploads\/2018\/03\/14524434_1106112876131411_958039263622046936_o.jpg?resize=350%2C200","width":350,"height":200,"srcset":"https:\/\/i0.wp.com\/www.grieta.org.mx\/wp-content\/uploads\/2018\/03\/14524434_1106112876131411_958039263622046936_o.jpg?resize=350%2C200 1x, https:\/\/i0.wp.com\/www.grieta.org.mx\/wp-content\/uploads\/2018\/03\/14524434_1106112876131411_958039263622046936_o.jpg?resize=525%2C300 1.5x, https:\/\/i0.wp.com\/www.grieta.org.mx\/wp-content\/uploads\/2018\/03\/14524434_1106112876131411_958039263622046936_o.jpg?resize=700%2C400 2x"},"classes":[]}],"_links":{"self":[{"href":"http:\/\/www.grieta.org.mx\/index.php\/wp-json\/wp\/v2\/posts\/3731","targetHints":{"allow":["GET"]}}],"collection":[{"href":"http:\/\/www.grieta.org.mx\/index.php\/wp-json\/wp\/v2\/posts"}],"about":[{"href":"http:\/\/www.grieta.org.mx\/index.php\/wp-json\/wp\/v2\/types\/post"}],"author":[{"embeddable":true,"href":"http:\/\/www.grieta.org.mx\/index.php\/wp-json\/wp\/v2\/users\/2"}],"replies":[{"embeddable":true,"href":"http:\/\/www.grieta.org.mx\/index.php\/wp-json\/wp\/v2\/comments?post=3731"}],"version-history":[{"count":1,"href":"http:\/\/www.grieta.org.mx\/index.php\/wp-json\/wp\/v2\/posts\/3731\/revisions"}],"predecessor-version":[{"id":3732,"href":"http:\/\/www.grieta.org.mx\/index.php\/wp-json\/wp\/v2\/posts\/3731\/revisions\/3732"}],"wp:featuredmedia":[{"embeddable":true,"href":"http:\/\/www.grieta.org.mx\/index.php\/wp-json\/wp\/v2\/media\/21928"}],"wp:attachment":[{"href":"http:\/\/www.grieta.org.mx\/index.php\/wp-json\/wp\/v2\/media?parent=3731"}],"wp:term":[{"taxonomy":"category","embeddable":true,"href":"http:\/\/www.grieta.org.mx\/index.php\/wp-json\/wp\/v2\/categories?post=3731"},{"taxonomy":"post_tag","embeddable":true,"href":"http:\/\/www.grieta.org.mx\/index.php\/wp-json\/wp\/v2\/tags?post=3731"}],"curies":[{"name":"wp","href":"https:\/\/api.w.org\/{rel}","templated":true}]}}