{"id":37081,"date":"2019-07-12T23:36:36","date_gmt":"2019-07-13T04:36:36","guid":{"rendered":"http:\/\/www.grieta.org.mx\/?p=37081"},"modified":"2019-07-28T23:42:33","modified_gmt":"2019-07-29T04:42:33","slug":"migrar-por-mexico-el-mayor-riesgo-es-para-los-ninos","status":"publish","type":"post","link":"http:\/\/www.grieta.org.mx\/index.php\/2019\/07\/12\/migrar-por-mexico-el-mayor-riesgo-es-para-los-ninos\/","title":{"rendered":"Migrar por M\u00e9xico, el mayor riesgo es para los ni\u00f1os"},"content":{"rendered":"<figure id=\"attachment_37082\" aria-describedby=\"caption-attachment-37082\" style=\"width: 780px\" class=\"wp-caption alignleft\"><img loading=\"lazy\" decoding=\"async\" data-attachment-id=\"37082\" data-permalink=\"http:\/\/www.grieta.org.mx\/index.php\/2019\/07\/12\/migrar-por-mexico-el-mayor-riesgo-es-para-los-ninos\/foto-puente-migrantes-obispos-rey-r-jauregui\/\" data-orig-file=\"http:\/\/www.grieta.org.mx\/wp-content\/uploads\/2019\/07\/Foto-Puente-Migrantes-Obispos-Rey-R.-Jauregui.jpeg\" data-orig-size=\"1280,853\" data-comments-opened=\"0\" data-image-meta=\"{&quot;aperture&quot;:&quot;0&quot;,&quot;credit&quot;:&quot;&quot;,&quot;camera&quot;:&quot;&quot;,&quot;caption&quot;:&quot;&quot;,&quot;created_timestamp&quot;:&quot;0&quot;,&quot;copyright&quot;:&quot;&quot;,&quot;focal_length&quot;:&quot;0&quot;,&quot;iso&quot;:&quot;0&quot;,&quot;shutter_speed&quot;:&quot;0&quot;,&quot;title&quot;:&quot;&quot;,&quot;orientation&quot;:&quot;0&quot;}\" data-image-title=\"Foto-Puente-Migrantes-Obispos-Rey-R.-Jauregui\" data-image-description=\"\" data-image-caption=\"&lt;p&gt;IM\u00c1GENES DE MENORES MIGRANTES QUE MURIERON EN SU TRAYECTO A EU COLOCADAS EN PUENTE INTERNACIONAL ENTRE CIUDAD JU\u00c1REZ Y EL PASO, TEXAS. FOOTOGRAF\u00cdA: REY R. JAUREGUI&lt;\/p&gt;\n\" data-medium-file=\"http:\/\/www.grieta.org.mx\/wp-content\/uploads\/2019\/07\/Foto-Puente-Migrantes-Obispos-Rey-R.-Jauregui-300x200.jpeg\" data-large-file=\"http:\/\/www.grieta.org.mx\/wp-content\/uploads\/2019\/07\/Foto-Puente-Migrantes-Obispos-Rey-R.-Jauregui-1024x682.jpeg\" class=\"wp-image-37082\" src=\"http:\/\/www.grieta.org.mx\/wp-content\/uploads\/2019\/07\/Foto-Puente-Migrantes-Obispos-Rey-R.-Jauregui.jpeg\" alt=\"\" width=\"780\" height=\"520\" srcset=\"http:\/\/www.grieta.org.mx\/wp-content\/uploads\/2019\/07\/Foto-Puente-Migrantes-Obispos-Rey-R.-Jauregui.jpeg 1280w, http:\/\/www.grieta.org.mx\/wp-content\/uploads\/2019\/07\/Foto-Puente-Migrantes-Obispos-Rey-R.-Jauregui-300x200.jpeg 300w, http:\/\/www.grieta.org.mx\/wp-content\/uploads\/2019\/07\/Foto-Puente-Migrantes-Obispos-Rey-R.-Jauregui-768x512.jpeg 768w, http:\/\/www.grieta.org.mx\/wp-content\/uploads\/2019\/07\/Foto-Puente-Migrantes-Obispos-Rey-R.-Jauregui-1024x682.jpeg 1024w, http:\/\/www.grieta.org.mx\/wp-content\/uploads\/2019\/07\/Foto-Puente-Migrantes-Obispos-Rey-R.-Jauregui-750x500.jpeg 750w\" sizes=\"auto, (max-width: 780px) 100vw, 780px\" \/><figcaption id=\"caption-attachment-37082\" class=\"wp-caption-text\">IM\u00c1GENES DE MENORES MIGRANTES QUE MURIERON EN SU TRAYECTO A EU COLOCADAS EN PUENTE INTERNACIONAL ENTRE CIUDAD JU\u00c1REZ Y EL PASO, TEXAS. FOOTOGRAF\u00cdA: REY R. JAUREGUI<\/figcaption><\/figure>\n<p>    COMMENTS<br \/>\nLas nuevas pol\u00edticas migratorias en M\u00e9xico vulneran a\u00fan m\u00e1s a las infancias migrantes que cruzan por el pa\u00eds. El Estado mexicano carece de una metodolog\u00eda para medir de forma eficaz las violencias que enfrentan los ni\u00f1os y ni\u00f1as en su paso por el territorio nacional<\/p>\n<p>Texto: Mar\u00eda Ruiz \/ Pie de P\u00e1gina<br \/>\nFoto: Archivo\/ Rey R. Jauregui \/La Verdad<\/p>\n<p>Ciudad de M\u00e9xico \u2013No existen cifras exactas sobre cu\u00e1ntos ni\u00f1os, ni\u00f1as y adolescentes (NNA) migrantes pasan por M\u00e9xico; esta carencia de cifras genera problemas para conocer los niveles de vulnerabilidad y violencias a las que se enfrentan en su camino, a\u00fan as\u00ed, la presencia de traficantes, c\u00e1rteles, secuestradores y extorsionadores dejan en claro que migrar por M\u00e9xico es de alto riesgo para menores.<\/p>\n<p>\u201cEs un problema el registro de cu\u00e1ntas personas migran por M\u00e9xico, sobre todo porque la cifra oficial se basa en eventos de personas detenidas por autoridades migratorias pero son eventos, no personas; una misma persona que fue detenida, deportada y luego regres\u00f3 a M\u00e9xico se vuelve a contar en la estad\u00edstica anual\u201d, explica Rosalba Rivera, gestora de casos de ni\u00f1ez migrante del Instituto para las Mujeres en la Migraci\u00f3n (Imumi) sobre la estad\u00edstica migratoria construida a partir de los registros administrativos del Instituto Nacional de Migraci\u00f3n (INM).<\/p>\n<p>El INM maneja la cifra de 8 mil 569 ni\u00f1os, ni\u00f1as y adolescentes migrantes que pasaron por M\u00e9xico en lo que va del 2019 pero conocer la cifra real hasta ahora ha sido imposible, y conocer cu\u00e1ntos de ellos han sufrido violencia m\u00e1s. Esto, explica Rosalba, se debe a que no hay forma de medir esas cifras, ya que ninguna autoridad en la frontera revisa qui\u00e9n entra de manera irregular.<\/p>\n<p>Las personas que han sido v\u00edctimas de violencia tampoco denuncian, por lo mismo de que est\u00e1n de manera irregular y por el miedo a no querer ser deportados, tampoco tenemos evidencias para asegurar cu\u00e1ntos ni\u00f1os han sido v\u00edctimas de violencia, a\u00f1ade la gestora. <\/p>\n<p>\u2013\u00bfCu\u00e1les son las consecuencias de no tener estas cifras?<br \/>\n\u201cUna consecuencia en macro sigue siendo la impunidad con las bandas de tr\u00e1fico, de trata, de extorsionadores. Otra consecuencia es en la vida de las personas, para los ni\u00f1os son experiencias que pueden ser traum\u00e1ticas para el resto de su vida\u201d, cuenta Rivera. <\/p>\n<p>El Estado mexicano a trav\u00e9s del Sistema Integral de Protecci\u00f3n a NI\u00f1os, Ni\u00f1as y Adolescentes asumi\u00f3 el compromiso de establecer una base de datos de ni\u00f1os migrantes, las condiciones en las que viajan, si han sido v\u00edctimas, pero no es algo que se est\u00e9 llevando a cabo. <\/p>\n<p>\u201cEs muy dif\u00edcil, tendr\u00eda que haber un cruce de muchas instituciones que est\u00e9n coordinadas en salvaguardar los derechos de los migrantes, una intenci\u00f3n coordinada de parte de las instituciones de diferentes sectores para hacer una base de datos conjunta para la que se requerir\u00edan metodolog\u00edas de recaudaci\u00f3n de datos: ir a las casas de migrantes para saber c\u00f3mo est\u00e1n, qu\u00e9 condiciones tienen\u201d, ejemplifica Rivera. <\/p>\n<p>El Comit\u00e9 de los Derechos del Ni\u00f1o del Alto Comisionado de la Organizaci\u00f3n de las Naciones Unidas, en las Observaciones finales sobre los informes peri\u00f3dicos cuarto y quinto consolidados en M\u00e9xico, exhort\u00f3 al Estado mexicano a recolectar datos desagregados para conocer e identificar casos de NNA migrantes, refugiados y desplazados. <\/p>\n<p>\u201cLas estad\u00edsticas permitir\u00edan dise\u00f1ar esquemas de alerta temprana para resoluci\u00f3n de conflictos; para detectar qu\u00e9 entornos presentan niveles de riesgos m\u00e1s altos y para asignar recursos de manera m\u00e1s eficiente para la implementaci\u00f3n de atenci\u00f3n a la violencia\u201d, cont\u00f3 Christian Skoog representante de UNICEF en M\u00e9xico en la presentaci\u00f3n del informe: Panorama Estad\u00edstico de la Violencia contra NI\u00f1as, Ni\u00f1os y Adolescentes en M\u00e9xico, donde tambi\u00e9n se habl\u00f3 de contar con registros de la situaci\u00f3n de ni\u00f1os sin cuidados parentales en situaci\u00f3n de migraci\u00f3n.<\/p>\n<p>Rosalba se\u00f1ala las violencias que viven los menores al pasar por el pa\u00eds:<br \/>\nLos que vienen acompa\u00f1ados son los que viven violencias de las m\u00e1s graves: extorsiones, secuestros, discriminaci\u00f3n y xenofobia; los ni\u00f1os no acompa\u00f1ados llegan con la idea de que en la frontera norte van a pasar si sirven a las bandas de tr\u00e1fico de drogas a cruzar en mochilas droga. Incluso les pagan para que convenzan a otros adolescentes a trabajar con ellos. Como entran al tr\u00e1fico de drogas tambi\u00e9n tienen el riesgo de consumo, ya les pagan con droga o con dosis y pueden tener problemas de adicci\u00f3n que no ten\u00edan, se\u00f1ala la especialista. <\/p>\n<p>Otra de las violencias es que al llegar a M\u00e9xico, al no tener CURP ni estar dentro del sistema, no pueden acceder a servicios de salud, becas, programas sociales de gobierno y se enfrentan a violencia estructural que los excluye. <\/p>\n<p>Los cambios recientes en la pol\u00edtica migratoria, adem\u00e1s, conllevan m\u00e1s detenciones y con eso nuevos riesgos:<br \/>\n\u201cEl tema de la pol\u00edtica migratoria ha puesto m\u00e1s acento en la detenci\u00f3n, estar hacinados en las estaciones migratorias sin una certeza de cu\u00e1nto tiempo van a estar ah\u00ed, sin una certeza de sus derechos, con la incertidumbre de estar en un lugar desconocido en zonas pr\u00e1cticamente carcelarias para los ni\u00f1os es una violencia muy fuerte que marca sus vidas\u201d, apunta Rosalba Rivera. <\/p>\n<p>Para la activista actualmente el riesgo para los menores es alto porque la vigilancia de la Guardia Nacional ha hecho que recorran caminos m\u00e1s complejos o que sigan a traficantes por zonas m\u00e1s riesgosas donde no hay organizaciones que est\u00e9n cerca por si necesitan acompa\u00f1amiento: \u201cEl riesgo es que los traficantes ahora tengan un negocio m\u00e1s gordo. Incrementa el negocio para ellos e incrementan los riesgos para las personas, sobretodo para los ni\u00f1os\u201d reflexiona.<\/p>\n<p>\u201cEl riesgo es que los traficantes ahora tengan un negocio m\u00e1s gordo. Incrementa el negocio para ellos e incrementan los riesgos para las personas, sobretodo para los ni\u00f1os\u201d reflexiona.<\/p>\n<p>Antes que migrantes son ni\u00f1os <\/p>\n<p>En el nuevo contexto de M\u00e9xico respecto a la migraci\u00f3n, para Rosalba la seguridad de los NNA migrantes deber\u00e1 ser una responsabilidad mucho m\u00e1s seria para el Estado mexicano y para las organizaciones:<br \/>\n\u201cA M\u00e9xico le va a tocar brindar la protecci\u00f3n que anteriormente Estados Unidos (EU) brindaba, aunque no en el discurso, ya que los ni\u00f1os lograban pasar, hab\u00eda muchas opciones con las que Estados Unidos les daba seguridad. Ahora como va a ser m\u00e1s dif\u00edcil que los ni\u00f1os se quedar\u00e1n en M\u00e9xico. Ver si lo que se necesitan son programas para conseguir autonom\u00eda o familias de acogida no solamente pensar en la opci\u00f3n a corto plazo de tener albergues\u201d.<\/p>\n<p>Imumi se\u00f1ala la urgencia de que no existan ni\u00f1os, ni\u00f1as ni adolescentes en detenci\u00f3n, porque ven que la tendencia de la nueva pol\u00edtica va por esos caminos lo que los pone en situaciones deplorables, adem\u00e1s de violar la ley mexicana y los acuerdos internacionales que ha firmado.<\/p>\n<p>\u201cLa detenci\u00f3n de ni\u00f1os es de las violencias m\u00e1s grandes y de las consecuencias m\u00e1s fuertes\u201d, advierte Rosalba.<\/p>\n<p><a href=\"https:\/\/laverdadjuarez.com\/index.php\/2019\/07\/12\/migrar-por-mexico-el-mayor-riesgo-es-para-los-ninos\/\" rel=\"noopener noreferrer\" target=\"_blank\">https:\/\/laverdadjuarez.com\/index.php\/2019\/07\/12\/migrar-por-mexico-el-mayor-riesgo-es-para-los-ninos\/<\/a><\/p>\n","protected":false},"excerpt":{"rendered":"<p>COMMENTS Las nuevas pol\u00edticas migratorias en M\u00e9xico vulneran a\u00fan m\u00e1s a las infancias migrantes que cruzan por el pa\u00eds. El Estado mexicano carece de una metodolog\u00eda para medir de forma &hellip; <a href=\"http:\/\/www.grieta.org.mx\/index.php\/2019\/07\/12\/migrar-por-mexico-el-mayor-riesgo-es-para-los-ninos\/\" class=\"more-link\">Leer m\u00e1s<\/a><\/p>\n","protected":false},"author":2,"featured_media":37082,"comment_status":"closed","ping_status":"closed","sticky":false,"template":"","format":"standard","meta":{"ngg_post_thumbnail":0,"_jetpack_newsletter_access":"","_jetpack_dont_email_post_to_subs":false,"_jetpack_newsletter_tier_id":0,"_jetpack_memberships_contains_paywalled_content":false,"_jetpack_memberships_contains_paid_content":false,"footnotes":""},"categories":[80,1827,86,370,83],"tags":[2711,2295,2362,1370,1397],"class_list":["post-37081","post","type-post","status-publish","format-standard","has-post-thumbnail","hentry","category-cintillo","category-la-ninez-en-la-tormenta-capitalista","category-migrantes","category-migrantes-analisis","category-temas-nacionales","tag-alineacion-de-amlo-con-politica-antimigrante-deeu","tag-guardia-nacional","tag-la-ninez-en-la-tormenta","tag-ninos-migrantes","tag-violacion-de-derechos-de-migrantes","entry"],"jetpack_featured_media_url":"http:\/\/www.grieta.org.mx\/wp-content\/uploads\/2019\/07\/Foto-Puente-Migrantes-Obispos-Rey-R.-Jauregui.jpeg","jetpack_sharing_enabled":true,"jetpack_shortlink":"https:\/\/wp.me\/p7ZJR4-9E5","jetpack_likes_enabled":false,"jetpack-related-posts":[{"id":35319,"url":"http:\/\/www.grieta.org.mx\/index.php\/2019\/06\/22\/a-las-puertas-de-estados-unidos-mexico-persigue-y-detiene-a-migrantes-chihuahua\/","url_meta":{"origin":37081,"position":0},"title":"A las puertas de Estados Unidos, M\u00e9xico persigue y detiene a migrantes (Chihuahua)","author":"grieta","date":"22 junio, 2019","format":false,"excerpt":"Los extranjeros indocumentados que llegan a la frontera por Ciudad Ju\u00e1rez son perseguidos en el bordo del r\u00edo Bravo por militares en la Guardia Nacional, quienes los detienen y entregan a oficiales de Migraci\u00f3n para evitar su paso a territorio estadunidense. Texto y Fotos: Rey R. Jauregui \/ LA VERDAD\/\u2026","rel":"","context":"En &quot;Chihuahua&quot;","block_context":{"text":"Chihuahua","link":"http:\/\/www.grieta.org.mx\/index.php\/category\/noticias-nacionales\/chihuahua\/"},"img":{"alt_text":"","src":"https:\/\/i0.wp.com\/www.grieta.org.mx\/wp-content\/uploads\/2019\/06\/Detenidas.jpeg?resize=350%2C200","width":350,"height":200,"srcset":"https:\/\/i0.wp.com\/www.grieta.org.mx\/wp-content\/uploads\/2019\/06\/Detenidas.jpeg?resize=350%2C200 1x, https:\/\/i0.wp.com\/www.grieta.org.mx\/wp-content\/uploads\/2019\/06\/Detenidas.jpeg?resize=525%2C300 1.5x, https:\/\/i0.wp.com\/www.grieta.org.mx\/wp-content\/uploads\/2019\/06\/Detenidas.jpeg?resize=700%2C400 2x, https:\/\/i0.wp.com\/www.grieta.org.mx\/wp-content\/uploads\/2019\/06\/Detenidas.jpeg?resize=1050%2C600 3x"},"classes":[]},{"id":34058,"url":"http:\/\/www.grieta.org.mx\/index.php\/2019\/05\/29\/rescatan-a-19-migrantes-en-reynosa-tamaulipas\/","url_meta":{"origin":37081,"position":1},"title":"Rescatan a 19 migrantes en Reynosa, Tamaulipas","author":"grieta","date":"29 mayo, 2019","format":false,"excerpt":"Tamaulipas en l\u00ednea Reynosa, Tamaulipas.- La Secretar\u00eda de Seguridad P\u00fablica inform\u00f3 que la tarde de este martes rescat\u00f3 a 19 migrantes, tres de ellos menores de edad y cuatro mujeres, cuya intenci\u00f3n era cruzar hacia Estados Unidos. De acuerdo con reportes policiales, cerca de las 16:55 horas, tiempo local, elementos\u2026","rel":"","context":"En &quot;CINTILLO&quot;","block_context":{"text":"CINTILLO","link":"http:\/\/www.grieta.org.mx\/index.php\/category\/cintillo\/"},"img":{"alt_text":"","src":"https:\/\/i0.wp.com\/www.grieta.org.mx\/wp-content\/uploads\/2019\/06\/Rescatan-a-19-migrantes-en-Reynosa-Tamaulipas-jun.jpg?resize=350%2C200","width":350,"height":200,"srcset":"https:\/\/i0.wp.com\/www.grieta.org.mx\/wp-content\/uploads\/2019\/06\/Rescatan-a-19-migrantes-en-Reynosa-Tamaulipas-jun.jpg?resize=350%2C200 1x, https:\/\/i0.wp.com\/www.grieta.org.mx\/wp-content\/uploads\/2019\/06\/Rescatan-a-19-migrantes-en-Reynosa-Tamaulipas-jun.jpg?resize=525%2C300 1.5x, https:\/\/i0.wp.com\/www.grieta.org.mx\/wp-content\/uploads\/2019\/06\/Rescatan-a-19-migrantes-en-Reynosa-Tamaulipas-jun.jpg?resize=700%2C400 2x"},"classes":[]},{"id":34046,"url":"http:\/\/www.grieta.org.mx\/index.php\/2019\/05\/30\/aseguran-a-85-migrantes-en-tamaulipas\/","url_meta":{"origin":37081,"position":2},"title":"Aseguran a 85 migrantes en Tamaulipas","author":"grieta","date":"30 mayo, 2019","format":false,"excerpt":"Antonio Hern\u00e1ndez \/ Milenio Salieron de Ciudad Valles, San Luis Potos\u00ed en un autob\u00fas for\u00e1neo con destino a Reynosa, frontera de Tamaulipas. Elementos de la Polic\u00eda Federal aseguraron a 85 indocumentados que viajaban en un autob\u00fas que ten\u00eda como destino llegar a Reynosa. Entre los migrantes hay ni\u00f1os de brazos,\u2026","rel":"","context":"En &quot;CINTILLO&quot;","block_context":{"text":"CINTILLO","link":"http:\/\/www.grieta.org.mx\/index.php\/category\/cintillo\/"},"img":{"alt_text":"","src":"https:\/\/i0.wp.com\/www.grieta.org.mx\/wp-content\/uploads\/2019\/06\/Aseguran-a-85-migrantes-en-Tamaulipas-jun.jpg?resize=350%2C200","width":350,"height":200,"srcset":"https:\/\/i0.wp.com\/www.grieta.org.mx\/wp-content\/uploads\/2019\/06\/Aseguran-a-85-migrantes-en-Tamaulipas-jun.jpg?resize=350%2C200 1x, https:\/\/i0.wp.com\/www.grieta.org.mx\/wp-content\/uploads\/2019\/06\/Aseguran-a-85-migrantes-en-Tamaulipas-jun.jpg?resize=525%2C300 1.5x, https:\/\/i0.wp.com\/www.grieta.org.mx\/wp-content\/uploads\/2019\/06\/Aseguran-a-85-migrantes-en-Tamaulipas-jun.jpg?resize=700%2C400 2x"},"classes":[]},{"id":35505,"url":"http:\/\/www.grieta.org.mx\/index.php\/2019\/06\/20\/galeria-migrantes-cruzan-el-rio-bravo-desafian-a-la-guardia-nacional-chihuahua\/","url_meta":{"origin":37081,"position":3},"title":"Galer\u00eda: Migrantes cruzan el r\u00edo Bravo, desaf\u00edan a la Guardia Nacional (Chihuahua)","author":"grieta","date":"20 junio, 2019","format":false,"excerpt":"Fotograf\u00edas: Rey R. Jauregui\/ LA VERDAD Ciudad Ju\u00e1rez \u2013 Trepados a la estructura ferroviaria binacional conocida como el puente negro o resistiendo el afluente del r\u00edo Bravo, los migrantes extranjeros contin\u00faan su trayecto hacia Estados Unido por Ciudad Ju\u00e1rez, en un franco desaf\u00edo a la custodia que mantienen elementos militarizados\u2026","rel":"","context":"En &quot;Chihuahua&quot;","block_context":{"text":"Chihuahua","link":"http:\/\/www.grieta.org.mx\/index.php\/category\/noticias-nacionales\/chihuahua\/"},"img":{"alt_text":"","src":"https:\/\/i0.wp.com\/www.grieta.org.mx\/wp-content\/uploads\/2019\/06\/Mujer-y-adolescente-migrate-Rey-R.-Jauregui-1000x600.jpeg?resize=350%2C200","width":350,"height":200,"srcset":"https:\/\/i0.wp.com\/www.grieta.org.mx\/wp-content\/uploads\/2019\/06\/Mujer-y-adolescente-migrate-Rey-R.-Jauregui-1000x600.jpeg?resize=350%2C200 1x, https:\/\/i0.wp.com\/www.grieta.org.mx\/wp-content\/uploads\/2019\/06\/Mujer-y-adolescente-migrate-Rey-R.-Jauregui-1000x600.jpeg?resize=525%2C300 1.5x, https:\/\/i0.wp.com\/www.grieta.org.mx\/wp-content\/uploads\/2019\/06\/Mujer-y-adolescente-migrate-Rey-R.-Jauregui-1000x600.jpeg?resize=700%2C400 2x"},"classes":[]},{"id":35519,"url":"http:\/\/www.grieta.org.mx\/index.php\/2019\/06\/27\/galeria-guardia-nacional-extiende-muro-humano-a-zonas-semideserticas-chihuahua\/","url_meta":{"origin":37081,"position":4},"title":"Galer\u00eda: Guardia Nacional extiende \u2018muro humano\u2019 a zonas semides\u00e9rticas (Chihuahua)","author":"grieta","date":"27 junio, 2019","format":false,"excerpt":"Fotograf\u00edas: Rey R. Jauregui\/ LA VERDAD Ciudad Ju\u00e1rez \u2013 La Guardia Nacional (GN) endureci\u00f3 sus acciones para evitar el paso de migrantes hacia Estados Unidos al extender su patrullaje m\u00e1s all\u00e1 del r\u00edo Bravo, colocando vigilancia en la zona fronteriza entre Anapra, Ciudad Ju\u00e1rez y Sunland Park, Nuevo M\u00e9xico. Elementos\u2026","rel":"","context":"En &quot;Chihuahua&quot;","block_context":{"text":"Chihuahua","link":"http:\/\/www.grieta.org.mx\/index.php\/category\/noticias-nacionales\/chihuahua\/"},"img":{"alt_text":"","src":"https:\/\/i0.wp.com\/www.grieta.org.mx\/wp-content\/uploads\/2019\/06\/Militares-en-el-Muro-Rey-R.-Jauregui.jpeg?resize=350%2C200","width":350,"height":200,"srcset":"https:\/\/i0.wp.com\/www.grieta.org.mx\/wp-content\/uploads\/2019\/06\/Militares-en-el-Muro-Rey-R.-Jauregui.jpeg?resize=350%2C200 1x, https:\/\/i0.wp.com\/www.grieta.org.mx\/wp-content\/uploads\/2019\/06\/Militares-en-el-Muro-Rey-R.-Jauregui.jpeg?resize=525%2C300 1.5x, https:\/\/i0.wp.com\/www.grieta.org.mx\/wp-content\/uploads\/2019\/06\/Militares-en-el-Muro-Rey-R.-Jauregui.jpeg?resize=700%2C400 2x, https:\/\/i0.wp.com\/www.grieta.org.mx\/wp-content\/uploads\/2019\/06\/Militares-en-el-Muro-Rey-R.-Jauregui.jpeg?resize=1050%2C600 3x"},"classes":[]},{"id":42821,"url":"http:\/\/www.grieta.org.mx\/index.php\/2020\/01\/06\/en-2019-crecieron-13-5-los-feminicidios-de-ninas-en-el-pais\/","url_meta":{"origin":37081,"position":5},"title":"En 2019 crecieron 13.5% los feminicidios de ni\u00f1as en el pa\u00eds","author":"grieta","date":"6 enero, 2020","format":false,"excerpt":"En junio pasado, la familia de Emily Samanta vel\u00f3 el cuerpo de la peque\u00f1a de 9, quien fue asesinada a golpes por su padrastro. Foto archivo. Cuartoscuro Aurora Zepeda \/ Excelsior Presenta la REDIM informe sobre la infancia y la adolescencia; las desapariciones de ni\u00f1as y ni\u00f1os incrementaron 30%; cuestionan\u2026","rel":"","context":"En &quot;CINTILLO&quot;","block_context":{"text":"CINTILLO","link":"http:\/\/www.grieta.org.mx\/index.php\/category\/cintillo\/"},"img":{"alt_text":"","src":"https:\/\/i0.wp.com\/www.grieta.org.mx\/wp-content\/uploads\/2020\/01\/En-2019-crecieron-13.5-los-feminicidios-de-ni%C3%B1as-en-el-pa%C3%ADs-la-ni%C3%B1ez-ene.jpg?resize=350%2C200","width":350,"height":200,"srcset":"https:\/\/i0.wp.com\/www.grieta.org.mx\/wp-content\/uploads\/2020\/01\/En-2019-crecieron-13.5-los-feminicidios-de-ni%C3%B1as-en-el-pa%C3%ADs-la-ni%C3%B1ez-ene.jpg?resize=350%2C200 1x, https:\/\/i0.wp.com\/www.grieta.org.mx\/wp-content\/uploads\/2020\/01\/En-2019-crecieron-13.5-los-feminicidios-de-ni%C3%B1as-en-el-pa%C3%ADs-la-ni%C3%B1ez-ene.jpg?resize=525%2C300 1.5x"},"classes":[]}],"_links":{"self":[{"href":"http:\/\/www.grieta.org.mx\/index.php\/wp-json\/wp\/v2\/posts\/37081","targetHints":{"allow":["GET"]}}],"collection":[{"href":"http:\/\/www.grieta.org.mx\/index.php\/wp-json\/wp\/v2\/posts"}],"about":[{"href":"http:\/\/www.grieta.org.mx\/index.php\/wp-json\/wp\/v2\/types\/post"}],"author":[{"embeddable":true,"href":"http:\/\/www.grieta.org.mx\/index.php\/wp-json\/wp\/v2\/users\/2"}],"replies":[{"embeddable":true,"href":"http:\/\/www.grieta.org.mx\/index.php\/wp-json\/wp\/v2\/comments?post=37081"}],"version-history":[{"count":1,"href":"http:\/\/www.grieta.org.mx\/index.php\/wp-json\/wp\/v2\/posts\/37081\/revisions"}],"predecessor-version":[{"id":37083,"href":"http:\/\/www.grieta.org.mx\/index.php\/wp-json\/wp\/v2\/posts\/37081\/revisions\/37083"}],"wp:featuredmedia":[{"embeddable":true,"href":"http:\/\/www.grieta.org.mx\/index.php\/wp-json\/wp\/v2\/media\/37082"}],"wp:attachment":[{"href":"http:\/\/www.grieta.org.mx\/index.php\/wp-json\/wp\/v2\/media?parent=37081"}],"wp:term":[{"taxonomy":"category","embeddable":true,"href":"http:\/\/www.grieta.org.mx\/index.php\/wp-json\/wp\/v2\/categories?post=37081"},{"taxonomy":"post_tag","embeddable":true,"href":"http:\/\/www.grieta.org.mx\/index.php\/wp-json\/wp\/v2\/tags?post=37081"}],"curies":[{"name":"wp","href":"https:\/\/api.w.org\/{rel}","templated":true}]}}