{"id":37066,"date":"2019-07-17T23:11:17","date_gmt":"2019-07-18T04:11:17","guid":{"rendered":"http:\/\/www.grieta.org.mx\/?p=37066"},"modified":"2019-07-28T23:34:02","modified_gmt":"2019-07-29T04:34:02","slug":"ciudad-juarez-el-oscuro-mundo-de-extorsiones-y-secuestros-que-sufren-los-cubanos-en-la-frontera","status":"publish","type":"post","link":"http:\/\/www.grieta.org.mx\/index.php\/2019\/07\/17\/ciudad-juarez-el-oscuro-mundo-de-extorsiones-y-secuestros-que-sufren-los-cubanos-en-la-frontera\/","title":{"rendered":"Ciudad Ju\u00e1rez: el oscuro mundo de extorsiones y secuestros que sufren los cubanos en la frontera"},"content":{"rendered":"<figure id=\"attachment_37067\" aria-describedby=\"caption-attachment-37067\" style=\"width: 780px\" class=\"wp-caption alignleft\"><img loading=\"lazy\" decoding=\"async\" data-attachment-id=\"37067\" data-permalink=\"http:\/\/www.grieta.org.mx\/index.php\/2019\/07\/17\/ciudad-juarez-el-oscuro-mundo-de-extorsiones-y-secuestros-que-sufren-los-cubanos-en-la-frontera\/migrantes-cubanos\/\" data-orig-file=\"http:\/\/www.grieta.org.mx\/wp-content\/uploads\/2019\/07\/Migrantes-cubanos.jpg\" data-orig-size=\"651,400\" data-comments-opened=\"0\" data-image-meta=\"{&quot;aperture&quot;:&quot;0&quot;,&quot;credit&quot;:&quot;&quot;,&quot;camera&quot;:&quot;&quot;,&quot;caption&quot;:&quot;&quot;,&quot;created_timestamp&quot;:&quot;0&quot;,&quot;copyright&quot;:&quot;&quot;,&quot;focal_length&quot;:&quot;0&quot;,&quot;iso&quot;:&quot;0&quot;,&quot;shutter_speed&quot;:&quot;0&quot;,&quot;title&quot;:&quot;&quot;,&quot;orientation&quot;:&quot;0&quot;}\" data-image-title=\"Migrantes cubanos\" data-image-description=\"\" data-image-caption=\"&lt;p&gt;Los cubanos aseguran que fueron secuestrados y vendidos a otra banda para que pidieran un rescate a su familia de Estados Unidos. Foto: BBC&lt;\/p&gt;\n\" data-medium-file=\"http:\/\/www.grieta.org.mx\/wp-content\/uploads\/2019\/07\/Migrantes-cubanos-300x184.jpg\" data-large-file=\"http:\/\/www.grieta.org.mx\/wp-content\/uploads\/2019\/07\/Migrantes-cubanos.jpg\" class=\"wp-image-37067\" src=\"http:\/\/www.grieta.org.mx\/wp-content\/uploads\/2019\/07\/Migrantes-cubanos.jpg\" alt=\"\" width=\"780\" height=\"479\" srcset=\"http:\/\/www.grieta.org.mx\/wp-content\/uploads\/2019\/07\/Migrantes-cubanos.jpg 651w, http:\/\/www.grieta.org.mx\/wp-content\/uploads\/2019\/07\/Migrantes-cubanos-300x184.jpg 300w\" sizes=\"auto, (max-width: 780px) 100vw, 780px\" \/><figcaption id=\"caption-attachment-37067\" class=\"wp-caption-text\">Los cubanos aseguran que fueron secuestrados y vendidos a otra banda para que pidieran un rescate a su familia de Estados Unidos. Foto: BBC<\/figcaption><\/figure>\n<blockquote><p>M\u00e1s del 85% de los migrantes que esperan en Ciudad Ju\u00e1rez para pedir asilo en Estados Unidos son de origen cubano. Su llegada a las cercan\u00edas de la frontera no ha pasado desapercibida para el crimen organizado.<\/p><\/blockquote>\n<p>BBC NEWS\/ EL UNIVERSAL MX<\/p>\n<p>Los cubanos aseguran que fueron secuestrados y vendidos a otra banda para que pidieran un rescate a su familia de Estados Unidos.<\/p>\n<p>Un par de ellos volaron desde La Habana, otro desde Las Tunas, otros dos desde Chile: los cinco eran cubanos y ten\u00edan un destino compartido: la frontera sur de Estados Unidos.<\/p>\n<p>Tomaron aviones, taxis y buses, subieron desde Nicaragua y, cuando llegaron a Tabasco, en el sur de M\u00e9xico, pensaron que lo peor hab\u00eda terminado&#8230; Unos d\u00edas m\u00e1s y estar\u00edan al final del camino.<\/p>\n<p>&#8220;Cuando llegamos a Villahermosa, nos acercamos a un grupo de taxistas. Le pedimos ayuda y le ofrecimos US$50 para poder llegar a la terminal de buses. Hasta ese momento, todo iba bien. Ah\u00ed fue cuando comenz\u00f3 todo&#8221;, cuenta Juan M*, un cubano de 31 a\u00f1os.<\/p>\n<p>Era de noche. El reloj marcaba poco m\u00e1s de las 9:00 PM cuando, seg\u00fan su testimonio, dos camionetas negras detuvieron el taxi.<\/p>\n<p>Maribel P* tambi\u00e9n iba all\u00ed con su hijo, de 19 a\u00f1os.<\/p>\n<p>&#8220;En el momento que yo sent\u00ed que pararon el taxi, que bajaron al chofer, que o\u00ed unos tiros, ah\u00ed yo me aterroric\u00e9, agarr\u00e9 las manos de mi hijo y empec\u00e9 a llorar&#8221;, recuerda la mujer, originaria de Pinar del R\u00edo, en el oeste de Cuba.<\/p>\n<p>El resto de la noche estuvo marcado por el temor de lo incierto: seg\u00fan cuentan, los metieron por el cuello a las camionetas y los llevaron hasta una casa, sin decir una palabra.<\/p>\n<p>&#8220;Ven\u00edan con el rostro tapado, deben haber sido unos 12. No sabemos c\u00f3mo pudieron saber que \u00e9ramos cubanos, que no \u00e9ramos de aqu\u00ed, que \u00e9ramos migrantes&#8221;.<\/p>\n<p>Cuentan que durante las primeras horas no pod\u00edan entender lo que estaba sucediendo.<\/p>\n<p>&#8220;Nos quedamos pasmados, no pod\u00edamos hablar, ten\u00edamos mucho miedo, no sab\u00edamos qu\u00e9 estaba pasando. Yo dec\u00eda: quiz\u00e1s fue que nos confundieron con alguien o que nos quieren para tr\u00e1fico de \u00f3rganos. Uno piensa muchas cosas en ese momento&#8221;, cuenta Juan M.<\/p>\n<p>Era mediados de mayo y a\u00fan faltaban dos semanas para que la polic\u00eda finalmente los rescatara a m\u00e1s de 2.500 km de all\u00ed.<\/p>\n<p>Fueron encontrados junto a otro grupo de 115 migrantes en Ju\u00e1rez, una de las ciudades m\u00e1s peligrosas de M\u00e9xico y, todav\u00eda, una de las 20 m\u00e1s violentas del mundo.<\/p>\n<p>II<br \/>\nLa ciudad vive alrededor de su frontera.<\/p>\n<p>Al otro lado, entre las monta\u00f1as y las planicies pardas del desierto, est\u00e1 Estados Unidos: la mole de concreto del edificio de Chase, el rascacielos oscuro de Wells Fargo, los techos irregulares de los hoteles de cinco estrellas, los edificios y las escuelas de El Paso&#8230;<\/p>\n<p>Cuatro puentes atestados de gente, camiones y carros conectan un pa\u00eds con otro, un mundo con otro, una forma de vida con otra.<\/p>\n<p><img loading=\"lazy\" decoding=\"async\" data-attachment-id=\"37068\" data-permalink=\"http:\/\/www.grieta.org.mx\/index.php\/2019\/07\/17\/ciudad-juarez-el-oscuro-mundo-de-extorsiones-y-secuestros-que-sufren-los-cubanos-en-la-frontera\/paso-del-norte\/\" data-orig-file=\"http:\/\/www.grieta.org.mx\/wp-content\/uploads\/2019\/07\/Paso-del-Norte.jpg\" data-orig-size=\"976,549\" data-comments-opened=\"0\" data-image-meta=\"{&quot;aperture&quot;:&quot;0&quot;,&quot;credit&quot;:&quot;&quot;,&quot;camera&quot;:&quot;&quot;,&quot;caption&quot;:&quot;&quot;,&quot;created_timestamp&quot;:&quot;0&quot;,&quot;copyright&quot;:&quot;&quot;,&quot;focal_length&quot;:&quot;0&quot;,&quot;iso&quot;:&quot;0&quot;,&quot;shutter_speed&quot;:&quot;0&quot;,&quot;title&quot;:&quot;&quot;,&quot;orientation&quot;:&quot;0&quot;}\" data-image-title=\"Paso del Norte\" data-image-description=\"\" data-image-caption=\"\" data-medium-file=\"http:\/\/www.grieta.org.mx\/wp-content\/uploads\/2019\/07\/Paso-del-Norte-300x169.jpg\" data-large-file=\"http:\/\/www.grieta.org.mx\/wp-content\/uploads\/2019\/07\/Paso-del-Norte.jpg\" class=\"alignleft wp-image-37068\" src=\"http:\/\/www.grieta.org.mx\/wp-content\/uploads\/2019\/07\/Paso-del-Norte.jpg\" alt=\"\" width=\"780\" height=\"439\" srcset=\"http:\/\/www.grieta.org.mx\/wp-content\/uploads\/2019\/07\/Paso-del-Norte.jpg 976w, http:\/\/www.grieta.org.mx\/wp-content\/uploads\/2019\/07\/Paso-del-Norte-300x169.jpg 300w, http:\/\/www.grieta.org.mx\/wp-content\/uploads\/2019\/07\/Paso-del-Norte-768x432.jpg 768w, http:\/\/www.grieta.org.mx\/wp-content\/uploads\/2019\/07\/Paso-del-Norte-889x500.jpg 889w\" sizes=\"auto, (max-width: 780px) 100vw, 780px\" \/><br \/>\nBBC<\/p>\n<p>La ciudad vive alrededor de su frontera.<\/p>\n<p>Abajo, en la tierra, un r\u00edo, un muro de acero y una alambrada zanjan los l\u00edmites.<\/p>\n<p>Pero si no fuera por el cruce, por la gente que se mueve de un lado a otro, Ciudad Ju\u00e1rez parecer\u00eda por trechos un lugar abandonado, el \u00faltimo vestigio de una civilizaci\u00f3n extinta, un pueblo perdido en los d\u00edas recientes de la posguerra.<\/p>\n<p>Casas abandonadas, calles sin pavimentar, edificios decadentes, muros derruidos, aguas negras, cloacas que exhalan un vaho nauseabundo\u2026 Todo est\u00e1 envuelto en una atm\u00f3sfera densa, cargada como una premonici\u00f3n.<\/p>\n<p><img loading=\"lazy\" decoding=\"async\" data-attachment-id=\"37069\" data-permalink=\"http:\/\/www.grieta.org.mx\/index.php\/2019\/07\/17\/ciudad-juarez-el-oscuro-mundo-de-extorsiones-y-secuestros-que-sufren-los-cubanos-en-la-frontera\/hotel\/\" data-orig-file=\"http:\/\/www.grieta.org.mx\/wp-content\/uploads\/2019\/07\/Hotel.jpg\" data-orig-size=\"576,549\" data-comments-opened=\"0\" data-image-meta=\"{&quot;aperture&quot;:&quot;0&quot;,&quot;credit&quot;:&quot;&quot;,&quot;camera&quot;:&quot;&quot;,&quot;caption&quot;:&quot;&quot;,&quot;created_timestamp&quot;:&quot;0&quot;,&quot;copyright&quot;:&quot;&quot;,&quot;focal_length&quot;:&quot;0&quot;,&quot;iso&quot;:&quot;0&quot;,&quot;shutter_speed&quot;:&quot;0&quot;,&quot;title&quot;:&quot;&quot;,&quot;orientation&quot;:&quot;0&quot;}\" data-image-title=\"Hotel\" data-image-description=\"\" data-image-caption=\"\" data-medium-file=\"http:\/\/www.grieta.org.mx\/wp-content\/uploads\/2019\/07\/Hotel-300x286.jpg\" data-large-file=\"http:\/\/www.grieta.org.mx\/wp-content\/uploads\/2019\/07\/Hotel.jpg\" class=\"alignleft wp-image-37069\" src=\"http:\/\/www.grieta.org.mx\/wp-content\/uploads\/2019\/07\/Hotel.jpg\" alt=\"\" width=\"780\" height=\"743\" srcset=\"http:\/\/www.grieta.org.mx\/wp-content\/uploads\/2019\/07\/Hotel.jpg 576w, http:\/\/www.grieta.org.mx\/wp-content\/uploads\/2019\/07\/Hotel-300x286.jpg 300w, http:\/\/www.grieta.org.mx\/wp-content\/uploads\/2019\/07\/Hotel-525x500.jpg 525w\" sizes=\"auto, (max-width: 780px) 100vw, 780px\" \/><br \/>\nBBC<\/p>\n<p>Ciudad Ju\u00e1rez est\u00e1 llena de edificios derruidos o abandonados.<\/p>\n<p>&#8220;Ju\u00e1rez, por su propias peculiaridades, no era una de las rutas tradicionales de migraci\u00f3n. De hecho, cuando las caravanas de migrantes el a\u00f1o pasado, nos preparamos y finalmente, no llegaron por aqu\u00ed&#8221;, comenta a BBC Mundo Enrique Valenzuela, director del Consejo Estatal de Poblaci\u00f3n y Atenci\u00f3n a Migrantes (Coespo).<\/p>\n<p>Pero desde hace meses, la ciudad, que fuera anta\u00f1o capital provisional de la Rep\u00fablica, vive un movimiento inusual: unas 20.000 personas han llegado aqu\u00ed, en la ruta azarosa hasta uno de los puentes -o tal vez la valla o el r\u00edo- que llevan al otro lado.<\/p>\n<p>Sin embargo, desde marzo pasado, una pol\u00edtica unilateral de la Casa Blanca estableci\u00f3 que las personas que quieran pedir asilo en EE.UU. deben esperar aqu\u00ed, hasta ser llamados al norte de la frontera.<\/p>\n<p>Seg\u00fan cifras del Coespo, unos 4.000 migrantes de todos lados esperan actualmente en Ju\u00e1rez por su turno en una lista que, hasta mediados de julio, superaba el n\u00famero 17.000.<\/p>\n<p>C\u00f3mo la crisis migratoria despierta al Trump que muchos mexicanos llevan dentro<br \/>\nOtros 8.000 han sido retornados de Estados Unidos a esperar en Ju\u00e1rez su turno para que una corte escuche su caso de asilo, como parte de la otra ley conocida como Migrant Protection Protocols (o Remain in Mexico, su nombre no oficial).<\/p>\n<p><img loading=\"lazy\" decoding=\"async\" data-attachment-id=\"37070\" data-permalink=\"http:\/\/www.grieta.org.mx\/index.php\/2019\/07\/17\/ciudad-juarez-el-oscuro-mundo-de-extorsiones-y-secuestros-que-sufren-los-cubanos-en-la-frontera\/9-julio\/\" data-orig-file=\"http:\/\/www.grieta.org.mx\/wp-content\/uploads\/2019\/07\/9-julio.jpg\" data-orig-size=\"976,549\" data-comments-opened=\"0\" data-image-meta=\"{&quot;aperture&quot;:&quot;0&quot;,&quot;credit&quot;:&quot;&quot;,&quot;camera&quot;:&quot;&quot;,&quot;caption&quot;:&quot;&quot;,&quot;created_timestamp&quot;:&quot;0&quot;,&quot;copyright&quot;:&quot;&quot;,&quot;focal_length&quot;:&quot;0&quot;,&quot;iso&quot;:&quot;0&quot;,&quot;shutter_speed&quot;:&quot;0&quot;,&quot;title&quot;:&quot;&quot;,&quot;orientation&quot;:&quot;0&quot;}\" data-image-title=\"9 julio\" data-image-description=\"\" data-image-caption=\"\" data-medium-file=\"http:\/\/www.grieta.org.mx\/wp-content\/uploads\/2019\/07\/9-julio-300x169.jpg\" data-large-file=\"http:\/\/www.grieta.org.mx\/wp-content\/uploads\/2019\/07\/9-julio.jpg\" class=\"alignleft wp-image-37070\" src=\"http:\/\/www.grieta.org.mx\/wp-content\/uploads\/2019\/07\/9-julio.jpg\" alt=\"\" width=\"780\" height=\"439\" srcset=\"http:\/\/www.grieta.org.mx\/wp-content\/uploads\/2019\/07\/9-julio.jpg 976w, http:\/\/www.grieta.org.mx\/wp-content\/uploads\/2019\/07\/9-julio-300x169.jpg 300w, http:\/\/www.grieta.org.mx\/wp-content\/uploads\/2019\/07\/9-julio-768x432.jpg 768w, http:\/\/www.grieta.org.mx\/wp-content\/uploads\/2019\/07\/9-julio-889x500.jpg 889w\" sizes=\"auto, (max-width: 780px) 100vw, 780px\" \/><br \/>\nBBC<\/p>\n<p>La pizarra con el \u00faltimo n\u00famero llamado para presentar sus casos de asilo en Estados Unidos. La lista de espera ese d\u00eda rondaba el 17.800.<\/p>\n<p>Pero, desde este lunes, la situaci\u00f3n de los miles que esperan en la lista para ser llamados al otro lado se hizo m\u00e1s incierta: Washington anunci\u00f3 que solo escuchar\u00e1 solicitudes de asilo si los migrantes lo pidieron antes y le fue negado en otro pa\u00eds.<\/p>\n<p>Si un juez de EE.UU. no bloquea la ley en los pr\u00f3ximos d\u00edas, la gran mayor\u00eda de ellos se quedar\u00e1n en un limbo sin certezas, en una de los lugares m\u00e1s inseguros del continente.<\/p>\n<p>Diana Rodr\u00edguez, de la ONG Derechos Humanos Integrales en Acci\u00f3n, comenta a BBC Mundo que estas pol\u00edticas han conllevado tambi\u00e9n que la situaci\u00f3n de los migrantes en Ju\u00e1rez se vuelva cada vez m\u00e1s delicada y muchos sean v\u00edctimas de extorsiones o secuestros.<\/p>\n<p>&#8220;Cada vez es m\u00e1s dif\u00edcil las condiciones en las que est\u00e1n viviendo aqu\u00ed. Es un tema que se nos ha ido de las manos y que, como est\u00e1n las cosas, solo puede empeorar&#8221;, afirma.<\/p>\n<p><img loading=\"lazy\" decoding=\"async\" data-attachment-id=\"37071\" data-permalink=\"http:\/\/www.grieta.org.mx\/index.php\/2019\/07\/17\/ciudad-juarez-el-oscuro-mundo-de-extorsiones-y-secuestros-que-sufren-los-cubanos-en-la-frontera\/paso-2\/\" data-orig-file=\"http:\/\/www.grieta.org.mx\/wp-content\/uploads\/2019\/07\/Paso-2.jpg\" data-orig-size=\"976,549\" data-comments-opened=\"0\" data-image-meta=\"{&quot;aperture&quot;:&quot;0&quot;,&quot;credit&quot;:&quot;&quot;,&quot;camera&quot;:&quot;&quot;,&quot;caption&quot;:&quot;&quot;,&quot;created_timestamp&quot;:&quot;0&quot;,&quot;copyright&quot;:&quot;&quot;,&quot;focal_length&quot;:&quot;0&quot;,&quot;iso&quot;:&quot;0&quot;,&quot;shutter_speed&quot;:&quot;0&quot;,&quot;title&quot;:&quot;&quot;,&quot;orientation&quot;:&quot;0&quot;}\" data-image-title=\"Paso 2\" data-image-description=\"\" data-image-caption=\"\" data-medium-file=\"http:\/\/www.grieta.org.mx\/wp-content\/uploads\/2019\/07\/Paso-2-300x169.jpg\" data-large-file=\"http:\/\/www.grieta.org.mx\/wp-content\/uploads\/2019\/07\/Paso-2.jpg\" class=\"alignleft wp-image-37071\" src=\"http:\/\/www.grieta.org.mx\/wp-content\/uploads\/2019\/07\/Paso-2.jpg\" alt=\"\" width=\"780\" height=\"439\" srcset=\"http:\/\/www.grieta.org.mx\/wp-content\/uploads\/2019\/07\/Paso-2.jpg 976w, http:\/\/www.grieta.org.mx\/wp-content\/uploads\/2019\/07\/Paso-2-300x169.jpg 300w, http:\/\/www.grieta.org.mx\/wp-content\/uploads\/2019\/07\/Paso-2-768x432.jpg 768w, http:\/\/www.grieta.org.mx\/wp-content\/uploads\/2019\/07\/Paso-2-889x500.jpg 889w\" sizes=\"auto, (max-width: 780px) 100vw, 780px\" \/><br \/>\nBBC<\/p>\n<p>Los altos edificios al fondo marcan d\u00f3nde comienza Estados Unidos.<\/p>\n<p>III<br \/>\nJuan M. dice que fue el primero que escuch\u00f3 a lo lejos la conversaci\u00f3n: del otro lado de la habitaci\u00f3n donde los ten\u00edan encerrados, sus captores hablaban por tel\u00e9fono.<\/p>\n<p>&#8220;Empezamos a o\u00edr que le dec\u00edan a los que le estaban hablando que si pagaban 85.000 pesos (unos US$4.000) por nosotros, le podr\u00edan sacar el doble o el triple, porque \u00e9ramos cubanos y que por los cubanos la familia en Estados Unidos pagaba lo que fuera&#8221;.<\/p>\n<p>&#8220;Ah\u00ed es cuando le comento a la se\u00f1ora Maribel: \u00b4A nosotros nos van a vender, no nos quieren para ellos, nos est\u00e1n negociando\u00b4&#8221;.<\/p>\n<p><img loading=\"lazy\" decoding=\"async\" data-attachment-id=\"37072\" data-permalink=\"http:\/\/www.grieta.org.mx\/index.php\/2019\/07\/17\/ciudad-juarez-el-oscuro-mundo-de-extorsiones-y-secuestros-que-sufren-los-cubanos-en-la-frontera\/en-espera\/\" data-orig-file=\"http:\/\/www.grieta.org.mx\/wp-content\/uploads\/2019\/07\/En-espera.jpg\" data-orig-size=\"976,549\" data-comments-opened=\"0\" data-image-meta=\"{&quot;aperture&quot;:&quot;0&quot;,&quot;credit&quot;:&quot;&quot;,&quot;camera&quot;:&quot;&quot;,&quot;caption&quot;:&quot;&quot;,&quot;created_timestamp&quot;:&quot;0&quot;,&quot;copyright&quot;:&quot;&quot;,&quot;focal_length&quot;:&quot;0&quot;,&quot;iso&quot;:&quot;0&quot;,&quot;shutter_speed&quot;:&quot;0&quot;,&quot;title&quot;:&quot;&quot;,&quot;orientation&quot;:&quot;0&quot;}\" data-image-title=\"En espera\" data-image-description=\"\" data-image-caption=\"\" data-medium-file=\"http:\/\/www.grieta.org.mx\/wp-content\/uploads\/2019\/07\/En-espera-300x169.jpg\" data-large-file=\"http:\/\/www.grieta.org.mx\/wp-content\/uploads\/2019\/07\/En-espera.jpg\" class=\"alignleft wp-image-37072\" src=\"http:\/\/www.grieta.org.mx\/wp-content\/uploads\/2019\/07\/En-espera.jpg\" alt=\"\" width=\"780\" height=\"439\" srcset=\"http:\/\/www.grieta.org.mx\/wp-content\/uploads\/2019\/07\/En-espera.jpg 976w, http:\/\/www.grieta.org.mx\/wp-content\/uploads\/2019\/07\/En-espera-300x169.jpg 300w, http:\/\/www.grieta.org.mx\/wp-content\/uploads\/2019\/07\/En-espera-768x432.jpg 768w, http:\/\/www.grieta.org.mx\/wp-content\/uploads\/2019\/07\/En-espera-889x500.jpg 889w\" sizes=\"auto, (max-width: 780px) 100vw, 780px\" \/><br \/>\nBBC<\/p>\n<p>Juan M. dice que desde que fueron liberados, se esconden para evitar que la pandilla de la que huyen los encuentren.<\/p>\n<p>Los d\u00edas que pasaron all\u00ed todav\u00eda son confusos en su memoria: no saben si fueron dos o tres o cinco.<\/p>\n<p>&#8220;El tiempo pasaba y no sab\u00edamos si era de d\u00eda o de noche. No pod\u00edamos reclamar por comida, por nada, porque nos pateaban y nos dec\u00edan que ten\u00edamos que hacer silencio&#8221;.<\/p>\n<p>Una noche, otras dos camionetas vinieron por ellos.<\/p>\n<p>&#8220;No sab\u00edamos ni siquiera a d\u00f3nde \u00edbamos. Nos echamos muchas horas de camino. Finalmente, llegamos a otro lugar y nos bajaron. Nos entregan a unas personas y nos metieron a una habitaci\u00f3n que estaba llena de centroamericanos. Parece que ellos hab\u00edan pagado para que los llevaran a la frontera, pero por nosotros era por los que ped\u00edan un rescate&#8221;.<\/p>\n<p>IV<br \/>\nA pocos metros de Estados Unidos, crece una nueva Habana: una Cuba en tr\u00e1nsito.<\/p>\n<p>Y, como en la capital cubana, muchos de los que la habitan no quisieran estar all\u00ed, sino un poco m\u00e1s al norte.<\/p>\n<p>Del total de migrantes que han pasado o que a\u00fan esperan en Ciudad Ju\u00e1rez, un 85% son cubanos.<\/p>\n<p><img loading=\"lazy\" decoding=\"async\" data-attachment-id=\"37073\" data-permalink=\"http:\/\/www.grieta.org.mx\/index.php\/2019\/07\/17\/ciudad-juarez-el-oscuro-mundo-de-extorsiones-y-secuestros-que-sufren-los-cubanos-en-la-frontera\/fruta\/\" data-orig-file=\"http:\/\/www.grieta.org.mx\/wp-content\/uploads\/2019\/07\/fruta.jpg\" data-orig-size=\"976,549\" data-comments-opened=\"0\" data-image-meta=\"{&quot;aperture&quot;:&quot;0&quot;,&quot;credit&quot;:&quot;&quot;,&quot;camera&quot;:&quot;&quot;,&quot;caption&quot;:&quot;&quot;,&quot;created_timestamp&quot;:&quot;0&quot;,&quot;copyright&quot;:&quot;&quot;,&quot;focal_length&quot;:&quot;0&quot;,&quot;iso&quot;:&quot;0&quot;,&quot;shutter_speed&quot;:&quot;0&quot;,&quot;title&quot;:&quot;&quot;,&quot;orientation&quot;:&quot;0&quot;}\" data-image-title=\"fruta\" data-image-description=\"\" data-image-caption=\"\" data-medium-file=\"http:\/\/www.grieta.org.mx\/wp-content\/uploads\/2019\/07\/fruta-300x169.jpg\" data-large-file=\"http:\/\/www.grieta.org.mx\/wp-content\/uploads\/2019\/07\/fruta.jpg\" class=\"alignleft wp-image-37073\" src=\"http:\/\/www.grieta.org.mx\/wp-content\/uploads\/2019\/07\/fruta.jpg\" alt=\"\" width=\"780\" height=\"439\" srcset=\"http:\/\/www.grieta.org.mx\/wp-content\/uploads\/2019\/07\/fruta.jpg 976w, http:\/\/www.grieta.org.mx\/wp-content\/uploads\/2019\/07\/fruta-300x169.jpg 300w, http:\/\/www.grieta.org.mx\/wp-content\/uploads\/2019\/07\/fruta-768x432.jpg 768w, http:\/\/www.grieta.org.mx\/wp-content\/uploads\/2019\/07\/fruta-889x500.jpg 889w\" sizes=\"auto, (max-width: 780px) 100vw, 780px\" \/><br \/>\nBBC<\/p>\n<p>Del total de migrantes que han pasado o que a\u00fan esperan en Ciudad Ju\u00e1rez, un 85% son cubanos.<\/p>\n<p>Nadie sabe a ciencia cierta por qu\u00e9 han llegado aqu\u00ed, a una ciudad que todav\u00eda conserva en la memoria colectiva su fama terrible de feminicidios y violencia.<\/p>\n<p>&#8220;Es algo que nos ha sorprendido a todos: la ciudad no era una de las rutas migratorias tradicionales para ellos y ahora, Ju\u00e1rez se ha llenado de cubanos&#8221;, cuenta Valenzuela.<\/p>\n<p>Y sin m\u00e1s remedio que la resignaci\u00f3n y la espera, a pocos kil\u00f3metros del destino de sus sue\u00f1os, muchos han comenzado a transformar la ciudad con el peso de sus costumbres.<\/p>\n<p>Entre los anuncios de cambio de d\u00f3lares, los letreros de las farmacias y los espacios con nombres de rancheras y corridos comienzan a aparecer otros que ofrecen &#8220;aut\u00e9ntica comida cubana&#8221; o un &#8220;gran ambiente tropical&#8221;.<\/p>\n<p><img loading=\"lazy\" decoding=\"async\" data-attachment-id=\"37074\" data-permalink=\"http:\/\/www.grieta.org.mx\/index.php\/2019\/07\/17\/ciudad-juarez-el-oscuro-mundo-de-extorsiones-y-secuestros-que-sufren-los-cubanos-en-la-frontera\/bodeguita\/\" data-orig-file=\"http:\/\/www.grieta.org.mx\/wp-content\/uploads\/2019\/07\/Bodeguita.jpg\" data-orig-size=\"776,549\" data-comments-opened=\"0\" data-image-meta=\"{&quot;aperture&quot;:&quot;0&quot;,&quot;credit&quot;:&quot;&quot;,&quot;camera&quot;:&quot;&quot;,&quot;caption&quot;:&quot;&quot;,&quot;created_timestamp&quot;:&quot;0&quot;,&quot;copyright&quot;:&quot;&quot;,&quot;focal_length&quot;:&quot;0&quot;,&quot;iso&quot;:&quot;0&quot;,&quot;shutter_speed&quot;:&quot;0&quot;,&quot;title&quot;:&quot;&quot;,&quot;orientation&quot;:&quot;0&quot;}\" data-image-title=\"Bodeguita\" data-image-description=\"\" data-image-caption=\"\" data-medium-file=\"http:\/\/www.grieta.org.mx\/wp-content\/uploads\/2019\/07\/Bodeguita-300x212.jpg\" data-large-file=\"http:\/\/www.grieta.org.mx\/wp-content\/uploads\/2019\/07\/Bodeguita.jpg\" class=\"alignleft wp-image-37074\" src=\"http:\/\/www.grieta.org.mx\/wp-content\/uploads\/2019\/07\/Bodeguita.jpg\" alt=\"\" width=\"780\" height=\"552\" srcset=\"http:\/\/www.grieta.org.mx\/wp-content\/uploads\/2019\/07\/Bodeguita.jpg 776w, http:\/\/www.grieta.org.mx\/wp-content\/uploads\/2019\/07\/Bodeguita-300x212.jpg 300w, http:\/\/www.grieta.org.mx\/wp-content\/uploads\/2019\/07\/Bodeguita-768x543.jpg 768w, http:\/\/www.grieta.org.mx\/wp-content\/uploads\/2019\/07\/Bodeguita-707x500.jpg 707w\" sizes=\"auto, (max-width: 780px) 100vw, 780px\" \/><br \/>\nBBC<\/p>\n<p>Los restaurantes cubanos han comenzando a proliferar por la ciudad.<\/p>\n<p>En los men\u00fas de los restaurantes, los &#8220;moros con cristianos&#8221; (arroz con fr\u00edjoles), el congr\u00ed y las chuletas de cerdo asada comienzan a desplazar a los tradicionales tacos y quesadillas.<\/p>\n<p>&#8220;Los cubanos est\u00e1n cambiando esta ciudad. Han llegado mucho y por eso hemos tenido que cambiar las platos de nuestros restaurantes, porque ellos extra\u00f1an mucho su comida&#8221;, cuenta a BBC Mundo Cristina Ibarra, due\u00f1a de Little Habana (sic), el primer local que abri\u00f3 en Ju\u00e1rez con comida t\u00edpica de la isla.<\/p>\n<p>Hay tambi\u00e9n salones cubanos, matin\u00e9es para cubanos, hoteles para cubanos\u2026 E incluso albergues donde solo permiten quedarse a los inconformes naturales de la isla, porque, seg\u00fan cuentan, no les gusta compartir espacio con el resto de los migrantes centroamericanos.<\/p>\n<p><img loading=\"lazy\" decoding=\"async\" data-attachment-id=\"37075\" data-permalink=\"http:\/\/www.grieta.org.mx\/index.php\/2019\/07\/17\/ciudad-juarez-el-oscuro-mundo-de-extorsiones-y-secuestros-que-sufren-los-cubanos-en-la-frontera\/moros-y-cristianos\/\" data-orig-file=\"http:\/\/www.grieta.org.mx\/wp-content\/uploads\/2019\/07\/Moros-y-cristianos.jpg\" data-orig-size=\"976,549\" data-comments-opened=\"0\" data-image-meta=\"{&quot;aperture&quot;:&quot;0&quot;,&quot;credit&quot;:&quot;&quot;,&quot;camera&quot;:&quot;&quot;,&quot;caption&quot;:&quot;&quot;,&quot;created_timestamp&quot;:&quot;0&quot;,&quot;copyright&quot;:&quot;&quot;,&quot;focal_length&quot;:&quot;0&quot;,&quot;iso&quot;:&quot;0&quot;,&quot;shutter_speed&quot;:&quot;0&quot;,&quot;title&quot;:&quot;&quot;,&quot;orientation&quot;:&quot;0&quot;}\" data-image-title=\"Moros y cristianos\" data-image-description=\"\" data-image-caption=\"\" data-medium-file=\"http:\/\/www.grieta.org.mx\/wp-content\/uploads\/2019\/07\/Moros-y-cristianos-300x169.jpg\" data-large-file=\"http:\/\/www.grieta.org.mx\/wp-content\/uploads\/2019\/07\/Moros-y-cristianos.jpg\" class=\"alignleft wp-image-37075\" src=\"http:\/\/www.grieta.org.mx\/wp-content\/uploads\/2019\/07\/Moros-y-cristianos.jpg\" alt=\"\" width=\"780\" height=\"439\" srcset=\"http:\/\/www.grieta.org.mx\/wp-content\/uploads\/2019\/07\/Moros-y-cristianos.jpg 976w, http:\/\/www.grieta.org.mx\/wp-content\/uploads\/2019\/07\/Moros-y-cristianos-300x169.jpg 300w, http:\/\/www.grieta.org.mx\/wp-content\/uploads\/2019\/07\/Moros-y-cristianos-768x432.jpg 768w, http:\/\/www.grieta.org.mx\/wp-content\/uploads\/2019\/07\/Moros-y-cristianos-889x500.jpg 889w\" sizes=\"auto, (max-width: 780px) 100vw, 780px\" \/><br \/>\nBBC<\/p>\n<p>La comida cubana ha comenzado a venderse en lugares donde antes solo se vend\u00edan platos mexicanos.<\/p>\n<p>Y como saben que la estancia en la ciudad se puede multiplicar por meses, muchos han optado por comenzar a trabajar en el sector informal y, ahora, es f\u00e1cil encontrarlos en restaurantes, comercios o puestos callejeros, vendiendo desde jugos naturales hasta cigarrillos o caramelos.<\/p>\n<p>Han creado incluso canales informales de comunicaci\u00f3n: un grupo de WhatsApp que los mantiene al tanto de los \u00faltimos acontecimientos y es el espacio tambi\u00e9n para compartir chismes, rumores y noticias.<\/p>\n<p>Pero con la llegada masiva de cubanos y otros migrantes, la ciudad tambi\u00e9n ha comenzado a mostrar su lado m\u00e1s oscuro.<\/p>\n<p>V<\/p>\n<p>&#8220;Yo fui a comprarme una l\u00ednea de tel\u00e9fono a un lugar y poco despu\u00e9s me lleg\u00f3 un mensaje que si no pagaba 5.000 pesos (unos US$2.500) me matar\u00edan&#8221; (Daniel P., 26 a\u00f1os).<br \/>\n&#8220;Me mont\u00e9 en un taxi y el chofer tranc\u00f3 las puertas y me dijo que si mi familia en Estados Unidos no les depositaba 3.000 pesos (unos US$1.500) a una cuenta, no me iban a dejar ir y me iban a violar y a matar&#8221; (Odalys M., 42 a\u00f1os).<br \/>\n&#8220;Yo me tuve que cambiar el n\u00famero de tel\u00e9fono e irme a otro hotel, porque me empezaron a llamar y a decirme que sab\u00edan d\u00f3nde estaba y que si no les transfer\u00eda dinero a una cuenta, me iban a picar en pedacitos&#8221; (Yeni C, 24 a\u00f1os).<br \/>\n&#8220;Estaba buscando trabajo y una mujer me mir\u00f3 el cuerpo y me dijo que me podr\u00eda ofrecer un trabajo sin tenerme que esforzar mucho\u2026 ya t\u00fa sabes lo que era, \u00bfno? (Karla B., 28 a\u00f1os).<br \/>\nVI<br \/>\nEn una humilde casa de apenas tres estancias, en el norte de Ju\u00e1rez, Juan M., Maribel P, su hijo y otra cubana comparten una habitaci\u00f3n estrecha y pobre sin m\u00e1s seguridad que una puerta rota.<\/p>\n<p>Cada uno paga unos US$50 al mes por estar all\u00ed, un precio m\u00e1s barato que los hoteles y hostales que llenan otros cubanos en el centro, pero con m\u00e1s espacio que los pocos albergues existentes, que ya no dan abasto para tantas personas.<\/p>\n<p>&#8220;De aqu\u00ed no salimos m\u00e1s que a lo necesario. Estamos aterrorizados, yo a mi hijo no le dejo salir a ning\u00fan lado, porque esa gente pag\u00f3 mucho por nosotros y tengo miedo que nos est\u00e9n buscando&#8221;, cuenta Maribel P.<\/p>\n<p>Aunque aseguran haber sido v\u00edctimas de un secuestro y de trata de personas, nadie les ofreci\u00f3 protecci\u00f3n ni su caso ha sido seguido por las autoridades mexicanas.<\/p>\n<p>Fueron liberados bajo la promesa de no ser deportado y ya para ellos fue suficiente.<\/p>\n<p>Su caso no es el \u00fanico.<\/p>\n<p><img loading=\"lazy\" decoding=\"async\" data-attachment-id=\"37076\" data-permalink=\"http:\/\/www.grieta.org.mx\/index.php\/2019\/07\/17\/ciudad-juarez-el-oscuro-mundo-de-extorsiones-y-secuestros-que-sufren-los-cubanos-en-la-frontera\/amenazas\/\" data-orig-file=\"http:\/\/www.grieta.org.mx\/wp-content\/uploads\/2019\/07\/Amenazas.jpg\" data-orig-size=\"512,288\" data-comments-opened=\"0\" data-image-meta=\"{&quot;aperture&quot;:&quot;0&quot;,&quot;credit&quot;:&quot;&quot;,&quot;camera&quot;:&quot;&quot;,&quot;caption&quot;:&quot;&quot;,&quot;created_timestamp&quot;:&quot;0&quot;,&quot;copyright&quot;:&quot;&quot;,&quot;focal_length&quot;:&quot;0&quot;,&quot;iso&quot;:&quot;0&quot;,&quot;shutter_speed&quot;:&quot;0&quot;,&quot;title&quot;:&quot;&quot;,&quot;orientation&quot;:&quot;0&quot;}\" data-image-title=\"Amenazas\" data-image-description=\"\" data-image-caption=\"\" data-medium-file=\"http:\/\/www.grieta.org.mx\/wp-content\/uploads\/2019\/07\/Amenazas-300x169.jpg\" data-large-file=\"http:\/\/www.grieta.org.mx\/wp-content\/uploads\/2019\/07\/Amenazas.jpg\" class=\"alignleft wp-image-37076\" src=\"http:\/\/www.grieta.org.mx\/wp-content\/uploads\/2019\/07\/Amenazas.jpg\" alt=\"\" width=\"780\" height=\"439\" srcset=\"http:\/\/www.grieta.org.mx\/wp-content\/uploads\/2019\/07\/Amenazas.jpg 512w, http:\/\/www.grieta.org.mx\/wp-content\/uploads\/2019\/07\/Amenazas-300x169.jpg 300w\" sizes=\"auto, (max-width: 780px) 100vw, 780px\" \/><br \/>\nBBC<\/p>\n<p>Uno de los mensajes con extorsiones que han recibido los cubanos.<\/p>\n<p>Una denuncia presentada hace dos semanas antes la Comisi\u00f3n de Derechos Humanos de M\u00e9xico da cuenta de otro secuestro en el que, supuestamente, otros cinco cubanos fueron interceptados por una patrulla de polic\u00eda Federal, que los entreg\u00f3 a una banda de Ju\u00e1rez.<\/p>\n<p>Otras dos mujeres cubanas aseguran haber sido violadas luego de negarse a transportar drogas por la frontera.<\/p>\n<p><img loading=\"lazy\" decoding=\"async\" data-attachment-id=\"37077\" data-permalink=\"http:\/\/www.grieta.org.mx\/index.php\/2019\/07\/17\/ciudad-juarez-el-oscuro-mundo-de-extorsiones-y-secuestros-que-sufren-los-cubanos-en-la-frontera\/camas\/\" data-orig-file=\"http:\/\/www.grieta.org.mx\/wp-content\/uploads\/2019\/07\/Camas.jpg\" data-orig-size=\"976,549\" data-comments-opened=\"0\" data-image-meta=\"{&quot;aperture&quot;:&quot;0&quot;,&quot;credit&quot;:&quot;&quot;,&quot;camera&quot;:&quot;&quot;,&quot;caption&quot;:&quot;&quot;,&quot;created_timestamp&quot;:&quot;0&quot;,&quot;copyright&quot;:&quot;&quot;,&quot;focal_length&quot;:&quot;0&quot;,&quot;iso&quot;:&quot;0&quot;,&quot;shutter_speed&quot;:&quot;0&quot;,&quot;title&quot;:&quot;&quot;,&quot;orientation&quot;:&quot;0&quot;}\" data-image-title=\"Camas\" data-image-description=\"\" data-image-caption=\"\" data-medium-file=\"http:\/\/www.grieta.org.mx\/wp-content\/uploads\/2019\/07\/Camas-300x169.jpg\" data-large-file=\"http:\/\/www.grieta.org.mx\/wp-content\/uploads\/2019\/07\/Camas.jpg\" class=\"alignleft wp-image-37077\" src=\"http:\/\/www.grieta.org.mx\/wp-content\/uploads\/2019\/07\/Camas.jpg\" alt=\"\" width=\"780\" height=\"439\" srcset=\"http:\/\/www.grieta.org.mx\/wp-content\/uploads\/2019\/07\/Camas.jpg 976w, http:\/\/www.grieta.org.mx\/wp-content\/uploads\/2019\/07\/Camas-300x169.jpg 300w, http:\/\/www.grieta.org.mx\/wp-content\/uploads\/2019\/07\/Camas-768x432.jpg 768w, http:\/\/www.grieta.org.mx\/wp-content\/uploads\/2019\/07\/Camas-889x500.jpg 889w\" sizes=\"auto, (max-width: 780px) 100vw, 780px\" \/><br \/>\nBBC<\/p>\n<p>Muchos cubanos se quedan en albergues, que no dan abasto ante la llegada de migrantes.<\/p>\n<p>Ricardo Realiv\u00e1zquez, secretario de Seguridad P\u00fablica de la ciudad, asegura a BBC Mundo que aunque las denuncias de extorsiones se han multiplicado ante las autoridades en los \u00faltimos tiempos, no existen de secuestros.<\/p>\n<p>Organizaciones de derechos humanos sostienen que la causa es el temor de muchos migrantes, cuya situaci\u00f3n es irregular, por lo que temen a las autoridades o a ser deportados.<\/p>\n<p>VII<br \/>\nExpertos y activistas aseguran que, aunque el fen\u00f3meno de las extorsiones y secuestros forman parte del fen\u00f3meno migratorio en Latinoam\u00e9rica, en los \u00faltimos tiempos, el caso de los cubanos cobra una dimensi\u00f3n especial.<\/p>\n<p>&#8220;Los migrantes cubanos muestran caracter\u00edsticas demogr\u00e1ficas diferentes a las del resto de los centroamericanos, que de alguna forma los hace m\u00e1s proclives a este tipo de situaciones&#8221;, explica a BBC Mundo Ariel Ruiz, investigador del Migration Policy Institute, un think tank con sede en Washington.<\/p>\n<p>De acuerdo con el analista, los cubanos generalmente tienen familiares en Estados Unidos, por lo que cuentan con m\u00e1s recursos econ\u00f3micos que los que provienen de otros pa\u00edses, lo que puede llamar la atenci\u00f3n de grupos criminales.<\/p>\n<p><img loading=\"lazy\" decoding=\"async\" data-attachment-id=\"37078\" data-permalink=\"http:\/\/www.grieta.org.mx\/index.php\/2019\/07\/17\/ciudad-juarez-el-oscuro-mundo-de-extorsiones-y-secuestros-que-sufren-los-cubanos-en-la-frontera\/aguas-3\/\" data-orig-file=\"http:\/\/www.grieta.org.mx\/wp-content\/uploads\/2019\/07\/aguas.jpg\" data-orig-size=\"976,549\" data-comments-opened=\"0\" data-image-meta=\"{&quot;aperture&quot;:&quot;0&quot;,&quot;credit&quot;:&quot;&quot;,&quot;camera&quot;:&quot;&quot;,&quot;caption&quot;:&quot;&quot;,&quot;created_timestamp&quot;:&quot;0&quot;,&quot;copyright&quot;:&quot;&quot;,&quot;focal_length&quot;:&quot;0&quot;,&quot;iso&quot;:&quot;0&quot;,&quot;shutter_speed&quot;:&quot;0&quot;,&quot;title&quot;:&quot;&quot;,&quot;orientation&quot;:&quot;0&quot;}\" data-image-title=\"aguas\" data-image-description=\"\" data-image-caption=\"\" data-medium-file=\"http:\/\/www.grieta.org.mx\/wp-content\/uploads\/2019\/07\/aguas-300x169.jpg\" data-large-file=\"http:\/\/www.grieta.org.mx\/wp-content\/uploads\/2019\/07\/aguas.jpg\" class=\"alignleft wp-image-37078\" src=\"http:\/\/www.grieta.org.mx\/wp-content\/uploads\/2019\/07\/aguas.jpg\" alt=\"\" width=\"780\" height=\"439\" srcset=\"http:\/\/www.grieta.org.mx\/wp-content\/uploads\/2019\/07\/aguas.jpg 976w, http:\/\/www.grieta.org.mx\/wp-content\/uploads\/2019\/07\/aguas-300x169.jpg 300w, http:\/\/www.grieta.org.mx\/wp-content\/uploads\/2019\/07\/aguas-768x432.jpg 768w, http:\/\/www.grieta.org.mx\/wp-content\/uploads\/2019\/07\/aguas-889x500.jpg 889w\" sizes=\"auto, (max-width: 780px) 100vw, 780px\" \/><br \/>\nBBC<\/p>\n<p>Los cubanos han comenzando a insertarse en trabajos informales en Ciudad Ju\u00e1rez.<\/p>\n<p>&#8220;Los centroamericanos tienden a ser menos visibles, no quieren llamar mucho la atenci\u00f3n. Los cubanos, en cambio, se hacen m\u00e1s visibles, entienden m\u00e1s del proceso legal y por eso tambi\u00e9n denuncian este tipo de cr\u00edmenes que quiz\u00e1s los centroamericanos tambi\u00e9n sufren, pero tienen miedo de contar&#8221; afirma.<\/p>\n<p>Desde enero de 2017 los cubanos perdieron los privilegios que les daba la llamada Ley Pies Secos, Pies Mojados, que les garantizaba el asilo pol\u00edtico en Estados Unidos.<\/p>\n<p>De acuerdo con Ruiz, esta es la primera vez desde el final de la ley en que vuelven a intentar salir de forma tan numerosa de Cuba a trav\u00e9s de M\u00e9xico.<\/p>\n<p>Al fen\u00f3meno se le suma que la situaci\u00f3n econ\u00f3mica en la isla se ha agravado en los \u00faltimos meses.<\/p>\n<p>VIII<\/p>\n<p>Gracias a Dios hubo una llamada an\u00f3nima. Parece que los vecinos escucharon los ruidos, el llanto, los gritos de las otras personas que tambi\u00e9n ten\u00edan all\u00ed y lleg\u00f3 la polic\u00eda, rompieron la puerta y agarraron a los tres que estaban all\u00ed cuid\u00e1ndonos.<\/p>\n<p>Nosotros est\u00e1bamos muy nerviosos, porque pens\u00e1bamos que \u00edbamos a ser deportado a Cuba, ese era nuestro mayor temor.<\/p>\n<p><img loading=\"lazy\" decoding=\"async\" data-attachment-id=\"37079\" data-permalink=\"http:\/\/www.grieta.org.mx\/index.php\/2019\/07\/17\/ciudad-juarez-el-oscuro-mundo-de-extorsiones-y-secuestros-que-sufren-los-cubanos-en-la-frontera\/cubanos-migrantes\/\" data-orig-file=\"http:\/\/www.grieta.org.mx\/wp-content\/uploads\/2019\/07\/Cubanos-migrantes.jpg\" data-orig-size=\"976,549\" data-comments-opened=\"0\" data-image-meta=\"{&quot;aperture&quot;:&quot;0&quot;,&quot;credit&quot;:&quot;&quot;,&quot;camera&quot;:&quot;&quot;,&quot;caption&quot;:&quot;&quot;,&quot;created_timestamp&quot;:&quot;0&quot;,&quot;copyright&quot;:&quot;&quot;,&quot;focal_length&quot;:&quot;0&quot;,&quot;iso&quot;:&quot;0&quot;,&quot;shutter_speed&quot;:&quot;0&quot;,&quot;title&quot;:&quot;&quot;,&quot;orientation&quot;:&quot;0&quot;}\" data-image-title=\"Cubanos migrantes\" data-image-description=\"\" data-image-caption=\"\" data-medium-file=\"http:\/\/www.grieta.org.mx\/wp-content\/uploads\/2019\/07\/Cubanos-migrantes-300x169.jpg\" data-large-file=\"http:\/\/www.grieta.org.mx\/wp-content\/uploads\/2019\/07\/Cubanos-migrantes.jpg\" class=\"alignleft wp-image-37079\" src=\"http:\/\/www.grieta.org.mx\/wp-content\/uploads\/2019\/07\/Cubanos-migrantes.jpg\" alt=\"\" width=\"780\" height=\"439\" srcset=\"http:\/\/www.grieta.org.mx\/wp-content\/uploads\/2019\/07\/Cubanos-migrantes.jpg 976w, http:\/\/www.grieta.org.mx\/wp-content\/uploads\/2019\/07\/Cubanos-migrantes-300x169.jpg 300w, http:\/\/www.grieta.org.mx\/wp-content\/uploads\/2019\/07\/Cubanos-migrantes-768x432.jpg 768w, http:\/\/www.grieta.org.mx\/wp-content\/uploads\/2019\/07\/Cubanos-migrantes-889x500.jpg 889w\" sizes=\"auto, (max-width: 780px) 100vw, 780px\" \/><br \/>\nCortes\u00eda de los entrevistados<\/p>\n<p>Los cubanos fueron liberados por la polic\u00eda, pero no recibieron ninguna protecci\u00f3n adicional y ahora viven con temor de ser nuevamente secuestrados.<\/p>\n<p>Nos montaron en unas guaguas (buses) y nos llevaron a la estaci\u00f3n de polic\u00eda. Fue ah\u00ed fue cuando nos dimos cuenta que est\u00e1bamos en Ciudad Ju\u00e1rez, porque nunca supimos a d\u00f3nde nos hab\u00edan tra\u00eddo.<\/p>\n<p>Nos dejaron ir y aqu\u00ed estamos. Nos dijeron que no nos deportar\u00edan y nos apuntamos a lista a ver cu\u00e1ndo podremos pedir asilo.<\/p>\n<p>Uno de los muchachos que ven\u00eda con nosotros no resisti\u00f3 el miedo, el temor de ser encontrado de nuevo y se lanz\u00f3 por el r\u00edo. Dijo que no se quedaba aqu\u00ed, pero que tampoco se iba para Cuba y se tir\u00f3 por el r\u00edo.<\/p>\n<p>El gran temor es que cuando finalmente pasemos nos devuelvan de nuevo aqu\u00ed a esperar por el asilo y nos agarre de nuevo esa pandilla. Ese dinero que pagaron por nosotros no lo van a perder tan f\u00e1cil.<\/p>\n<p>Esos temores dan vuelta en nuestras cabeza todo el tiempo. Ojal\u00e1 que el futuro nos traiga cosas buenas, que valga la pena todo que hemos pasado.<\/p>\n<p>*El nombre de los migrantes en esta historia ha sido cambiado o acortado para proteger su identidad.<\/p>\n<p><a href=\"https:\/\/www.eluniversal.com.mx\/estados\/ciudad-juarez-el-oscuro-mundo-de-extorsiones-y-secuestros-que-sufren-los-cubanos-en-la\" target=\"_blank\" rel=\"noopener noreferrer\">https:\/\/www.eluniversal.com.mx\/estados\/ciudad-juarez-el-oscuro-mundo-de-extorsiones-y-secuestros-que-sufren-los-cubanos-en-la<\/a><\/p>\n","protected":false},"excerpt":{"rendered":"<p>M\u00e1s del 85% de los migrantes que esperan en Ciudad Ju\u00e1rez para pedir asilo en Estados Unidos son de origen cubano. Su llegada a las cercan\u00edas de la frontera no &hellip; <a href=\"http:\/\/www.grieta.org.mx\/index.php\/2019\/07\/17\/ciudad-juarez-el-oscuro-mundo-de-extorsiones-y-secuestros-que-sufren-los-cubanos-en-la-frontera\/\" class=\"more-link\">Leer m\u00e1s<\/a><\/p>\n","protected":false},"author":2,"featured_media":37067,"comment_status":"closed","ping_status":"closed","sticky":false,"template":"","format":"standard","meta":{"ngg_post_thumbnail":0,"_jetpack_newsletter_access":"","_jetpack_dont_email_post_to_subs":false,"_jetpack_newsletter_tier_id":0,"_jetpack_memberships_contains_paywalled_content":false,"_jetpack_memberships_contains_paid_content":false,"footnotes":""},"categories":[80,86,83],"tags":[1410,2774,2647,2415,2775],"class_list":["post-37066","post","type-post","status-publish","format-standard","has-post-thumbnail","hentry","category-cintillo","category-migrantes","category-temas-nacionales","tag-abusos-contra-migrantes","tag-extorsion-a-migrantes","tag-migrantes-cubanos","tag-migrantes-del-caribe","tag-secuestro-de-migrantes","entry"],"jetpack_featured_media_url":"http:\/\/www.grieta.org.mx\/wp-content\/uploads\/2019\/07\/Migrantes-cubanos.jpg","jetpack_sharing_enabled":true,"jetpack_shortlink":"https:\/\/wp.me\/p7ZJR4-9DQ","jetpack_likes_enabled":false,"jetpack-related-posts":[{"id":34586,"url":"http:\/\/www.grieta.org.mx\/index.php\/2019\/06\/08\/aseguran-en-matamoros-a-4-migrantes-cubanos-tamaulipas\/","url_meta":{"origin":37066,"position":0},"title":"Aseguran en Matamoros a 4 migrantes cubanos (Tamaulipas)","author":"grieta","date":"8 junio, 2019","format":false,"excerpt":"Noel Vergara \/ Milenio Mediante una denuncia ciudadana, polic\u00edas estatales ubicaron a los indocumentados, quienes quedaron a cargo del Instituto Nacional de Migraci\u00f3n. La Secretar\u00eda de Seguridad P\u00fablica inform\u00f3 que cuatro migrantes originarios de Cuba fueron rescatados, ello el viernes por la noche. Los hechos se dieron aproximadamente a las\u2026","rel":"","context":"En &quot;CINTILLO&quot;","block_context":{"text":"CINTILLO","link":"http:\/\/www.grieta.org.mx\/index.php\/category\/cintillo\/"},"img":{"alt_text":"","src":"https:\/\/i0.wp.com\/www.grieta.org.mx\/wp-content\/uploads\/2019\/06\/Aseguran-en-Matamoros-a-4-migrantes-cubanos-tama-jun.jpeg?resize=350%2C200","width":350,"height":200,"srcset":"https:\/\/i0.wp.com\/www.grieta.org.mx\/wp-content\/uploads\/2019\/06\/Aseguran-en-Matamoros-a-4-migrantes-cubanos-tama-jun.jpeg?resize=350%2C200 1x, https:\/\/i0.wp.com\/www.grieta.org.mx\/wp-content\/uploads\/2019\/06\/Aseguran-en-Matamoros-a-4-migrantes-cubanos-tama-jun.jpeg?resize=525%2C300 1.5x, https:\/\/i0.wp.com\/www.grieta.org.mx\/wp-content\/uploads\/2019\/06\/Aseguran-en-Matamoros-a-4-migrantes-cubanos-tama-jun.jpeg?resize=700%2C400 2x"},"classes":[]},{"id":34295,"url":"http:\/\/www.grieta.org.mx\/index.php\/2019\/05\/20\/detienen-a-8-migrantes-cubanos-hospedados-en-un-hotel-en-veracruz-mexico\/","url_meta":{"origin":37066,"position":1},"title":"Detienen a 8 migrantes cubanos hospedados en un hotel en Veracruz, M\u00e9xico","author":"grieta","date":"20 mayo, 2019","format":false,"excerpt":"Redacci\u00f3n \/ Cibercuba Las autoridades mexicanas detuvieron este lunes a 8 migrantes cubanos que se encontraban hospedados en un hotel en el estado de Veracruz. La prensa local inform\u00f3 que agentes de la Secretar\u00eda de Seguridad P\u00fablica del Estado (SSP) y la Polic\u00eda Naval encontraron a los ciudadanos de la\u2026","rel":"","context":"En &quot;CINTILLO&quot;","block_context":{"text":"CINTILLO","link":"http:\/\/www.grieta.org.mx\/index.php\/category\/cintillo\/"},"img":{"alt_text":"","src":"https:\/\/i0.wp.com\/www.grieta.org.mx\/wp-content\/uploads\/2019\/06\/1558383164-policia-mexico-detiene-8-migrantes-cubanos-hospedados-hotel-veracruz.jpg?resize=350%2C200","width":350,"height":200,"srcset":"https:\/\/i0.wp.com\/www.grieta.org.mx\/wp-content\/uploads\/2019\/06\/1558383164-policia-mexico-detiene-8-migrantes-cubanos-hospedados-hotel-veracruz.jpg?resize=350%2C200 1x, https:\/\/i0.wp.com\/www.grieta.org.mx\/wp-content\/uploads\/2019\/06\/1558383164-policia-mexico-detiene-8-migrantes-cubanos-hospedados-hotel-veracruz.jpg?resize=525%2C300 1.5x, https:\/\/i0.wp.com\/www.grieta.org.mx\/wp-content\/uploads\/2019\/06\/1558383164-policia-mexico-detiene-8-migrantes-cubanos-hospedados-hotel-veracruz.jpg?resize=700%2C400 2x, https:\/\/i0.wp.com\/www.grieta.org.mx\/wp-content\/uploads\/2019\/06\/1558383164-policia-mexico-detiene-8-migrantes-cubanos-hospedados-hotel-veracruz.jpg?resize=1050%2C600 3x"},"classes":[]},{"id":35892,"url":"http:\/\/www.grieta.org.mx\/index.php\/2019\/07\/03\/cierran-puente-reynosa-hidalgo-se-amotinan-cubanos-tamaulipas\/","url_meta":{"origin":37066,"position":2},"title":"Cierran Puente Reynosa &#8211; Hidalgo; se amotinan cubanos (Tamaulipas)","author":"grieta","date":"3 julio, 2019","format":false,"excerpt":"Agentes de migraci\u00f3n de Texas, cerraron el paso en el Puente Internacional Reynosa Hidalgo a consecuencia de unamotinamiento por parte de migrantes. Fotograf\u00eda: Rosal\u00eda Quint\u00e1 Rosal\u00eda Quint\u00e1 \/ Hoy Tamaulipas La acci\u00f3n fue para presionar a las autoridades norteamericanas para que agilicen las solicitudes de asilo Reynosa, Tamaulipas. - Agentes\u2026","rel":"","context":"En &quot;Abuso policiaco y tortura en Tamaulipas&quot;","block_context":{"text":"Abuso policiaco y tortura en Tamaulipas","link":"http:\/\/www.grieta.org.mx\/index.php\/category\/noticias-nacionales\/tamaulipas\/abuso-policiaco-y-tortura-en-tamaulipas\/"},"img":{"alt_text":"","src":"https:\/\/i0.wp.com\/www.grieta.org.mx\/wp-content\/uploads\/2019\/07\/Cierran-Puente-Reynosa-Hidalgo-se-amotinan-tama-jul.jpg?resize=350%2C200","width":350,"height":200,"srcset":"https:\/\/i0.wp.com\/www.grieta.org.mx\/wp-content\/uploads\/2019\/07\/Cierran-Puente-Reynosa-Hidalgo-se-amotinan-tama-jul.jpg?resize=350%2C200 1x, https:\/\/i0.wp.com\/www.grieta.org.mx\/wp-content\/uploads\/2019\/07\/Cierran-Puente-Reynosa-Hidalgo-se-amotinan-tama-jul.jpg?resize=525%2C300 1.5x, https:\/\/i0.wp.com\/www.grieta.org.mx\/wp-content\/uploads\/2019\/07\/Cierran-Puente-Reynosa-Hidalgo-se-amotinan-tama-jul.jpg?resize=700%2C400 2x"},"classes":[]},{"id":32879,"url":"http:\/\/www.grieta.org.mx\/index.php\/2019\/05\/02\/sin-cifras-reales-sobre-migrantes-tamaulipas\/","url_meta":{"origin":37066,"position":3},"title":"Sin cifras reales sobre migrantes (Tamaulipas)","author":"grieta","date":"2 mayo, 2019","format":false,"excerpt":"Miguel Jim\u00e9nez \/ El Ma\u00f1ana EN ESPERA. Arriba de mil solicitantes de asilo est\u00e1n en Matamoros, en albergues o en el bordo del r\u00edo Bravo. El encargado de la Casa del Migrante de Matamoros, Juan Antonio Sierra Vargas, asegur\u00f3 que ninguna agrupaci\u00f3n ni dependencia oficial tiene n\u00fameros reales de migrantes\u2026","rel":"","context":"En &quot;CINTILLO&quot;","block_context":{"text":"CINTILLO","link":"http:\/\/www.grieta.org.mx\/index.php\/category\/cintillo\/"},"img":{"alt_text":"","src":"https:\/\/i0.wp.com\/www.grieta.org.mx\/wp-content\/uploads\/2019\/05\/Sin-cifras-reales-sobre-migrantes-tama-may.jpg?resize=350%2C200","width":350,"height":200,"srcset":"https:\/\/i0.wp.com\/www.grieta.org.mx\/wp-content\/uploads\/2019\/05\/Sin-cifras-reales-sobre-migrantes-tama-may.jpg?resize=350%2C200 1x, https:\/\/i0.wp.com\/www.grieta.org.mx\/wp-content\/uploads\/2019\/05\/Sin-cifras-reales-sobre-migrantes-tama-may.jpg?resize=525%2C300 1.5x"},"classes":[]},{"id":35319,"url":"http:\/\/www.grieta.org.mx\/index.php\/2019\/06\/22\/a-las-puertas-de-estados-unidos-mexico-persigue-y-detiene-a-migrantes-chihuahua\/","url_meta":{"origin":37066,"position":4},"title":"A las puertas de Estados Unidos, M\u00e9xico persigue y detiene a migrantes (Chihuahua)","author":"grieta","date":"22 junio, 2019","format":false,"excerpt":"Los extranjeros indocumentados que llegan a la frontera por Ciudad Ju\u00e1rez son perseguidos en el bordo del r\u00edo Bravo por militares en la Guardia Nacional, quienes los detienen y entregan a oficiales de Migraci\u00f3n para evitar su paso a territorio estadunidense. Texto y Fotos: Rey R. Jauregui \/ LA VERDAD\/\u2026","rel":"","context":"En &quot;Chihuahua&quot;","block_context":{"text":"Chihuahua","link":"http:\/\/www.grieta.org.mx\/index.php\/category\/noticias-nacionales\/chihuahua\/"},"img":{"alt_text":"","src":"https:\/\/i0.wp.com\/www.grieta.org.mx\/wp-content\/uploads\/2019\/06\/Detenidas.jpeg?resize=350%2C200","width":350,"height":200,"srcset":"https:\/\/i0.wp.com\/www.grieta.org.mx\/wp-content\/uploads\/2019\/06\/Detenidas.jpeg?resize=350%2C200 1x, https:\/\/i0.wp.com\/www.grieta.org.mx\/wp-content\/uploads\/2019\/06\/Detenidas.jpeg?resize=525%2C300 1.5x, https:\/\/i0.wp.com\/www.grieta.org.mx\/wp-content\/uploads\/2019\/06\/Detenidas.jpeg?resize=700%2C400 2x, https:\/\/i0.wp.com\/www.grieta.org.mx\/wp-content\/uploads\/2019\/06\/Detenidas.jpeg?resize=1050%2C600 3x"},"classes":[]},{"id":35519,"url":"http:\/\/www.grieta.org.mx\/index.php\/2019\/06\/27\/galeria-guardia-nacional-extiende-muro-humano-a-zonas-semideserticas-chihuahua\/","url_meta":{"origin":37066,"position":5},"title":"Galer\u00eda: Guardia Nacional extiende \u2018muro humano\u2019 a zonas semides\u00e9rticas (Chihuahua)","author":"grieta","date":"27 junio, 2019","format":false,"excerpt":"Fotograf\u00edas: Rey R. Jauregui\/ LA VERDAD Ciudad Ju\u00e1rez \u2013 La Guardia Nacional (GN) endureci\u00f3 sus acciones para evitar el paso de migrantes hacia Estados Unidos al extender su patrullaje m\u00e1s all\u00e1 del r\u00edo Bravo, colocando vigilancia en la zona fronteriza entre Anapra, Ciudad Ju\u00e1rez y Sunland Park, Nuevo M\u00e9xico. Elementos\u2026","rel":"","context":"En &quot;Chihuahua&quot;","block_context":{"text":"Chihuahua","link":"http:\/\/www.grieta.org.mx\/index.php\/category\/noticias-nacionales\/chihuahua\/"},"img":{"alt_text":"","src":"https:\/\/i0.wp.com\/www.grieta.org.mx\/wp-content\/uploads\/2019\/06\/Militares-en-el-Muro-Rey-R.-Jauregui.jpeg?resize=350%2C200","width":350,"height":200,"srcset":"https:\/\/i0.wp.com\/www.grieta.org.mx\/wp-content\/uploads\/2019\/06\/Militares-en-el-Muro-Rey-R.-Jauregui.jpeg?resize=350%2C200 1x, https:\/\/i0.wp.com\/www.grieta.org.mx\/wp-content\/uploads\/2019\/06\/Militares-en-el-Muro-Rey-R.-Jauregui.jpeg?resize=525%2C300 1.5x, https:\/\/i0.wp.com\/www.grieta.org.mx\/wp-content\/uploads\/2019\/06\/Militares-en-el-Muro-Rey-R.-Jauregui.jpeg?resize=700%2C400 2x, https:\/\/i0.wp.com\/www.grieta.org.mx\/wp-content\/uploads\/2019\/06\/Militares-en-el-Muro-Rey-R.-Jauregui.jpeg?resize=1050%2C600 3x"},"classes":[]}],"_links":{"self":[{"href":"http:\/\/www.grieta.org.mx\/index.php\/wp-json\/wp\/v2\/posts\/37066","targetHints":{"allow":["GET"]}}],"collection":[{"href":"http:\/\/www.grieta.org.mx\/index.php\/wp-json\/wp\/v2\/posts"}],"about":[{"href":"http:\/\/www.grieta.org.mx\/index.php\/wp-json\/wp\/v2\/types\/post"}],"author":[{"embeddable":true,"href":"http:\/\/www.grieta.org.mx\/index.php\/wp-json\/wp\/v2\/users\/2"}],"replies":[{"embeddable":true,"href":"http:\/\/www.grieta.org.mx\/index.php\/wp-json\/wp\/v2\/comments?post=37066"}],"version-history":[{"count":1,"href":"http:\/\/www.grieta.org.mx\/index.php\/wp-json\/wp\/v2\/posts\/37066\/revisions"}],"predecessor-version":[{"id":37080,"href":"http:\/\/www.grieta.org.mx\/index.php\/wp-json\/wp\/v2\/posts\/37066\/revisions\/37080"}],"wp:featuredmedia":[{"embeddable":true,"href":"http:\/\/www.grieta.org.mx\/index.php\/wp-json\/wp\/v2\/media\/37067"}],"wp:attachment":[{"href":"http:\/\/www.grieta.org.mx\/index.php\/wp-json\/wp\/v2\/media?parent=37066"}],"wp:term":[{"taxonomy":"category","embeddable":true,"href":"http:\/\/www.grieta.org.mx\/index.php\/wp-json\/wp\/v2\/categories?post=37066"},{"taxonomy":"post_tag","embeddable":true,"href":"http:\/\/www.grieta.org.mx\/index.php\/wp-json\/wp\/v2\/tags?post=37066"}],"curies":[{"name":"wp","href":"https:\/\/api.w.org\/{rel}","templated":true}]}}