{"id":36996,"date":"2019-07-20T18:51:02","date_gmt":"2019-07-20T23:51:02","guid":{"rendered":"http:\/\/www.grieta.org.mx\/?p=36996"},"modified":"2019-07-25T18:57:39","modified_gmt":"2019-07-25T23:57:39","slug":"periodistas-exigen-respeto-a-la-libertad-de-expresion-en-sinaloa","status":"publish","type":"post","link":"http:\/\/www.grieta.org.mx\/index.php\/2019\/07\/20\/periodistas-exigen-respeto-a-la-libertad-de-expresion-en-sinaloa\/","title":{"rendered":"Periodistas exigen respeto a la libertad de expresi\u00f3n en Sinaloa"},"content":{"rendered":"<p><img loading=\"lazy\" decoding=\"async\" data-attachment-id=\"36997\" data-permalink=\"http:\/\/www.grieta.org.mx\/index.php\/2019\/07\/20\/periodistas-exigen-respeto-a-la-libertad-de-expresion-en-sinaloa\/7_de_junio_crop1563682486465-jpeg_1727466156\/\" data-orig-file=\"http:\/\/www.grieta.org.mx\/wp-content\/uploads\/2019\/07\/7_de_junio_crop1563682486465.jpeg_1727466156.jpeg\" data-orig-size=\"960,540\" data-comments-opened=\"0\" data-image-meta=\"{&quot;aperture&quot;:&quot;0&quot;,&quot;credit&quot;:&quot;&quot;,&quot;camera&quot;:&quot;&quot;,&quot;caption&quot;:&quot;&quot;,&quot;created_timestamp&quot;:&quot;0&quot;,&quot;copyright&quot;:&quot;&quot;,&quot;focal_length&quot;:&quot;0&quot;,&quot;iso&quot;:&quot;0&quot;,&quot;shutter_speed&quot;:&quot;0&quot;,&quot;title&quot;:&quot;&quot;,&quot;orientation&quot;:&quot;0&quot;}\" data-image-title=\"7_de_junio_crop1563682486465.jpeg_1727466156\" data-image-description=\"\" data-image-caption=\"\" data-medium-file=\"http:\/\/www.grieta.org.mx\/wp-content\/uploads\/2019\/07\/7_de_junio_crop1563682486465.jpeg_1727466156-300x169.jpeg\" data-large-file=\"http:\/\/www.grieta.org.mx\/wp-content\/uploads\/2019\/07\/7_de_junio_crop1563682486465.jpeg_1727466156.jpeg\" class=\" wp-image-36997 aligncenter\" src=\"http:\/\/www.grieta.org.mx\/wp-content\/uploads\/2019\/07\/7_de_junio_crop1563682486465.jpeg_1727466156.jpeg\" alt=\"\" width=\"800\" height=\"450\" srcset=\"http:\/\/www.grieta.org.mx\/wp-content\/uploads\/2019\/07\/7_de_junio_crop1563682486465.jpeg_1727466156.jpeg 960w, http:\/\/www.grieta.org.mx\/wp-content\/uploads\/2019\/07\/7_de_junio_crop1563682486465.jpeg_1727466156-300x169.jpeg 300w, http:\/\/www.grieta.org.mx\/wp-content\/uploads\/2019\/07\/7_de_junio_crop1563682486465.jpeg_1727466156-768x432.jpeg 768w, http:\/\/www.grieta.org.mx\/wp-content\/uploads\/2019\/07\/7_de_junio_crop1563682486465.jpeg_1727466156-889x500.jpeg 889w\" sizes=\"auto, (max-width: 800px) 100vw, 800px\" \/><\/p>\n<p>Foto: El Debate<\/p>\n<p><em>La Asociaci\u00f3n de Periodistas y Comunicadores 7 de Junio realizaron un llamado a los alcaldes de Mazatl\u00e1n, Culiac\u00e1n y Ahome de hostigamieno, intimidaci\u00f3n y amenazas a reporteros<\/em><\/p>\n<p>Redacci\u00f3n \/ El Debate<\/p>\n<p><strong>Culiac\u00e1n<\/strong>.-Tras varios casos denunciados de hostigamiento, intimidaci\u00f3n y hasta amenazas a reporteros en el estado, la Asociaci\u00f3n de Periodistas y Comunicadores 7 de Junio, exige que la libertad de expresi\u00f3n y el respeto al ejercicio pleno del periodismo no quede s\u00f3lo en el discurso, sino que se cumpla en los hechos.<\/p>\n<p>En su asamblea realizada ayer, acordaron por unanimidad hacer un llamado para que los alcaldes de Mazatl\u00e1n, Luis Guillermo Ben\u00edtez Torres; \u00a0 de Culiac\u00e1n,\u00a0Jes\u00fas Estrada Ferreiro; y de Ahome, Manuel Guillermo Chapman Moreno, \u00a0dejen su discurso irresponsable de ataques cotidianos con los reporteros que cubren la fuente del Ayuntamiento, y en especial en contra algunos medios, a los que en el caso de Culiac\u00e1n,\u00a0el presidente municipal hace referencia constante, tanto en eventos, como en las conferencias y entrevistas, respecto a los acuerdos publicitarios.<\/p>\n<p><strong>Denuncia<\/strong><\/p>\n<p>El acuerdo, dirigido adem\u00e1s a la opini\u00f3n p\u00fablica, al presidente de la Rep\u00fablica, Andr\u00e9s Manuel L\u00f3pez Obrador; al gobernador de Sinaloa, \u00a0Quirino Ordaz Coppel; y al Congreso del Estado de Sinaloa; deja en claro que la exigencia es para quienes ocupan\u00a0un cargo p\u00fablico\u00a0y desde oficinas de gobierno o de \u00e1reas de prensa \u00a0est\u00e1n hostigando, intimidando y hasta amenazando a reporteros que s\u00f3lo cumplen con su funci\u00f3n responsable de llevar informaci\u00f3n oportuna a la sociedad.<\/p>\n<p>En el documento aprobado por la 7 de Junio, se\u00f1ala que para todos es sabido que el periodismo se ha convertido en una actividad de alto riesgo, por los casos de agresiones registradas hasta el momento, no solo en Sinaloa, sino en todo el pa\u00eds, y lo \u00fanico que se busca es una relaci\u00f3n mutua de respeto con las autoridades, en especial con las municipales, que son con las que han tenido problemas con los alcaldes y los encargados de las \u00e1reas de Comunicaci\u00f3n Social, como ha sido los casos de los ayuntamientos de Ahome y Mazatl\u00e1n.<\/p>\n<p>La asociaci\u00f3n de periodista ve con preocupaci\u00f3n las manifestaciones y amenazas directas a compa\u00f1eros, como los ocurridos en Mazatl\u00e1n, de parte del titular del \u00e1rea de Comunicaci\u00f3n Social, que lejos de ser el enlace para la apertura con los medios, intimida a periodistas.<\/p>\n<p>Del \u00faltimo caso, hay \u00a0denuncia presentada ante la Vicefiscal\u00eda de Mazatl\u00e1n. Solo en la zona sur, suman ya 14 los casos de agresiones contra periodistas solo este a\u00f1o.<\/p>\n<p>Se han incrementado con las actuales autoridades, sobre todo de Mazatl\u00e1n y Culiac\u00e1n las denostaciones p\u00fablicas al gremio \u00a0 y los \u00a0intentos de control a trav\u00e9s de publicidad oficial.<\/p>\n<p>\u201c\u00a1Basta de linchamientos, no mas se\u00f1alamientos irresponsables, no m\u00e1s ageresiones!, \u00a1Exigimos respeto \u00a0y tolerancia al ejercicio del periodismo en Sinaloa!\u201d, se\u00f1ala el mensaje.<\/p>\n<p><a href=\"https:\/\/www.debate.com.mx\/culiacan\/Periodistas-exigen-respeto-a-la-libertad-de-expresion-en-Sinaloa-20190720-0246.html\">https:\/\/www.debate.com.mx\/culiacan\/Periodistas-exigen-respeto-a-la-libertad-de-expresion-en-Sinaloa-20190720-0246.html<\/a><\/p>\n","protected":false},"excerpt":{"rendered":"<p>Foto: El Debate La Asociaci\u00f3n de Periodistas y Comunicadores 7 de Junio realizaron un llamado a los alcaldes de Mazatl\u00e1n, Culiac\u00e1n y Ahome de hostigamieno, intimidaci\u00f3n y amenazas a reporteros &hellip; <a href=\"http:\/\/www.grieta.org.mx\/index.php\/2019\/07\/20\/periodistas-exigen-respeto-a-la-libertad-de-expresion-en-sinaloa\/\" class=\"more-link\">Leer m\u00e1s<\/a><\/p>\n","protected":false},"author":2,"featured_media":36997,"comment_status":"closed","ping_status":"closed","sticky":false,"template":"","format":"standard","meta":{"ngg_post_thumbnail":0,"_jetpack_newsletter_access":"","_jetpack_dont_email_post_to_subs":false,"_jetpack_newsletter_tier_id":0,"_jetpack_memberships_contains_paywalled_content":false,"_jetpack_memberships_contains_paid_content":false,"footnotes":""},"categories":[80,2,30,83,88,1239],"tags":[2474,2262,2486,2263],"class_list":["post-36996","post","type-post","status-publish","format-standard","has-post-thumbnail","hentry","category-cintillo","category-noticias-nacionales","category-sinaloa","category-temas-nacionales","category-violencia-contra-periodistas","category-violencia-contra-periodistas-en-sinaloa","tag-acoso-contra-periodistas","tag-agresiones-contra-periodistas","tag-amenazas-contra-periodistas","tag-hostigamiento-contra-periodistas","entry"],"jetpack_featured_media_url":"http:\/\/www.grieta.org.mx\/wp-content\/uploads\/2019\/07\/7_de_junio_crop1563682486465.jpeg_1727466156.jpeg","jetpack_sharing_enabled":true,"jetpack_shortlink":"https:\/\/wp.me\/p7ZJR4-9CI","jetpack_likes_enabled":false,"jetpack-related-posts":[{"id":34434,"url":"http:\/\/www.grieta.org.mx\/index.php\/2019\/06\/07\/preocupa-a-gremio-periodistico-llamado-de-juez-a-reporteros-en-mazatlan-sinaloa\/","url_meta":{"origin":36996,"position":0},"title":"Preocupa a gremio period\u00edstico llamado de juez a reporteros en Mazatl\u00e1n (Sinaloa)","author":"grieta","date":"7 junio, 2019","format":false,"excerpt":"Ante los citatorios girados por el Juez Primero Civil de Primera Instancia de Mazatl\u00e1n para que ocho reporteros de ese puerto comparezcan a ratificar contenido de sus publicaciones, activistas, periodistas y defensores de los derechos humanos expresaron su preocupaci\u00f3n. Albaro Saldoval \/ Espejo A trav\u00e9s de una carta\u00a0entregada al presidente\u2026","rel":"","context":"En &quot;CINTILLO&quot;","block_context":{"text":"CINTILLO","link":"http:\/\/www.grieta.org.mx\/index.php\/category\/cintillo\/"},"img":{"alt_text":"","src":"https:\/\/i0.wp.com\/www.grieta.org.mx\/wp-content\/uploads\/2019\/06\/inzunza-cazarez-404x227.jpg?resize=350%2C200","width":350,"height":200},"classes":[]},{"id":34429,"url":"http:\/\/www.grieta.org.mx\/index.php\/2019\/06\/07\/mensaje-a-la-feadle-en-sinaloa-los-periodistas-no-olvidamos-que-tenemos-una-cuenta-pendiente\/","url_meta":{"origin":36996,"position":1},"title":"Mensaje a la Feadle: \u201cEn Sinaloa, los periodistas no olvidamos que tenemos una cuenta pendiente\u201d","author":"grieta","date":"7 junio, 2019","format":false,"excerpt":"Redacci\u00f3n \/ Espejo \u201cEn Sinaloa, los periodistas no olvidamos que tenemos una cuenta pendiente\u201d, fue el mensaje\u00a0de la presidenta entrante de la Asociaci\u00f3n de Periodistas y Comunicadores 7 de Junio, Mar\u00eda de los \u00c1ngeles Moreno, hac\u00eda la\u00a0Fiscal\u00eda Especializada para la Atenci\u00f3n de Delitos Contra la Libertad de Expresi\u00f3n (Feadle) ante\u2026","rel":"","context":"En &quot;CINTILLO&quot;","block_context":{"text":"CINTILLO","link":"http:\/\/www.grieta.org.mx\/index.php\/category\/cintillo\/"},"img":{"alt_text":"","src":"https:\/\/i0.wp.com\/www.grieta.org.mx\/wp-content\/uploads\/2019\/06\/7-de-junio.jpg?resize=350%2C200","width":350,"height":200,"srcset":"https:\/\/i0.wp.com\/www.grieta.org.mx\/wp-content\/uploads\/2019\/06\/7-de-junio.jpg?resize=350%2C200 1x, https:\/\/i0.wp.com\/www.grieta.org.mx\/wp-content\/uploads\/2019\/06\/7-de-junio.jpg?resize=525%2C300 1.5x, https:\/\/i0.wp.com\/www.grieta.org.mx\/wp-content\/uploads\/2019\/06\/7-de-junio.jpg?resize=700%2C400 2x, https:\/\/i0.wp.com\/www.grieta.org.mx\/wp-content\/uploads\/2019\/06\/7-de-junio.jpg?resize=1050%2C600 3x"},"classes":[]},{"id":38167,"url":"http:\/\/www.grieta.org.mx\/index.php\/2019\/08\/15\/periodistas-interponen-queja-en-cedh-por-agresion-de-alcaldes-sinaloa\/","url_meta":{"origin":36996,"position":2},"title":"Periodistas interponen queja en CEDH por agresi\u00f3n de alcaldes (Sinaloa)","author":"grieta","date":"15 agosto, 2019","format":false,"excerpt":"Foto: El Debate La Asociaci\u00f3n de Periodistas 7 de Junio interpusieron\u00a0quejas en la CEDH por agresi\u00f3n de alcaldes Estefan\u00eda L\u00f3pez Corral \/ El Debate Culiac\u00e1n, Sinaloa.- Periodistas que conforma la Asociaci\u00f3n de Periodistas 7 de Junio, interpusieron una denuncia ante la Comisi\u00f3n Estatal de Derechos Humanos por casos de agresi\u00f3n\u2026","rel":"","context":"En &quot;CINTILLO&quot;","block_context":{"text":"CINTILLO","link":"http:\/\/www.grieta.org.mx\/index.php\/category\/cintillo\/"},"img":{"alt_text":"","src":"https:\/\/i0.wp.com\/www.grieta.org.mx\/wp-content\/uploads\/2019\/08\/periodistas_interponen_queja_en_cedh_por_agresixn_de_alcaldes.jpg_219914347.jpg?resize=350%2C200","width":350,"height":200,"srcset":"https:\/\/i0.wp.com\/www.grieta.org.mx\/wp-content\/uploads\/2019\/08\/periodistas_interponen_queja_en_cedh_por_agresixn_de_alcaldes.jpg_219914347.jpg?resize=350%2C200 1x, https:\/\/i0.wp.com\/www.grieta.org.mx\/wp-content\/uploads\/2019\/08\/periodistas_interponen_queja_en_cedh_por_agresixn_de_alcaldes.jpg_219914347.jpg?resize=525%2C300 1.5x, https:\/\/i0.wp.com\/www.grieta.org.mx\/wp-content\/uploads\/2019\/08\/periodistas_interponen_queja_en_cedh_por_agresixn_de_alcaldes.jpg_219914347.jpg?resize=700%2C400 2x"},"classes":[]},{"id":37001,"url":"http:\/\/www.grieta.org.mx\/index.php\/2019\/07\/18\/mario-martini-pide-al-alcalde-de-mazatlan-que-cese-el-hostigamiento-sinaloa\/","url_meta":{"origin":36996,"position":3},"title":"Mario Martini pide al alcalde de Mazatl\u00e1n que cese el hostigamiento (Sinaloa)","author":"grieta","date":"18 julio, 2019","format":false,"excerpt":"Foto: ilustrativa Blanca Regalado Mazatl\u00e1n, Sinaloa.- En la recepci\u00f3n de la oficina de Presi-dencia, el periodista Mario Martini llam\u00f3 al alcalde que cese el hostigamiento y que ordene a sus funcionarios que dejen de agredir y perseguir a reporteros. Martini solicit\u00f3 hablar con el mandatario municipal, pero le informaron que\u2026","rel":"","context":"En &quot;CINTILLO&quot;","block_context":{"text":"CINTILLO","link":"http:\/\/www.grieta.org.mx\/index.php\/category\/cintillo\/"},"img":{"alt_text":"","src":"https:\/\/i0.wp.com\/www.grieta.org.mx\/wp-content\/uploads\/2019\/07\/WhatsApp-Image-2019-07-16-at-16.47.16.jpeg?resize=350%2C200","width":350,"height":200,"srcset":"https:\/\/i0.wp.com\/www.grieta.org.mx\/wp-content\/uploads\/2019\/07\/WhatsApp-Image-2019-07-16-at-16.47.16.jpeg?resize=350%2C200 1x, https:\/\/i0.wp.com\/www.grieta.org.mx\/wp-content\/uploads\/2019\/07\/WhatsApp-Image-2019-07-16-at-16.47.16.jpeg?resize=525%2C300 1.5x, https:\/\/i0.wp.com\/www.grieta.org.mx\/wp-content\/uploads\/2019\/07\/WhatsApp-Image-2019-07-16-at-16.47.16.jpeg?resize=700%2C400 2x, https:\/\/i0.wp.com\/www.grieta.org.mx\/wp-content\/uploads\/2019\/07\/WhatsApp-Image-2019-07-16-at-16.47.16.jpeg?resize=1050%2C600 3x"},"classes":[]},{"id":13063,"url":"http:\/\/www.grieta.org.mx\/index.php\/2016\/05\/20\/veracruz-denuncian-amenazas-contra-periodistas-de-el-mundo-de-huatusco\/","url_meta":{"origin":36996,"position":4},"title":"El diario El Mundo de Huatusco, en Veracruz, denuncia amenazas contra sus reporteros","author":"grieta","date":"20 mayo, 2016","format":false,"excerpt":"Los reporteros del medio han recibido llamadas de hostigamiento en las instalaciones del medio, adem\u00e1s un grupo de hombres compr\u00f3 toda la edici\u00f3n del martes 17 de mayo para evitar su difusi\u00f3n. Reporteros del diario veracruzano, El Mundo de Huatusco, denunciaron que han sufrido hostigamiento por parte de un grupo\u2026","rel":"","context":"En &quot;CINTILLO&quot;","block_context":{"text":"CINTILLO","link":"http:\/\/www.grieta.org.mx\/index.php\/category\/cintillo\/"},"img":{"alt_text":"","src":"https:\/\/i0.wp.com\/www.grieta.org.mx\/wp-content\/uploads\/2018\/03\/14524434_1106112876131411_958039263622046936_o.jpg?resize=350%2C200","width":350,"height":200,"srcset":"https:\/\/i0.wp.com\/www.grieta.org.mx\/wp-content\/uploads\/2018\/03\/14524434_1106112876131411_958039263622046936_o.jpg?resize=350%2C200 1x, https:\/\/i0.wp.com\/www.grieta.org.mx\/wp-content\/uploads\/2018\/03\/14524434_1106112876131411_958039263622046936_o.jpg?resize=525%2C300 1.5x, https:\/\/i0.wp.com\/www.grieta.org.mx\/wp-content\/uploads\/2018\/03\/14524434_1106112876131411_958039263622046936_o.jpg?resize=700%2C400 2x"},"classes":[]},{"id":32155,"url":"http:\/\/www.grieta.org.mx\/index.php\/2019\/04\/08\/coahuila-es-el-estado-mas-agresivo-contra-periodistas-segun-articulo-19\/","url_meta":{"origin":36996,"position":5},"title":"Coahuila es el Estado m\u00e1s agresivo contra periodistas, seg\u00fan Art\u00edculo 19","author":"grieta","date":"8 abril, 2019","format":false,"excerpt":"Pasa del tercer lugar en 2017 a ser el l\u00edder en 2018 Armando R\u00edos\/VANGUARDIA MX Dentro del informe publicado el pasado mi\u00e9rcoles por la organizaci\u00f3n Art\u00edculo 19, Coahuila se coloc\u00f3 como el primer lugar en agresiones contra el gremio period\u00edstico a nivel nacional. Del tercer lugar que ocup\u00f3 en el\u2026","rel":"","context":"En &quot;CINTILLO&quot;","block_context":{"text":"CINTILLO","link":"http:\/\/www.grieta.org.mx\/index.php\/category\/cintillo\/"},"img":{"alt_text":"","src":"https:\/\/i0.wp.com\/www.grieta.org.mx\/wp-content\/uploads\/2019\/04\/violencia-periodistas.jpg?resize=350%2C200","width":350,"height":200,"srcset":"https:\/\/i0.wp.com\/www.grieta.org.mx\/wp-content\/uploads\/2019\/04\/violencia-periodistas.jpg?resize=350%2C200 1x, https:\/\/i0.wp.com\/www.grieta.org.mx\/wp-content\/uploads\/2019\/04\/violencia-periodistas.jpg?resize=525%2C300 1.5x, https:\/\/i0.wp.com\/www.grieta.org.mx\/wp-content\/uploads\/2019\/04\/violencia-periodistas.jpg?resize=700%2C400 2x"},"classes":[]}],"_links":{"self":[{"href":"http:\/\/www.grieta.org.mx\/index.php\/wp-json\/wp\/v2\/posts\/36996","targetHints":{"allow":["GET"]}}],"collection":[{"href":"http:\/\/www.grieta.org.mx\/index.php\/wp-json\/wp\/v2\/posts"}],"about":[{"href":"http:\/\/www.grieta.org.mx\/index.php\/wp-json\/wp\/v2\/types\/post"}],"author":[{"embeddable":true,"href":"http:\/\/www.grieta.org.mx\/index.php\/wp-json\/wp\/v2\/users\/2"}],"replies":[{"embeddable":true,"href":"http:\/\/www.grieta.org.mx\/index.php\/wp-json\/wp\/v2\/comments?post=36996"}],"version-history":[{"count":1,"href":"http:\/\/www.grieta.org.mx\/index.php\/wp-json\/wp\/v2\/posts\/36996\/revisions"}],"predecessor-version":[{"id":37000,"href":"http:\/\/www.grieta.org.mx\/index.php\/wp-json\/wp\/v2\/posts\/36996\/revisions\/37000"}],"wp:featuredmedia":[{"embeddable":true,"href":"http:\/\/www.grieta.org.mx\/index.php\/wp-json\/wp\/v2\/media\/36997"}],"wp:attachment":[{"href":"http:\/\/www.grieta.org.mx\/index.php\/wp-json\/wp\/v2\/media?parent=36996"}],"wp:term":[{"taxonomy":"category","embeddable":true,"href":"http:\/\/www.grieta.org.mx\/index.php\/wp-json\/wp\/v2\/categories?post=36996"},{"taxonomy":"post_tag","embeddable":true,"href":"http:\/\/www.grieta.org.mx\/index.php\/wp-json\/wp\/v2\/tags?post=36996"}],"curies":[{"name":"wp","href":"https:\/\/api.w.org\/{rel}","templated":true}]}}