{"id":36767,"date":"2019-07-19T13:24:14","date_gmt":"2019-07-19T18:24:14","guid":{"rendered":"http:\/\/www.grieta.org.mx\/?p=36767"},"modified":"2019-09-08T13:40:11","modified_gmt":"2019-09-08T18:40:11","slug":"cortan-un-camino-en-la-sierra-de-guerrero-para-protestar-contra-la-violencia-armada","status":"publish","type":"post","link":"http:\/\/www.grieta.org.mx\/index.php\/2019\/07\/19\/cortan-un-camino-en-la-sierra-de-guerrero-para-protestar-contra-la-violencia-armada\/","title":{"rendered":"Cortan un camino en la sierra de Guerrero para protestar contra la violencia armada"},"content":{"rendered":"<figure id=\"attachment_36769\" aria-describedby=\"caption-attachment-36769\" style=\"width: 800px\" class=\"wp-caption aligncenter\"><a href=\"http:\/\/www.grieta.org.mx\/wp-content\/uploads\/2019\/07\/petatlan2-1078x808.jpg\"><img loading=\"lazy\" decoding=\"async\" data-attachment-id=\"36769\" data-permalink=\"http:\/\/www.grieta.org.mx\/index.php\/2019\/07\/19\/cortan-un-camino-en-la-sierra-de-guerrero-para-protestar-contra-la-violencia-armada\/petatlan2-1078x808\/\" data-orig-file=\"http:\/\/www.grieta.org.mx\/wp-content\/uploads\/2019\/07\/petatlan2-1078x808.jpg\" data-orig-size=\"1078,808\" data-comments-opened=\"0\" data-image-meta=\"{&quot;aperture&quot;:&quot;0&quot;,&quot;credit&quot;:&quot;&quot;,&quot;camera&quot;:&quot;&quot;,&quot;caption&quot;:&quot;&quot;,&quot;created_timestamp&quot;:&quot;0&quot;,&quot;copyright&quot;:&quot;&quot;,&quot;focal_length&quot;:&quot;0&quot;,&quot;iso&quot;:&quot;0&quot;,&quot;shutter_speed&quot;:&quot;0&quot;,&quot;title&quot;:&quot;&quot;,&quot;orientation&quot;:&quot;0&quot;}\" data-image-title=\"petatlan2-1078&amp;#215;808\" data-image-description=\"\" data-image-caption=\"&lt;p&gt;El camino de terracer\u00eda que fue cortado por medio de una zanja ha sido escenario de constantes enfrentamientos armados. Foto: Especial&lt;\/p&gt;\n\" data-medium-file=\"http:\/\/www.grieta.org.mx\/wp-content\/uploads\/2019\/07\/petatlan2-1078x808-300x225.jpg\" data-large-file=\"http:\/\/www.grieta.org.mx\/wp-content\/uploads\/2019\/07\/petatlan2-1078x808-1024x768.jpg\" class=\"wp-image-36769\" src=\"http:\/\/www.grieta.org.mx\/wp-content\/uploads\/2019\/07\/petatlan2-1078x808-300x225.jpg\" alt=\"\" width=\"800\" height=\"600\" srcset=\"http:\/\/www.grieta.org.mx\/wp-content\/uploads\/2019\/07\/petatlan2-1078x808-300x225.jpg 300w, http:\/\/www.grieta.org.mx\/wp-content\/uploads\/2019\/07\/petatlan2-1078x808-768x576.jpg 768w, http:\/\/www.grieta.org.mx\/wp-content\/uploads\/2019\/07\/petatlan2-1078x808-1024x768.jpg 1024w, http:\/\/www.grieta.org.mx\/wp-content\/uploads\/2019\/07\/petatlan2-1078x808-667x500.jpg 667w, http:\/\/www.grieta.org.mx\/wp-content\/uploads\/2019\/07\/petatlan2-1078x808.jpg 1078w\" sizes=\"auto, (max-width: 800px) 100vw, 800px\" \/><\/a><figcaption id=\"caption-attachment-36769\" class=\"wp-caption-text\">El camino de terracer\u00eda que fue cortado por medio de una zanja ha sido escenario de constantes enfrentamientos armados. Foto: Especial<\/figcaption><\/figure>\n<p>Ezequiel Flores Contreras \/ Proceso<\/p>\n<p>CHILPANCINGO. Gro. (apro).- Habitantes de la sierra de Petatl\u00e1n cortaron con una zanja el camino que conecta los poblados de Piedra de Eveliano y El Camalotito, donde se han registrado enfrentamientos entre grupos armados, para reiterar su llamado al presidente Andr\u00e9s Manuel L\u00f3pez Obrador a que intervenga ante el conflicto que est\u00e1 provocando el desplazamiento forzado de personas, asesinatos y desaparecidos.<\/p>\n<p>A trav\u00e9s de im\u00e1genes y videos con drones difundidas en redes sociales, los inconformes acusaron al gobierno del estado de asumir una actitud omisa ante la confrontaci\u00f3n entre grupos criminales que se disputan esta plaza estrat\u00e9gica en la geograf\u00eda del narco en la entidad.<\/p>\n<p>Incluso, acusaron directamente al comandante Pedro Castro de la Secretar\u00eda de Seguridad P\u00fablica estatal (SSP), de suministrar presuntamente \u201carmas y municiones\u201d a la banda de los hermanos Torres del poblado de La Morena y la Familia Michoacana que mantienen una guerra con el grupo de Oliver El Ruso Coria, l\u00edder de la Guardia Guerrerense (GG).<br \/>\nLos pobladores de esta zona serrana, que se mantiene en vilo por las balaceras, advirtieron que en caso de que la federaci\u00f3n no intervenga para revertir los efectos de la violencia, impunidad y corrupci\u00f3n institucional, ellos van a atacar directamente a los agentes de la polic\u00eda estatal destacamentados en esta franja de la Costa Grande.<\/p>\n<p>El camino de terracer\u00eda que fue cortado por medio de una zanja ha sido escenario de constantes enfrentamientos armados y representa una ruta utilizada por habitantes de la Sierra que bajan a la cabecera municipal de Petatl\u00e1n para abastecerse de productos b\u00e1sicos.<\/p>\n<figure id=\"attachment_36770\" aria-describedby=\"caption-attachment-36770\" style=\"width: 800px\" class=\"wp-caption aligncenter\"><a href=\"http:\/\/www.grieta.org.mx\/wp-content\/uploads\/2019\/07\/petatlan.jpg\"><img loading=\"lazy\" decoding=\"async\" data-attachment-id=\"36770\" data-permalink=\"http:\/\/www.grieta.org.mx\/index.php\/2019\/07\/19\/cortan-un-camino-en-la-sierra-de-guerrero-para-protestar-contra-la-violencia-armada\/petatlan\/\" data-orig-file=\"http:\/\/www.grieta.org.mx\/wp-content\/uploads\/2019\/07\/petatlan.jpg\" data-orig-size=\"1280,960\" data-comments-opened=\"0\" data-image-meta=\"{&quot;aperture&quot;:&quot;0&quot;,&quot;credit&quot;:&quot;&quot;,&quot;camera&quot;:&quot;&quot;,&quot;caption&quot;:&quot;&quot;,&quot;created_timestamp&quot;:&quot;0&quot;,&quot;copyright&quot;:&quot;&quot;,&quot;focal_length&quot;:&quot;0&quot;,&quot;iso&quot;:&quot;0&quot;,&quot;shutter_speed&quot;:&quot;0&quot;,&quot;title&quot;:&quot;&quot;,&quot;orientation&quot;:&quot;0&quot;}\" data-image-title=\"petatlan\" data-image-description=\"\" data-image-caption=\"\" data-medium-file=\"http:\/\/www.grieta.org.mx\/wp-content\/uploads\/2019\/07\/petatlan-300x225.jpg\" data-large-file=\"http:\/\/www.grieta.org.mx\/wp-content\/uploads\/2019\/07\/petatlan-1024x768.jpg\" class=\"wp-image-36770\" src=\"http:\/\/www.grieta.org.mx\/wp-content\/uploads\/2019\/07\/petatlan-300x225.jpg\" alt=\"\" width=\"800\" height=\"600\" srcset=\"http:\/\/www.grieta.org.mx\/wp-content\/uploads\/2019\/07\/petatlan-300x225.jpg 300w, http:\/\/www.grieta.org.mx\/wp-content\/uploads\/2019\/07\/petatlan-768x576.jpg 768w, http:\/\/www.grieta.org.mx\/wp-content\/uploads\/2019\/07\/petatlan-1024x768.jpg 1024w, http:\/\/www.grieta.org.mx\/wp-content\/uploads\/2019\/07\/petatlan-667x500.jpg 667w, http:\/\/www.grieta.org.mx\/wp-content\/uploads\/2019\/07\/petatlan.jpg 1280w\" sizes=\"auto, (max-width: 800px) 100vw, 800px\" \/><\/a><figcaption id=\"caption-attachment-36770\" class=\"wp-caption-text\">Foto: Especial<\/figcaption><\/figure>\n<p>Por ello, se\u00f1alaron que este hecho afecta a cientos de personas que est\u00e1n en medio del conflicto armado que se vive en la sierra de Petatl\u00e1n donde el vac\u00edo de autoridad es evidente y ha dejado una estela de muerte, desplazados y pueblos fantasmas.<\/p>\n<p>De acuerdo con el registro documental de la agencia Apro, este conflicto lleva m\u00e1s de siete meses y los hechos exhiben presuntos nexos de autoridades de los tres niveles con el narco.<\/p>\n<p>Apenas, ayer una familia de turistas procedentes del estado de Puebla, entre ellos un hombre de Estados Unidos, fue masacrada sobre la carretera federal Acapulco Zihuatanejo porque las v\u00edctimas no se detuvieron en un ret\u00e9n que mantiene una guardia comunitaria en el municipio de Petatl\u00e1n.<\/p>\n<p>Hasta el momento, el gobierno estatal ha hecho mutis ante la dram\u00e1tica situaci\u00f3n que se vive en este municipio de la Costa Grande.<\/p>\n<p><a href=\"https:\/\/www.proceso.com.mx\/593051\/cortan-un-camino-en-la-sierra-de-guerrero-para-protestar-contra-la-violencia-armada\">https:\/\/www.proceso.com.mx\/593051\/cortan-un-camino-en-la-sierra-de-guerrero-para-protestar-contra-la-violencia-armada<\/a><\/p>\n","protected":false},"excerpt":{"rendered":"<p>Ezequiel Flores Contreras \/ Proceso CHILPANCINGO. Gro. (apro).- Habitantes de la sierra de Petatl\u00e1n cortaron con una zanja el camino que conecta los poblados de Piedra de Eveliano y El &hellip; <a href=\"http:\/\/www.grieta.org.mx\/index.php\/2019\/07\/19\/cortan-un-camino-en-la-sierra-de-guerrero-para-protestar-contra-la-violencia-armada\/\" class=\"more-link\">Leer m\u00e1s<\/a><\/p>\n","protected":false},"author":1,"featured_media":36769,"comment_status":"closed","ping_status":"closed","sticky":false,"template":"","format":"standard","meta":{"ngg_post_thumbnail":0,"_jetpack_newsletter_access":"","_jetpack_dont_email_post_to_subs":false,"_jetpack_newsletter_tier_id":0,"_jetpack_memberships_contains_paywalled_content":false,"_jetpack_memberships_contains_paid_content":false,"footnotes":""},"categories":[80,18,1128,2],"tags":[1133],"class_list":["post-36767","post","type-post","status-publish","format-standard","has-post-thumbnail","hentry","category-cintillo","category-guerrero","category-incremento-en-la-violencia-en-guerrero","category-noticias-nacionales","tag-incremento-en-la-violencia","entry"],"jetpack_featured_media_url":"http:\/\/www.grieta.org.mx\/wp-content\/uploads\/2019\/07\/petatlan2-1078x808.jpg","jetpack_sharing_enabled":true,"jetpack_shortlink":"https:\/\/wp.me\/p7ZJR4-9z1","jetpack_likes_enabled":false,"jetpack-related-posts":[{"id":46983,"url":"http:\/\/www.grieta.org.mx\/index.php\/2020\/03\/11\/nueva-ola-de-violencia-azota-en-la-sierra-denuncian-comisarios-de-chichihualco-guerrero\/","url_meta":{"origin":36767,"position":0},"title":"Nueva ola de violencia azota en la sierra, denuncian comisarios de Chichihualco (Guerrero)","author":"Admin","date":"11 marzo, 2020","format":false,"excerpt":"Dassaev T\u00e9llez Adame \/ La Jornada de Guerrero Al menos 12 comunidades est\u00e1n sin profesores, ni m\u00e9dicos, se\u00f1alan en conferencia Hacen un llamado a las autoridades para terminar con \u201cesta guerra entre pueblos hermanos\u201d Familias de El Carrizal, Yextla, El Naranjo y El Balsamar dejaron sus hogares desde el domingo\u2026","rel":"","context":"En &quot;CINTILLO&quot;","block_context":{"text":"CINTILLO","link":"http:\/\/www.grieta.org.mx\/index.php\/category\/cintillo\/"},"img":{"alt_text":"","src":"https:\/\/i0.wp.com\/www.grieta.org.mx\/wp-content\/uploads\/2020\/03\/3730d9cf125a2d3ed836b2d18ae4bc71_L.jpg?resize=350%2C200","width":350,"height":200,"srcset":"https:\/\/i0.wp.com\/www.grieta.org.mx\/wp-content\/uploads\/2020\/03\/3730d9cf125a2d3ed836b2d18ae4bc71_L.jpg?resize=350%2C200 1x, https:\/\/i0.wp.com\/www.grieta.org.mx\/wp-content\/uploads\/2020\/03\/3730d9cf125a2d3ed836b2d18ae4bc71_L.jpg?resize=525%2C300 1.5x, https:\/\/i0.wp.com\/www.grieta.org.mx\/wp-content\/uploads\/2020\/03\/3730d9cf125a2d3ed836b2d18ae4bc71_L.jpg?resize=700%2C400 2x"},"classes":[]},{"id":46864,"url":"http:\/\/www.grieta.org.mx\/index.php\/2020\/03\/25\/habitantes-de-leonardo-bravo-se-arman-para-defenderse-de-grupos-delictivos-guerrero\/","url_meta":{"origin":36767,"position":1},"title":"Habitantes de Leonardo Bravo se arman para defenderse de grupos delictivos (Guerrero)","author":"Admin","date":"25 marzo, 2020","format":false,"excerpt":"Ezequiel Flores Contreras \/ Proceso CHILPANCINGO, Gro. (apro).- Al menos 500 habitantes de 16 comunidades del municipio de Leonardo Bravo decidieron levantarse en armas portando escopetas, palos y machetes ante la indiferencia \u2013se\u00f1alaron\u2014de los gobiernos estatal y federal para revertir la situaci\u00f3n de violencia que se vive en la sierra\u2026","rel":"","context":"En &quot;CINTILLO&quot;","block_context":{"text":"CINTILLO","link":"http:\/\/www.grieta.org.mx\/index.php\/category\/cintillo\/"},"img":{"alt_text":"","src":"https:\/\/i0.wp.com\/www.grieta.org.mx\/wp-content\/uploads\/2020\/03\/IMG_0030-1024x768.jpg?resize=350%2C200","width":350,"height":200,"srcset":"https:\/\/i0.wp.com\/www.grieta.org.mx\/wp-content\/uploads\/2020\/03\/IMG_0030-1024x768.jpg?resize=350%2C200 1x, https:\/\/i0.wp.com\/www.grieta.org.mx\/wp-content\/uploads\/2020\/03\/IMG_0030-1024x768.jpg?resize=525%2C300 1.5x, https:\/\/i0.wp.com\/www.grieta.org.mx\/wp-content\/uploads\/2020\/03\/IMG_0030-1024x768.jpg?resize=700%2C400 2x"},"classes":[]},{"id":39149,"url":"http:\/\/www.grieta.org.mx\/index.php\/2019\/09\/08\/habitantes-de-tierra-caliente-en-guerrero-denuncian-asesinato-de-mas-20-personas-por-pugna-entre-carteles\/","url_meta":{"origin":36767,"position":2},"title":"Habitantes de Tierra Caliente en Guerrero denuncian asesinato de m\u00e1s 20 personas por pugna entre c\u00e1rteles","author":"Admin","date":"8 septiembre, 2019","format":false,"excerpt":"Ezequiel Flores Contreras \/ Proceso CHILPANCINGO, Gro. (proceso.com.mx).- Habitantes de la regi\u00f3n de Tierra Caliente denunciaron el asesinato de una veintena de personas que fueron enterradas en fosas clandestinas por el grupo de Rodolfo Maldonado, conocido como Jos\u00e9 Pineda, y Jhony Hurtado Olascoaga \u201cEl Mojarro\u201d, en el contexto de la\u2026","rel":"","context":"En &quot;CINTILLO&quot;","block_context":{"text":"CINTILLO","link":"http:\/\/www.grieta.org.mx\/index.php\/category\/cintillo\/"},"img":{"alt_text":"","src":"https:\/\/i0.wp.com\/www.grieta.org.mx\/wp-content\/uploads\/2018\/03\/14524434_1106112876131411_958039263622046936_o.jpg?resize=350%2C200","width":350,"height":200,"srcset":"https:\/\/i0.wp.com\/www.grieta.org.mx\/wp-content\/uploads\/2018\/03\/14524434_1106112876131411_958039263622046936_o.jpg?resize=350%2C200 1x, https:\/\/i0.wp.com\/www.grieta.org.mx\/wp-content\/uploads\/2018\/03\/14524434_1106112876131411_958039263622046936_o.jpg?resize=525%2C300 1.5x, https:\/\/i0.wp.com\/www.grieta.org.mx\/wp-content\/uploads\/2018\/03\/14524434_1106112876131411_958039263622046936_o.jpg?resize=700%2C400 2x"},"classes":[]},{"id":36009,"url":"http:\/\/www.grieta.org.mx\/index.php\/2019\/07\/01\/al-menos-800-nuevos-desplazados-en-el-naranjo-guerrero-por-choque-de-grupos-armados\/","url_meta":{"origin":36767,"position":3},"title":"Al menos 800 nuevos desplazados en El Naranjo, Guerrero, por choque de grupos armados","author":"Admin","date":"1 julio, 2019","format":false,"excerpt":"Ezequiel Flores Contreras \/ PROCESO CHILPANCINGO, Gro. (apro).- Al menos 800 personas fueron desplazadas del poblado de El Naranjo, municipio de Leonardo Bravo, ante la confrontaci\u00f3n que mantienen grupos armados por el control de las zonas de producci\u00f3n de amapola y la industria minera en la Sierra de la entidad.\u2026","rel":"","context":"En &quot;CINTILLO&quot;","block_context":{"text":"CINTILLO","link":"http:\/\/www.grieta.org.mx\/index.php\/category\/cintillo\/"},"img":{"alt_text":"","src":"https:\/\/i0.wp.com\/www.grieta.org.mx\/wp-content\/uploads\/2019\/07\/WhatsApp-Image-2019-07-01-at-18.12.37-1078x640.jpg?resize=350%2C200","width":350,"height":200,"srcset":"https:\/\/i0.wp.com\/www.grieta.org.mx\/wp-content\/uploads\/2019\/07\/WhatsApp-Image-2019-07-01-at-18.12.37-1078x640.jpg?resize=350%2C200 1x, https:\/\/i0.wp.com\/www.grieta.org.mx\/wp-content\/uploads\/2019\/07\/WhatsApp-Image-2019-07-01-at-18.12.37-1078x640.jpg?resize=525%2C300 1.5x, https:\/\/i0.wp.com\/www.grieta.org.mx\/wp-content\/uploads\/2019\/07\/WhatsApp-Image-2019-07-01-at-18.12.37-1078x640.jpg?resize=700%2C400 2x, https:\/\/i0.wp.com\/www.grieta.org.mx\/wp-content\/uploads\/2019\/07\/WhatsApp-Image-2019-07-01-at-18.12.37-1078x640.jpg?resize=1050%2C600 3x"},"classes":[]},{"id":46995,"url":"http:\/\/www.grieta.org.mx\/index.php\/2020\/03\/27\/en-la-sierra-de-guerrero-nuevo-desplazamiento-por-violencia\/","url_meta":{"origin":36767,"position":4},"title":"En la sierra de Guerrero, nuevo desplazamiento por violencia","author":"Admin","date":"27 marzo, 2020","format":false,"excerpt":"Unas 800 personas de las comunidades El Balsamar, Chautipa y Tepozonalco fueron desalojadas por civiles armados. Reclaman falta de reacci\u00f3n y atenci\u00f3n gubernamental Texto: Jes\u00fas Guerrero Civiles armados que se identificaron como integrantes del Frente Unido de Polic\u00edas Comunitarias del Estado de Guerrero (FUPCEG) desalojaron a unas 800 personas de\u2026","rel":"","context":"En &quot;CINTILLO&quot;","block_context":{"text":"CINTILLO","link":"http:\/\/www.grieta.org.mx\/index.php\/category\/cintillo\/"},"img":{"alt_text":"","src":"https:\/\/i0.wp.com\/www.grieta.org.mx\/wp-content\/uploads\/2020\/03\/desplazados_guerrero_especial.jpeg?resize=350%2C200","width":350,"height":200,"srcset":"https:\/\/i0.wp.com\/www.grieta.org.mx\/wp-content\/uploads\/2020\/03\/desplazados_guerrero_especial.jpeg?resize=350%2C200 1x, https:\/\/i0.wp.com\/www.grieta.org.mx\/wp-content\/uploads\/2020\/03\/desplazados_guerrero_especial.jpeg?resize=525%2C300 1.5x, https:\/\/i0.wp.com\/www.grieta.org.mx\/wp-content\/uploads\/2020\/03\/desplazados_guerrero_especial.jpeg?resize=700%2C400 2x"},"classes":[]},{"id":31419,"url":"http:\/\/www.grieta.org.mx\/index.php\/2019\/03\/28\/35-mil-desplazados-en-michoacan-y-guerrero-por-conflictos-armados\/","url_meta":{"origin":36767,"position":5},"title":"35 mil desplazados en Michoac\u00e1n y Guerrero por conflictos armados","author":"grieta","date":"28 marzo, 2019","format":false,"excerpt":"Benjam\u00edn Alvarez \/Contramuro, 28 de marzo, 2019 Circe L\u00f3pez se\u00f1al\u00f3 que mujeres y ni\u00f1os son de las principales v\u00edctimas del crimen organizado y su colusi\u00f3n con las autoridades Morelia, Michoac\u00e1n.- Alrededor de 35 mil desplazados producto de conflictos armados se registran en Michoac\u00e1n y Guerrero, se\u00f1al\u00f3 la activista Lucero Circe\u2026","rel":"","context":"En &quot;CINTILLO&quot;","block_context":{"text":"CINTILLO","link":"http:\/\/www.grieta.org.mx\/index.php\/category\/cintillo\/"},"img":{"alt_text":"","src":"https:\/\/i0.wp.com\/www.grieta.org.mx\/wp-content\/uploads\/2019\/03\/IMG-20190328-WA0110-1000x500.jpg?resize=350%2C200","width":350,"height":200,"srcset":"https:\/\/i0.wp.com\/www.grieta.org.mx\/wp-content\/uploads\/2019\/03\/IMG-20190328-WA0110-1000x500.jpg?resize=350%2C200 1x, https:\/\/i0.wp.com\/www.grieta.org.mx\/wp-content\/uploads\/2019\/03\/IMG-20190328-WA0110-1000x500.jpg?resize=525%2C300 1.5x, https:\/\/i0.wp.com\/www.grieta.org.mx\/wp-content\/uploads\/2019\/03\/IMG-20190328-WA0110-1000x500.jpg?resize=700%2C400 2x"},"classes":[]}],"_links":{"self":[{"href":"http:\/\/www.grieta.org.mx\/index.php\/wp-json\/wp\/v2\/posts\/36767","targetHints":{"allow":["GET"]}}],"collection":[{"href":"http:\/\/www.grieta.org.mx\/index.php\/wp-json\/wp\/v2\/posts"}],"about":[{"href":"http:\/\/www.grieta.org.mx\/index.php\/wp-json\/wp\/v2\/types\/post"}],"author":[{"embeddable":true,"href":"http:\/\/www.grieta.org.mx\/index.php\/wp-json\/wp\/v2\/users\/1"}],"replies":[{"embeddable":true,"href":"http:\/\/www.grieta.org.mx\/index.php\/wp-json\/wp\/v2\/comments?post=36767"}],"version-history":[{"count":1,"href":"http:\/\/www.grieta.org.mx\/index.php\/wp-json\/wp\/v2\/posts\/36767\/revisions"}],"predecessor-version":[{"id":36773,"href":"http:\/\/www.grieta.org.mx\/index.php\/wp-json\/wp\/v2\/posts\/36767\/revisions\/36773"}],"wp:featuredmedia":[{"embeddable":true,"href":"http:\/\/www.grieta.org.mx\/index.php\/wp-json\/wp\/v2\/media\/36769"}],"wp:attachment":[{"href":"http:\/\/www.grieta.org.mx\/index.php\/wp-json\/wp\/v2\/media?parent=36767"}],"wp:term":[{"taxonomy":"category","embeddable":true,"href":"http:\/\/www.grieta.org.mx\/index.php\/wp-json\/wp\/v2\/categories?post=36767"},{"taxonomy":"post_tag","embeddable":true,"href":"http:\/\/www.grieta.org.mx\/index.php\/wp-json\/wp\/v2\/tags?post=36767"}],"curies":[{"name":"wp","href":"https:\/\/api.w.org\/{rel}","templated":true}]}}