{"id":36763,"date":"2019-07-21T13:22:58","date_gmt":"2019-07-21T18:22:58","guid":{"rendered":"http:\/\/www.grieta.org.mx\/?p=36763"},"modified":"2019-07-21T13:22:58","modified_gmt":"2019-07-21T18:22:58","slug":"sitiaron-y-atacaron-a-balazos-a-comunidad-indigena-de-chilapa-denuncian-guerrero","status":"publish","type":"post","link":"http:\/\/www.grieta.org.mx\/index.php\/2019\/07\/21\/sitiaron-y-atacaron-a-balazos-a-comunidad-indigena-de-chilapa-denuncian-guerrero\/","title":{"rendered":"Sitiaron y atacaron a balazos a comunidad ind\u00edgena de Chilapa, denuncian (Guerrero)"},"content":{"rendered":"<p><a href=\"http:\/\/www.grieta.org.mx\/wp-content\/uploads\/2019\/07\/Crimen-Violencia-M\u00e9xico03-1160x700.png\"><img loading=\"lazy\" decoding=\"async\" data-attachment-id=\"36764\" data-permalink=\"http:\/\/www.grieta.org.mx\/index.php\/2019\/07\/21\/sitiaron-y-atacaron-a-balazos-a-comunidad-indigena-de-chilapa-denuncian-guerrero\/crimen-violencia-mexico03-1160x700\/\" data-orig-file=\"http:\/\/www.grieta.org.mx\/wp-content\/uploads\/2019\/07\/Crimen-Violencia-M\u00e9xico03-1160x700.png\" data-orig-size=\"1160,700\" data-comments-opened=\"0\" data-image-meta=\"{&quot;aperture&quot;:&quot;0&quot;,&quot;credit&quot;:&quot;&quot;,&quot;camera&quot;:&quot;&quot;,&quot;caption&quot;:&quot;&quot;,&quot;created_timestamp&quot;:&quot;0&quot;,&quot;copyright&quot;:&quot;&quot;,&quot;focal_length&quot;:&quot;0&quot;,&quot;iso&quot;:&quot;0&quot;,&quot;shutter_speed&quot;:&quot;0&quot;,&quot;title&quot;:&quot;&quot;,&quot;orientation&quot;:&quot;0&quot;}\" data-image-title=\"Crimen-Violencia-M\u00e9xico03-1160&amp;#215;700\" data-image-description=\"\" data-image-caption=\"\" data-medium-file=\"http:\/\/www.grieta.org.mx\/wp-content\/uploads\/2019\/07\/Crimen-Violencia-M\u00e9xico03-1160x700-300x181.png\" data-large-file=\"http:\/\/www.grieta.org.mx\/wp-content\/uploads\/2019\/07\/Crimen-Violencia-M\u00e9xico03-1160x700-1024x618.png\" class=\"aligncenter wp-image-36764\" src=\"http:\/\/www.grieta.org.mx\/wp-content\/uploads\/2019\/07\/Crimen-Violencia-M\u00e9xico03-1160x700-300x181.png\" alt=\"\" width=\"800\" height=\"483\" srcset=\"http:\/\/www.grieta.org.mx\/wp-content\/uploads\/2019\/07\/Crimen-Violencia-M\u00e9xico03-1160x700-300x181.png 300w, http:\/\/www.grieta.org.mx\/wp-content\/uploads\/2019\/07\/Crimen-Violencia-M\u00e9xico03-1160x700-768x463.png 768w, http:\/\/www.grieta.org.mx\/wp-content\/uploads\/2019\/07\/Crimen-Violencia-M\u00e9xico03-1160x700-1024x618.png 1024w, http:\/\/www.grieta.org.mx\/wp-content\/uploads\/2019\/07\/Crimen-Violencia-M\u00e9xico03-1160x700-829x500.png 829w, http:\/\/www.grieta.org.mx\/wp-content\/uploads\/2019\/07\/Crimen-Violencia-M\u00e9xico03-1160x700.png 1160w\" sizes=\"auto, (max-width: 800px) 100vw, 800px\" \/><\/a><\/p>\n<p>Francisca Meza Carranza \/ Quadrat\u00edn<\/p>\n<p>CHILPANCINGO, Gro., 21 de julio de 2019.-Integrantes del Concejo Ind\u00edgena y Popular de Guerrero-Emiliano Zapata (Cipog-EZ) <a href=\"https:\/\/www.grieta.org.mx\/index.php\/2019\/07\/21\/denuncia-urgente-por-ataque-armado-a-comunidades-del-cipog-ez\/\">denunciaron<\/a> un ataque armado contra la comunidad nahua de Tula, municipio de Chilapa, durante la tarde-noche del s\u00e1bado, con saldo de al menos un herido, y solicitaron la intervenci\u00f3n del gobierno federal, pues acusaron al grupo delictivo conocido como Los Ardillos.<\/p>\n<p>De acuerdo con el reporte del Cipog-EZ, la comunidad fue sitiada y atacada durante varias horas, sin embargo no dio a conocer si hay heridos o muertos.<\/p>\n<p>Por separado, la Coordinadora Regional de Autoridades Comunitarias-Polic\u00eda Comunitaria-Pueblos Fundadores (CRAC-PC-PF) responsabiliz\u00f3 de ese ataque al grupo autodenominado Polic\u00eda por la Paz y Justicia, que asegur\u00f3, pertenece al mencionado grupo delictivo.<\/p>\n<p>En un comunicado los coordinadores regionales informaron que en los ataques result\u00f3 herido Guillermo \u2018N\u2019, y denunciaron que al pedir auxilio a los militares ubicados en el crucero de Rinc\u00f3n de Chautla, \u00e9stos los ignoraron.<\/p>\n<p>En el escrito indicaron que no caer\u00e1n en confrontaciones, pero advirtieron que si no se atiende el llamado, las 14 comunidades que conforman la CRAC-PC-PF en esa zona \u201ctomar\u00e1n cartas en el asunto\u201d, pues est\u00e1n hartos de las amenazas.<\/p>\n<p>\u201cFueron balaceadas las viviendas con arma de alto calibre queriendo masacrar al pueblo tratando de matar hombres, mujeres y ni\u00f1os, exigimos el gobierno federal, estatal, municipal, y la Guardia Nacional que d\u00e9 seguridad al pueblo\u201d, dijeron.<\/p>\n<p><a href=\"https:\/\/guerrero.quadratin.com.mx\/sitiaron-y-atacaron-a-balazos-a-comunidad-indigena-de-chilapa-denuncian\/\">https:\/\/guerrero.quadratin.com.mx\/sitiaron-y-atacaron-a-balazos-a-comunidad-indigena-de-chilapa-denuncian\/<\/a><\/p>\n","protected":false},"excerpt":{"rendered":"<p>Francisca Meza Carranza \/ Quadrat\u00edn CHILPANCINGO, Gro., 21 de julio de 2019.-Integrantes del Concejo Ind\u00edgena y Popular de Guerrero-Emiliano Zapata (Cipog-EZ) denunciaron un ataque armado contra la comunidad nahua de &hellip; <a href=\"http:\/\/www.grieta.org.mx\/index.php\/2019\/07\/21\/sitiaron-y-atacaron-a-balazos-a-comunidad-indigena-de-chilapa-denuncian-guerrero\/\" class=\"more-link\">Leer m\u00e1s<\/a><\/p>\n","protected":false},"author":1,"featured_media":36764,"comment_status":"closed","ping_status":"closed","sticky":false,"template":"","format":"standard","meta":{"ngg_post_thumbnail":0,"_jetpack_newsletter_access":"","_jetpack_dont_email_post_to_subs":false,"_jetpack_newsletter_tier_id":0,"_jetpack_memberships_contains_paywalled_content":false,"_jetpack_memberships_contains_paid_content":false,"footnotes":""},"categories":[80,2532,18,2,1577],"tags":[1834,564,95,222],"class_list":["post-36763","post","type-post","status-publish","format-standard","has-post-thumbnail","hentry","category-cintillo","category-defensa-de-la-autonomia-en-guerrero","category-guerrero","category-noticias-nacionales","category-policia-comunitaria-en-guerrero","tag-asesinato-de-lideres-indigenas","tag-cipog-ez","tag-cni","tag-policia-comunitaria","entry"],"jetpack_featured_media_url":"http:\/\/www.grieta.org.mx\/wp-content\/uploads\/2019\/07\/Crimen-Violencia-M\u00e9xico03-1160x700.png","jetpack_sharing_enabled":true,"jetpack_shortlink":"https:\/\/wp.me\/p7ZJR4-9yX","jetpack_likes_enabled":false,"jetpack-related-posts":[{"id":55863,"url":"http:\/\/www.grieta.org.mx\/index.php\/2020\/12\/20\/eran-integrantes-del-cipog-ez-los-cuatro-indigenas-asesinados-en-chilapa-guerrero\/","url_meta":{"origin":36763,"position":0},"title":"Eran integrantes del CIPOG-EZ los cuatro ind\u00edgenas asesinados en Chilapa (Guerrero)","author":"Admin","date":"20 diciembre, 2020","format":false,"excerpt":"Redacci\u00f3n \/ El Sur Acapulco, Guerrero, 20 de diciembre de 2020. El Consejo Ind\u00edgena y Popular de Guerrero-Emiliano Zapata (CIPOG-EZ) y la Organizaci\u00f3n Campesina de la Sierra del Sur (OCSS) identific\u00f3 a las personas asesinadas ayer en Chilapa como Mar\u00eda Agust\u00edn Chino, Amalia Morales Guapango, Jos\u00e9 Benito Miguele\u00f1o y Miguel\u2026","rel":"","context":"En &quot;CINTILLO&quot;","block_context":{"text":"CINTILLO","link":"http:\/\/www.grieta.org.mx\/index.php\/category\/cintillo\/"},"img":{"alt_text":"","src":"https:\/\/i0.wp.com\/www.grieta.org.mx\/wp-content\/uploads\/2020\/12\/Captura-de-Pantalla-2020-12-20-a-las-20.20.44.png?resize=350%2C200","width":350,"height":200,"srcset":"https:\/\/i0.wp.com\/www.grieta.org.mx\/wp-content\/uploads\/2020\/12\/Captura-de-Pantalla-2020-12-20-a-las-20.20.44.png?resize=350%2C200 1x, https:\/\/i0.wp.com\/www.grieta.org.mx\/wp-content\/uploads\/2020\/12\/Captura-de-Pantalla-2020-12-20-a-las-20.20.44.png?resize=525%2C300 1.5x, https:\/\/i0.wp.com\/www.grieta.org.mx\/wp-content\/uploads\/2020\/12\/Captura-de-Pantalla-2020-12-20-a-las-20.20.44.png?resize=700%2C400 2x"},"classes":[]},{"id":71145,"url":"http:\/\/www.grieta.org.mx\/index.php\/2025\/01\/17\/cipog-ez-exige-justicia-a-cinco-anos-de-masacre-de-musicos-en-chilapa-de-alvarez-guerrero\/","url_meta":{"origin":36763,"position":1},"title":"CIPOG-EZ exige justicia a cinco a\u00f1os de masacre de m\u00fasicos en Chilapa de \u00c1lvarez (Guerrero)","author":"Admin","date":"17 enero, 2025","format":false,"excerpt":"Sergio Ocampo Arista, La Jornada Chilpancingo, Gro. Al cumplirse cinco a\u00f1os de la masacre de 10 m\u00fasicos ocurrida en la comunidad nahua de Mexcalcingo, municipio de Chilapa de \u00c1lvarez, en la Monta\u00f1a Alta de Guerrero, el Concejo Ind\u00edgena y Popular de Guerrero\u2013Emiliano Zapata (CIPOG-EZ), demand\u00f3 justicia al gobierno. En comunicado\u2026","rel":"","context":"En &quot;CINTILLO&quot;","block_context":{"text":"CINTILLO","link":"http:\/\/www.grieta.org.mx\/index.php\/category\/cintillo\/"},"img":{"alt_text":"","src":"https:\/\/i0.wp.com\/www.grieta.org.mx\/wp-content\/uploads\/2025\/02\/Captura-de-pantalla-2025-02-25-a-las-2.12.13%E2%80%AFp.m.png?resize=350%2C200","width":350,"height":200,"srcset":"https:\/\/i0.wp.com\/www.grieta.org.mx\/wp-content\/uploads\/2025\/02\/Captura-de-pantalla-2025-02-25-a-las-2.12.13%E2%80%AFp.m.png?resize=350%2C200 1x, https:\/\/i0.wp.com\/www.grieta.org.mx\/wp-content\/uploads\/2025\/02\/Captura-de-pantalla-2025-02-25-a-las-2.12.13%E2%80%AFp.m.png?resize=525%2C300 1.5x, https:\/\/i0.wp.com\/www.grieta.org.mx\/wp-content\/uploads\/2025\/02\/Captura-de-pantalla-2025-02-25-a-las-2.12.13%E2%80%AFp.m.png?resize=700%2C400 2x, https:\/\/i0.wp.com\/www.grieta.org.mx\/wp-content\/uploads\/2025\/02\/Captura-de-pantalla-2025-02-25-a-las-2.12.13%E2%80%AFp.m.png?resize=1050%2C600 3x"},"classes":[]},{"id":9171,"url":"http:\/\/www.grieta.org.mx\/index.php\/2016\/04\/21\/la-crac-pc-de-chilapa-realiza-recorridos-para-frenar-la-entrada-de-grupos-delictivos\/","url_meta":{"origin":36763,"position":2},"title":"Seguridad y justicia comunitaria en Guerrero","author":"grieta","date":"21 abril, 2016","format":false,"excerpt":"21\/04\/16 Mando \u00fanico para reprimir: Cirino Pl\u00e1cido El Faro 21\/10\/15 Para reconstituir la CRAC-PC hacen falta valores y principios: CIPOG-EZ Subversiones 13\/10\/15 La seguridad comunitaria en Guerrero cumple 20 a\u00f1os Subversiones 24\/08\/15 \u201cRechazamos cualquier intento para oficializarnos, no nos subordinaremos al Estado\u201d, pueblos fundadores de la polic\u00eda comunitaria de Guerrero.\u2026","rel":"","context":"En &quot;Guerrero&quot;","block_context":{"text":"Guerrero","link":"http:\/\/www.grieta.org.mx\/index.php\/category\/noticias-nacionales\/guerrero\/"},"img":{"alt_text":"","src":"https:\/\/i0.wp.com\/www.grieta.org.mx\/wp-content\/uploads\/2018\/03\/14524434_1106112876131411_958039263622046936_o.jpg?resize=350%2C200","width":350,"height":200,"srcset":"https:\/\/i0.wp.com\/www.grieta.org.mx\/wp-content\/uploads\/2018\/03\/14524434_1106112876131411_958039263622046936_o.jpg?resize=350%2C200 1x, https:\/\/i0.wp.com\/www.grieta.org.mx\/wp-content\/uploads\/2018\/03\/14524434_1106112876131411_958039263622046936_o.jpg?resize=525%2C300 1.5x, https:\/\/i0.wp.com\/www.grieta.org.mx\/wp-content\/uploads\/2018\/03\/14524434_1106112876131411_958039263622046936_o.jpg?resize=700%2C400 2x"},"classes":[]},{"id":33050,"url":"http:\/\/www.grieta.org.mx\/index.php\/2019\/05\/05\/asesinan-al-concejal-del-cig-cni-jose-lucio-bartolo-faustino-y-a-modesto-verales-delegado-del-cni-guerrero\/","url_meta":{"origin":36763,"position":3},"title":"Asesinan al Concejal del CIG-CNI Jos\u00e9 Lucio Bartolo Faustino y a Modesto Verales, delegado del CNI (Guerrero)","author":"grieta","date":"5 mayo, 2019","format":false,"excerpt":"Redacci\u00f3n \/ Somoselmedio La ma\u00f1ana de este 5 de mayo fueron localizados los cuerpos del Concejal Nahua Jos\u00e9 Lucio Bartolo Faustino y el delegado del Concejo Nacional Ind\u00edgena (CNI), Modesto Verales Sebasti\u00e1n, ambos promotores del Concejo Ind\u00edgena y Popular de Guerrero Emiliano Zapata (CIPOG-EZ). Jos\u00e9 Lucio y Modesto Verales hab\u00edan\u2026","rel":"","context":"En &quot;CINTILLO&quot;","block_context":{"text":"CINTILLO","link":"http:\/\/www.grieta.org.mx\/index.php\/category\/cintillo\/"},"img":{"alt_text":"","src":"https:\/\/i0.wp.com\/www.grieta.org.mx\/wp-content\/uploads\/2019\/05\/direct-3.jpg?resize=350%2C200","width":350,"height":200,"srcset":"https:\/\/i0.wp.com\/www.grieta.org.mx\/wp-content\/uploads\/2019\/05\/direct-3.jpg?resize=350%2C200 1x, https:\/\/i0.wp.com\/www.grieta.org.mx\/wp-content\/uploads\/2019\/05\/direct-3.jpg?resize=525%2C300 1.5x, https:\/\/i0.wp.com\/www.grieta.org.mx\/wp-content\/uploads\/2019\/05\/direct-3.jpg?resize=700%2C400 2x"},"classes":[]},{"id":36734,"url":"http:\/\/www.grieta.org.mx\/index.php\/2019\/07\/21\/denuncia-urgente-por-ataque-armado-a-comunidades-del-cipog-ez\/","url_meta":{"origin":36763,"position":4},"title":"Denuncia urgente por ataque armado a comunidades del CIPOG-EZ","author":"grieta","date":"21 julio, 2019","format":false,"excerpt":"Desde el Concejo Ind\u00edgena y Popular de Guerrero Emiliano Zapata, denunciamos que en estos momentos tarde noche del s\u00e1bado 20 de Julio del 2019, varios comandos armados del grupo narcoparamilitar de los \u00abArdillos\u00bb sitiaron la comunidad de Tula Guerrero. Llevan ya varias horas de ataque armado y la balacera no\u2026","rel":"","context":"En &quot;CINTILLO&quot;","block_context":{"text":"CINTILLO","link":"http:\/\/www.grieta.org.mx\/index.php\/category\/cintillo\/"},"img":{"alt_text":"","src":"https:\/\/i0.wp.com\/www.grieta.org.mx\/wp-content\/uploads\/2019\/06\/logo-CNI-T.png?resize=350%2C200","width":350,"height":200,"srcset":"https:\/\/i0.wp.com\/www.grieta.org.mx\/wp-content\/uploads\/2019\/06\/logo-CNI-T.png?resize=350%2C200 1x, https:\/\/i0.wp.com\/www.grieta.org.mx\/wp-content\/uploads\/2019\/06\/logo-CNI-T.png?resize=525%2C300 1.5x"},"classes":[]},{"id":33887,"url":"http:\/\/www.grieta.org.mx\/index.php\/2019\/05\/26\/alto-a-la-guerra-narcoparamilitar-contra-el-cipog-ez-comunicado-urgente-del-cni-cig-y-el-ezln\/","url_meta":{"origin":36763,"position":5},"title":"ALTO A LA GUERRA NARCOPARAMILITAR CONTRA EL CIPOG-EZ Comunicado urgente del CNI-CIG y el EZLN","author":"grieta","date":"26 mayo, 2019","format":false,"excerpt":"ALTO A LA GUERRA NARCOPARAMILITAR CONTRA EL CIPOG-EZ Comunicado urgente del CNI-CIG y el EZLN Hoy, con indignaci\u00f3n y dolor denunciamos un nuevo y artero crimen contra nuestros compa\u00f1eros del Consejo Ind\u00edgena y Popular de Guerrero \u2013 Emiliano Zapata (CIPOG-EZ). Alrededor de las 13:30 horas del d\u00eda 23 de mayo,\u2026","rel":"","context":"En &quot;CIG&quot;","block_context":{"text":"CIG","link":"http:\/\/www.grieta.org.mx\/index.php\/category\/cig\/"},"img":{"alt_text":"","src":"https:\/\/i0.wp.com\/www.grieta.org.mx\/wp-content\/uploads\/2019\/05\/20190525_222118_0000.png?resize=350%2C200","width":350,"height":200,"srcset":"https:\/\/i0.wp.com\/www.grieta.org.mx\/wp-content\/uploads\/2019\/05\/20190525_222118_0000.png?resize=350%2C200 1x, https:\/\/i0.wp.com\/www.grieta.org.mx\/wp-content\/uploads\/2019\/05\/20190525_222118_0000.png?resize=525%2C300 1.5x, https:\/\/i0.wp.com\/www.grieta.org.mx\/wp-content\/uploads\/2019\/05\/20190525_222118_0000.png?resize=700%2C400 2x"},"classes":[]}],"_links":{"self":[{"href":"http:\/\/www.grieta.org.mx\/index.php\/wp-json\/wp\/v2\/posts\/36763","targetHints":{"allow":["GET"]}}],"collection":[{"href":"http:\/\/www.grieta.org.mx\/index.php\/wp-json\/wp\/v2\/posts"}],"about":[{"href":"http:\/\/www.grieta.org.mx\/index.php\/wp-json\/wp\/v2\/types\/post"}],"author":[{"embeddable":true,"href":"http:\/\/www.grieta.org.mx\/index.php\/wp-json\/wp\/v2\/users\/1"}],"replies":[{"embeddable":true,"href":"http:\/\/www.grieta.org.mx\/index.php\/wp-json\/wp\/v2\/comments?post=36763"}],"version-history":[{"count":1,"href":"http:\/\/www.grieta.org.mx\/index.php\/wp-json\/wp\/v2\/posts\/36763\/revisions"}],"predecessor-version":[{"id":36765,"href":"http:\/\/www.grieta.org.mx\/index.php\/wp-json\/wp\/v2\/posts\/36763\/revisions\/36765"}],"wp:featuredmedia":[{"embeddable":true,"href":"http:\/\/www.grieta.org.mx\/index.php\/wp-json\/wp\/v2\/media\/36764"}],"wp:attachment":[{"href":"http:\/\/www.grieta.org.mx\/index.php\/wp-json\/wp\/v2\/media?parent=36763"}],"wp:term":[{"taxonomy":"category","embeddable":true,"href":"http:\/\/www.grieta.org.mx\/index.php\/wp-json\/wp\/v2\/categories?post=36763"},{"taxonomy":"post_tag","embeddable":true,"href":"http:\/\/www.grieta.org.mx\/index.php\/wp-json\/wp\/v2\/tags?post=36763"}],"curies":[{"name":"wp","href":"https:\/\/api.w.org\/{rel}","templated":true}]}}