{"id":36759,"date":"2019-07-19T13:04:34","date_gmt":"2019-07-19T18:04:34","guid":{"rendered":"http:\/\/www.grieta.org.mx\/?p=36759"},"modified":"2019-07-21T13:23:25","modified_gmt":"2019-07-21T18:23:25","slug":"trabajadores-de-gasera-denuncian-acoso-laboral-campeche","status":"publish","type":"post","link":"http:\/\/www.grieta.org.mx\/index.php\/2019\/07\/19\/trabajadores-de-gasera-denuncian-acoso-laboral-campeche\/","title":{"rendered":"Trabajadores de gasera denuncian acoso laboral (Campeche)"},"content":{"rendered":"<p><img loading=\"lazy\" decoding=\"async\" data-attachment-id=\"36761\" data-permalink=\"http:\/\/www.grieta.org.mx\/index.php\/2019\/07\/19\/trabajadores-de-gasera-denuncian-acoso-laboral-campeche\/gasera-campeche-65425\/\" data-orig-file=\"http:\/\/www.grieta.org.mx\/wp-content\/uploads\/2019\/07\/gasera-campeche-65425.jpg\" data-orig-size=\"800,600\" data-comments-opened=\"0\" data-image-meta=\"{&quot;aperture&quot;:&quot;10&quot;,&quot;credit&quot;:&quot;CRISTIAN SEGOVIA&quot;,&quot;camera&quot;:&quot;NIKON D7100&quot;,&quot;caption&quot;:&quot;&quot;,&quot;created_timestamp&quot;:&quot;1470136209&quot;,&quot;copyright&quot;:&quot;TRIBUNA&quot;,&quot;focal_length&quot;:&quot;300&quot;,&quot;iso&quot;:&quot;250&quot;,&quot;shutter_speed&quot;:&quot;0.005&quot;,&quot;title&quot;:&quot;&quot;,&quot;orientation&quot;:&quot;1&quot;}\" data-image-title=\"gasera-campeche-65425\" data-image-description=\"\" data-image-caption=\"\" data-medium-file=\"http:\/\/www.grieta.org.mx\/wp-content\/uploads\/2019\/07\/gasera-campeche-65425-300x225.jpg\" data-large-file=\"http:\/\/www.grieta.org.mx\/wp-content\/uploads\/2019\/07\/gasera-campeche-65425.jpg\" src=\"http:\/\/www.grieta.org.mx\/wp-content\/uploads\/2019\/07\/gasera-campeche-65425.jpg\" alt=\"\" width=\"800\" height=\"600\" class=\"alignleft size-full wp-image-36761\" srcset=\"http:\/\/www.grieta.org.mx\/wp-content\/uploads\/2019\/07\/gasera-campeche-65425.jpg 800w, http:\/\/www.grieta.org.mx\/wp-content\/uploads\/2019\/07\/gasera-campeche-65425-300x225.jpg 300w, http:\/\/www.grieta.org.mx\/wp-content\/uploads\/2019\/07\/gasera-campeche-65425-768x576.jpg 768w, http:\/\/www.grieta.org.mx\/wp-content\/uploads\/2019\/07\/gasera-campeche-65425-667x500.jpg 667w\" sizes=\"auto, (max-width: 800px) 100vw, 800px\" \/><\/p>\n<p>Campeche.com<br \/>\nUn total de 25 trabajadores de una gasera instalada en la ciudad capital, se sumaron a un paro de labores acusando acoso laboral por parte de sus superiores, se\u00f1alando que se les realizan adem\u00e1s cobros por da\u00f1os a cilindros de hasta 520 pesos, cuando afirman que no es su responsabilidad, y muchas veces ya salen da\u00f1ados de la planta.<\/p>\n<p>\u201cQueremos denunciar acoso laboral, adem\u00e1s nos est\u00e1n cobrando lo defectos de los cilindro y v\u00e1lvulas, quieren que los paguemos, es una licenciada la que nos est\u00e1 presionando a todos los trabajadores, a los de reparto que todo nos lo quiere cobrar, nuestra inconformidad es con ella, queremos que la destituyan, se llama Beatriz Ortega\u201d.<\/p>\n<p>Explicaron que un cilindro no puede permanecer mucho tiempo y ellos tienen que ver la manera de cambiarlo cuando est\u00e1 da\u00f1ado, \u201cy la empresa ya no quiere proveer esos gastos, que es lo que a nosotros nos est\u00e1n cobrando y por eso a veces ya no levantamos los tanques a los clientes y no porque no queramos hacerlo, sino porque la empresa nos corta las manos para hacerlo\u201d.<\/p>\n<p>Los afectados advirtieron que no saldr\u00e1n a laborar hasta que se les d\u00e9 una soluci\u00f3n, aunque comentaron que el gerente general no se encuentra en Campeche sino en Ciudad Ju\u00e1rez, aun as\u00ed, permanecer\u00e1n en la lucha buscando que mejoren sus condiciones de trabajo. <\/p>\n<p><a href=\"http:\/\/www.campeche.com.mx\/trabajadores-de-gasera-denuncian-acoso-laboral\/\" rel=\"noopener noreferrer\" target=\"_blank\">http:\/\/www.campeche.com.mx\/trabajadores-de-gasera-denuncian-acoso-laboral\/<\/a><\/p>\n","protected":false},"excerpt":{"rendered":"<p>Campeche.com Un total de 25 trabajadores de una gasera instalada en la ciudad capital, se sumaron a un paro de labores acusando acoso laboral por parte de sus superiores, se\u00f1alando &hellip; <a href=\"http:\/\/www.grieta.org.mx\/index.php\/2019\/07\/19\/trabajadores-de-gasera-denuncian-acoso-laboral-campeche\/\" class=\"more-link\">Leer m\u00e1s<\/a><\/p>\n","protected":false},"author":2,"featured_media":36761,"comment_status":"closed","ping_status":"closed","sticky":false,"template":"","format":"standard","meta":{"ngg_post_thumbnail":0,"_jetpack_newsletter_access":"","_jetpack_dont_email_post_to_subs":false,"_jetpack_newsletter_tier_id":0,"_jetpack_memberships_contains_paywalled_content":false,"_jetpack_memberships_contains_paid_content":false,"footnotes":""},"categories":[11,80,1040,2],"tags":[2054],"class_list":["post-36759","post","type-post","status-publish","format-standard","has-post-thumbnail","hentry","category-campeche","category-cintillo","category-conflictos-laborales-en-campeche","category-noticias-nacionales","tag-acoso-laboral","entry"],"jetpack_featured_media_url":"http:\/\/www.grieta.org.mx\/wp-content\/uploads\/2019\/07\/gasera-campeche-65425.jpg","jetpack_sharing_enabled":true,"jetpack_shortlink":"https:\/\/wp.me\/p7ZJR4-9yT","jetpack_likes_enabled":false,"jetpack-related-posts":[{"id":21418,"url":"http:\/\/www.grieta.org.mx\/index.php\/2016\/09\/10\/despiden-a-obreros-de-pasa-por-protestar-campeche\/","url_meta":{"origin":36759,"position":0},"title":"Despiden a obreros de PASA por protestar (Campeche)","author":"grieta","date":"10 septiembre, 2016","format":false,"excerpt":"En represalia por realizar una manifestaci\u00f3n por acoso laboral, los tres empleados de la empresa Promotora Ambiental de la Laguna S.A. de C.V. (PASA), fueron despedidos injustificadamente y sin recibir ninguna indemnizaci\u00f3n. Los obreros viajaron a la capital campechana para presentar su denuncia ante la Junta Local de Conciliaci\u00f3n y\u2026","rel":"","context":"En &quot;Campeche&quot;","block_context":{"text":"Campeche","link":"http:\/\/www.grieta.org.mx\/index.php\/category\/noticias-nacionales\/campeche\/"},"img":{"alt_text":"","src":"https:\/\/i0.wp.com\/www.grieta.org.mx\/wp-content\/uploads\/2018\/03\/14524434_1106112876131411_958039263622046936_o.jpg?resize=350%2C200","width":350,"height":200,"srcset":"https:\/\/i0.wp.com\/www.grieta.org.mx\/wp-content\/uploads\/2018\/03\/14524434_1106112876131411_958039263622046936_o.jpg?resize=350%2C200 1x, https:\/\/i0.wp.com\/www.grieta.org.mx\/wp-content\/uploads\/2018\/03\/14524434_1106112876131411_958039263622046936_o.jpg?resize=525%2C300 1.5x, https:\/\/i0.wp.com\/www.grieta.org.mx\/wp-content\/uploads\/2018\/03\/14524434_1106112876131411_958039263622046936_o.jpg?resize=700%2C400 2x"},"classes":[]},{"id":41340,"url":"http:\/\/www.grieta.org.mx\/index.php\/2019\/10\/21\/en-campeche-trabajadores-de-telecable-realizan-paro-laboral-por-maltratos\/","url_meta":{"origin":36759,"position":1},"title":"En Campeche, trabajadores de Telecable realizan paro laboral por maltratos","author":"grieta","date":"21 octubre, 2019","format":false,"excerpt":"Denuncian abusos por parte del gerente Javier Vidal Hern\u00e1ndez Jairo Maga\u00f1a\/ La Jornada Maya San Francisco de Campeche Aunque afirmaron que no habr\u00e1 problemas en el servicio que ofrece la empresa de televisi\u00f3n por cable Telecable, trabajadores de la misma realizaron un paro laboral alegando malos tratos, hostigamiento y abusos\u2026","rel":"","context":"En &quot;Campeche&quot;","block_context":{"text":"Campeche","link":"http:\/\/www.grieta.org.mx\/index.php\/category\/noticias-nacionales\/campeche\/"},"img":{"alt_text":"","src":"https:\/\/i0.wp.com\/www.grieta.org.mx\/wp-content\/uploads\/2019\/11\/Telecable.png?resize=350%2C200","width":350,"height":200,"srcset":"https:\/\/i0.wp.com\/www.grieta.org.mx\/wp-content\/uploads\/2019\/11\/Telecable.png?resize=350%2C200 1x, https:\/\/i0.wp.com\/www.grieta.org.mx\/wp-content\/uploads\/2019\/11\/Telecable.png?resize=525%2C300 1.5x, https:\/\/i0.wp.com\/www.grieta.org.mx\/wp-content\/uploads\/2019\/11\/Telecable.png?resize=700%2C400 2x"},"classes":[]},{"id":69786,"url":"http:\/\/www.grieta.org.mx\/index.php\/2024\/09\/09\/sindicalizados-del-ayuntamiento-de-campeche-protestan-ante-los-despidos-injustificados\/","url_meta":{"origin":36759,"position":2},"title":"Sindicalizados del Ayuntamiento de Campeche protestan ante los despidos injustificados","author":"grieta","date":"9 septiembre, 2024","format":false,"excerpt":"Wilbert Casanova Villamonte \/ Por Esto! Una fracci\u00f3n del Sindicato \u00danico de Trabajadores al Servicio del Gobierno Municipal (Sutsgm), presidida por Luis Fernando Chab Ruiz, llev\u00f3 a cabo una protesta en la sede del Ayuntamiento de Campeche. La manifestaci\u00f3n se centr\u00f3 en la demanda de que cesen los despidos que\u2026","rel":"","context":"En &quot;Campeche&quot;","block_context":{"text":"Campeche","link":"http:\/\/www.grieta.org.mx\/index.php\/category\/noticias-nacionales\/campeche\/"},"img":{"alt_text":"","src":"https:\/\/i0.wp.com\/www.grieta.org.mx\/wp-content\/uploads\/2024\/09\/Despidos-e1727142053526.jpg?resize=350%2C200","width":350,"height":200,"srcset":"https:\/\/i0.wp.com\/www.grieta.org.mx\/wp-content\/uploads\/2024\/09\/Despidos-e1727142053526.jpg?resize=350%2C200 1x, https:\/\/i0.wp.com\/www.grieta.org.mx\/wp-content\/uploads\/2024\/09\/Despidos-e1727142053526.jpg?resize=525%2C300 1.5x, https:\/\/i0.wp.com\/www.grieta.org.mx\/wp-content\/uploads\/2024\/09\/Despidos-e1727142053526.jpg?resize=700%2C400 2x"},"classes":[]},{"id":7238,"url":"http:\/\/www.grieta.org.mx\/index.php\/2015\/04\/07\/tras-denunciar-acoso-laboral-y-sexual-20-trabajadores-de-mazda-en-salamanca-son-despedidos\/","url_meta":{"origin":36759,"position":3},"title":"Tras denunciar acoso laboral y sexual, 20 trabajadores de Mazda en Salamanca son despedidos","author":"grieta","date":"7 abril, 2015","format":false,"excerpt":"Daniel Renter\u00eda Le\u00f3n, Guanajuato, 7 de abril (SinEmbargo\/Zona Franca).\u2013 Ex trabajadores de la armadora Mazda del municipio de Salamanca, Guanajuato, denunciaron el despido injustificado de 20 elementos. Afirmaron que previamente hab\u00edan denunciado por acoso laboral y sexual a un superior y que el sindicato les neg\u00f3 el apoyo ante tal\u2026","rel":"","context":"En &quot;CINTILLO&quot;","block_context":{"text":"CINTILLO","link":"http:\/\/www.grieta.org.mx\/index.php\/category\/cintillo\/"},"img":{"alt_text":"","src":"https:\/\/i0.wp.com\/www.grieta.org.mx\/wp-content\/uploads\/2018\/03\/14524434_1106112876131411_958039263622046936_o.jpg?resize=350%2C200","width":350,"height":200,"srcset":"https:\/\/i0.wp.com\/www.grieta.org.mx\/wp-content\/uploads\/2018\/03\/14524434_1106112876131411_958039263622046936_o.jpg?resize=350%2C200 1x, https:\/\/i0.wp.com\/www.grieta.org.mx\/wp-content\/uploads\/2018\/03\/14524434_1106112876131411_958039263622046936_o.jpg?resize=525%2C300 1.5x, https:\/\/i0.wp.com\/www.grieta.org.mx\/wp-content\/uploads\/2018\/03\/14524434_1106112876131411_958039263622046936_o.jpg?resize=700%2C400 2x"},"classes":[]},{"id":25391,"url":"http:\/\/www.grieta.org.mx\/index.php\/2018\/08\/07\/empleados-de-maquiladora-en-sonora-denuncian-a-gerente-por-acoso-laboral\/","url_meta":{"origin":36759,"position":4},"title":"Empleados de maquiladora en Sonora denuncian a gerente por acoso laboral","author":"grieta","date":"7 agosto, 2018","format":false,"excerpt":"La Silla Rota\/ e-consulta Veracruz Hermosillo, Sonora.- Alrededor de 2 mil 800 trabajadores de la empresa de fabricaci\u00f3n de arneses Leoni, realizan una huelga laboral debido al mal trato del gerente, Victor Burciaga, por lo que mantienen una protesta pac\u00edfica fuera de la compa\u00f1\u00eda. Yadira Quintero, empleada de la empresa,\u2026","rel":"","context":"En &quot;CINTILLO&quot;","block_context":{"text":"CINTILLO","link":"http:\/\/www.grieta.org.mx\/index.php\/category\/cintillo\/"},"img":{"alt_text":"","src":"https:\/\/i0.wp.com\/www.grieta.org.mx\/wp-content\/uploads\/2018\/08\/leonibandera.jpg?resize=350%2C200","width":350,"height":200,"srcset":"https:\/\/i0.wp.com\/www.grieta.org.mx\/wp-content\/uploads\/2018\/08\/leonibandera.jpg?resize=350%2C200 1x, https:\/\/i0.wp.com\/www.grieta.org.mx\/wp-content\/uploads\/2018\/08\/leonibandera.jpg?resize=525%2C300 1.5x, https:\/\/i0.wp.com\/www.grieta.org.mx\/wp-content\/uploads\/2018\/08\/leonibandera.jpg?resize=700%2C400 2x"},"classes":[]},{"id":21091,"url":"http:\/\/www.grieta.org.mx\/index.php\/2016\/09\/04\/se-quejan-trabajadores-de-salud-de-presunto-acoso-laboral-oaxaca\/","url_meta":{"origin":36759,"position":5},"title":"Se quejan trabajadores de salud de presunto acoso laboral  (OAXACA)","author":"grieta","date":"4 septiembre, 2016","format":false,"excerpt":"Luis Jer\u00f3nimo, Oaxaca. OAXACA, Oax., 4 de septiembre de 2016.- Integrantes de la Secci\u00f3n 9 del Sindicato Independiente Nacional de Trabajadores de Salud (SINTS) se quejaron de un presunto hostigamiento laboral en su contra y supuestos malos manejos en los recursos p\u00fablicos. Los inconformes, que mantienen desde hace dos d\u00edas\u2026","rel":"","context":"En &quot;CINTILLO&quot;","block_context":{"text":"CINTILLO","link":"http:\/\/www.grieta.org.mx\/index.php\/category\/cintillo\/"},"img":{"alt_text":"","src":"https:\/\/i0.wp.com\/www.grieta.org.mx\/wp-content\/uploads\/2018\/03\/14524434_1106112876131411_958039263622046936_o.jpg?resize=350%2C200","width":350,"height":200,"srcset":"https:\/\/i0.wp.com\/www.grieta.org.mx\/wp-content\/uploads\/2018\/03\/14524434_1106112876131411_958039263622046936_o.jpg?resize=350%2C200 1x, https:\/\/i0.wp.com\/www.grieta.org.mx\/wp-content\/uploads\/2018\/03\/14524434_1106112876131411_958039263622046936_o.jpg?resize=525%2C300 1.5x, https:\/\/i0.wp.com\/www.grieta.org.mx\/wp-content\/uploads\/2018\/03\/14524434_1106112876131411_958039263622046936_o.jpg?resize=700%2C400 2x"},"classes":[]}],"_links":{"self":[{"href":"http:\/\/www.grieta.org.mx\/index.php\/wp-json\/wp\/v2\/posts\/36759","targetHints":{"allow":["GET"]}}],"collection":[{"href":"http:\/\/www.grieta.org.mx\/index.php\/wp-json\/wp\/v2\/posts"}],"about":[{"href":"http:\/\/www.grieta.org.mx\/index.php\/wp-json\/wp\/v2\/types\/post"}],"author":[{"embeddable":true,"href":"http:\/\/www.grieta.org.mx\/index.php\/wp-json\/wp\/v2\/users\/2"}],"replies":[{"embeddable":true,"href":"http:\/\/www.grieta.org.mx\/index.php\/wp-json\/wp\/v2\/comments?post=36759"}],"version-history":[{"count":1,"href":"http:\/\/www.grieta.org.mx\/index.php\/wp-json\/wp\/v2\/posts\/36759\/revisions"}],"predecessor-version":[{"id":36766,"href":"http:\/\/www.grieta.org.mx\/index.php\/wp-json\/wp\/v2\/posts\/36759\/revisions\/36766"}],"wp:featuredmedia":[{"embeddable":true,"href":"http:\/\/www.grieta.org.mx\/index.php\/wp-json\/wp\/v2\/media\/36761"}],"wp:attachment":[{"href":"http:\/\/www.grieta.org.mx\/index.php\/wp-json\/wp\/v2\/media?parent=36759"}],"wp:term":[{"taxonomy":"category","embeddable":true,"href":"http:\/\/www.grieta.org.mx\/index.php\/wp-json\/wp\/v2\/categories?post=36759"},{"taxonomy":"post_tag","embeddable":true,"href":"http:\/\/www.grieta.org.mx\/index.php\/wp-json\/wp\/v2\/tags?post=36759"}],"curies":[{"name":"wp","href":"https:\/\/api.w.org\/{rel}","templated":true}]}}