{"id":36674,"date":"2019-07-04T11:46:52","date_gmt":"2019-07-04T16:46:52","guid":{"rendered":"http:\/\/www.grieta.org.mx\/?p=36674"},"modified":"2019-07-20T12:04:18","modified_gmt":"2019-07-20T17:04:18","slug":"trabajadores-despedidos-de-notimex-se-manifiestan-en-palacio-nacional","status":"publish","type":"post","link":"http:\/\/www.grieta.org.mx\/index.php\/2019\/07\/04\/trabajadores-despedidos-de-notimex-se-manifiestan-en-palacio-nacional\/","title":{"rendered":"Trabajadores despedidos de Notimex se manifiestan en Palacio Nacional"},"content":{"rendered":"<figure id=\"attachment_36678\" aria-describedby=\"caption-attachment-36678\" style=\"width: 800px\" class=\"wp-caption alignleft\"><img loading=\"lazy\" decoding=\"async\" data-attachment-id=\"36678\" data-permalink=\"http:\/\/www.grieta.org.mx\/index.php\/2019\/07\/04\/trabajadores-despedidos-de-notimex-se-manifiestan-en-palacio-nacional\/9090faf6-whatsapp-image-2019-07-04-at-7-53-39-am-1024x768\/\" data-orig-file=\"http:\/\/www.grieta.org.mx\/wp-content\/uploads\/2019\/07\/9090faf6-whatsapp-image-2019-07-04-at-7.53.39-am-1024x768.jpeg\" data-orig-size=\"1024,768\" data-comments-opened=\"0\" data-image-meta=\"{&quot;aperture&quot;:&quot;0&quot;,&quot;credit&quot;:&quot;&quot;,&quot;camera&quot;:&quot;&quot;,&quot;caption&quot;:&quot;&quot;,&quot;created_timestamp&quot;:&quot;0&quot;,&quot;copyright&quot;:&quot;&quot;,&quot;focal_length&quot;:&quot;0&quot;,&quot;iso&quot;:&quot;0&quot;,&quot;shutter_speed&quot;:&quot;0&quot;,&quot;title&quot;:&quot;&quot;,&quot;orientation&quot;:&quot;0&quot;}\" data-image-title=\"9090faf6-whatsapp-image-2019-07-04-at-7.53.39-am-1024&amp;#215;768\" data-image-description=\"\" data-image-caption=\"&lt;p&gt;Foto: Especial\/MVS&lt;\/p&gt;\n\" data-medium-file=\"http:\/\/www.grieta.org.mx\/wp-content\/uploads\/2019\/07\/9090faf6-whatsapp-image-2019-07-04-at-7.53.39-am-1024x768-300x225.jpeg\" data-large-file=\"http:\/\/www.grieta.org.mx\/wp-content\/uploads\/2019\/07\/9090faf6-whatsapp-image-2019-07-04-at-7.53.39-am-1024x768-1024x768.jpeg\" class=\"wp-image-36678\" src=\"http:\/\/www.grieta.org.mx\/wp-content\/uploads\/2019\/07\/9090faf6-whatsapp-image-2019-07-04-at-7.53.39-am-1024x768.jpeg\" alt=\"\" width=\"800\" height=\"600\" srcset=\"http:\/\/www.grieta.org.mx\/wp-content\/uploads\/2019\/07\/9090faf6-whatsapp-image-2019-07-04-at-7.53.39-am-1024x768.jpeg 1024w, http:\/\/www.grieta.org.mx\/wp-content\/uploads\/2019\/07\/9090faf6-whatsapp-image-2019-07-04-at-7.53.39-am-1024x768-300x225.jpeg 300w, http:\/\/www.grieta.org.mx\/wp-content\/uploads\/2019\/07\/9090faf6-whatsapp-image-2019-07-04-at-7.53.39-am-1024x768-768x576.jpeg 768w, http:\/\/www.grieta.org.mx\/wp-content\/uploads\/2019\/07\/9090faf6-whatsapp-image-2019-07-04-at-7.53.39-am-1024x768-667x500.jpeg 667w\" sizes=\"auto, (max-width: 800px) 100vw, 800px\" \/><figcaption id=\"caption-attachment-36678\" class=\"wp-caption-text\">Foto: Especial\/MVS<\/figcaption><\/figure>\n<p>Roc\u00edo M\u00e9ndez\/MVS<br \/>\nLa madrugada de este jueves, m\u00e1s de 100 trabajadores despedidos de Notimex, entre redactores, fot\u00f3grafos, camar\u00f3grafos, editores, reporteros \u2014con experiencia de 25 a 30 a\u00f1os de servicio y algunos de ellos con premios nacionales de periodismo\u2014 piden reinstalaci\u00f3n a sus tareas period\u00edsticas al presidente Andr\u00e9s Manuel L\u00f3pez Obrador ante los despidos arbitrarios. \u201cEl presidente se comprometi\u00f3 a no despedirnos, que iba a hacer la limpia de arriba hacia abajo; en Notimex ha sido al rev\u00e9s\u201d, reclamaron a las puertas de Palacio Nacional.<\/p>\n<figure id=\"attachment_36679\" aria-describedby=\"caption-attachment-36679\" style=\"width: 800px\" class=\"wp-caption alignleft\"><img loading=\"lazy\" decoding=\"async\" data-attachment-id=\"36679\" data-permalink=\"http:\/\/www.grieta.org.mx\/index.php\/2019\/07\/04\/trabajadores-despedidos-de-notimex-se-manifiestan-en-palacio-nacional\/f7110163-whatsapp-image-2019-07-04-at-7-53-39-am-1-1024x768\/\" data-orig-file=\"http:\/\/www.grieta.org.mx\/wp-content\/uploads\/2019\/07\/f7110163-whatsapp-image-2019-07-04-at-7.53.39-am-1-1024x768.jpeg\" data-orig-size=\"1024,768\" data-comments-opened=\"0\" data-image-meta=\"{&quot;aperture&quot;:&quot;0&quot;,&quot;credit&quot;:&quot;&quot;,&quot;camera&quot;:&quot;&quot;,&quot;caption&quot;:&quot;&quot;,&quot;created_timestamp&quot;:&quot;0&quot;,&quot;copyright&quot;:&quot;&quot;,&quot;focal_length&quot;:&quot;0&quot;,&quot;iso&quot;:&quot;0&quot;,&quot;shutter_speed&quot;:&quot;0&quot;,&quot;title&quot;:&quot;&quot;,&quot;orientation&quot;:&quot;0&quot;}\" data-image-title=\"f7110163-whatsapp-image-2019-07-04-at-7.53.39-am-1-1024&amp;#215;768\" data-image-description=\"\" data-image-caption=\"&lt;p&gt;Foto: Especial\/MVS&lt;\/p&gt;\n\" data-medium-file=\"http:\/\/www.grieta.org.mx\/wp-content\/uploads\/2019\/07\/f7110163-whatsapp-image-2019-07-04-at-7.53.39-am-1-1024x768-300x225.jpeg\" data-large-file=\"http:\/\/www.grieta.org.mx\/wp-content\/uploads\/2019\/07\/f7110163-whatsapp-image-2019-07-04-at-7.53.39-am-1-1024x768-1024x768.jpeg\" class=\"wp-image-36679\" src=\"http:\/\/www.grieta.org.mx\/wp-content\/uploads\/2019\/07\/f7110163-whatsapp-image-2019-07-04-at-7.53.39-am-1-1024x768.jpeg\" alt=\"\" width=\"800\" height=\"600\" srcset=\"http:\/\/www.grieta.org.mx\/wp-content\/uploads\/2019\/07\/f7110163-whatsapp-image-2019-07-04-at-7.53.39-am-1-1024x768.jpeg 1024w, http:\/\/www.grieta.org.mx\/wp-content\/uploads\/2019\/07\/f7110163-whatsapp-image-2019-07-04-at-7.53.39-am-1-1024x768-300x225.jpeg 300w, http:\/\/www.grieta.org.mx\/wp-content\/uploads\/2019\/07\/f7110163-whatsapp-image-2019-07-04-at-7.53.39-am-1-1024x768-768x576.jpeg 768w, http:\/\/www.grieta.org.mx\/wp-content\/uploads\/2019\/07\/f7110163-whatsapp-image-2019-07-04-at-7.53.39-am-1-1024x768-667x500.jpeg 667w\" sizes=\"auto, (max-width: 800px) 100vw, 800px\" \/><figcaption id=\"caption-attachment-36679\" class=\"wp-caption-text\">Foto: Especial\/MVS<\/figcaption><\/figure>\n<p>Denunciaron que han sido expulsados por polic\u00edas de la agencia de noticias, 70 trabajadores de base, 10 de honorarios, siete de confianza, seis directores de \u00e1rea y seis subdirectores, s\u00f3lo bajo el argumento de medidas de austeridad.<\/p>\n<blockquote class=\"twitter-tweet\" data-width=\"550\" data-dnt=\"true\">\n<p lang=\"es\" dir=\"ltr\">Trabajadores despedidos de <a href=\"https:\/\/twitter.com\/Notimex?ref_src=twsrc%5Etfw\">@Notimex<\/a> se manifiestan en Palacio Nacional; piden al presidente <a href=\"https:\/\/twitter.com\/lopezobrador_?ref_src=twsrc%5Etfw\">@lopezobrador_<\/a> la reinstalaci\u00f3n a sus tareas period\u00edsticas.<a href=\"https:\/\/t.co\/0f6ZzDrs9U\">https:\/\/t.co\/0f6ZzDrs9U<\/a> <a href=\"https:\/\/t.co\/so36HX7p0K\">pic.twitter.com\/so36HX7p0K<\/a><\/p>\n<p>&mdash; MVS Noticias (@MVSNoticias) <a href=\"https:\/\/twitter.com\/MVSNoticias\/status\/1146763258449338368?ref_src=twsrc%5Etfw\">July 4, 2019<\/a><\/p><\/blockquote>\n<p><script async src=\"https:\/\/platform.twitter.com\/widgets.js\" charset=\"utf-8\"><\/script><\/p>\n<p>Los inconformes se\u00f1alaron que su expulsi\u00f3n de la agencia informativa del estado mexicano se ha dado en medio de una abierta violaci\u00f3n a sus derechos laborales, sin respetar las cl\u00e1usulas del Contrato Colectivo de Trabajo vigente; adem\u00e1s, ni siquiera se ha completado su liquidaci\u00f3n. Entre las cl\u00e1usulas del contrato colectivo de trabajo se establece que \u201cen caso de despido, el trabajador deber\u00e1 recibir la cantidad de tres meses de sueldo como indemnizaci\u00f3n y la prima de antig\u00fcedad que corresponde por ley\u201d y que \u201ccualquier reajuste de personal solo se podr\u00e1 hacerse si se conviene con el sindicato y se paga a los trabajadores reajustados tres meses de salario\u201d. Al grito de \u201cfuera Sanjuana\u201d los trabajadores despedidos de Notimex acusan que la nueva directora de la agencia, Sanjuana Mart\u00ednez, ha integrado a su equipo a personas que \u201cno cumplen con el perfil\u201d; tambi\u00e9n demandaron su plan de trabajo aprobado por la Junta de Gobierno de dicho \u00f3rgano del Estado.<\/p>\n<figure id=\"attachment_36680\" aria-describedby=\"caption-attachment-36680\" style=\"width: 800px\" class=\"wp-caption alignleft\"><img loading=\"lazy\" decoding=\"async\" data-attachment-id=\"36680\" data-permalink=\"http:\/\/www.grieta.org.mx\/index.php\/2019\/07\/04\/trabajadores-despedidos-de-notimex-se-manifiestan-en-palacio-nacional\/da78b280-whatsapp-image-2019-07-04-at-7-53-39-am-2-1024x768\/\" data-orig-file=\"http:\/\/www.grieta.org.mx\/wp-content\/uploads\/2019\/07\/da78b280-whatsapp-image-2019-07-04-at-7.53.39-am-2-1024x768.jpeg\" data-orig-size=\"1024,768\" data-comments-opened=\"0\" data-image-meta=\"{&quot;aperture&quot;:&quot;0&quot;,&quot;credit&quot;:&quot;&quot;,&quot;camera&quot;:&quot;&quot;,&quot;caption&quot;:&quot;&quot;,&quot;created_timestamp&quot;:&quot;0&quot;,&quot;copyright&quot;:&quot;&quot;,&quot;focal_length&quot;:&quot;0&quot;,&quot;iso&quot;:&quot;0&quot;,&quot;shutter_speed&quot;:&quot;0&quot;,&quot;title&quot;:&quot;&quot;,&quot;orientation&quot;:&quot;0&quot;}\" data-image-title=\"da78b280-whatsapp-image-2019-07-04-at-7.53.39-am-2-1024&amp;#215;768\" data-image-description=\"\" data-image-caption=\"&lt;p&gt;Foto: Especial\/MVS&lt;\/p&gt;\n\" data-medium-file=\"http:\/\/www.grieta.org.mx\/wp-content\/uploads\/2019\/07\/da78b280-whatsapp-image-2019-07-04-at-7.53.39-am-2-1024x768-300x225.jpeg\" data-large-file=\"http:\/\/www.grieta.org.mx\/wp-content\/uploads\/2019\/07\/da78b280-whatsapp-image-2019-07-04-at-7.53.39-am-2-1024x768-1024x768.jpeg\" class=\"wp-image-36680\" src=\"http:\/\/www.grieta.org.mx\/wp-content\/uploads\/2019\/07\/da78b280-whatsapp-image-2019-07-04-at-7.53.39-am-2-1024x768.jpeg\" alt=\"\" width=\"800\" height=\"600\" srcset=\"http:\/\/www.grieta.org.mx\/wp-content\/uploads\/2019\/07\/da78b280-whatsapp-image-2019-07-04-at-7.53.39-am-2-1024x768.jpeg 1024w, http:\/\/www.grieta.org.mx\/wp-content\/uploads\/2019\/07\/da78b280-whatsapp-image-2019-07-04-at-7.53.39-am-2-1024x768-300x225.jpeg 300w, http:\/\/www.grieta.org.mx\/wp-content\/uploads\/2019\/07\/da78b280-whatsapp-image-2019-07-04-at-7.53.39-am-2-1024x768-768x576.jpeg 768w, http:\/\/www.grieta.org.mx\/wp-content\/uploads\/2019\/07\/da78b280-whatsapp-image-2019-07-04-at-7.53.39-am-2-1024x768-667x500.jpeg 667w\" sizes=\"auto, (max-width: 800px) 100vw, 800px\" \/><figcaption id=\"caption-attachment-36680\" class=\"wp-caption-text\">Foto: Especial\/MVS<\/figcaption><\/figure>\n<p>En un documento difundido por los trabajadores despedidos, reclaman que \u201cpor 18 a\u00f1os fuimos v\u00edctimas de la corrupci\u00f3n de la gesti\u00f3n del secretario general del Sindicato, Conrado Garc\u00eda Velasco y que confiamos terminar\u00eda con la llegada de Sanjuana Mart\u00ednez. Sin embargo, nos sentimos agraviados, desilusionados y traicionados por las actuales decisiones que se han tomado, que hoy nos han dejado sin empleo, sin oportunidades reales de trabajo y sin sustento para nuestras familias\u201d. Al momento gritan a las puertas del edificio de gobierno federal \u201calto a los despidos en Notimex\u201d y \u201creinstalaci\u00f3n, no liquidaci\u00f3n\u201d.<\/p>\n<p>Nota de MVS Noticias: https:\/\/mvsnoticias.com\/noticias\/nacionales\/trabajadores-despedidos-de-notimex-se-manifiestan-en-palacio-nacional\/<\/p>\n","protected":false},"excerpt":{"rendered":"<p>Roc\u00edo M\u00e9ndez\/MVS La madrugada de este jueves, m\u00e1s de 100 trabajadores despedidos de Notimex, entre redactores, fot\u00f3grafos, camar\u00f3grafos, editores, reporteros \u2014con experiencia de 25 a 30 a\u00f1os de servicio y &hellip; <a href=\"http:\/\/www.grieta.org.mx\/index.php\/2019\/07\/04\/trabajadores-despedidos-de-notimex-se-manifiestan-en-palacio-nacional\/\" class=\"more-link\">Leer m\u00e1s<\/a><\/p>\n","protected":false},"author":2,"featured_media":36678,"comment_status":"closed","ping_status":"closed","sticky":false,"template":"","format":"standard","meta":{"ngg_post_thumbnail":0,"_jetpack_newsletter_access":"","_jetpack_dont_email_post_to_subs":false,"_jetpack_newsletter_tier_id":0,"_jetpack_memberships_contains_paywalled_content":false,"_jetpack_memberships_contains_paid_content":false,"footnotes":""},"categories":[80,14,1080,2],"tags":[105,163,2105],"class_list":["post-36674","post","type-post","status-publish","format-standard","has-post-thumbnail","hentry","category-cintillo","category-ciudad-de-mexico","category-conflictos-laborales-en-la-ciudad-de-mexico","category-noticias-nacionales","tag-derechos-laborales","tag-despidos","tag-despidos-masivos","entry"],"jetpack_featured_media_url":"http:\/\/www.grieta.org.mx\/wp-content\/uploads\/2019\/07\/9090faf6-whatsapp-image-2019-07-04-at-7.53.39-am-1024x768.jpeg","jetpack_sharing_enabled":true,"jetpack_shortlink":"https:\/\/wp.me\/p7ZJR4-9xw","jetpack_likes_enabled":false,"jetpack-related-posts":[{"id":36694,"url":"http:\/\/www.grieta.org.mx\/index.php\/2019\/07\/19\/ignora-amlo-a-trabajadores-de-notimex-y-da-espaldarazo-a-sanjuana-martinez\/","url_meta":{"origin":36674,"position":0},"title":"Ignora AMLO a trabajadores de Notimex y da espaldarazo a Sanjuana Mart\u00ednez","author":"grieta","date":"19 julio, 2019","format":false,"excerpt":"Redacci\u00f3n\/Etc\u00e9tera Mientras que a los trabajadores de Notimex despedidos sin liquidaci\u00f3n por la directora Sanjuana Mart\u00ednez se les niega audiencia en Palacio Nacional, dentro del recinto, el presidente Andr\u00e9s Manuel L\u00f3pez Obrador lanz\u00f3 nuevos encomios a la funcionaria a quien calific\u00f3 de \u201cgran servidora p\u00fablica\u201d. De esta manera, el presidente\u2026","rel":"","context":"En &quot;CINTILLO&quot;","block_context":{"text":"CINTILLO","link":"http:\/\/www.grieta.org.mx\/index.php\/category\/cintillo\/"},"img":{"alt_text":"","src":"https:\/\/i0.wp.com\/www.grieta.org.mx\/wp-content\/uploads\/2019\/07\/trabajadores-notimex-protestan-afuera-palacio_61_0_1158_720-617x347.jpeg?resize=350%2C200","width":350,"height":200,"srcset":"https:\/\/i0.wp.com\/www.grieta.org.mx\/wp-content\/uploads\/2019\/07\/trabajadores-notimex-protestan-afuera-palacio_61_0_1158_720-617x347.jpeg?resize=350%2C200 1x, https:\/\/i0.wp.com\/www.grieta.org.mx\/wp-content\/uploads\/2019\/07\/trabajadores-notimex-protestan-afuera-palacio_61_0_1158_720-617x347.jpeg?resize=525%2C300 1.5x"},"classes":[]},{"id":39889,"url":"http:\/\/www.grieta.org.mx\/index.php\/2019\/09\/23\/extrabajadores-de-notimex-exigen-liquidacion\/","url_meta":{"origin":36674,"position":1},"title":"Extrabajadores de Notimex exigen liquidaci\u00f3n","author":"grieta","date":"23 septiembre, 2019","format":false,"excerpt":"Redacci\u00f3n\/Proceso CIUDAD DE M\u00c9XICO (apro).- Trabajadores despedidos de Notimex aseguran que siguen sin recibir el pago de su liquidaci\u00f3n pese a que, el 20 de agosto, el presidente Andr\u00e9s Manuel L\u00f3pez Obrador dijo que ese mismo d\u00eda recibir\u00edan su indemnizaci\u00f3n. \u201c\u00bfSer\u00e1 acaso que sus instrucciones no son escuchadas ni acatadas\u2026","rel":"","context":"En &quot;CINTILLO&quot;","block_context":{"text":"CINTILLO","link":"http:\/\/www.grieta.org.mx\/index.php\/category\/cintillo\/"},"img":{"alt_text":"","src":"https:\/\/i0.wp.com\/www.grieta.org.mx\/wp-content\/uploads\/2019\/10\/1a8c55557d05994519-190719-notimex-em-1-1-870x522.jpg?resize=350%2C200","width":350,"height":200,"srcset":"https:\/\/i0.wp.com\/www.grieta.org.mx\/wp-content\/uploads\/2019\/10\/1a8c55557d05994519-190719-notimex-em-1-1-870x522.jpg?resize=350%2C200 1x, https:\/\/i0.wp.com\/www.grieta.org.mx\/wp-content\/uploads\/2019\/10\/1a8c55557d05994519-190719-notimex-em-1-1-870x522.jpg?resize=525%2C300 1.5x, https:\/\/i0.wp.com\/www.grieta.org.mx\/wp-content\/uploads\/2019\/10\/1a8c55557d05994519-190719-notimex-em-1-1-870x522.jpg?resize=700%2C400 2x"},"classes":[]},{"id":36688,"url":"http:\/\/www.grieta.org.mx\/index.php\/2019\/07\/12\/notimex-viola-acuerdos-y-rompe-negociaciones-con-trabajadores-despedidos\/","url_meta":{"origin":36674,"position":2},"title":"Notimex viola acuerdos y rompe negociaciones con trabajadores despedidos","author":"grieta","date":"12 julio, 2019","format":false,"excerpt":"\u00a0 Vicente Guti\u00e9rrez\/El Econoista Un grupo de periodistas y trabajadores de Notimex (Agencia de Noticias del Estado Mexicano) que fueron despedidos de manera injusta decidieron en un acto de buena fe y por intervenci\u00f3n de la Presidencia de la Rep\u00fablica sentarse a dialogar con las autoridades de la instituci\u00f3n con\u2026","rel":"","context":"En &quot;CINTILLO&quot;","block_context":{"text":"CINTILLO","link":"http:\/\/www.grieta.org.mx\/index.php\/category\/cintillo\/"},"img":{"alt_text":"","src":"https:\/\/i0.wp.com\/www.grieta.org.mx\/wp-content\/uploads\/2019\/07\/sanjuana_notimex_andres_manuel.jpg_578925998.jpg?resize=350%2C200","width":350,"height":200,"srcset":"https:\/\/i0.wp.com\/www.grieta.org.mx\/wp-content\/uploads\/2019\/07\/sanjuana_notimex_andres_manuel.jpg_578925998.jpg?resize=350%2C200 1x, https:\/\/i0.wp.com\/www.grieta.org.mx\/wp-content\/uploads\/2019\/07\/sanjuana_notimex_andres_manuel.jpg_578925998.jpg?resize=525%2C300 1.5x, https:\/\/i0.wp.com\/www.grieta.org.mx\/wp-content\/uploads\/2019\/07\/sanjuana_notimex_andres_manuel.jpg_578925998.jpg?resize=700%2C400 2x"},"classes":[]},{"id":36686,"url":"http:\/\/www.grieta.org.mx\/index.php\/2019\/07\/10\/en-notimex-despidos-ilegales-y-violentos\/","url_meta":{"origin":36674,"position":3},"title":"En Notimex, despidos \u201cilegales\u201d y \u201cviolentos\u201d","author":"grieta","date":"10 julio, 2019","format":false,"excerpt":"Neldy San Mart\u00edn\/Proceso El adelgazamiento de los medios p\u00fablicos golpe\u00f3 ahora a Notimex, la agencia de noticias del Estado. Con el argumento de que se aplican la ley de austeridad y un memor\u00e1ndum presidencial, la direcci\u00f3n general ha cesado a un centenar de trabajadores. Algunos de ellos concedieron a Proceso\u2026","rel":"","context":"En &quot;CINTILLO&quot;","block_context":{"text":"CINTILLO","link":"http:\/\/www.grieta.org.mx\/index.php\/category\/cintillo\/"},"img":{"alt_text":"","src":"https:\/\/i0.wp.com\/www.grieta.org.mx\/wp-content\/uploads\/2019\/07\/Nueva-protesta-de-trabajadores-de-Canal-Once-en-Palacio-Nacional-Foto-Germ%C3%A1n-Canseco.jpeg?resize=350%2C200","width":350,"height":200,"srcset":"https:\/\/i0.wp.com\/www.grieta.org.mx\/wp-content\/uploads\/2019\/07\/Nueva-protesta-de-trabajadores-de-Canal-Once-en-Palacio-Nacional-Foto-Germ%C3%A1n-Canseco.jpeg?resize=350%2C200 1x, https:\/\/i0.wp.com\/www.grieta.org.mx\/wp-content\/uploads\/2019\/07\/Nueva-protesta-de-trabajadores-de-Canal-Once-en-Palacio-Nacional-Foto-Germ%C3%A1n-Canseco.jpeg?resize=525%2C300 1.5x, https:\/\/i0.wp.com\/www.grieta.org.mx\/wp-content\/uploads\/2019\/07\/Nueva-protesta-de-trabajadores-de-Canal-Once-en-Palacio-Nacional-Foto-Germ%C3%A1n-Canseco.jpeg?resize=700%2C400 2x"},"classes":[]},{"id":47171,"url":"http:\/\/www.grieta.org.mx\/index.php\/2020\/04\/01\/realizan-despidos-masivos-de-trabajadores-vallartenses-nayarit\/","url_meta":{"origin":36674,"position":4},"title":"Realizan despidos masivos de trabajadores vallartenses (Nayarit)","author":"grieta","date":"1 abril, 2020","format":false,"excerpt":"Foto: Cortes\u00eda Javier Fr\u00edas \/ UDGTV Al menos 50 trabajadores del Grupo Vidanta, ubicado en el municipio de Bah\u00eda de Banderas, Nayarit,\u00a0fueron despedidos sin previo aviso y sin una explicaci\u00f3n\u00a0acerca de qu\u00e9 pasar\u00e1 con ellos. El grupo de personas, en su mayor\u00eda habitantes de Puerto Vallarta que se trasladan diariamente\u2026","rel":"","context":"En &quot;CINTILLO&quot;","block_context":{"text":"CINTILLO","link":"http:\/\/www.grieta.org.mx\/index.php\/category\/cintillo\/"},"img":{"alt_text":"","src":"https:\/\/i0.wp.com\/www.grieta.org.mx\/wp-content\/uploads\/2020\/04\/WhatsApp-Image-2020-04-01-at-16.54.05-696x522.jpeg?resize=350%2C200","width":350,"height":200,"srcset":"https:\/\/i0.wp.com\/www.grieta.org.mx\/wp-content\/uploads\/2020\/04\/WhatsApp-Image-2020-04-01-at-16.54.05-696x522.jpeg?resize=350%2C200 1x, https:\/\/i0.wp.com\/www.grieta.org.mx\/wp-content\/uploads\/2020\/04\/WhatsApp-Image-2020-04-01-at-16.54.05-696x522.jpeg?resize=525%2C300 1.5x"},"classes":[]},{"id":33529,"url":"http:\/\/www.grieta.org.mx\/index.php\/2019\/05\/06\/toman-conafe-por-despidos-injustificados\/","url_meta":{"origin":36674,"position":5},"title":"Toman Conafe por despidos injustificados","author":"grieta","date":"6 mayo, 2019","format":false,"excerpt":"ALBERTO MORONES | NTRZACATECAS.COM Zacatecas.- Personal del Consejo Nacional del Fomento Educativo (Conafe) tomaron las oficinas generales y centros regionales en la entidad, tras el despido injustificado de 16 trabajadores por \u201cordenes presidenciales\u201d. Carlos Javier Cerros de la Cruz, trabajador afectado detall\u00f3 que apenas el pasado viernes 3 de mayo\u2026","rel":"","context":"En &quot;CINTILLO&quot;","block_context":{"text":"CINTILLO","link":"http:\/\/www.grieta.org.mx\/index.php\/category\/cintillo\/"},"img":{"alt_text":"","src":"https:\/\/i0.wp.com\/www.grieta.org.mx\/wp-content\/uploads\/2019\/05\/z2-3.jpeg?resize=350%2C200","width":350,"height":200,"srcset":"https:\/\/i0.wp.com\/www.grieta.org.mx\/wp-content\/uploads\/2019\/05\/z2-3.jpeg?resize=350%2C200 1x, https:\/\/i0.wp.com\/www.grieta.org.mx\/wp-content\/uploads\/2019\/05\/z2-3.jpeg?resize=525%2C300 1.5x, https:\/\/i0.wp.com\/www.grieta.org.mx\/wp-content\/uploads\/2019\/05\/z2-3.jpeg?resize=700%2C400 2x, https:\/\/i0.wp.com\/www.grieta.org.mx\/wp-content\/uploads\/2019\/05\/z2-3.jpeg?resize=1050%2C600 3x"},"classes":[]}],"_links":{"self":[{"href":"http:\/\/www.grieta.org.mx\/index.php\/wp-json\/wp\/v2\/posts\/36674","targetHints":{"allow":["GET"]}}],"collection":[{"href":"http:\/\/www.grieta.org.mx\/index.php\/wp-json\/wp\/v2\/posts"}],"about":[{"href":"http:\/\/www.grieta.org.mx\/index.php\/wp-json\/wp\/v2\/types\/post"}],"author":[{"embeddable":true,"href":"http:\/\/www.grieta.org.mx\/index.php\/wp-json\/wp\/v2\/users\/2"}],"replies":[{"embeddable":true,"href":"http:\/\/www.grieta.org.mx\/index.php\/wp-json\/wp\/v2\/comments?post=36674"}],"version-history":[{"count":1,"href":"http:\/\/www.grieta.org.mx\/index.php\/wp-json\/wp\/v2\/posts\/36674\/revisions"}],"predecessor-version":[{"id":36684,"href":"http:\/\/www.grieta.org.mx\/index.php\/wp-json\/wp\/v2\/posts\/36674\/revisions\/36684"}],"wp:featuredmedia":[{"embeddable":true,"href":"http:\/\/www.grieta.org.mx\/index.php\/wp-json\/wp\/v2\/media\/36678"}],"wp:attachment":[{"href":"http:\/\/www.grieta.org.mx\/index.php\/wp-json\/wp\/v2\/media?parent=36674"}],"wp:term":[{"taxonomy":"category","embeddable":true,"href":"http:\/\/www.grieta.org.mx\/index.php\/wp-json\/wp\/v2\/categories?post=36674"},{"taxonomy":"post_tag","embeddable":true,"href":"http:\/\/www.grieta.org.mx\/index.php\/wp-json\/wp\/v2\/tags?post=36674"}],"curies":[{"name":"wp","href":"https:\/\/api.w.org\/{rel}","templated":true}]}}