{"id":36658,"date":"2019-07-14T01:10:54","date_gmt":"2019-07-14T06:10:54","guid":{"rendered":"http:\/\/www.grieta.org.mx\/?p=36658"},"modified":"2019-07-20T01:19:28","modified_gmt":"2019-07-20T06:19:28","slug":"en-aguaruto-se-construira-base-de-guardia-nacional-sinaloa","status":"publish","type":"post","link":"http:\/\/www.grieta.org.mx\/index.php\/2019\/07\/14\/en-aguaruto-se-construira-base-de-guardia-nacional-sinaloa\/","title":{"rendered":"En Aguaruto se construir\u00e1 base de Guardia Nacional (Sinaloa)"},"content":{"rendered":"<p><img loading=\"lazy\" decoding=\"async\" data-attachment-id=\"36659\" data-permalink=\"http:\/\/www.grieta.org.mx\/index.php\/2019\/07\/14\/en-aguaruto-se-construira-base-de-guardia-nacional-sinaloa\/gn_dbt-jpg_219914347\/\" data-orig-file=\"http:\/\/www.grieta.org.mx\/wp-content\/uploads\/2019\/07\/gn_dbt.jpg_219914347.jpg\" data-orig-size=\"960,540\" data-comments-opened=\"0\" data-image-meta=\"{&quot;aperture&quot;:&quot;0&quot;,&quot;credit&quot;:&quot;&quot;,&quot;camera&quot;:&quot;&quot;,&quot;caption&quot;:&quot;&quot;,&quot;created_timestamp&quot;:&quot;0&quot;,&quot;copyright&quot;:&quot;&quot;,&quot;focal_length&quot;:&quot;0&quot;,&quot;iso&quot;:&quot;0&quot;,&quot;shutter_speed&quot;:&quot;0&quot;,&quot;title&quot;:&quot;&quot;,&quot;orientation&quot;:&quot;0&quot;}\" data-image-title=\"gn_dbt.jpg_219914347\" data-image-description=\"\" data-image-caption=\"\" data-medium-file=\"http:\/\/www.grieta.org.mx\/wp-content\/uploads\/2019\/07\/gn_dbt.jpg_219914347-300x169.jpg\" data-large-file=\"http:\/\/www.grieta.org.mx\/wp-content\/uploads\/2019\/07\/gn_dbt.jpg_219914347.jpg\" class=\" wp-image-36659 aligncenter\" src=\"http:\/\/www.grieta.org.mx\/wp-content\/uploads\/2019\/07\/gn_dbt.jpg_219914347.jpg\" alt=\"\" width=\"800\" height=\"450\" srcset=\"http:\/\/www.grieta.org.mx\/wp-content\/uploads\/2019\/07\/gn_dbt.jpg_219914347.jpg 960w, http:\/\/www.grieta.org.mx\/wp-content\/uploads\/2019\/07\/gn_dbt.jpg_219914347-300x169.jpg 300w, http:\/\/www.grieta.org.mx\/wp-content\/uploads\/2019\/07\/gn_dbt.jpg_219914347-768x432.jpg 768w, http:\/\/www.grieta.org.mx\/wp-content\/uploads\/2019\/07\/gn_dbt.jpg_219914347-889x500.jpg 889w\" sizes=\"auto, (max-width: 800px) 100vw, 800px\" \/><\/p>\n<p>Foto: El Debate<\/p>\n<p><em>El Ayuntamiento de Culiac\u00e1n ha hecho la donaci\u00f3n de un terreno que se ubica cerca del aeropuerto, mientras que la federaci\u00f3n la construir\u00e1<\/em><\/p>\n<p>Estefania L\u00f3pez Corral \/ El Debate<\/p>\n<p><strong>Culiac\u00e1n, Sinaloa<\/strong>.- En las inmediaciones del aeropuerto internacional de Culiac\u00e1n se construir\u00e1 una unidad habitacional para los elementos de la\u00a0Guardia Nacional, inform\u00f3 el alcalde Jes\u00fas Estrada Ferreiro.<\/p>\n<p>Especific\u00f3 que el terreno donde tendr\u00e1 lugar el complejo ya fue donado por el Ayuntamiento, en cumplimiento con todas las disposiciones de escrituraci\u00f3n para la donaci\u00f3n.<\/p>\n<p>Obra<\/p>\n<p>Aclar\u00f3 que el Gobierno federal ser\u00e1 el que lleve a cabo la construcci\u00f3n de la base, haciendo uso de recursos de la Guardia Nacional o bien de la propia Secretar\u00eda de Seguridad P\u00fablica y que el Ayuntamiento de Culiac\u00e1n no tendr\u00e1 alguna intervenci\u00f3n de \u00edndole econ\u00f3mica en el proyecto.<\/p>\n<p>\u201cEn la federaci\u00f3n se har\u00e1n cargo de la construcci\u00f3n, nosotros solo dimos el predio a la Guardia Nacional y de m\u00e1s ya no hemos sabido\u201d, mencion\u00f3.<\/p>\n<p>El presidente municipal expres\u00f3 que desconoce si la Guardia Nacional sigue haciendo presencia en la capital sinaloense, pues desde que se anunci\u00f3 su llegada ya no se ha sabido de ella.<\/p>\n<p>&#8220;Ya donamos el terreno, con todo y escrituras, ya nada m\u00e1s haremos eso, la GN se encargar\u00e1 de construir&#8221;, detall\u00f3.<\/p>\n<p>Adem\u00e1s, coment\u00f3 que de los 2 mil que se prev\u00eda que arribar\u00edan a El Sauz, no conoce la cifra de cu\u00e1ntos m\u00e1s podr\u00edan estar laborando en Culiac\u00e1n.<\/p>\n<p>Recursos: A\u00a0Culiac\u00e1n s\u00ed le llegan las participaciones federales<\/p>\n<p>En contraste a la situaci\u00f3n econ\u00f3mica que atraviesa el Gobierno estatal por una reducci\u00f3n de recursos federales, el presidente municipal de Culiac\u00e1n precis\u00f3 que las participaciones federales s\u00ed est\u00e1n llegando al municipio.<\/p>\n<p><a href=\"https:\/\/www.debate.com.mx\/culiacan\/En-Aguaruto-se-construira-base-de-Guardia-Nacional-20190714-0063.html\">https:\/\/www.debate.com.mx\/culiacan\/En-Aguaruto-se-construira-base-de-Guardia-Nacional-20190714-0063.html<\/a><\/p>\n","protected":false},"excerpt":{"rendered":"<p>Foto: El Debate El Ayuntamiento de Culiac\u00e1n ha hecho la donaci\u00f3n de un terreno que se ubica cerca del aeropuerto, mientras que la federaci\u00f3n la construir\u00e1 Estefania L\u00f3pez Corral \/ &hellip; <a href=\"http:\/\/www.grieta.org.mx\/index.php\/2019\/07\/14\/en-aguaruto-se-construira-base-de-guardia-nacional-sinaloa\/\" class=\"more-link\">Leer m\u00e1s<\/a><\/p>\n","protected":false},"author":2,"featured_media":36659,"comment_status":"closed","ping_status":"closed","sticky":false,"template":"","format":"standard","meta":{"ngg_post_thumbnail":0,"_jetpack_newsletter_access":"","_jetpack_dont_email_post_to_subs":false,"_jetpack_newsletter_tier_id":0,"_jetpack_memberships_contains_paywalled_content":false,"_jetpack_memberships_contains_paid_content":false,"footnotes":""},"categories":[80,912,2692,2,30,83],"tags":[614],"class_list":["post-36658","post","type-post","status-publish","format-standard","has-post-thumbnail","hentry","category-cintillo","category-militarizacion","category-militarizacion-en-sinaloa","category-noticias-nacionales","category-sinaloa","category-temas-nacionales","tag-militarizacion","entry"],"jetpack_featured_media_url":"http:\/\/www.grieta.org.mx\/wp-content\/uploads\/2019\/07\/gn_dbt.jpg_219914347.jpg","jetpack_sharing_enabled":true,"jetpack_shortlink":"https:\/\/wp.me\/p7ZJR4-9xg","jetpack_likes_enabled":false,"jetpack-related-posts":[{"id":37929,"url":"http:\/\/www.grieta.org.mx\/index.php\/2019\/08\/09\/aprueba-navolato-donacion-de-terreno-para-base-de-guardia-nacional-sinaloa\/","url_meta":{"origin":36658,"position":0},"title":"Aprueba Navolato donaci\u00f3n de terreno para base de Guardia Nacional (Sinaloa)","author":"grieta","date":"9 agosto, 2019","format":false,"excerpt":"Foto: Cortesia Redacci\u00f3n \/ El Sol de Sinaloa Navolato, Sin. - Como una forma de colaborar con el\u00a0Gobierno Federal\u00a0para brindar condiciones a los elementos de la\u00a0Guardia Nacional\u00a0que vienen a reforzar la seguridad en el municipio de Navolato, el alcalde Eliazar Guti\u00e9rrez Angulo y los integrantes de\u00a0Cabildo,\u00a0aprobaron\u00a0de manera un\u00e1nime la\u00a0donaci\u00f3n de\u2026","rel":"","context":"En &quot;CINTILLO&quot;","block_context":{"text":"CINTILLO","link":"http:\/\/www.grieta.org.mx\/index.php\/category\/cintillo\/"},"img":{"alt_text":"","src":"https:\/\/i0.wp.com\/www.grieta.org.mx\/wp-content\/uploads\/2019\/08\/NAVOLATO.jpg?resize=350%2C200","width":350,"height":200,"srcset":"https:\/\/i0.wp.com\/www.grieta.org.mx\/wp-content\/uploads\/2019\/08\/NAVOLATO.jpg?resize=350%2C200 1x, https:\/\/i0.wp.com\/www.grieta.org.mx\/wp-content\/uploads\/2019\/08\/NAVOLATO.jpg?resize=525%2C300 1.5x, https:\/\/i0.wp.com\/www.grieta.org.mx\/wp-content\/uploads\/2019\/08\/NAVOLATO.jpg?resize=700%2C400 2x"},"classes":[]},{"id":35458,"url":"http:\/\/www.grieta.org.mx\/index.php\/2019\/06\/26\/listo-el-terreno-para-la-guardia-nacional-en-el-fuerte-sinaloa\/","url_meta":{"origin":36658,"position":1},"title":"Listo el terreno para la guardia nacional en El Fuerte (Sinaloa)","author":"grieta","date":"26 junio, 2019","format":false,"excerpt":"Foto El Debate Redacci\u00f3n \/ El Debate El Fuerte, Sinaloa.- Con la finalidad de que se arranque el programa de integraci\u00f3n de la\u00a0Guardia Nacional en el municipio de El Fuerte, el Ayuntamiento ya tiene listo el terreno en el pol\u00edgono que ocupa el Aer\u00f3dromo\u00a0municipal, declar\u00f3 el Secretario del Ayuntamiento Leonel\u2026","rel":"","context":"En &quot;CINTILLO&quot;","block_context":{"text":"CINTILLO","link":"http:\/\/www.grieta.org.mx\/index.php\/category\/cintillo\/"},"img":{"alt_text":"","src":"https:\/\/i0.wp.com\/www.grieta.org.mx\/wp-content\/uploads\/2019\/06\/listo_el_terreno_para_la_guardia_nacional_en_el_fuerte_1_1.jpeg_219914347.jpeg?resize=350%2C200","width":350,"height":200,"srcset":"https:\/\/i0.wp.com\/www.grieta.org.mx\/wp-content\/uploads\/2019\/06\/listo_el_terreno_para_la_guardia_nacional_en_el_fuerte_1_1.jpeg_219914347.jpeg?resize=350%2C200 1x, https:\/\/i0.wp.com\/www.grieta.org.mx\/wp-content\/uploads\/2019\/06\/listo_el_terreno_para_la_guardia_nacional_en_el_fuerte_1_1.jpeg_219914347.jpeg?resize=525%2C300 1.5x, https:\/\/i0.wp.com\/www.grieta.org.mx\/wp-content\/uploads\/2019\/06\/listo_el_terreno_para_la_guardia_nacional_en_el_fuerte_1_1.jpeg_219914347.jpeg?resize=700%2C400 2x"},"classes":[]},{"id":35126,"url":"http:\/\/www.grieta.org.mx\/index.php\/2019\/06\/01\/san-juan-del-rio-aprueba-donar-predio-para-guardia-nacional-queretaro\/","url_meta":{"origin":36658,"position":2},"title":"San Juan del R\u00edo aprueba donar predio para Guardia Nacional (Quer\u00e9taro)","author":"grieta","date":"1 junio, 2019","format":false,"excerpt":"Redacci\u00f3n \/ El Universal Quer\u00e9taro En Sesi\u00f3n de Cabildo, el Ayuntamiento de San Juan del R\u00edo\u00a0aprob\u00f3 la donaci\u00f3n de un predio en favor del gobierno federal, para la instalaci\u00f3n de una base de la Guardia Nacional. La instalaci\u00f3n de este base tiene la finalidad de fortalecer las acciones de seguridad;\u2026","rel":"","context":"En &quot;CINTILLO&quot;","block_context":{"text":"CINTILLO","link":"http:\/\/www.grieta.org.mx\/index.php\/category\/cintillo\/"},"img":{"alt_text":"","src":"https:\/\/i0.wp.com\/www.grieta.org.mx\/wp-content\/uploads\/2019\/06\/73586feb-guardia_nacional-.jpeg?resize=350%2C200","width":350,"height":200,"srcset":"https:\/\/i0.wp.com\/www.grieta.org.mx\/wp-content\/uploads\/2019\/06\/73586feb-guardia_nacional-.jpeg?resize=350%2C200 1x, https:\/\/i0.wp.com\/www.grieta.org.mx\/wp-content\/uploads\/2019\/06\/73586feb-guardia_nacional-.jpeg?resize=525%2C300 1.5x"},"classes":[]},{"id":40284,"url":"http:\/\/www.grieta.org.mx\/index.php\/2019\/10\/14\/protestan-en-metepec-por-donacion-de-predio-a-la-guardia-nacional-estado-de-mexico\/","url_meta":{"origin":36658,"position":3},"title":"Protestan en Metepec por donaci\u00f3n de predio a la Guardia Nacional (Estado de M\u00e9xico)","author":"grieta","date":"14 octubre, 2019","format":false,"excerpt":"Juan Gabriel Gonz\u00e1lez \/ MVS Noticias El ayuntamiento de Morena en Metepec acusa que detr\u00e1s de los vecinos inconformes hay grupos pol\u00edticos infiltrados. La donaci\u00f3n \u2013v\u00eda comodato- de un predio del Parque \u201cLa Pilita\u201d para instalar un cuartel de la Guardia Nacional, propici\u00f3 el desencuentro entre vecinos y autoridades de\u2026","rel":"","context":"En &quot;Abuso policiaco y tortura en el Estado de M\u00e9xico&quot;","block_context":{"text":"Abuso policiaco y tortura en el Estado de M\u00e9xico","link":"http:\/\/www.grieta.org.mx\/index.php\/category\/noticias-nacionales\/estado-de-mexico\/abuso-policiaco-y-tortura-en-el-estado-de-mexico\/"},"img":{"alt_text":"","src":"https:\/\/i0.wp.com\/www.grieta.org.mx\/wp-content\/uploads\/2019\/10\/Protestan-en-Metepec-por-donaci%C3%B3n-de-predio-a-la-Guardia-Nacional-edomex-oct.jpeg?resize=350%2C200","width":350,"height":200,"srcset":"https:\/\/i0.wp.com\/www.grieta.org.mx\/wp-content\/uploads\/2019\/10\/Protestan-en-Metepec-por-donaci%C3%B3n-de-predio-a-la-Guardia-Nacional-edomex-oct.jpeg?resize=350%2C200 1x, https:\/\/i0.wp.com\/www.grieta.org.mx\/wp-content\/uploads\/2019\/10\/Protestan-en-Metepec-por-donaci%C3%B3n-de-predio-a-la-Guardia-Nacional-edomex-oct.jpeg?resize=525%2C300 1.5x, https:\/\/i0.wp.com\/www.grieta.org.mx\/wp-content\/uploads\/2019\/10\/Protestan-en-Metepec-por-donaci%C3%B3n-de-predio-a-la-Guardia-Nacional-edomex-oct.jpeg?resize=700%2C400 2x"},"classes":[]},{"id":65062,"url":"http:\/\/www.grieta.org.mx\/index.php\/2022\/08\/28\/sedena-le-entra-al-internet-construira-torres-y-antenas\/","url_meta":{"origin":36658,"position":4},"title":"Sedena le entra al internet; construir\u00e1 torres y antenas","author":"grieta","date":"28 agosto, 2022","format":false,"excerpt":"Redacci\u00f3n\/Animal Pol\u00edtico 28 agosto 2022 Sedena trabajar\u00e1 con la CFE para colocar las torres y antenas sitios como el Banco de Bienestar, cuarteles de la Guardia Nacional y campos militares. La Secretar\u00eda de la Defensa tiene una nueva encomienda asignada por el presidente Andr\u00e9s Manuel L\u00f3pez Obrador, ahora ser\u00e1 la\u2026","rel":"","context":"En &quot;CINTILLO&quot;","block_context":{"text":"CINTILLO","link":"http:\/\/www.grieta.org.mx\/index.php\/category\/cintillo\/"},"img":{"alt_text":"","src":"https:\/\/i0.wp.com\/www.grieta.org.mx\/wp-content\/uploads\/2022\/09\/sedena-internet-mexico.jpeg?resize=350%2C200","width":350,"height":200,"srcset":"https:\/\/i0.wp.com\/www.grieta.org.mx\/wp-content\/uploads\/2022\/09\/sedena-internet-mexico.jpeg?resize=350%2C200 1x, https:\/\/i0.wp.com\/www.grieta.org.mx\/wp-content\/uploads\/2022\/09\/sedena-internet-mexico.jpeg?resize=525%2C300 1.5x, https:\/\/i0.wp.com\/www.grieta.org.mx\/wp-content\/uploads\/2022\/09\/sedena-internet-mexico.jpeg?resize=700%2C400 2x, https:\/\/i0.wp.com\/www.grieta.org.mx\/wp-content\/uploads\/2022\/09\/sedena-internet-mexico.jpeg?resize=1050%2C600 3x, https:\/\/i0.wp.com\/www.grieta.org.mx\/wp-content\/uploads\/2022\/09\/sedena-internet-mexico.jpeg?resize=1400%2C800 4x"},"classes":[]},{"id":37935,"url":"http:\/\/www.grieta.org.mx\/index.php\/2019\/08\/16\/preocupa-la-alza-de-los-feminicidios-en-culiacan-sinaloa\/","url_meta":{"origin":36658,"position":5},"title":"Preocupa la alza de los feminicidios en Culiac\u00e1n (Sinaloa)","author":"grieta","date":"16 agosto, 2019","format":false,"excerpt":"Foto: Reuters\/ Archivo Jes\u00fas Verdugo \/ El Sol de Sinaloa Culiac\u00e1n, Sin.\u00a0La integrante del Observatorio Ciudadano Nacional del Feminicidio, Atziri Avila, realiz\u00f3 un llamado a que tanto las autoridades de justicia y la sociedad en general trate los casos de feminicidios como delitos y no como un concepto de moda\u2026","rel":"","context":"En &quot;CINTILLO&quot;","block_context":{"text":"CINTILLO","link":"http:\/\/www.grieta.org.mx\/index.php\/category\/cintillo\/"},"img":{"alt_text":"","src":"https:\/\/i0.wp.com\/www.grieta.org.mx\/wp-content\/uploads\/2019\/08\/5780345ec4618877778b456e.jpg?resize=350%2C200","width":350,"height":200,"srcset":"https:\/\/i0.wp.com\/www.grieta.org.mx\/wp-content\/uploads\/2019\/08\/5780345ec4618877778b456e.jpg?resize=350%2C200 1x, https:\/\/i0.wp.com\/www.grieta.org.mx\/wp-content\/uploads\/2019\/08\/5780345ec4618877778b456e.jpg?resize=525%2C300 1.5x, https:\/\/i0.wp.com\/www.grieta.org.mx\/wp-content\/uploads\/2019\/08\/5780345ec4618877778b456e.jpg?resize=700%2C400 2x"},"classes":[]}],"_links":{"self":[{"href":"http:\/\/www.grieta.org.mx\/index.php\/wp-json\/wp\/v2\/posts\/36658","targetHints":{"allow":["GET"]}}],"collection":[{"href":"http:\/\/www.grieta.org.mx\/index.php\/wp-json\/wp\/v2\/posts"}],"about":[{"href":"http:\/\/www.grieta.org.mx\/index.php\/wp-json\/wp\/v2\/types\/post"}],"author":[{"embeddable":true,"href":"http:\/\/www.grieta.org.mx\/index.php\/wp-json\/wp\/v2\/users\/2"}],"replies":[{"embeddable":true,"href":"http:\/\/www.grieta.org.mx\/index.php\/wp-json\/wp\/v2\/comments?post=36658"}],"version-history":[{"count":1,"href":"http:\/\/www.grieta.org.mx\/index.php\/wp-json\/wp\/v2\/posts\/36658\/revisions"}],"predecessor-version":[{"id":36660,"href":"http:\/\/www.grieta.org.mx\/index.php\/wp-json\/wp\/v2\/posts\/36658\/revisions\/36660"}],"wp:featuredmedia":[{"embeddable":true,"href":"http:\/\/www.grieta.org.mx\/index.php\/wp-json\/wp\/v2\/media\/36659"}],"wp:attachment":[{"href":"http:\/\/www.grieta.org.mx\/index.php\/wp-json\/wp\/v2\/media?parent=36658"}],"wp:term":[{"taxonomy":"category","embeddable":true,"href":"http:\/\/www.grieta.org.mx\/index.php\/wp-json\/wp\/v2\/categories?post=36658"},{"taxonomy":"post_tag","embeddable":true,"href":"http:\/\/www.grieta.org.mx\/index.php\/wp-json\/wp\/v2\/tags?post=36658"}],"curies":[{"name":"wp","href":"https:\/\/api.w.org\/{rel}","templated":true}]}}