{"id":36650,"date":"2019-07-14T00:47:53","date_gmt":"2019-07-14T05:47:53","guid":{"rendered":"http:\/\/www.grieta.org.mx\/?p=36650"},"modified":"2019-07-20T00:59:00","modified_gmt":"2019-07-20T05:59:00","slug":"exponen-dano-causado-en-rio-los-horcones-tras-obras-de-hidroelectrica-jalisco","status":"publish","type":"post","link":"http:\/\/www.grieta.org.mx\/index.php\/2019\/07\/14\/exponen-dano-causado-en-rio-los-horcones-tras-obras-de-hidroelectrica-jalisco\/","title":{"rendered":"Exponen da\u00f1o causado en r\u00edo Los Horcones tras obras de hidroel\u00e9ctrica (Jalisco)"},"content":{"rendered":"<p><img loading=\"lazy\" decoding=\"async\" data-attachment-id=\"36653\" data-permalink=\"http:\/\/www.grieta.org.mx\/index.php\/2019\/07\/14\/exponen-dano-causado-en-rio-los-horcones-tras-obras-de-hidroelectrica-jalisco\/66392480_1120674364798437_8108525932723044352_n-e1563102474675\/\" data-orig-file=\"http:\/\/www.grieta.org.mx\/wp-content\/uploads\/2019\/07\/66392480_1120674364798437_8108525932723044352_n-e1563102474675.jpg\" data-orig-size=\"717,393\" data-comments-opened=\"0\" data-image-meta=\"{&quot;aperture&quot;:&quot;0&quot;,&quot;credit&quot;:&quot;&quot;,&quot;camera&quot;:&quot;&quot;,&quot;caption&quot;:&quot;&quot;,&quot;created_timestamp&quot;:&quot;0&quot;,&quot;copyright&quot;:&quot;&quot;,&quot;focal_length&quot;:&quot;0&quot;,&quot;iso&quot;:&quot;0&quot;,&quot;shutter_speed&quot;:&quot;0&quot;,&quot;title&quot;:&quot;&quot;,&quot;orientation&quot;:&quot;0&quot;}\" data-image-title=\"66392480_1120674364798437_8108525932723044352_n-e1563102474675\" data-image-description=\"\" data-image-caption=\"\" data-medium-file=\"http:\/\/www.grieta.org.mx\/wp-content\/uploads\/2019\/07\/66392480_1120674364798437_8108525932723044352_n-e1563102474675-300x164.jpg\" data-large-file=\"http:\/\/www.grieta.org.mx\/wp-content\/uploads\/2019\/07\/66392480_1120674364798437_8108525932723044352_n-e1563102474675.jpg\" class=\" wp-image-36653 aligncenter\" src=\"http:\/\/www.grieta.org.mx\/wp-content\/uploads\/2019\/07\/66392480_1120674364798437_8108525932723044352_n-e1563102474675.jpg\" alt=\"\" width=\"800\" height=\"438\" srcset=\"http:\/\/www.grieta.org.mx\/wp-content\/uploads\/2019\/07\/66392480_1120674364798437_8108525932723044352_n-e1563102474675.jpg 717w, http:\/\/www.grieta.org.mx\/wp-content\/uploads\/2019\/07\/66392480_1120674364798437_8108525932723044352_n-e1563102474675-300x164.jpg 300w\" sizes=\"auto, (max-width: 800px) 100vw, 800px\" \/><\/p>\n<p>Jos\u00e9 Reyes Burgos \/ Vallarta Opina<\/p>\n<p>Activistas y opositores a la construcci\u00f3n de la mini hidroel\u00e9ctrica en el r\u00edo Los Horcones, han expuesto una serie de fotograf\u00edas en las que se puede apreciar el impacto a ecosistema que, de momento, las obras han generado, hasta su \u00faltimo d\u00eda de actividades el pasado martes cuando fueron suspendidas tras ser clausuradas por la Procuradur\u00eda Federal de Protecci\u00f3n Ambiental.<\/p>\n<p>Seg\u00fan se muestra en las fotograf\u00edas, la roca sobre la afluente del r\u00edo, que usualmente es de tama\u00f1os gigantes y con bordes redondeados por el paso de la erosi\u00f3n, apariencia que caracteriza a este r\u00edo, ha sido literalmente molida en fragmentos peque\u00f1os y cortantes, a trav\u00e9s del uso de explosivos y maquinaria pesada.<\/p>\n<p>Pobladores y activistas llegaron a la zona, ahora clausurada, para evaluar los efectos de la construcci\u00f3n y comprobaron que las excavaciones y el despeje del terreno, que incluy\u00f3 la tala de algunos \u00e1rboles, pero sobre todo la remoci\u00f3n de tierra y rocas,\u00a0 ya estaban en una etapa muy avanzada. En las fotograf\u00edas se aprecia como a\u00fan hay agujeros para la colocaci\u00f3n de explosivos en otras rocas y se\u00f1al\u00e9tica que indica su utilizaci\u00f3n.<\/p>\n<p>Fue el pasado martes 9\u00a0 de julio cuando un grupo de al menos 100 activistas se manifestaron bloqueando la carretera federal 200, exigiendo el cese inmediato de las obras para el levantamiento de una mini presa hidroel\u00e9ctrica sobre el r\u00edo Los Horcones, a cuya empresa responsable, Hidroel\u00e9ctrica de Occidente, acusaron de no revelar los detalles del proyecto.<\/p>\n<p>Ante la presi\u00f3n de los ciudadanos manifestados, el gobierno de Cabo Corrientes llam\u00f3 al inspector de la PROFEPA, quien fue escoltado por los inconformes hacia las obras y acto seguido, clausur\u00f3 oficialmente el proyecto. El bloqueo podr\u00eda ser temporal ya que seg\u00fan lo han dado a conocer personajes implicados en el activismo contra la presa, como el regidor vallartense\u00a0 la firma posee permisos federales y actuar\u00eda legalmente para proseguir con sus planes.<\/p>\n<p><a href=\"http:\/\/vallartaopina.net\/2019\/07\/14\/principal\/exponen-dano-causado-en-rio-los-horcones-tras-obras-de-hidroelectrica\/\">http:\/\/vallartaopina.net\/2019\/07\/14\/principal\/exponen-dano-causado-en-rio-los-horcones-tras-obras-de-hidroelectrica\/<\/a><\/p>\n","protected":false},"excerpt":{"rendered":"<p>Jos\u00e9 Reyes Burgos \/ Vallarta Opina Activistas y opositores a la construcci\u00f3n de la mini hidroel\u00e9ctrica en el r\u00edo Los Horcones, han expuesto una serie de fotograf\u00edas en las que &hellip; <a href=\"http:\/\/www.grieta.org.mx\/index.php\/2019\/07\/14\/exponen-dano-causado-en-rio-los-horcones-tras-obras-de-hidroelectrica-jalisco\/\" class=\"more-link\">Leer m\u00e1s<\/a><\/p>\n","protected":false},"author":2,"featured_media":36653,"comment_status":"closed","ping_status":"closed","sticky":false,"template":"","format":"standard","meta":{"ngg_post_thumbnail":0,"_jetpack_newsletter_access":"","_jetpack_dont_email_post_to_subs":false,"_jetpack_newsletter_tier_id":0,"_jetpack_memberships_contains_paywalled_content":false,"_jetpack_memberships_contains_paid_content":false,"footnotes":""},"categories":[80,20,2731,2],"tags":[732],"class_list":["post-36650","post","type-post","status-publish","format-standard","has-post-thumbnail","hentry","category-cintillo","category-jalisco","category-lucha-y-resistencia-contra-instalacion-de-hidroelectricas-en-jalisco","category-noticias-nacionales","tag-hidroelectricas","entry"],"jetpack_featured_media_url":"http:\/\/www.grieta.org.mx\/wp-content\/uploads\/2019\/07\/66392480_1120674364798437_8108525932723044352_n-e1563102474675.jpg","jetpack_sharing_enabled":true,"jetpack_shortlink":"https:\/\/wp.me\/p7ZJR4-9x8","jetpack_likes_enabled":false,"jetpack-related-posts":[{"id":37718,"url":"http:\/\/www.grieta.org.mx\/index.php\/2019\/07\/27\/cambia-el-color-de-rio-los-horcones-tras-obras-jalisco\/","url_meta":{"origin":36650,"position":0},"title":"Cambia el color de r\u00edo Los Horcones tras obras (Jalisco)","author":"grieta","date":"27 julio, 2019","format":false,"excerpt":"Foto: Vallarta Opina Humberto Burgoa \/ Vallarta Opina Nuevas im\u00e1genes fueron captadas por ambientalistas en el \u00e1rea del r\u00edo Los Horcones, mostrando a un r\u00edo cuyo color ha cambiado dr\u00e1sticamente a tierrozo, muy probablemente debido al arrastre de sedimentos por la temporada de lluvias que ha tenido el cuerpo de\u2026","rel":"","context":"En &quot;CINTILLO&quot;","block_context":{"text":"CINTILLO","link":"http:\/\/www.grieta.org.mx\/index.php\/category\/cintillo\/"},"img":{"alt_text":"","src":"https:\/\/i0.wp.com\/www.grieta.org.mx\/wp-content\/uploads\/2019\/08\/67170613_1387288708076163_3561500028461645824_n-e1564259340335.jpg?resize=350%2C200","width":350,"height":200,"srcset":"https:\/\/i0.wp.com\/www.grieta.org.mx\/wp-content\/uploads\/2019\/08\/67170613_1387288708076163_3561500028461645824_n-e1564259340335.jpg?resize=350%2C200 1x, https:\/\/i0.wp.com\/www.grieta.org.mx\/wp-content\/uploads\/2019\/08\/67170613_1387288708076163_3561500028461645824_n-e1564259340335.jpg?resize=525%2C300 1.5x, https:\/\/i0.wp.com\/www.grieta.org.mx\/wp-content\/uploads\/2019\/08\/67170613_1387288708076163_3561500028461645824_n-e1564259340335.jpg?resize=700%2C400 2x"},"classes":[]},{"id":49679,"url":"http:\/\/www.grieta.org.mx\/index.php\/2020\/05\/21\/colectivo-se-opone-a-la-construccion-de-hidroelectrica-en-boca-de-tomatlan-jalisco\/","url_meta":{"origin":36650,"position":1},"title":"Colectivo se opone a la construcci\u00f3n de hidroel\u00e9ctrica en Boca de Tomatl\u00e1n (Jalisco)","author":"grieta","date":"21 mayo, 2020","format":false,"excerpt":"Foto: Se\u00f1al Informativa Puerto Vallarta Luego de que la empresa Energ\u00eda Verde Mayer SA de CV entregara despensas en Boca de Tomatl\u00e1n, el colectivo En Defensa del R\u00edo Los Horcones hicieron un llamado a la localidad a no dejarse comprar Equipo Editorial \/ UDGTV Puerto Vallarta, Jalisco. Luego de que\u2026","rel":"","context":"En &quot;CINTILLO&quot;","block_context":{"text":"CINTILLO","link":"http:\/\/www.grieta.org.mx\/index.php\/category\/cintillo\/"},"img":{"alt_text":"","src":"https:\/\/i0.wp.com\/www.grieta.org.mx\/wp-content\/uploads\/2020\/05\/termoel%C3%A9ctrica-Boca-Tomatl%C3%A1n-SI-PV-696x522.jpg?resize=350%2C200","width":350,"height":200,"srcset":"https:\/\/i0.wp.com\/www.grieta.org.mx\/wp-content\/uploads\/2020\/05\/termoel%C3%A9ctrica-Boca-Tomatl%C3%A1n-SI-PV-696x522.jpg?resize=350%2C200 1x, https:\/\/i0.wp.com\/www.grieta.org.mx\/wp-content\/uploads\/2020\/05\/termoel%C3%A9ctrica-Boca-Tomatl%C3%A1n-SI-PV-696x522.jpg?resize=525%2C300 1.5x"},"classes":[]},{"id":45318,"url":"http:\/\/www.grieta.org.mx\/index.php\/2020\/02\/24\/protestan-contra-construccion-de-hidroelectrica-en-rio-los-horcones-de-puerto-vallarta-jalisco\/","url_meta":{"origin":36650,"position":2},"title":"Protestan contra construcci\u00f3n de hidroel\u00e9ctrica en r\u00edo Los Horcones de Puerto Vallarta (Jalisco)","author":"grieta","date":"24 febrero, 2020","format":false,"excerpt":"Fotograf\u00eda: Puerto Vallarta Fue desde las 9 de la ma\u00f1ana que el contingente de unas 50 personas, entre ellos algunos extranjeros radicados en la localidad costera al sur del municipio Redacci\u00f3n \/ UDGTV Guadalajara, Jalisco. Ante el temor de que contin\u00fae la construcci\u00f3n de la mini hidroel\u00e9ctrica sobre el r\u00edo\u2026","rel":"","context":"En &quot;CINTILLO&quot;","block_context":{"text":"CINTILLO","link":"http:\/\/www.grieta.org.mx\/index.php\/category\/cintillo\/"},"img":{"alt_text":"","src":"https:\/\/i0.wp.com\/www.grieta.org.mx\/wp-content\/uploads\/2020\/02\/Protesta-r%C3%ADo-Horcones-PV-696x392.jpeg?resize=350%2C200","width":350,"height":200,"srcset":"https:\/\/i0.wp.com\/www.grieta.org.mx\/wp-content\/uploads\/2020\/02\/Protesta-r%C3%ADo-Horcones-PV-696x392.jpeg?resize=350%2C200 1x, https:\/\/i0.wp.com\/www.grieta.org.mx\/wp-content\/uploads\/2020\/02\/Protesta-r%C3%ADo-Horcones-PV-696x392.jpeg?resize=525%2C300 1.5x"},"classes":[]},{"id":36133,"url":"http:\/\/www.grieta.org.mx\/index.php\/2019\/07\/09\/bloquean-habitantes-de-puerto-vallarta-la-carretera-federal-200-contra-hidroelectrica-jalisco\/","url_meta":{"origin":36650,"position":3},"title":"Bloquean habitantes de Puerto Vallarta la Carretera Federal 200  contra Hidroel\u00e9ctrica (Jalisco)","author":"grieta","date":"9 julio, 2019","format":false,"excerpt":"Foto: Javier Fr\u00edas-Quadratin Jalisco Javier Fr\u00edas \/ Quadratin Jalisco PUERTO VALLARTA, Jal., 9 de julio de 2019.-Un centenar de personas, habitantes de la localidad Boca de Tomatl\u00e1n, en el municipio de Puerto Vallarta mantienen cerrada la Carretera Federal 200, en protesta por la construcci\u00f3n de una minihidroel\u00e9ctrica sobre el r\u00edo\u2026","rel":"","context":"En &quot;CINTILLO&quot;","block_context":{"text":"CINTILLO","link":"http:\/\/www.grieta.org.mx\/index.php\/category\/cintillo\/"},"img":{"alt_text":"","src":"https:\/\/i0.wp.com\/www.grieta.org.mx\/wp-content\/uploads\/2019\/07\/WhatsApp-Image-2019-07-09-at-10.46.28-AM-1160x700.jpeg?resize=350%2C200","width":350,"height":200,"srcset":"https:\/\/i0.wp.com\/www.grieta.org.mx\/wp-content\/uploads\/2019\/07\/WhatsApp-Image-2019-07-09-at-10.46.28-AM-1160x700.jpeg?resize=350%2C200 1x, https:\/\/i0.wp.com\/www.grieta.org.mx\/wp-content\/uploads\/2019\/07\/WhatsApp-Image-2019-07-09-at-10.46.28-AM-1160x700.jpeg?resize=525%2C300 1.5x, https:\/\/i0.wp.com\/www.grieta.org.mx\/wp-content\/uploads\/2019\/07\/WhatsApp-Image-2019-07-09-at-10.46.28-AM-1160x700.jpeg?resize=700%2C400 2x, https:\/\/i0.wp.com\/www.grieta.org.mx\/wp-content\/uploads\/2019\/07\/WhatsApp-Image-2019-07-09-at-10.46.28-AM-1160x700.jpeg?resize=1050%2C600 3x"},"classes":[]},{"id":37711,"url":"http:\/\/www.grieta.org.mx\/index.php\/2019\/08\/05\/roban-agua-del-rio-los-horcones-para-consumo-privado-denuncian-jalisco\/","url_meta":{"origin":36650,"position":4},"title":"Roban agua del r\u00edo Los Horcones para consumo privado, denuncian (Jalisco)","author":"grieta","date":"5 agosto, 2019","format":false,"excerpt":"Foto: Vallarta Opina Jos\u00e9 Reyes Burgos \/ Vallarta Opina Una denuncia p\u00fablica en redes sociales ha extendido la indignaci\u00f3n en redes sociales; se trata de el robo sin ninguna clase de permiso del agua del r\u00edo Los Hocones para consumo privado. Seg\u00fan se observa en un video, una manguera yace\u2026","rel":"","context":"En &quot;CINTILLO&quot;","block_context":{"text":"CINTILLO","link":"http:\/\/www.grieta.org.mx\/index.php\/category\/cintillo\/"},"img":{"alt_text":"","src":"https:\/\/i0.wp.com\/www.grieta.org.mx\/wp-content\/uploads\/2019\/08\/67526834_2223088064426114_7999542524861480960_n.jpg?resize=350%2C200","width":350,"height":200,"srcset":"https:\/\/i0.wp.com\/www.grieta.org.mx\/wp-content\/uploads\/2019\/08\/67526834_2223088064426114_7999542524861480960_n.jpg?resize=350%2C200 1x, https:\/\/i0.wp.com\/www.grieta.org.mx\/wp-content\/uploads\/2019\/08\/67526834_2223088064426114_7999542524861480960_n.jpg?resize=525%2C300 1.5x, https:\/\/i0.wp.com\/www.grieta.org.mx\/wp-content\/uploads\/2019\/08\/67526834_2223088064426114_7999542524861480960_n.jpg?resize=700%2C400 2x, https:\/\/i0.wp.com\/www.grieta.org.mx\/wp-content\/uploads\/2019\/08\/67526834_2223088064426114_7999542524861480960_n.jpg?resize=1050%2C600 3x"},"classes":[]},{"id":40594,"url":"http:\/\/www.grieta.org.mx\/index.php\/2019\/10\/26\/totonacas-rechazan-la-hidroelectrica-en-la-sierra-norte-puebla\/","url_meta":{"origin":36650,"position":5},"title":"Totonacas rechazan la hidroel\u00e9ctrica en la Sierra Norte (Puebla)","author":"Admin","date":"26 octubre, 2019","format":false,"excerpt":"Berenice Mart\u00ednez \/ El Sol de Puebla Comunidades totonacas de la Sierra Norte rechazaron la construcci\u00f3n del proyecto hidroel\u00e9ctrico Puebla 1 y advirtieron que seguir\u00e1n defendiendo su territorio para evitar que la empresa Deselec 1-Comexhidro abone a la disminuci\u00f3n del caudal del r\u00edo Ajajalpan. En un comunicado dirigido a autoridades\u2026","rel":"","context":"En &quot;26. Sierra Puebla&quot;","block_context":{"text":"26. Sierra Puebla","link":"http:\/\/www.grieta.org.mx\/index.php\/category\/espejos-de-la-resistencia\/26-sierra-puebla\/"},"img":{"alt_text":"","src":"https:\/\/i0.wp.com\/www.grieta.org.mx\/wp-content\/uploads\/2019\/06\/hidroel%C3%A9ctrica.jpg?resize=350%2C200","width":350,"height":200,"srcset":"https:\/\/i0.wp.com\/www.grieta.org.mx\/wp-content\/uploads\/2019\/06\/hidroel%C3%A9ctrica.jpg?resize=350%2C200 1x, https:\/\/i0.wp.com\/www.grieta.org.mx\/wp-content\/uploads\/2019\/06\/hidroel%C3%A9ctrica.jpg?resize=525%2C300 1.5x, https:\/\/i0.wp.com\/www.grieta.org.mx\/wp-content\/uploads\/2019\/06\/hidroel%C3%A9ctrica.jpg?resize=700%2C400 2x"},"classes":[]}],"_links":{"self":[{"href":"http:\/\/www.grieta.org.mx\/index.php\/wp-json\/wp\/v2\/posts\/36650","targetHints":{"allow":["GET"]}}],"collection":[{"href":"http:\/\/www.grieta.org.mx\/index.php\/wp-json\/wp\/v2\/posts"}],"about":[{"href":"http:\/\/www.grieta.org.mx\/index.php\/wp-json\/wp\/v2\/types\/post"}],"author":[{"embeddable":true,"href":"http:\/\/www.grieta.org.mx\/index.php\/wp-json\/wp\/v2\/users\/2"}],"replies":[{"embeddable":true,"href":"http:\/\/www.grieta.org.mx\/index.php\/wp-json\/wp\/v2\/comments?post=36650"}],"version-history":[{"count":1,"href":"http:\/\/www.grieta.org.mx\/index.php\/wp-json\/wp\/v2\/posts\/36650\/revisions"}],"predecessor-version":[{"id":36654,"href":"http:\/\/www.grieta.org.mx\/index.php\/wp-json\/wp\/v2\/posts\/36650\/revisions\/36654"}],"wp:featuredmedia":[{"embeddable":true,"href":"http:\/\/www.grieta.org.mx\/index.php\/wp-json\/wp\/v2\/media\/36653"}],"wp:attachment":[{"href":"http:\/\/www.grieta.org.mx\/index.php\/wp-json\/wp\/v2\/media?parent=36650"}],"wp:term":[{"taxonomy":"category","embeddable":true,"href":"http:\/\/www.grieta.org.mx\/index.php\/wp-json\/wp\/v2\/categories?post=36650"},{"taxonomy":"post_tag","embeddable":true,"href":"http:\/\/www.grieta.org.mx\/index.php\/wp-json\/wp\/v2\/tags?post=36650"}],"curies":[{"name":"wp","href":"https:\/\/api.w.org\/{rel}","templated":true}]}}