{"id":36561,"date":"2019-06-20T02:24:39","date_gmt":"2019-06-20T07:24:39","guid":{"rendered":"http:\/\/www.grieta.org.mx\/?p=36561"},"modified":"2019-09-08T13:40:43","modified_gmt":"2019-09-08T18:40:43","slug":"violencia-en-guerrero-atemoriza-a-estudiantes-universitarios","status":"publish","type":"post","link":"http:\/\/www.grieta.org.mx\/index.php\/2019\/06\/20\/violencia-en-guerrero-atemoriza-a-estudiantes-universitarios\/","title":{"rendered":"Violencia en Guerrero atemoriza a estudiantes universitarios"},"content":{"rendered":"<p><a href=\"http:\/\/www.grieta.org.mx\/wp-content\/uploads\/2019\/07\/Captura-de-pantalla-2019-07-18-02.27.03.png\"><img loading=\"lazy\" decoding=\"async\" data-attachment-id=\"36562\" data-permalink=\"http:\/\/www.grieta.org.mx\/index.php\/2019\/06\/20\/violencia-en-guerrero-atemoriza-a-estudiantes-universitarios\/captura-de-pantalla-2019-07-18-02-27-03\/\" data-orig-file=\"http:\/\/www.grieta.org.mx\/wp-content\/uploads\/2019\/07\/Captura-de-pantalla-2019-07-18-02.27.03.png\" data-orig-size=\"987,579\" data-comments-opened=\"0\" data-image-meta=\"{&quot;aperture&quot;:&quot;0&quot;,&quot;credit&quot;:&quot;&quot;,&quot;camera&quot;:&quot;&quot;,&quot;caption&quot;:&quot;&quot;,&quot;created_timestamp&quot;:&quot;0&quot;,&quot;copyright&quot;:&quot;&quot;,&quot;focal_length&quot;:&quot;0&quot;,&quot;iso&quot;:&quot;0&quot;,&quot;shutter_speed&quot;:&quot;0&quot;,&quot;title&quot;:&quot;&quot;,&quot;orientation&quot;:&quot;0&quot;}\" data-image-title=\"Captura de pantalla 2019-07-18 02.27.03\" data-image-description=\"\" data-image-caption=\"\" data-medium-file=\"http:\/\/www.grieta.org.mx\/wp-content\/uploads\/2019\/07\/Captura-de-pantalla-2019-07-18-02.27.03-300x176.png\" data-large-file=\"http:\/\/www.grieta.org.mx\/wp-content\/uploads\/2019\/07\/Captura-de-pantalla-2019-07-18-02.27.03.png\" class=\"aligncenter wp-image-36562\" src=\"http:\/\/www.grieta.org.mx\/wp-content\/uploads\/2019\/07\/Captura-de-pantalla-2019-07-18-02.27.03-300x176.png\" alt=\"\" width=\"800\" height=\"469\" srcset=\"http:\/\/www.grieta.org.mx\/wp-content\/uploads\/2019\/07\/Captura-de-pantalla-2019-07-18-02.27.03-300x176.png 300w, http:\/\/www.grieta.org.mx\/wp-content\/uploads\/2019\/07\/Captura-de-pantalla-2019-07-18-02.27.03-768x451.png 768w, http:\/\/www.grieta.org.mx\/wp-content\/uploads\/2019\/07\/Captura-de-pantalla-2019-07-18-02.27.03-852x500.png 852w, http:\/\/www.grieta.org.mx\/wp-content\/uploads\/2019\/07\/Captura-de-pantalla-2019-07-18-02.27.03.png 987w\" sizes=\"auto, (max-width: 800px) 100vw, 800px\" \/><\/a><\/p>\n<p>Margena de la O \/ La Silla Rota<\/p>\n<p>Chilpancingo, Guerrero.- Para las preparatorias y facultades de la Universidad Aut\u00f3noma de Guerrero (UAGro) en Acapulco y Chilpancingo este jueves fue el \u00faltimo d\u00eda de clases del a\u00f1o escolar, por el riesgo de los universitarios ante la inseguridad.<\/p>\n<p>El fin del ciclo escolar o de las clases lo hizo p\u00fablico el rector Javier Salda\u00f1a Almaz\u00e1n en una entrevista con reporteros en Acapulco:<\/p>\n<p>\u201cHemos acordado con los directores que apliquen los ex\u00e1menes, se entreguen las calificaciones lo m\u00e1s r\u00e1pido posible y desactivar las actividades universitarias. (\u2026) Desde ahora est\u00e1 desactivada la parte escolar. No queremos eso, pero m\u00e1s vale prevenir\u201d.<\/p>\n<p>La decisi\u00f3n es terminar las clases, aun cuando est\u00e9n pendientes ex\u00e1menes y clausura de cursos, que eso desahogar\u00e1 cada preparatoria o facultad, pero la idea es que a m\u00e1s tardar el lunes todas las actividades queden suspendidas.<\/p>\n<p>Detr\u00e1s de esta medida existen antecedentes de violencia reciente. Tres universitarios fueron asesinados la semana pasada. El maestro jubilado universitario, Carlos Gregorio Villarino Ruiz, muri\u00f3 por los golpes que recibi\u00f3 de unos asaltantes cuando le robaban su camioneta, al salir de una tienda de autoservicios ubicada al sur de la ciudad. A otras dos estudiantes de las facultades de Sicolog\u00eda y Derecho de Acapulco las asesinaron en la colonia Alta Progreso, cuando viajaban con su familia en un auto.<\/p>\n<p>El rector expuso que la medida de adelantar las vacaciones en escuelas universitarias de estos dos municipios es preventiva. \u201cYa no queremos que sigan perdiendo la vida los universitarios\u201d, mencion\u00f3.<\/p>\n<p>Llam\u00f3 a las autoridades a que redoblen esfuerzos, sobre todo en t\u00e9rminos preventivos, en la prevenci\u00f3n del delito. Tambi\u00e9n exhort\u00f3 a qui\u00e9nes cometen los asesinatos: \u201cEl llamado es a todos, incluidos a ellos (victimarios), aunque luego a algunos no les guste, pero no hacen nada. Algunos actores pol\u00edticos. El llamado tambi\u00e9n es a estos hombres que andan metidos en actos il\u00edcitos, a que respeten la Universidad, incluso hay que decirlo as\u00ed, aqu\u00ed vienen hasta sus hijos\u201d.<\/p>\n<p>De acuerdo con las estad\u00edsticas que maneja el mismo rector, han asesinado a 36 universitarios en a\u00f1os recientes. En lo que va de este 2019 suman cinco casos: los tres de la semana pasada; la joven enfermera que era novia de uno de los miembros de la familia que se llevaron Tixtla, y de quienes aparecieron sus cad\u00e1veres en una camioneta abandonada en Chilpancingo, y el estudiante de Arquitectura que viv\u00eda en una Casa de Estudiantes de la Universidad ubicada en la colonia del PRI, ubicada tambi\u00e9n de esta ciudad, a quien asesinaron cuando sal\u00eda de la vivienda para buscar qu\u00e9 cenar.<\/p>\n<p>El Centro de estudios sobre las juventudes tiene cifras m\u00e1s altas de estudiantes universitarios asesinados: 44 j\u00f3venes de 2014 a la fecha. Este registro es documentado por un grupo de estudiantes y docentes universitarios que estudian el juvenicidio.<\/p>\n<p>Esta estad\u00edstica de asesinatos definen los a\u00f1os de violencia hacia los universitarios.<\/p>\n<p><a href=\"https:\/\/lasillarota.com\/estados\/violencia-en-guerrero-atemoriza-a-estudiantes-universitarios-guerrero-estudiantes-violencia\/292311\">https:\/\/lasillarota.com\/estados\/violencia-en-guerrero-atemoriza-a-estudiantes-universitarios-guerrero-estudiantes-violencia\/292311<\/a><\/p>\n","protected":false},"excerpt":{"rendered":"<p>Margena de la O \/ La Silla Rota Chilpancingo, Guerrero.- Para las preparatorias y facultades de la Universidad Aut\u00f3noma de Guerrero (UAGro) en Acapulco y Chilpancingo este jueves fue el &hellip; <a href=\"http:\/\/www.grieta.org.mx\/index.php\/2019\/06\/20\/violencia-en-guerrero-atemoriza-a-estudiantes-universitarios\/\" class=\"more-link\">Leer m\u00e1s<\/a><\/p>\n","protected":false},"author":1,"featured_media":36562,"comment_status":"closed","ping_status":"closed","sticky":false,"template":"","format":"standard","meta":{"ngg_post_thumbnail":0,"_jetpack_newsletter_access":"","_jetpack_dont_email_post_to_subs":false,"_jetpack_newsletter_tier_id":0,"_jetpack_memberships_contains_paywalled_content":false,"_jetpack_memberships_contains_paid_content":false,"footnotes":""},"categories":[80,1982,18,1128,2],"tags":[2566,1133],"class_list":["post-36561","post","type-post","status-publish","format-standard","has-post-thumbnail","hentry","category-cintillo","category-crisis-de-la-educacion-publica-en-guerrero","category-guerrero","category-incremento-en-la-violencia-en-guerrero","category-noticias-nacionales","tag-crisis-en-el-sistema-educativo","tag-incremento-en-la-violencia","entry"],"jetpack_featured_media_url":"http:\/\/www.grieta.org.mx\/wp-content\/uploads\/2019\/07\/Captura-de-pantalla-2019-07-18-02.27.03.png","jetpack_sharing_enabled":true,"jetpack_shortlink":"https:\/\/wp.me\/p7ZJR4-9vH","jetpack_likes_enabled":false,"jetpack-related-posts":[{"id":38910,"url":"http:\/\/www.grieta.org.mx\/index.php\/2019\/09\/03\/tierra-caliente-estudiantes-cumplen-una-semana-sin-clase-por-la-violencia-guerrero\/","url_meta":{"origin":36561,"position":0},"title":"Tierra Caliente: estudiantes cumplen una semana sin clase por la violencia (Guerrero)","author":"Admin","date":"3 septiembre, 2019","format":false,"excerpt":"Margena de la O \/ La Silla Rota Chilpancingo, Guerrero (La Silla Rota).- En la cabecera municipal y parte serrana de Coyuca de Catal\u00e1n, uno de los nueve municipios de la Tierra Caliente, el ciclo escolar s\u00f3lo fue inaugurado y de ah\u00ed no ha pasado, porque la violencia no ha\u2026","rel":"","context":"En &quot;CINTILLO&quot;","block_context":{"text":"CINTILLO","link":"http:\/\/www.grieta.org.mx\/index.php\/category\/cintillo\/"},"img":{"alt_text":"","src":"https:\/\/i0.wp.com\/www.grieta.org.mx\/wp-content\/uploads\/2019\/09\/coyuca_1-focus-0-0-983-557.jpg?resize=350%2C200","width":350,"height":200,"srcset":"https:\/\/i0.wp.com\/www.grieta.org.mx\/wp-content\/uploads\/2019\/09\/coyuca_1-focus-0-0-983-557.jpg?resize=350%2C200 1x, https:\/\/i0.wp.com\/www.grieta.org.mx\/wp-content\/uploads\/2019\/09\/coyuca_1-focus-0-0-983-557.jpg?resize=525%2C300 1.5x, https:\/\/i0.wp.com\/www.grieta.org.mx\/wp-content\/uploads\/2019\/09\/coyuca_1-focus-0-0-983-557.jpg?resize=700%2C400 2x"},"classes":[]},{"id":23321,"url":"http:\/\/www.grieta.org.mx\/index.php\/2018\/05\/25\/guerrero-padres-sacan-a-sus-hijos-de-escuelas-por-violencia\/","url_meta":{"origin":36561,"position":1},"title":"Guerrero: padres sacan a sus hijos de escuelas por violencia","author":"grieta","date":"25 mayo, 2018","format":false,"excerpt":"El Sutcobach alert\u00f3 que regiones con alto \u00edndice de violencia el nivel de deserci\u00f3n escolar aumenta a\u00f1o tras a\u00f1o. Chilpancingo, Guerrero.- En las regiones de Tierra Caliente, Costa Grande, Monta\u00f1a baja y Sierra, padres de familia optan por sacar a sus hijos de la escuela por el clima de violencia,\u2026","rel":"","context":"En &quot;CINTILLO&quot;","block_context":{"text":"CINTILLO","link":"http:\/\/www.grieta.org.mx\/index.php\/category\/cintillo\/"},"img":{"alt_text":"","src":"https:\/\/i0.wp.com\/www.grieta.org.mx\/wp-content\/uploads\/2018\/03\/14524434_1106112876131411_958039263622046936_o.jpg?resize=350%2C200","width":350,"height":200,"srcset":"https:\/\/i0.wp.com\/www.grieta.org.mx\/wp-content\/uploads\/2018\/03\/14524434_1106112876131411_958039263622046936_o.jpg?resize=350%2C200 1x, https:\/\/i0.wp.com\/www.grieta.org.mx\/wp-content\/uploads\/2018\/03\/14524434_1106112876131411_958039263622046936_o.jpg?resize=525%2C300 1.5x, https:\/\/i0.wp.com\/www.grieta.org.mx\/wp-content\/uploads\/2018\/03\/14524434_1106112876131411_958039263622046936_o.jpg?resize=700%2C400 2x"},"classes":[]},{"id":38967,"url":"http:\/\/www.grieta.org.mx\/index.php\/2019\/09\/04\/van-160-mujeres-asesinadas-en-guerrero-en-lo-que-va-de-2019\/","url_meta":{"origin":36561,"position":2},"title":"Van 160 mujeres asesinadas en Guerrero en lo que va de 2019","author":"Admin","date":"4 septiembre, 2019","format":false,"excerpt":"Eduardo Salgado S\u00e1nchez \/ Enfoque Al cerrar el segundo cuatrimestre de 2019, en Guerrero se han registrado 160 muertes de mujeres con presunci\u00f3n de feminicidios, de los cuales, la mayor\u00eda de los casos se han presentado en el puerto de Acapulco, lament\u00f3 Enrique Solano L\u00f3pez, secretario general de Hombres y\u2026","rel":"","context":"En &quot;CINTILLO&quot;","block_context":{"text":"CINTILLO","link":"http:\/\/www.grieta.org.mx\/index.php\/category\/cintillo\/"},"img":{"alt_text":"","src":"https:\/\/i0.wp.com\/www.grieta.org.mx\/wp-content\/uploads\/2019\/09\/Captura-de-pantalla-2019-09-09-09.45.34.png?resize=350%2C200","width":350,"height":200},"classes":[]},{"id":52919,"url":"http:\/\/www.grieta.org.mx\/index.php\/2020\/08\/25\/aprende-en-casa-en-la-montana-de-guerrero-entre-la-violencia-y-la-pobreza\/","url_meta":{"origin":36561,"position":3},"title":"Aprende en casa en la Monta\u00f1a de Guerrero: entre la violencia y la pobreza","author":"Admin","date":"25 agosto, 2020","format":false,"excerpt":"Ezequiel Flores Contreras \/ Proceso CHILPANCINGO, Gro. (apro).- Cientos de ni\u00f1os en edad escolar de la Monta\u00f1a, la Sierra y la zona Norte de Guerrero no tienen garantizado su derecho a la educaci\u00f3n por las condiciones de pobreza, marginaci\u00f3n y violencia que se vive en regiones completas de la entidad.\u2026","rel":"","context":"En &quot;CINTILLO&quot;","block_context":{"text":"CINTILLO","link":"http:\/\/www.grieta.org.mx\/index.php\/category\/cintillo\/"},"img":{"alt_text":"","src":"https:\/\/i0.wp.com\/www.grieta.org.mx\/wp-content\/uploads\/2020\/08\/Montana-Guerrero-aprende-en-casa-870x522-1.jpg?resize=350%2C200","width":350,"height":200,"srcset":"https:\/\/i0.wp.com\/www.grieta.org.mx\/wp-content\/uploads\/2020\/08\/Montana-Guerrero-aprende-en-casa-870x522-1.jpg?resize=350%2C200 1x, https:\/\/i0.wp.com\/www.grieta.org.mx\/wp-content\/uploads\/2020\/08\/Montana-Guerrero-aprende-en-casa-870x522-1.jpg?resize=525%2C300 1.5x, https:\/\/i0.wp.com\/www.grieta.org.mx\/wp-content\/uploads\/2020\/08\/Montana-Guerrero-aprende-en-casa-870x522-1.jpg?resize=700%2C400 2x"},"classes":[]},{"id":38566,"url":"http:\/\/www.grieta.org.mx\/index.php\/2019\/08\/28\/la-violencia-lleva-a-maestros-a-decidir-suspender-clases-en-al-menos-42-escuelas-de-guerrero\/","url_meta":{"origin":36561,"position":4},"title":"La violencia lleva a maestros a decidir suspender clases en al menos 42 escuelas de Guerrero","author":"Admin","date":"28 agosto, 2019","format":false,"excerpt":"Maestros y padres de familia denuncian que las y los menores de edad est\u00e1n en riesgo si se registran hechos de violencia en horario escolar; adem\u00e1s, reclaman que no hay vigilancia de polic\u00edas ni militares. Profesores de comunidades de Guerrero se presentaron este lunes a clases, pero lo hicieron para\u2026","rel":"","context":"En &quot;CINTILLO&quot;","block_context":{"text":"CINTILLO","link":"http:\/\/www.grieta.org.mx\/index.php\/category\/cintillo\/"},"img":{"alt_text":"","src":"https:\/\/i0.wp.com\/www.grieta.org.mx\/wp-content\/uploads\/2019\/08\/pic-2808201905351.jpg?resize=350%2C200","width":350,"height":200,"srcset":"https:\/\/i0.wp.com\/www.grieta.org.mx\/wp-content\/uploads\/2019\/08\/pic-2808201905351.jpg?resize=350%2C200 1x, https:\/\/i0.wp.com\/www.grieta.org.mx\/wp-content\/uploads\/2019\/08\/pic-2808201905351.jpg?resize=525%2C300 1.5x, https:\/\/i0.wp.com\/www.grieta.org.mx\/wp-content\/uploads\/2019\/08\/pic-2808201905351.jpg?resize=700%2C400 2x, https:\/\/i0.wp.com\/www.grieta.org.mx\/wp-content\/uploads\/2019\/08\/pic-2808201905351.jpg?resize=1050%2C600 3x"},"classes":[]},{"id":40611,"url":"http:\/\/www.grieta.org.mx\/index.php\/2019\/10\/17\/desplazados-de-leonardo-bravo-y-zitlala-bloquearon-la-autopista-del-sol-guerrero\/","url_meta":{"origin":36561,"position":5},"title":"Desplazados de Leonardo Bravo y Zitlala, bloquearon la Autopista del Sol (Guerrero)","author":"Admin","date":"17 octubre, 2019","format":false,"excerpt":"Javier Tinoco Memije \/ El Sol de Acapulco Habitantes de Leonardo Bravo y Zitlala, desplazados por la violencia, bloquean la Autopista del Sol, a la altura del Parador del Marqu\u00e9s en el municipio de Chilpancingo, para exigir al gobierno del estado que les garantice su regreso a las comunidades serranas\u2026","rel":"","context":"En &quot;CINTILLO&quot;","block_context":{"text":"CINTILLO","link":"http:\/\/www.grieta.org.mx\/index.php\/category\/cintillo\/"},"img":{"alt_text":"","src":"https:\/\/i0.wp.com\/www.grieta.org.mx\/wp-content\/uploads\/2019\/10\/desplazados.jpg?resize=350%2C200","width":350,"height":200,"srcset":"https:\/\/i0.wp.com\/www.grieta.org.mx\/wp-content\/uploads\/2019\/10\/desplazados.jpg?resize=350%2C200 1x, https:\/\/i0.wp.com\/www.grieta.org.mx\/wp-content\/uploads\/2019\/10\/desplazados.jpg?resize=525%2C300 1.5x, https:\/\/i0.wp.com\/www.grieta.org.mx\/wp-content\/uploads\/2019\/10\/desplazados.jpg?resize=700%2C400 2x"},"classes":[]}],"_links":{"self":[{"href":"http:\/\/www.grieta.org.mx\/index.php\/wp-json\/wp\/v2\/posts\/36561","targetHints":{"allow":["GET"]}}],"collection":[{"href":"http:\/\/www.grieta.org.mx\/index.php\/wp-json\/wp\/v2\/posts"}],"about":[{"href":"http:\/\/www.grieta.org.mx\/index.php\/wp-json\/wp\/v2\/types\/post"}],"author":[{"embeddable":true,"href":"http:\/\/www.grieta.org.mx\/index.php\/wp-json\/wp\/v2\/users\/1"}],"replies":[{"embeddable":true,"href":"http:\/\/www.grieta.org.mx\/index.php\/wp-json\/wp\/v2\/comments?post=36561"}],"version-history":[{"count":1,"href":"http:\/\/www.grieta.org.mx\/index.php\/wp-json\/wp\/v2\/posts\/36561\/revisions"}],"predecessor-version":[{"id":36563,"href":"http:\/\/www.grieta.org.mx\/index.php\/wp-json\/wp\/v2\/posts\/36561\/revisions\/36563"}],"wp:featuredmedia":[{"embeddable":true,"href":"http:\/\/www.grieta.org.mx\/index.php\/wp-json\/wp\/v2\/media\/36562"}],"wp:attachment":[{"href":"http:\/\/www.grieta.org.mx\/index.php\/wp-json\/wp\/v2\/media?parent=36561"}],"wp:term":[{"taxonomy":"category","embeddable":true,"href":"http:\/\/www.grieta.org.mx\/index.php\/wp-json\/wp\/v2\/categories?post=36561"},{"taxonomy":"post_tag","embeddable":true,"href":"http:\/\/www.grieta.org.mx\/index.php\/wp-json\/wp\/v2\/tags?post=36561"}],"curies":[{"name":"wp","href":"https:\/\/api.w.org\/{rel}","templated":true}]}}