{"id":36424,"date":"2019-07-15T22:47:58","date_gmt":"2019-07-16T03:47:58","guid":{"rendered":"http:\/\/www.grieta.org.mx\/?p=36424"},"modified":"2019-07-16T22:51:33","modified_gmt":"2019-07-17T03:51:33","slug":"bloquean-vias-ferreas-en-protesta-por-megaproyecto-interoceanico-del-istmo-de-tehuantepec-oaxaca","status":"publish","type":"post","link":"http:\/\/www.grieta.org.mx\/index.php\/2019\/07\/15\/bloquean-vias-ferreas-en-protesta-por-megaproyecto-interoceanico-del-istmo-de-tehuantepec-oaxaca\/","title":{"rendered":"Bloquean v\u00edas f\u00e9rreas en protesta por megaproyecto interoce\u00e1nico del Istmo de Tehuantepec (Oaxaca)"},"content":{"rendered":"<p>Pedro Mat\u00edas \/ Proceso.<\/p>\n<p><img loading=\"lazy\" decoding=\"async\" data-attachment-id=\"36425\" data-permalink=\"http:\/\/www.grieta.org.mx\/index.php\/2019\/07\/15\/bloquean-vias-ferreas-en-protesta-por-megaproyecto-interoceanico-del-istmo-de-tehuantepec-oaxaca\/ferrocarril-1078x720\/\" data-orig-file=\"http:\/\/www.grieta.org.mx\/wp-content\/uploads\/2019\/07\/ferrocarril-1078x720.jpg\" data-orig-size=\"1078,720\" data-comments-opened=\"0\" data-image-meta=\"{&quot;aperture&quot;:&quot;0&quot;,&quot;credit&quot;:&quot;&quot;,&quot;camera&quot;:&quot;&quot;,&quot;caption&quot;:&quot;&quot;,&quot;created_timestamp&quot;:&quot;0&quot;,&quot;copyright&quot;:&quot;&quot;,&quot;focal_length&quot;:&quot;0&quot;,&quot;iso&quot;:&quot;0&quot;,&quot;shutter_speed&quot;:&quot;0&quot;,&quot;title&quot;:&quot;&quot;,&quot;orientation&quot;:&quot;0&quot;}\" data-image-title=\"ferrocarril-1078&amp;#215;720\" data-image-description=\"\" data-image-caption=\"\" data-medium-file=\"http:\/\/www.grieta.org.mx\/wp-content\/uploads\/2019\/07\/ferrocarril-1078x720-300x200.jpg\" data-large-file=\"http:\/\/www.grieta.org.mx\/wp-content\/uploads\/2019\/07\/ferrocarril-1078x720-1024x684.jpg\" src=\"http:\/\/www.grieta.org.mx\/wp-content\/uploads\/2019\/07\/ferrocarril-1078x720-1024x684.jpg\" alt=\"\" width=\"1024\" height=\"684\" class=\"alignleft size-large wp-image-36425\" srcset=\"http:\/\/www.grieta.org.mx\/wp-content\/uploads\/2019\/07\/ferrocarril-1078x720-1024x684.jpg 1024w, http:\/\/www.grieta.org.mx\/wp-content\/uploads\/2019\/07\/ferrocarril-1078x720-300x200.jpg 300w, http:\/\/www.grieta.org.mx\/wp-content\/uploads\/2019\/07\/ferrocarril-1078x720-768x513.jpg 768w, http:\/\/www.grieta.org.mx\/wp-content\/uploads\/2019\/07\/ferrocarril-1078x720-749x500.jpg 749w, http:\/\/www.grieta.org.mx\/wp-content\/uploads\/2019\/07\/ferrocarril-1078x720.jpg 1078w\" sizes=\"auto, (max-width: 1024px) 100vw, 1024px\" \/><br \/>\nIntegrantes del Movimiento sindical Ferrocarrilero \u201cDemetrio Vallejo\u201d exigieron ser tomados en cuenta en las decisiones del \u201cMegaproyecto interoce\u00e1nico del Istmo de Tehuantepec\u201d. Foto: Facebook Macario Sanjuan Ontiveros.<\/p>\n<p>OAXACA, Oax. (apro).- Por no ser tomados en cuenta en las decisiones de la construcci\u00f3n del \u201cMegaproyecto interoce\u00e1nico del Istmo de Tehuantepec\u201d, el Movimiento sindical Ferrocarrilero \u201cDemetrio Vallejo\u201d y la Coordinadora Estatal Campesina Obrera Magisterial Ind\u00edgena realizaron hoy el primer bloqueo ferroviario en la historia de esta regi\u00f3n.<\/p>\n<p>El bloqueo de las v\u00edas f\u00e9rreas se realiz\u00f3 hoy alrededor de las 08:00 horas en el municipio de Mat\u00edas Romero donde los inconformes hacen \u201cun en\u00e9rgico llamado a las autoridades federales a escuchar su voz porque un Megaproyecto necesita incluir a todos los pueblos ind\u00edgenas, sin ellos nada\u201d.<\/p>\n<p>Con esta acci\u00f3n in\u00e9dita en la historia del Istmo de Tehuantepec, dejar\u00edan de transitar dos corridas del ferrocarril con 30 o 40 vagones de carga, incluyendo los que transportan material peligroso y el tren denominado La Bestia donde se trepan los migrantes.<\/p>\n<p>La Coordinadora, con apoyo a los ferrocarrileros del municipio de Mat\u00edas Romero Avenda\u00f1o, determin\u00f3 bloquear las v\u00edas f\u00e9rreas de forma indefinida a partir de este lunes 15 de julio porque \u201clos hombres que toda su vida se dedicaron a esta actividad no han sido tomados en cuenta en las decisiones de la construcci\u00f3n del Corredor Interoce\u00e1nico que anunci\u00f3 el presidente Andr\u00e9s Manuel L\u00f3pez Obrador.<\/p>\n<p>Tambi\u00e9n repudiaron \u201cla acci\u00f3n del vitalicio l\u00edder sindical charro, V\u00edctor Flores, quien ha violentado los derechos laborales de los ferrocarrileros y ha negociado a su conveniencia y a espaldas de nuestra gente, por eso exigimos su renuncia y salida inmediata.<\/p>\n<p>\u201cDesde este espacio les decimos que no vamos a claudicar en nuestra exigencia, porque nuestros derechos lo valen, los ferrocarrileros tenemos voz y respeto\u201d, puntualizaron.<\/p>\n<p>Hicieron hincapi\u00e9 que existen 14 mil demandas laborales y que nunca prosperaron porque su l\u00edder ha sido protegido por las autoridades en turno.<\/p>\n<p>Los inconformes portan pancartas con las consignas: \u201csoluci\u00f3n a nuestras demandas\u201d, \u201cPueblo \u00fanete a la reactivaci\u00f3n de la econom\u00eda de Mat\u00edas Romero Avenda\u00f1o, Oax\u201d.<\/p>\n<p><a href=\"https:\/\/www.proceso.com.mx\/592428\/bloquean-vias-ferreas-en-protesta-por-megaproyecto-interoceanico-del-istmo-de-tehuantepec\" rel=\"noopener noreferrer\" target=\"_blank\">https:\/\/www.proceso.com.mx\/592428\/bloquean-vias-ferreas-en-protesta-por-megaproyecto-interoceanico-del-istmo-de-tehuantepec<\/a><\/p>\n","protected":false},"excerpt":{"rendered":"<p>Pedro Mat\u00edas \/ Proceso. Integrantes del Movimiento sindical Ferrocarrilero \u201cDemetrio Vallejo\u201d exigieron ser tomados en cuenta en las decisiones del \u201cMegaproyecto interoce\u00e1nico del Istmo de Tehuantepec\u201d. Foto: Facebook Macario Sanjuan &hellip; <a href=\"http:\/\/www.grieta.org.mx\/index.php\/2019\/07\/15\/bloquean-vias-ferreas-en-protesta-por-megaproyecto-interoceanico-del-istmo-de-tehuantepec-oaxaca\/\" class=\"more-link\">Leer m\u00e1s<\/a><\/p>\n","protected":false},"author":2,"featured_media":36425,"comment_status":"closed","ping_status":"closed","sticky":false,"template":"","format":"standard","meta":{"ngg_post_thumbnail":0,"_jetpack_newsletter_access":"","_jetpack_dont_email_post_to_subs":false,"_jetpack_newsletter_tier_id":0,"_jetpack_memberships_contains_paywalled_content":false,"_jetpack_memberships_contains_paid_content":false,"footnotes":""},"categories":[80,1355,1708,2,25],"tags":[],"class_list":["post-36424","post","type-post","status-publish","format-standard","has-post-thumbnail","hentry","category-cintillo","category-conflictos-laborales-en-oaxaca","category-corredor-del-istmo-de-tehuantepec","category-noticias-nacionales","category-oaxaca","entry"],"jetpack_featured_media_url":"http:\/\/www.grieta.org.mx\/wp-content\/uploads\/2019\/07\/ferrocarril-1078x720.jpg","jetpack_sharing_enabled":true,"jetpack_shortlink":"https:\/\/wp.me\/p7ZJR4-9tu","jetpack_likes_enabled":false,"jetpack-related-posts":[{"id":59514,"url":"http:\/\/www.grieta.org.mx\/index.php\/2021\/05\/14\/ejidatarios-de-mogone-viejo-suspenden-trabajos-del-corredor-interoceanico-oaxaca\/","url_meta":{"origin":36424,"position":0},"title":"Ejidatarios de Mogo\u00f1\u00e9 Viejo suspenden trabajos del Corredor Interoce\u00e1nico (Oaxaca)","author":"grieta","date":"14 mayo, 2021","format":false,"excerpt":"La coperacha \/ Redacci\u00f3n. Foto: Ucizoni Denuncian trabajos sin permiso del ejido y da\u00f1os en el abasto de agua. En Oaxaca, ejidatarios de Mogo\u00f1\u00e9 Viejo, municipio San Juan Guichicovi, suspendieron los trabajos de rehabilitaci\u00f3n del Ferrocarril Trans\u00edstmico en demanda de informaci\u00f3n consulta sobre el megaproyecto del Corredor Interoce\u00e1nico. Por acuerdo\u2026","rel":"","context":"En &quot;CINTILLO&quot;","block_context":{"text":"CINTILLO","link":"http:\/\/www.grieta.org.mx\/index.php\/category\/cintillo\/"},"img":{"alt_text":"","src":"https:\/\/i0.wp.com\/www.grieta.org.mx\/wp-content\/uploads\/2021\/05\/x.jpg?resize=350%2C200","width":350,"height":200,"srcset":"https:\/\/i0.wp.com\/www.grieta.org.mx\/wp-content\/uploads\/2021\/05\/x.jpg?resize=350%2C200 1x, https:\/\/i0.wp.com\/www.grieta.org.mx\/wp-content\/uploads\/2021\/05\/x.jpg?resize=525%2C300 1.5x, https:\/\/i0.wp.com\/www.grieta.org.mx\/wp-content\/uploads\/2021\/05\/x.jpg?resize=700%2C400 2x"},"classes":[]},{"id":59649,"url":"http:\/\/www.grieta.org.mx\/index.php\/2021\/05\/24\/pueblos-del-istmo-advierten-que-el-corredor-interoceanico-no-es-el-progreso-que-necesitan-oaxaca\/","url_meta":{"origin":36424,"position":1},"title":"Pueblos del Istmo advierten que el corredor interoce\u00e1nico no es el progreso que necesitan (Oaxaca)","author":"grieta","date":"24 mayo, 2021","format":false,"excerpt":"P\u00e1gina 3 \/ Diana Manzo. Rechazan las consultas implementadas por el INPI, porque las catalogan \u201cama\u00f1adas\u201d. Interpondr\u00e1n amparo contra la Semarnat y denuncia contra la Procuradur\u00eda Agraria. La voz de la mujer, \u201cni se oye ni se respeta\u201d con la llegada de este megaproyecto. Diana Manzo Juchit\u00e1n, Oax.- Lo han\u2026","rel":"","context":"En &quot;CINTILLO&quot;","block_context":{"text":"CINTILLO","link":"http:\/\/www.grieta.org.mx\/index.php\/category\/cintillo\/"},"img":{"alt_text":"","src":"https:\/\/i0.wp.com\/www.grieta.org.mx\/wp-content\/uploads\/2021\/06\/x.jpg?resize=350%2C200","width":350,"height":200,"srcset":"https:\/\/i0.wp.com\/www.grieta.org.mx\/wp-content\/uploads\/2021\/06\/x.jpg?resize=350%2C200 1x, https:\/\/i0.wp.com\/www.grieta.org.mx\/wp-content\/uploads\/2021\/06\/x.jpg?resize=525%2C300 1.5x"},"classes":[]},{"id":60142,"url":"http:\/\/www.grieta.org.mx\/index.php\/2021\/06\/24\/pueblos-mixes-de-oaxaca-paran-trabajos-del-interoceanico-del-istmo-exigen-cumplir-demandas-oaxaca\/","url_meta":{"origin":36424,"position":2},"title":"Pueblos mixes de Oaxaca \u201cparan\u201d trabajos del Interoce\u00e1nico del Istmo; exigen cumplir demandas  (Oaxaca)","author":"grieta","date":"24 junio, 2021","format":false,"excerpt":"P\u00e1gina 3 \/ Diana Manzo. Juchit\u00e1n, Oax.- Ante incumplimiento de demandas del gobierno federal, ejidatarios mixes de las comunidades de Mogo\u00f1\u00e9 Viejo, Vixidu y El Zarzal, en la zona norte del Istmo de Tehuantepec Oaxaca, \u201cpararon\u201d por en\u00e9sima ocasi\u00f3n la rehabilitaci\u00f3n de las v\u00edas f\u00e9rreas que realiza la empresa Ferrocarriles\u2026","rel":"","context":"En &quot;CINTILLO&quot;","block_context":{"text":"CINTILLO","link":"http:\/\/www.grieta.org.mx\/index.php\/category\/cintillo\/"},"img":{"alt_text":"","src":"https:\/\/i0.wp.com\/www.grieta.org.mx\/wp-content\/uploads\/2021\/06\/pueblosmixes.jpg?resize=350%2C200","width":350,"height":200,"srcset":"https:\/\/i0.wp.com\/www.grieta.org.mx\/wp-content\/uploads\/2021\/06\/pueblosmixes.jpg?resize=350%2C200 1x, https:\/\/i0.wp.com\/www.grieta.org.mx\/wp-content\/uploads\/2021\/06\/pueblosmixes.jpg?resize=525%2C300 1.5x, https:\/\/i0.wp.com\/www.grieta.org.mx\/wp-content\/uploads\/2021\/06\/pueblosmixes.jpg?resize=700%2C400 2x"},"classes":[]},{"id":59528,"url":"http:\/\/www.grieta.org.mx\/index.php\/2021\/02\/25\/comunidades-mantienen-suspendidas-las-obras-del-corredor-interoceanico-en-cinco-municipios-mixes-oaxaca\/","url_meta":{"origin":36424,"position":3},"title":"Comunidades mantienen suspendidas las obras del Corredor Interoce\u00e1nico en cinco municipios mixes (Oaxaca)","author":"grieta","date":"25 febrero, 2021","format":false,"excerpt":"La coperacha \/ Redacci\u00f3n. Foto: Raquel Ortiz. Olla de presi\u00f3n en la zona norte del Istmo por actores externos y elecciones: Ucizoni. Autoridades comunitarias y agrarias de 17 comunidades de cinco municipios mixes en la zona norte del Istmo en Oaxaca, mantienen sus resolutivos de impedir los trabajos de rehabilitaci\u00f3n\u2026","rel":"","context":"En &quot;CINTILLO&quot;","block_context":{"text":"CINTILLO","link":"http:\/\/www.grieta.org.mx\/index.php\/category\/cintillo\/"},"img":{"alt_text":"","src":"https:\/\/i0.wp.com\/www.grieta.org.mx\/wp-content\/uploads\/2021\/05\/a-1.jpg?resize=350%2C200","width":350,"height":200,"srcset":"https:\/\/i0.wp.com\/www.grieta.org.mx\/wp-content\/uploads\/2021\/05\/a-1.jpg?resize=350%2C200 1x, https:\/\/i0.wp.com\/www.grieta.org.mx\/wp-content\/uploads\/2021\/05\/a-1.jpg?resize=525%2C300 1.5x, https:\/\/i0.wp.com\/www.grieta.org.mx\/wp-content\/uploads\/2021\/05\/a-1.jpg?resize=700%2C400 2x"},"classes":[]},{"id":67251,"url":"http:\/\/www.grieta.org.mx\/index.php\/2023\/07\/28\/agresiones-y-violaciones-a-derechos-humanos-en-megaproyecto-del-corredor-interoceanico-alerta-mision-civil-oaxaca\/","url_meta":{"origin":36424,"position":4},"title":"Agresiones y violaciones a derechos humanos en megaproyecto del Corredor Interoce\u00e1nico: Alerta Misi\u00f3n Civil (Oaxaca)","author":"grieta","date":"28 julio, 2023","format":false,"excerpt":"Imagen: Somos El Medio Miranda Chavarr\u00eda \/ Somos El Medio La Misi\u00f3n Civil de Observaci\u00f3n, integrada por 23 organizaciones de la sociedad civil nacionales e internacionales, concluyeron su investigaci\u00f3n en la regi\u00f3n del Istmo de Tehuantepec, en el Estado de Oaxaca. El objetivo de esta misi\u00f3n fue documentar diversas violaciones\u2026","rel":"","context":"En &quot;CINTILLO&quot;","block_context":{"text":"CINTILLO","link":"http:\/\/www.grieta.org.mx\/index.php\/category\/cintillo\/"},"img":{"alt_text":"","src":"https:\/\/i0.wp.com\/www.grieta.org.mx\/wp-content\/uploads\/2023\/07\/363379770_690020123169868_8124757468151930841_n.jpg?resize=350%2C200","width":350,"height":200,"srcset":"https:\/\/i0.wp.com\/www.grieta.org.mx\/wp-content\/uploads\/2023\/07\/363379770_690020123169868_8124757468151930841_n.jpg?resize=350%2C200 1x, https:\/\/i0.wp.com\/www.grieta.org.mx\/wp-content\/uploads\/2023\/07\/363379770_690020123169868_8124757468151930841_n.jpg?resize=525%2C300 1.5x, https:\/\/i0.wp.com\/www.grieta.org.mx\/wp-content\/uploads\/2023\/07\/363379770_690020123169868_8124757468151930841_n.jpg?resize=700%2C400 2x, https:\/\/i0.wp.com\/www.grieta.org.mx\/wp-content\/uploads\/2023\/07\/363379770_690020123169868_8124757468151930841_n.jpg?resize=1050%2C600 3x, https:\/\/i0.wp.com\/www.grieta.org.mx\/wp-content\/uploads\/2023\/07\/363379770_690020123169868_8124757468151930841_n.jpg?resize=1400%2C800 4x"},"classes":[]},{"id":62483,"url":"http:\/\/www.grieta.org.mx\/index.php\/2021\/10\/11\/liberan-a-profesora-detenida-por-oponerse-a-obra-de-corredor-interoceanico-en-sus-tierras-oaxaca\/","url_meta":{"origin":36424,"position":5},"title":"Liberan a profesora detenida por oponerse a obra de Corredor Interoce\u00e1nico en sus tierras (Oaxaca)","author":"grieta","date":"11 octubre, 2021","format":false,"excerpt":"Pi\u00e9 de P\u00e1gina \/ Diana Manzo \/ Fotos: Especial. Luego de dos d\u00edas detenida, la profesora Micaela Valdivieso Joaqu\u00edn fue liberada la tarde de este domingo. La docente y su hijo fueron acusados de oponerse a que en sus tierras se construyan obras del Corredor Interoce\u00e1nico del Istmo de Tehuantepec.\u2026","rel":"","context":"En &quot;Brutalidad polic\u00edaca en Oaxaca&quot;","block_context":{"text":"Brutalidad polic\u00edaca en Oaxaca","link":"http:\/\/www.grieta.org.mx\/index.php\/category\/noticias-nacionales\/oaxaca\/brutalidad-policiaca-en-oaxaca\/"},"img":{"alt_text":"","src":"https:\/\/i0.wp.com\/www.grieta.org.mx\/wp-content\/uploads\/2021\/10\/Q.jpg?resize=350%2C200","width":350,"height":200,"srcset":"https:\/\/i0.wp.com\/www.grieta.org.mx\/wp-content\/uploads\/2021\/10\/Q.jpg?resize=350%2C200 1x, https:\/\/i0.wp.com\/www.grieta.org.mx\/wp-content\/uploads\/2021\/10\/Q.jpg?resize=525%2C300 1.5x, https:\/\/i0.wp.com\/www.grieta.org.mx\/wp-content\/uploads\/2021\/10\/Q.jpg?resize=700%2C400 2x, https:\/\/i0.wp.com\/www.grieta.org.mx\/wp-content\/uploads\/2021\/10\/Q.jpg?resize=1050%2C600 3x"},"classes":[]}],"_links":{"self":[{"href":"http:\/\/www.grieta.org.mx\/index.php\/wp-json\/wp\/v2\/posts\/36424","targetHints":{"allow":["GET"]}}],"collection":[{"href":"http:\/\/www.grieta.org.mx\/index.php\/wp-json\/wp\/v2\/posts"}],"about":[{"href":"http:\/\/www.grieta.org.mx\/index.php\/wp-json\/wp\/v2\/types\/post"}],"author":[{"embeddable":true,"href":"http:\/\/www.grieta.org.mx\/index.php\/wp-json\/wp\/v2\/users\/2"}],"replies":[{"embeddable":true,"href":"http:\/\/www.grieta.org.mx\/index.php\/wp-json\/wp\/v2\/comments?post=36424"}],"version-history":[{"count":1,"href":"http:\/\/www.grieta.org.mx\/index.php\/wp-json\/wp\/v2\/posts\/36424\/revisions"}],"predecessor-version":[{"id":36426,"href":"http:\/\/www.grieta.org.mx\/index.php\/wp-json\/wp\/v2\/posts\/36424\/revisions\/36426"}],"wp:featuredmedia":[{"embeddable":true,"href":"http:\/\/www.grieta.org.mx\/index.php\/wp-json\/wp\/v2\/media\/36425"}],"wp:attachment":[{"href":"http:\/\/www.grieta.org.mx\/index.php\/wp-json\/wp\/v2\/media?parent=36424"}],"wp:term":[{"taxonomy":"category","embeddable":true,"href":"http:\/\/www.grieta.org.mx\/index.php\/wp-json\/wp\/v2\/categories?post=36424"},{"taxonomy":"post_tag","embeddable":true,"href":"http:\/\/www.grieta.org.mx\/index.php\/wp-json\/wp\/v2\/tags?post=36424"}],"curies":[{"name":"wp","href":"https:\/\/api.w.org\/{rel}","templated":true}]}}