{"id":36416,"date":"2019-07-11T15:50:58","date_gmt":"2019-07-11T20:50:58","guid":{"rendered":"http:\/\/www.grieta.org.mx\/?p=36416"},"modified":"2019-07-16T16:03:07","modified_gmt":"2019-07-16T21:03:07","slug":"san-anton-de-las-minas-un-pueblo-contra-su-apellido-guanajuato","status":"publish","type":"post","link":"http:\/\/www.grieta.org.mx\/index.php\/2019\/07\/11\/san-anton-de-las-minas-un-pueblo-contra-su-apellido-guanajuato\/","title":{"rendered":"San Ant\u00f3n de las Minas: un pueblo contra su apellido (Guanajuato)"},"content":{"rendered":"<blockquote><p>Vecinos y ecologistas luchan contra la apertura de una explotaci\u00f3n minera canadiense. Afirman que contaminar\u00e1 la cuenca que nutre a toda la regi\u00f3n<\/p><\/blockquote>\n<p>Juanjo Cabello \/ La Silla Rota, Guanajuato, 11 de julio de 2019<\/p>\n<figure id=\"attachment_36419\" aria-describedby=\"caption-attachment-36419\" style=\"width: 800px\" class=\"wp-caption aligncenter\"><img loading=\"lazy\" decoding=\"async\" data-attachment-id=\"36419\" data-permalink=\"http:\/\/www.grieta.org.mx\/index.php\/2019\/07\/11\/san-anton-de-las-minas-un-pueblo-contra-su-apellido-guanajuato\/sanantonminas\/\" data-orig-file=\"http:\/\/www.grieta.org.mx\/wp-content\/uploads\/2019\/07\/SanAntonMinas.jpg\" data-orig-size=\"298,169\" data-comments-opened=\"0\" data-image-meta=\"{&quot;aperture&quot;:&quot;0&quot;,&quot;credit&quot;:&quot;&quot;,&quot;camera&quot;:&quot;&quot;,&quot;caption&quot;:&quot;&quot;,&quot;created_timestamp&quot;:&quot;0&quot;,&quot;copyright&quot;:&quot;&quot;,&quot;focal_length&quot;:&quot;0&quot;,&quot;iso&quot;:&quot;0&quot;,&quot;shutter_speed&quot;:&quot;0&quot;,&quot;title&quot;:&quot;&quot;,&quot;orientation&quot;:&quot;0&quot;}\" data-image-title=\"SanAntonMinas\" data-image-description=\"\" data-image-caption=\"&lt;p&gt;Entrada al pueblo de San Ant\u00f3n delas Minas&lt;\/p&gt;\n\" data-medium-file=\"http:\/\/www.grieta.org.mx\/wp-content\/uploads\/2019\/07\/SanAntonMinas.jpg\" data-large-file=\"http:\/\/www.grieta.org.mx\/wp-content\/uploads\/2019\/07\/SanAntonMinas.jpg\" class=\"wp-image-36419\" src=\"http:\/\/www.grieta.org.mx\/wp-content\/uploads\/2019\/07\/SanAntonMinas.jpg\" alt=\"\" width=\"800\" height=\"454\" \/><figcaption id=\"caption-attachment-36419\" class=\"wp-caption-text\">Entrada al pueblo de San Ant\u00f3n de las Minas. Fuente: La Silla Rota<\/figcaption><\/figure>\n<p>La batalla empez\u00f3 en San Ant\u00f3n de las Minas y gana adeptos en todo el municipio de Dolores Hidalgo. Vecinos y ecologistas luchan con sus escasas armas contra todo un proyecto minero de la empresa canadiense Argonaut Gold. Una compa\u00f1\u00eda dedicada a actividades de exploraci\u00f3n, desarrollo y producci\u00f3n minera.<\/p>\n<figure id=\"attachment_36418\" aria-describedby=\"caption-attachment-36418\" style=\"width: 800px\" class=\"wp-caption aligncenter\"><img loading=\"lazy\" decoding=\"async\" data-attachment-id=\"36418\" data-permalink=\"http:\/\/www.grieta.org.mx\/index.php\/2019\/07\/11\/san-anton-de-las-minas-un-pueblo-contra-su-apellido-guanajuato\/https-_lasillarotarm-blob-core-windows-net_images_2019_07_10_083e056c0a93473690da5a6d8ffbc5fa_1\/\" data-orig-file=\"http:\/\/www.grieta.org.mx\/wp-content\/uploads\/2019\/07\/https-_lasillarotarm.blob_.core_.windows.net_images_2019_07_10_083e056c0a93473690da5a6d8ffbc5fa_1.jpg\" data-orig-size=\"750,469\" data-comments-opened=\"0\" data-image-meta=\"{&quot;aperture&quot;:&quot;0&quot;,&quot;credit&quot;:&quot;&quot;,&quot;camera&quot;:&quot;&quot;,&quot;caption&quot;:&quot;&quot;,&quot;created_timestamp&quot;:&quot;0&quot;,&quot;copyright&quot;:&quot;&quot;,&quot;focal_length&quot;:&quot;0&quot;,&quot;iso&quot;:&quot;0&quot;,&quot;shutter_speed&quot;:&quot;0&quot;,&quot;title&quot;:&quot;&quot;,&quot;orientation&quot;:&quot;0&quot;}\" data-image-title=\"https _lasillarotarm.blob.core.windows.net_images_2019_07_10_083e056c0a93473690da5a6d8ffbc5fa_1\" data-image-description=\"\" data-image-caption=\"&lt;p&gt;Vecinos de San Ant\u00f3n de las Minas se oponen al proyecto minero. (Foto: Facebook). &lt;\/p&gt;\n\" data-medium-file=\"http:\/\/www.grieta.org.mx\/wp-content\/uploads\/2019\/07\/https-_lasillarotarm.blob_.core_.windows.net_images_2019_07_10_083e056c0a93473690da5a6d8ffbc5fa_1-300x188.jpg\" data-large-file=\"http:\/\/www.grieta.org.mx\/wp-content\/uploads\/2019\/07\/https-_lasillarotarm.blob_.core_.windows.net_images_2019_07_10_083e056c0a93473690da5a6d8ffbc5fa_1.jpg\" class=\"wp-image-36418\" src=\"http:\/\/www.grieta.org.mx\/wp-content\/uploads\/2019\/07\/https-_lasillarotarm.blob_.core_.windows.net_images_2019_07_10_083e056c0a93473690da5a6d8ffbc5fa_1.jpg\" alt=\"\" width=\"800\" height=\"500\" srcset=\"http:\/\/www.grieta.org.mx\/wp-content\/uploads\/2019\/07\/https-_lasillarotarm.blob_.core_.windows.net_images_2019_07_10_083e056c0a93473690da5a6d8ffbc5fa_1.jpg 750w, http:\/\/www.grieta.org.mx\/wp-content\/uploads\/2019\/07\/https-_lasillarotarm.blob_.core_.windows.net_images_2019_07_10_083e056c0a93473690da5a6d8ffbc5fa_1-300x188.jpg 300w\" sizes=\"auto, (max-width: 800px) 100vw, 800px\" \/><figcaption id=\"caption-attachment-36418\" class=\"wp-caption-text\">Vecinos de San Ant\u00f3n de las Minas se oponen al proyecto minero. (Foto: Facebook).<\/figcaption><\/figure>\n<p>La esencia del debate se encuentra en los procesos que planea usar la compa\u00f1\u00eda canadiense en la explotaci\u00f3n de San Ant\u00f3n de la Minas: tajo abierto y lixiviaci\u00f3n en pilas. T\u00e9cnicas muy agresivas que, seg\u00fan los ecologistas, contaminar\u00e1n la Cuenca de la Independencia que abarca siete municipios. M\u00e1s de 20 comunidades de la zona trabajan ya con la organizaci\u00f3n ecologista Acci\u00f3n Colectiva para frenar la mina.<\/p>\n<figure id=\"attachment_36417\" aria-describedby=\"caption-attachment-36417\" style=\"width: 800px\" class=\"wp-caption aligncenter\"><img loading=\"lazy\" decoding=\"async\" data-attachment-id=\"36417\" data-permalink=\"http:\/\/www.grieta.org.mx\/index.php\/2019\/07\/11\/san-anton-de-las-minas-un-pueblo-contra-su-apellido-guanajuato\/https-_lasillarotarm-blob-core-windows-net_images_2019_07_10_heapleachingscheme_1\/\" data-orig-file=\"http:\/\/www.grieta.org.mx\/wp-content\/uploads\/2019\/07\/https-_lasillarotarm.blob_.core_.windows.net_images_2019_07_10_heapleachingscheme_1.jpg\" data-orig-size=\"750,301\" data-comments-opened=\"0\" data-image-meta=\"{&quot;aperture&quot;:&quot;0&quot;,&quot;credit&quot;:&quot;&quot;,&quot;camera&quot;:&quot;&quot;,&quot;caption&quot;:&quot;&quot;,&quot;created_timestamp&quot;:&quot;0&quot;,&quot;copyright&quot;:&quot;&quot;,&quot;focal_length&quot;:&quot;0&quot;,&quot;iso&quot;:&quot;0&quot;,&quot;shutter_speed&quot;:&quot;0&quot;,&quot;title&quot;:&quot;&quot;,&quot;orientation&quot;:&quot;0&quot;}\" data-image-title=\"https _lasillarotarm.blob.core.windows.net_images_2019_07_10_heapleachingscheme_1\" data-image-description=\"\" data-image-caption=\"&lt;p&gt;Fuente: La Silla Rota&lt;\/p&gt;\n\" data-medium-file=\"http:\/\/www.grieta.org.mx\/wp-content\/uploads\/2019\/07\/https-_lasillarotarm.blob_.core_.windows.net_images_2019_07_10_heapleachingscheme_1-300x120.jpg\" data-large-file=\"http:\/\/www.grieta.org.mx\/wp-content\/uploads\/2019\/07\/https-_lasillarotarm.blob_.core_.windows.net_images_2019_07_10_heapleachingscheme_1.jpg\" class=\"wp-image-36417\" src=\"http:\/\/www.grieta.org.mx\/wp-content\/uploads\/2019\/07\/https-_lasillarotarm.blob_.core_.windows.net_images_2019_07_10_heapleachingscheme_1.jpg\" alt=\"\" width=\"800\" height=\"321\" srcset=\"http:\/\/www.grieta.org.mx\/wp-content\/uploads\/2019\/07\/https-_lasillarotarm.blob_.core_.windows.net_images_2019_07_10_heapleachingscheme_1.jpg 750w, http:\/\/www.grieta.org.mx\/wp-content\/uploads\/2019\/07\/https-_lasillarotarm.blob_.core_.windows.net_images_2019_07_10_heapleachingscheme_1-300x120.jpg 300w\" sizes=\"auto, (max-width: 800px) 100vw, 800px\" \/><figcaption id=\"caption-attachment-36417\" class=\"wp-caption-text\">Fuente: La Silla Rota<\/figcaption><\/figure>\n<p>Argonaut Gold negocia la concesi\u00f3n de m\u00e1s de 20 mil hect\u00e1reas en el Cerro del Gallo. Pero la t\u00e9cnica de lixivaci\u00f3n, que usa disolventes qu\u00edmicos para la obtenci\u00f3n de los minerales, sobre todo cobre, puede contaminar los mantos acu\u00edferos. Este m\u00e9todo apila el material sobre el que se vierten los qu\u00edmicos para obtener una concentraci\u00f3n del mineral.<\/p>\n<p>La t\u00e9cnica de lixiviaci\u00f3n produce graves afectaciones a la salud. Y consume y contamina grandes cantidades de agua, seg\u00fan argumentan los portavoces de Acci\u00f3n Colectiva.<\/p>\n<blockquote><p><em>&#8220;Una mina a cielo abierto produce polvo con metales pesados, residuos de cianuro de sodio y un drenaje \u00e1cido, lo que provoca enfermedades en la piel, en los ojos, abortos, deformaciones gen\u00e9ticas y problemas renales&#8221;, argumentan los ecologistas. <\/em><\/p><\/blockquote>\n<p>El proyecto minero cuenta tambi\u00e9n con la oposici\u00f3n de los vecinos de San Ant\u00f3n de las Minas. Los procesos con cianuro para extraer oro, plata y cobre contaminar\u00e1n la cuenca Independencia, acu\u00edfero que surte a los municipios de Dolores Hidalgo, San Miguel de Allende, San Luis de la Paz, San Jos\u00e9 Iturbide, San Felipe, San Diego de la Uni\u00f3n y Doctor Mora. Lo que podr\u00eda provocar un desastre ecol\u00f3gico en toda la regi\u00f3n, aseguran.<\/p>\n<p>La escasez de agua en esta zona del estado de Guanajuato es otro de los argumentos capitales del frente opositor al proyecto de Cerro del Gallo. No obstante, la Comisi\u00f3n Nacional del Agua (Conagua) ya aprob\u00f3 una concesi\u00f3n para que la empresa canadiense Argonaut Gold puede extraer de la cuenca cerca de un mill\u00f3n de metros c\u00fabicos al a\u00f1o.<\/p>\n<p>Ante el masivo rechazo de los habitantes hacia el proyecto de explotaci\u00f3n, el gobernador Diego Sinhue Rodr\u00edguez tuvo que salir al paso de las cr\u00edticas. El l\u00edder estatal instruy\u00f3 a la secretar\u00eda de Gobierno, a la Secretar\u00eda de Medio Ambiente y Ordenamiento Territorial (SMAOT) y a la Secretar\u00eda de Desarrollo Econ\u00f3mico Sustentable (SDES) que revisen a fondo el proyecto para hacer un informe sobre su viabilidad.<\/p>\n<blockquote><p><em>&#8220;Antes de emitir cualquier opini\u00f3n a favor o en contra hay que revisar el proyecto. Y sobre todo escuchar a todos los pobladores. Tiene que haber un acercamiento con los vecinos. Ya le ped\u00ed al secretario de Gobierno que se d\u00e9 una platicada con ellos. Muchas veces lo que falta es informaci\u00f3n y es importante que la poblaci\u00f3n est\u00e9 bien informada de qu\u00e9 es lo que se va a hacer y qu\u00e9 es lo que no se va a hacer&#8221;, afirm\u00f3 el Gobernador de Guanajuato.<\/em><\/p><\/blockquote>\n<p>Y es que los vecinos tienen miedo de que los productos qu\u00edmicos utilizados en el proceso contaminen los mantos acu\u00edferos y generen enfermedades. Exigen una garant\u00eda de que los qu\u00edmicos que usar\u00e1 la compa\u00f1\u00eda canadiense Argonaut Gold no contaminar\u00e1n el agua, la flora y la fauna. Y de momento nadie se la ha dado.<\/p>\n<p><a href=\"https:\/\/guanajuato.lasillarota.com\/estados\/san-anton-de-las-minas-un-pueblo-contra-su-apellido-ecologia-contaminacion-argonaut-gold\/297838\">https:\/\/guanajuato.lasillarota.com\/estados\/san-anton-de-las-minas-un-pueblo-contra-su-apellido-ecologia-contaminacion-argonaut-gold\/297838<\/a><\/p>\n","protected":false},"excerpt":{"rendered":"<p>Vecinos y ecologistas luchan contra la apertura de una explotaci\u00f3n minera canadiense. Afirman que contaminar\u00e1 la cuenca que nutre a toda la regi\u00f3n Juanjo Cabello \/ La Silla Rota, Guanajuato, &hellip; <a href=\"http:\/\/www.grieta.org.mx\/index.php\/2019\/07\/11\/san-anton-de-las-minas-un-pueblo-contra-su-apellido-guanajuato\/\" class=\"more-link\">Leer m\u00e1s<\/a><\/p>\n","protected":false},"author":2,"featured_media":36419,"comment_status":"closed","ping_status":"closed","sticky":false,"template":"","format":"standard","meta":{"ngg_post_thumbnail":0,"_jetpack_newsletter_access":"","_jetpack_dont_email_post_to_subs":false,"_jetpack_newsletter_tier_id":0,"_jetpack_memberships_contains_paywalled_content":false,"_jetpack_memberships_contains_paid_content":false,"footnotes":""},"categories":[80,2739,1066,2746,17,2689],"tags":[2216,1178,98,874,764],"class_list":["post-36416","post","type-post","status-publish","format-standard","has-post-thumbnail","hentry","category-cintillo","category-conflictos-por-mineria-en-guanajuato","category-contaminacion-ambiental-en-guanajuato","category-destruccion-de-la-naturaleza-en-guanajuato","category-guanajuato","category-privatizacion-del-agua-en-guanajuato","tag-conflictos-por-mineria","tag-destruccion-de-la-naturaleza","tag-mineras","tag-mineras-canadienses","tag-privatizacion-del-agua","entry"],"jetpack_featured_media_url":"http:\/\/www.grieta.org.mx\/wp-content\/uploads\/2019\/07\/SanAntonMinas.jpg","jetpack_sharing_enabled":true,"jetpack_shortlink":"https:\/\/wp.me\/p7ZJR4-9tm","jetpack_likes_enabled":false,"jetpack-related-posts":[{"id":41521,"url":"http:\/\/www.grieta.org.mx\/index.php\/2019\/11\/24\/advierten-crisis-hidrica-en-dolores-hidalgo-si-se-explota-mina-en-el-cerro-del-gallo-guanajuato\/","url_meta":{"origin":36416,"position":0},"title":"Advierten crisis h\u00eddrica en Dolores Hidalgo si se explota mina en el Cerro del Gallo (Guanajuato","author":"grieta","date":"24 noviembre, 2019","format":false,"excerpt":"En el conversatorio \u201cAgua y miner\u00eda\u201d realizado la tarde de este s\u00e1bado en el Museo Bicentenario, se habl\u00f3 sobre el problema existente del agua en la Cuenca de la Independencia, as\u00ed como aun la gran afectaci\u00f3n que sufrir\u00edan los pobladores si se llega a implementar la explotaci\u00f3n de la mina\u2026","rel":"","context":"En &quot;CINTILLO&quot;","block_context":{"text":"CINTILLO","link":"http:\/\/www.grieta.org.mx\/index.php\/category\/cintillo\/"},"img":{"alt_text":"","src":"https:\/\/i0.wp.com\/www.grieta.org.mx\/wp-content\/uploads\/2019\/11\/cerritodelgallo2-focus-0-0-983-557.jpg?resize=350%2C200","width":350,"height":200,"srcset":"https:\/\/i0.wp.com\/www.grieta.org.mx\/wp-content\/uploads\/2019\/11\/cerritodelgallo2-focus-0-0-983-557.jpg?resize=350%2C200 1x, https:\/\/i0.wp.com\/www.grieta.org.mx\/wp-content\/uploads\/2019\/11\/cerritodelgallo2-focus-0-0-983-557.jpg?resize=525%2C300 1.5x, https:\/\/i0.wp.com\/www.grieta.org.mx\/wp-content\/uploads\/2019\/11\/cerritodelgallo2-focus-0-0-983-557.jpg?resize=700%2C400 2x"},"classes":[]},{"id":37311,"url":"http:\/\/www.grieta.org.mx\/index.php\/2019\/07\/17\/la-cuenca-de-la-independencia-amenazada-por-proyecto-minero-guanajuato\/","url_meta":{"origin":36416,"position":1},"title":"La Cuenca de la Independencia amenazada por proyecto minero (Guanajuato)","author":"grieta","date":"17 julio, 2019","format":false,"excerpt":"Se contaminar\u00eda el acu\u00edfero que surte a municipios como Dolores Hidalgo y San Miguel de Allende. \u00a0 Redacci\u00f3n La Coperacha Ciudad de M\u00e9xico \/\/ 17 de julio de 2019 a Coalici\u00f3n en Defensa de la Cuenca de la Independencia y el colectivo Guardianes de la Cuenca, advirtieron que el proyecto\u2026","rel":"","context":"En &quot;CINTILLO&quot;","block_context":{"text":"CINTILLO","link":"http:\/\/www.grieta.org.mx\/index.php\/category\/cintillo\/"},"img":{"alt_text":"","src":"https:\/\/i0.wp.com\/www.grieta.org.mx\/wp-content\/uploads\/2019\/08\/cuenca-independencia-amenazada-proyecto-minero.jpg?resize=350%2C200","width":350,"height":200,"srcset":"https:\/\/i0.wp.com\/www.grieta.org.mx\/wp-content\/uploads\/2019\/08\/cuenca-independencia-amenazada-proyecto-minero.jpg?resize=350%2C200 1x, https:\/\/i0.wp.com\/www.grieta.org.mx\/wp-content\/uploads\/2019\/08\/cuenca-independencia-amenazada-proyecto-minero.jpg?resize=525%2C300 1.5x, https:\/\/i0.wp.com\/www.grieta.org.mx\/wp-content\/uploads\/2019\/08\/cuenca-independencia-amenazada-proyecto-minero.jpg?resize=700%2C400 2x, https:\/\/i0.wp.com\/www.grieta.org.mx\/wp-content\/uploads\/2019\/08\/cuenca-independencia-amenazada-proyecto-minero.jpg?resize=1050%2C600 3x"},"classes":[]},{"id":52689,"url":"http:\/\/www.grieta.org.mx\/index.php\/2020\/07\/22\/manifestacion-virtual-no-a-la-mina-en-dolores-hidalgo-guanajuato\/","url_meta":{"origin":36416,"position":2},"title":"Manifestaci\u00f3n Virtual \u201cNo a la Mina\u201d En Dolores Hidalgo  (Guanajuato)","author":"grieta","date":"22 julio, 2020","format":false,"excerpt":"En conmemoraci\u00f3n del \u201cDia Mundial Contra la Miner\u00eda a Cielo Abierto\u201d, activistas se manifestaron virtualmente para reiterar su inconformidad por la pretensi\u00f3n de explotaci\u00f3n que tiene la minera canadiense Argonaut Gold, sobre la mina en el Cerro Del Gallo, en la comunidad de San Ant\u00f3n de las minas, en Dolores\u2026","rel":"","context":"En &quot;CINTILLO&quot;","block_context":{"text":"CINTILLO","link":"http:\/\/www.grieta.org.mx\/index.php\/category\/cintillo\/"},"img":{"alt_text":"","src":"https:\/\/i0.wp.com\/www.grieta.org.mx\/wp-content\/uploads\/2020\/08\/0p.jpg?resize=350%2C200","width":350,"height":200,"srcset":"https:\/\/i0.wp.com\/www.grieta.org.mx\/wp-content\/uploads\/2020\/08\/0p.jpg?resize=350%2C200 1x, https:\/\/i0.wp.com\/www.grieta.org.mx\/wp-content\/uploads\/2020\/08\/0p.jpg?resize=525%2C300 1.5x, https:\/\/i0.wp.com\/www.grieta.org.mx\/wp-content\/uploads\/2020\/08\/0p.jpg?resize=700%2C400 2x, https:\/\/i0.wp.com\/www.grieta.org.mx\/wp-content\/uploads\/2020\/08\/0p.jpg?resize=1050%2C600 3x"},"classes":[]},{"id":67975,"url":"http:\/\/www.grieta.org.mx\/index.php\/2023\/07\/18\/agrupaciones-protestan-contra-explotacion-del-cerro-del-gallo-en-dolores-hidalgo-por-minera-canadiense-guanajuato\/","url_meta":{"origin":36416,"position":3},"title":"Agrupaciones protestan contra explotaci\u00f3n del cerro del Gallo en Dolores Hidalgo por minera canadiense (Guanajuato)","author":"grieta","date":"18 julio, 2023","format":false,"excerpt":"Roberto L\u00f3pez Martes, Peri\u00f3dico Correo, 18 Julio, 2023 Dolores Hidalgo, Guanajuato.- A prop\u00f3sito del d\u00eda mundial contra la miner\u00eda a cielo abierto, el pr\u00f3ximo 22 de julio, tres agrupaciones se reunieron para dar a conocer que se mantienen en lucha contra la explotaci\u00f3n del cerro del Gallo, en San Ant\u00f3n\u2026","rel":"","context":"En &quot;CINTILLO&quot;","block_context":{"text":"CINTILLO","link":"http:\/\/www.grieta.org.mx\/index.php\/category\/cintillo\/"},"img":{"alt_text":"","src":"https:\/\/i0.wp.com\/www.grieta.org.mx\/wp-content\/uploads\/2023\/10\/cerro-610432957.jpg?resize=350%2C200","width":350,"height":200,"srcset":"https:\/\/i0.wp.com\/www.grieta.org.mx\/wp-content\/uploads\/2023\/10\/cerro-610432957.jpg?resize=350%2C200 1x, https:\/\/i0.wp.com\/www.grieta.org.mx\/wp-content\/uploads\/2023\/10\/cerro-610432957.jpg?resize=525%2C300 1.5x, https:\/\/i0.wp.com\/www.grieta.org.mx\/wp-content\/uploads\/2023\/10\/cerro-610432957.jpg?resize=700%2C400 2x, https:\/\/i0.wp.com\/www.grieta.org.mx\/wp-content\/uploads\/2023\/10\/cerro-610432957.jpg?resize=1050%2C600 3x"},"classes":[]},{"id":41518,"url":"http:\/\/www.grieta.org.mx\/index.php\/2019\/11\/21\/preparan-conversatorio-en-dolores-hidalgo-agua-y-mineria-guanajuato\/","url_meta":{"origin":36416,"position":4},"title":"Preparan conversatorio en Dolores Hidalgo \u201cAgua y Miner\u00eda\u201d (Guanajuato)","author":"grieta","date":"21 noviembre, 2019","format":false,"excerpt":"La Coalici\u00f3n en Defensa de la Cuenca de la Independencia CODECIN, Centro de Desarrollo Agropecuario A.C. CEDESA y el Colectivo Guardianes de la Cuenca convocan al conversatorio \u201cAgua y Miner\u00eda\u201d este s\u00e1bado 23 de Noviembre en el museo Bicentenario. Zona Franca, 21 de noviembre de 2019 Dolores Hidalgo Gto. Activistas\u2026","rel":"","context":"En &quot;CINTILLO&quot;","block_context":{"text":"CINTILLO","link":"http:\/\/www.grieta.org.mx\/index.php\/category\/cintillo\/"},"img":{"alt_text":"","src":"https:\/\/i0.wp.com\/www.grieta.org.mx\/wp-content\/uploads\/2019\/11\/h0.jpeg?resize=350%2C200","width":350,"height":200,"srcset":"https:\/\/i0.wp.com\/www.grieta.org.mx\/wp-content\/uploads\/2019\/11\/h0.jpeg?resize=350%2C200 1x, https:\/\/i0.wp.com\/www.grieta.org.mx\/wp-content\/uploads\/2019\/11\/h0.jpeg?resize=525%2C300 1.5x, https:\/\/i0.wp.com\/www.grieta.org.mx\/wp-content\/uploads\/2019\/11\/h0.jpeg?resize=700%2C400 2x"},"classes":[]},{"id":37306,"url":"http:\/\/www.grieta.org.mx\/index.php\/2019\/07\/22\/comunidades-de-guanajuato-se-movilizan-contra-minera-argonauta-gold\/","url_meta":{"origin":36416,"position":5},"title":"Comunidades de Guanajuato se movilizan contra minera Argonauta Gold","author":"grieta","date":"22 julio, 2019","format":false,"excerpt":"En el D\u00eda Mundial Contra la Miner\u00eda a Cielo Abierto rechazan el ecocidio que provocar\u00eda en la Cuenca de la Independencia. Redacci\u00f3n La Coperacha Ciudad de M\u00e9xico \/\/ 22 de julio de 2019 Cerca de dos mil personas provenientes de comunidades de la Cuenca de la Independencia, Guanajuato, se movilizaron\u2026","rel":"","context":"En &quot;CINTILLO&quot;","block_context":{"text":"CINTILLO","link":"http:\/\/www.grieta.org.mx\/index.php\/category\/cintillo\/"},"img":{"alt_text":"","src":"https:\/\/i0.wp.com\/www.grieta.org.mx\/wp-content\/uploads\/2019\/08\/Dolores-Hidalgo-mina-cielo-abierto-01.jpg?resize=350%2C200","width":350,"height":200,"srcset":"https:\/\/i0.wp.com\/www.grieta.org.mx\/wp-content\/uploads\/2019\/08\/Dolores-Hidalgo-mina-cielo-abierto-01.jpg?resize=350%2C200 1x, https:\/\/i0.wp.com\/www.grieta.org.mx\/wp-content\/uploads\/2019\/08\/Dolores-Hidalgo-mina-cielo-abierto-01.jpg?resize=525%2C300 1.5x, https:\/\/i0.wp.com\/www.grieta.org.mx\/wp-content\/uploads\/2019\/08\/Dolores-Hidalgo-mina-cielo-abierto-01.jpg?resize=700%2C400 2x, https:\/\/i0.wp.com\/www.grieta.org.mx\/wp-content\/uploads\/2019\/08\/Dolores-Hidalgo-mina-cielo-abierto-01.jpg?resize=1050%2C600 3x"},"classes":[]}],"_links":{"self":[{"href":"http:\/\/www.grieta.org.mx\/index.php\/wp-json\/wp\/v2\/posts\/36416","targetHints":{"allow":["GET"]}}],"collection":[{"href":"http:\/\/www.grieta.org.mx\/index.php\/wp-json\/wp\/v2\/posts"}],"about":[{"href":"http:\/\/www.grieta.org.mx\/index.php\/wp-json\/wp\/v2\/types\/post"}],"author":[{"embeddable":true,"href":"http:\/\/www.grieta.org.mx\/index.php\/wp-json\/wp\/v2\/users\/2"}],"replies":[{"embeddable":true,"href":"http:\/\/www.grieta.org.mx\/index.php\/wp-json\/wp\/v2\/comments?post=36416"}],"version-history":[{"count":1,"href":"http:\/\/www.grieta.org.mx\/index.php\/wp-json\/wp\/v2\/posts\/36416\/revisions"}],"predecessor-version":[{"id":36420,"href":"http:\/\/www.grieta.org.mx\/index.php\/wp-json\/wp\/v2\/posts\/36416\/revisions\/36420"}],"wp:featuredmedia":[{"embeddable":true,"href":"http:\/\/www.grieta.org.mx\/index.php\/wp-json\/wp\/v2\/media\/36419"}],"wp:attachment":[{"href":"http:\/\/www.grieta.org.mx\/index.php\/wp-json\/wp\/v2\/media?parent=36416"}],"wp:term":[{"taxonomy":"category","embeddable":true,"href":"http:\/\/www.grieta.org.mx\/index.php\/wp-json\/wp\/v2\/categories?post=36416"},{"taxonomy":"post_tag","embeddable":true,"href":"http:\/\/www.grieta.org.mx\/index.php\/wp-json\/wp\/v2\/tags?post=36416"}],"curies":[{"name":"wp","href":"https:\/\/api.w.org\/{rel}","templated":true}]}}