{"id":36328,"date":"2019-07-02T13:23:52","date_gmt":"2019-07-02T18:23:52","guid":{"rendered":"http:\/\/www.grieta.org.mx\/?p=36328"},"modified":"2019-07-15T13:30:22","modified_gmt":"2019-07-15T18:30:22","slug":"juez-suspende-funcionamiento-del-gasoducto-morelos-en-ejido-de-amilcingo","status":"publish","type":"post","link":"http:\/\/www.grieta.org.mx\/index.php\/2019\/07\/02\/juez-suspende-funcionamiento-del-gasoducto-morelos-en-ejido-de-amilcingo\/","title":{"rendered":"Juez suspende funcionamiento del gasoducto Morelos en ejido de Amilcingo"},"content":{"rendered":"<figure id=\"attachment_36329\" aria-describedby=\"caption-attachment-36329\" style=\"width: 800px\" class=\"wp-caption alignleft\"><img loading=\"lazy\" decoding=\"async\" data-attachment-id=\"36329\" data-permalink=\"http:\/\/www.grieta.org.mx\/index.php\/2019\/07\/02\/juez-suspende-funcionamiento-del-gasoducto-morelos-en-ejido-de-amilcingo\/https-_www-angulo7-com-mx_wp-content_uploads_2019_02_gasoducto-morelos\/\" data-orig-file=\"http:\/\/www.grieta.org.mx\/wp-content\/uploads\/2019\/07\/https-_www.angulo7.com_.mx_wp-content_uploads_2019_02_gasoducto-morelos.jpg\" data-orig-size=\"620,330\" data-comments-opened=\"0\" data-image-meta=\"{&quot;aperture&quot;:&quot;0&quot;,&quot;credit&quot;:&quot;&quot;,&quot;camera&quot;:&quot;&quot;,&quot;caption&quot;:&quot;&quot;,&quot;created_timestamp&quot;:&quot;0&quot;,&quot;copyright&quot;:&quot;&quot;,&quot;focal_length&quot;:&quot;0&quot;,&quot;iso&quot;:&quot;0&quot;,&quot;shutter_speed&quot;:&quot;0&quot;,&quot;title&quot;:&quot;&quot;,&quot;orientation&quot;:&quot;0&quot;}\" data-image-title=\"https _www.angulo7.com.mx_wp-content_uploads_2019_02_gasoducto-morelos\" data-image-description=\"\" data-image-caption=\"\" data-medium-file=\"http:\/\/www.grieta.org.mx\/wp-content\/uploads\/2019\/07\/https-_www.angulo7.com_.mx_wp-content_uploads_2019_02_gasoducto-morelos-300x160.jpg\" data-large-file=\"http:\/\/www.grieta.org.mx\/wp-content\/uploads\/2019\/07\/https-_www.angulo7.com_.mx_wp-content_uploads_2019_02_gasoducto-morelos.jpg\" class=\"wp-image-36329\" src=\"http:\/\/www.grieta.org.mx\/wp-content\/uploads\/2019\/07\/https-_www.angulo7.com_.mx_wp-content_uploads_2019_02_gasoducto-morelos.jpg\" alt=\"\" width=\"800\" height=\"426\" srcset=\"http:\/\/www.grieta.org.mx\/wp-content\/uploads\/2019\/07\/https-_www.angulo7.com_.mx_wp-content_uploads_2019_02_gasoducto-morelos.jpg 620w, http:\/\/www.grieta.org.mx\/wp-content\/uploads\/2019\/07\/https-_www.angulo7.com_.mx_wp-content_uploads_2019_02_gasoducto-morelos-300x160.jpg 300w\" sizes=\"auto, (max-width: 800px) 100vw, 800px\" \/><figcaption id=\"caption-attachment-36329\" class=\"wp-caption-text\">Juez suspende funcionamiento del gasoducto Morelos en ejido de Amilcingo. Foto: Jos\u00e9 Casta\u00f1ares\/ EsImagen<\/figcaption><\/figure>\n<p>Diana Lizeth P\u00e9rez Morales \/ \u00c1ngulo 7<br \/>\nJos\u00e9 Casta\u00f1ares \/ Fotograf\u00eda<\/p>\n<p>El Juez Noveno de Distrito en Morelos dio la suspensi\u00f3n de plano al ejido de Amilcingo sobre la operaci\u00f3n del Gasoducto Morelos, instalado con el uso de la fuerza p\u00fablica, por lo que no puede operar en el resto de su trayecto hasta la termoel\u00e9ctrica en Huexca.<\/p>\n<p>El Frente de Pueblos en Defensa de la Tierra y Agua Morelos, Puebla, Tlaxcala explic\u00f3 que el fallo dado el pasado fin de semana se debi\u00f3 a que el 13 de abril de 2014 el tubo del gasoducto se instal\u00f3 ilegalmente en las tierras de este ejido con la presencia de polic\u00edas estatales, federales y elementos del Ej\u00e9rcito, resultando baleados cinco compa\u00f1eros.<\/p>\n<p>Resalt\u00f3 que de esta manera y tras siete a\u00f1os de lucha, proteger\u00e1n a Amilcingo y otras 60 comunidades afectadas por el Proyecto Integral Morelos (PIM), al no poder pasar el gas natural por esta comunidad hasta la mencionada termoel\u00e9ctrica.<\/p>\n<p>Record\u00f3 que este caso se suma a la suspensi\u00f3n definitiva conseguida por Huexca para no contaminar el R\u00edo Cuautla con las aguas de descarga de la termoel\u00e9ctrica, a las suspensiones de plano de tres ejidos de Ayala contra el funcionamiento del acueducto y al amparo ganado por cuatro comunidades de Atlixco, que es un precedente para el resto de las localidades no consultadas.<br \/>\nHay 10 amparos de 11 comunidades<\/p>\n<p>Coment\u00f3 que existen diez amparos promovidos por 11 comunidades ind\u00edgenas, reclamando la violaci\u00f3n al derecho de autodeterminaci\u00f3n de los pueblos nahuas, a pesar de la Recomendaci\u00f3n 003\/2018 de la CNDH, donde se documenta la violaci\u00f3n al derecho a la consulta y la falta de seguridad del PIM en torno al volc\u00e1n Popocat\u00e9petl, pero s\u00f3lo el ejido de Amilcingo ha tenido la suficiente fuerza legal de pararlo, al tener cierta protecci\u00f3n constitucional ante el despojo de sus derechos.<\/p>\n<p>Exigi\u00f3 a la CFE, al presidente Andr\u00e9s Manuel L\u00f3pez Obrador y a las empresas involucradas no violar la orden judicial, cesar de imponer el PIM, esclarecer el asesinato de Samir Flores Soberanes, as\u00ed como castigar a los responsables de tortura, dar justicia a los encarcelados y perseguidos, desmantelar los grupos de choque y que se respeten sus derechos plasmados en los Acuerdos de San Andr\u00e9s.<\/p>\n<p>Asimismo, responsabiliz\u00f3 al gobierno y empresas de cualquier acto de represi\u00f3n que puedan sufrir las comunidades afectadas y sus defensores, de manera directa o indirecta, por medio de grupos de choque o delincuenciales vinculados con el gobierno y empresas, criminalizaci\u00f3n o intimidaci\u00f3n de cualquier otra \u00edndole.<\/p>\n<p><a href=\"https:\/\/www.angulo7.com.mx\/2019\/07\/02\/juez-suspende-funcionamiento-del-gasoducto-morelos-en-ejido-de-amilcingo\/\">https:\/\/www.angulo7.com.mx\/2019\/07\/02\/juez-suspende-funcionamiento-del-gasoducto-morelos-en-ejido-de-amilcingo\/<\/a><\/p>\n","protected":false},"excerpt":{"rendered":"<p>Diana Lizeth P\u00e9rez Morales \/ \u00c1ngulo 7 Jos\u00e9 Casta\u00f1ares \/ Fotograf\u00eda El Juez Noveno de Distrito en Morelos dio la suspensi\u00f3n de plano al ejido de Amilcingo sobre la operaci\u00f3n &hellip; <a href=\"http:\/\/www.grieta.org.mx\/index.php\/2019\/07\/02\/juez-suspende-funcionamiento-del-gasoducto-morelos-en-ejido-de-amilcingo\/\" class=\"more-link\">Leer m\u00e1s<\/a><\/p>\n","protected":false},"author":2,"featured_media":36329,"comment_status":"closed","ping_status":"closed","sticky":false,"template":"","format":"standard","meta":{"ngg_post_thumbnail":0,"_jetpack_newsletter_access":"","_jetpack_dont_email_post_to_subs":false,"_jetpack_newsletter_tier_id":0,"_jetpack_memberships_contains_paywalled_content":false,"_jetpack_memberships_contains_paid_content":false,"footnotes":""},"categories":[54,55,80,970,1,954,3,22,2,44,1171],"tags":[384,510,2087,2471],"class_list":["post-36328","post","type-post","status-publish","format-standard","has-post-thumbnail","hentry","category-10-huexca","category-11-amilcingo","category-cintillo","category-esp-morelos","category-espejos-de-la-resistencia","category-espejos-estados","category-megaproyectos","category-morelos","category-noticias-nacionales","category-proyecto-integral-morelos","category-rechazo-al-proyecto-integral-morelos-pim-en-morelos","tag-amparo","tag-proyecto-integral-morelos","tag-rechazo-a-la-termoelectrica-en-huexca","tag-samir","entry"],"jetpack_featured_media_url":"http:\/\/www.grieta.org.mx\/wp-content\/uploads\/2019\/07\/https-_www.angulo7.com_.mx_wp-content_uploads_2019_02_gasoducto-morelos.jpg","jetpack_sharing_enabled":true,"jetpack_shortlink":"https:\/\/wp.me\/p7ZJR4-9rW","jetpack_likes_enabled":false,"jetpack-related-posts":[{"id":36337,"url":"http:\/\/www.grieta.org.mx\/index.php\/2019\/07\/02\/suspenden-construccion-de-gasoducto-de-termoelectrica-en-huexca-morelos\/","url_meta":{"origin":36328,"position":0},"title":"Suspenden construcci\u00f3n de gasoducto de termoel\u00e9ctrica en Huexca (Morelos)","author":"grieta","date":"2 julio, 2019","format":false,"excerpt":"Jos\u00e9 Ra\u00fal Linares \/ Proceso Foto: Margarito P\u00e9rez Retana CUERNAVACA, Mor. (Apro).- Un juez federal concedi\u00f3 una suspensi\u00f3n a favor del ejido de Amilcingo, Morelos, y orden\u00f3 detener la construcci\u00f3n del gasoducto que abastecer\u00e1 a la termoel\u00e9ctrica Huexca \u2013parte del Proyecto Integral Morelos (PIM). Lo anterior luego de obtener una\u2026","rel":"","context":"En &quot;10. Huexca&quot;","block_context":{"text":"10. Huexca","link":"http:\/\/www.grieta.org.mx\/index.php\/category\/espejos-de-la-resistencia\/10-huexca\/"},"img":{"alt_text":"","src":"https:\/\/i0.wp.com\/www.grieta.org.mx\/wp-content\/uploads\/2019\/07\/La-Huexca-Foto-Margarito-Perez-Retana.jpeg?resize=350%2C200","width":350,"height":200,"srcset":"https:\/\/i0.wp.com\/www.grieta.org.mx\/wp-content\/uploads\/2019\/07\/La-Huexca-Foto-Margarito-Perez-Retana.jpeg?resize=350%2C200 1x, https:\/\/i0.wp.com\/www.grieta.org.mx\/wp-content\/uploads\/2019\/07\/La-Huexca-Foto-Margarito-Perez-Retana.jpeg?resize=525%2C300 1.5x, https:\/\/i0.wp.com\/www.grieta.org.mx\/wp-content\/uploads\/2019\/07\/La-Huexca-Foto-Margarito-Perez-Retana.jpeg?resize=700%2C400 2x"},"classes":[]},{"id":36519,"url":"http:\/\/www.grieta.org.mx\/index.php\/2019\/07\/04\/amilcingo-obtiene-suspension-de-operaciones-del-gasoducto-morelos\/","url_meta":{"origin":36328,"position":1},"title":"Amilcingo obtiene suspensi\u00f3n de operaciones del Gasoducto Morelos","author":"grieta","date":"4 julio, 2019","format":false,"excerpt":"Teresa Balcazar \/ Somoselmedio Este fin de semana el Juez Noveno de Distrito en el Estado de Morelos, concedi\u00f3 al ejido de Amilcingo la suspensi\u00f3n de plano sobre la operaci\u00f3n del Gasoducto Morelos; as\u00ed lo inform\u00f3 el Congreso Nacional Ind\u00edgena. \u00abEste es un triunfo que no se hab\u00eda obtenido en\u2026","rel":"","context":"En &quot;10. Huexca&quot;","block_context":{"text":"10. Huexca","link":"http:\/\/www.grieta.org.mx\/index.php\/category\/espejos-de-la-resistencia\/10-huexca\/"},"img":{"alt_text":"","src":"https:\/\/i0.wp.com\/www.grieta.org.mx\/wp-content\/uploads\/2019\/07\/WhatsApp-Image-2019-01-29-at-11.44.12-PM-1.jpeg?resize=350%2C200","width":350,"height":200,"srcset":"https:\/\/i0.wp.com\/www.grieta.org.mx\/wp-content\/uploads\/2019\/07\/WhatsApp-Image-2019-01-29-at-11.44.12-PM-1.jpeg?resize=350%2C200 1x, https:\/\/i0.wp.com\/www.grieta.org.mx\/wp-content\/uploads\/2019\/07\/WhatsApp-Image-2019-01-29-at-11.44.12-PM-1.jpeg?resize=525%2C300 1.5x, https:\/\/i0.wp.com\/www.grieta.org.mx\/wp-content\/uploads\/2019\/07\/WhatsApp-Image-2019-01-29-at-11.44.12-PM-1.jpeg?resize=700%2C400 2x"},"classes":[]},{"id":53531,"url":"http:\/\/www.grieta.org.mx\/index.php\/2020\/09\/17\/amlo-viola-suspensiones-provisionales-con-gasoducto-morelos-frente-de-pueblos\/","url_meta":{"origin":36328,"position":2},"title":"AMLO viola suspensiones provisionales con gasoducto Morelos: Frente de Pueblos","author":"Admin","date":"17 septiembre, 2020","format":false,"excerpt":"Gabriela Hern\u00e1ndez PUEBLA, Pue. (apro).- El Frente de Pueblos Morelos, Puebla y Tlaxcala (FPMPT) inform\u00f3 que este jueves interpuso cuatro incidentes de violaci\u00f3n a suspensiones de amparo que estar\u00edan cometiendo el presidente Andr\u00e9s Manuel L\u00f3pez Obrador; el director de la Comisi\u00f3n Federal de Electricidad (CFE), Manuel Barttlet D\u00edaz, y la\u2026","rel":"","context":"En &quot;10. Huexca&quot;","block_context":{"text":"10. Huexca","link":"http:\/\/www.grieta.org.mx\/index.php\/category\/espejos-de-la-resistencia\/10-huexca\/"},"img":{"alt_text":"","src":"https:\/\/i0.wp.com\/www.grieta.org.mx\/wp-content\/uploads\/2020\/09\/2e73e179e365858f02-190222_yecapixtla_mpr2-e1550887946174.jpg?resize=350%2C200","width":350,"height":200,"srcset":"https:\/\/i0.wp.com\/www.grieta.org.mx\/wp-content\/uploads\/2020\/09\/2e73e179e365858f02-190222_yecapixtla_mpr2-e1550887946174.jpg?resize=350%2C200 1x, https:\/\/i0.wp.com\/www.grieta.org.mx\/wp-content\/uploads\/2020\/09\/2e73e179e365858f02-190222_yecapixtla_mpr2-e1550887946174.jpg?resize=525%2C300 1.5x, https:\/\/i0.wp.com\/www.grieta.org.mx\/wp-content\/uploads\/2020\/09\/2e73e179e365858f02-190222_yecapixtla_mpr2-e1550887946174.jpg?resize=700%2C400 2x, https:\/\/i0.wp.com\/www.grieta.org.mx\/wp-content\/uploads\/2020\/09\/2e73e179e365858f02-190222_yecapixtla_mpr2-e1550887946174.jpg?resize=1050%2C600 3x"},"classes":[]},{"id":56863,"url":"http:\/\/www.grieta.org.mx\/index.php\/2021\/02\/01\/pobladores-y-ejidatarios-de-yecapixtla-acusan-traicion-total-de-amlo-por-continuar-obras-de-termoelectrica-de-huexca-video\/","url_meta":{"origin":36328,"position":3},"title":"Pobladores y ejidatarios de Yecapixtla acusan \u201ctraici\u00f3n total\u201d de AMLO por continuar obras de termoel\u00e9ctrica de Huexca (Video)","author":"grieta","date":"1 febrero, 2021","format":false,"excerpt":"Cecilia Reynoso \/ Latinus Ejidatarios y habitantes de la comunidad ind\u00edgena de Yecapixtla, Morelos, acusan que el presidente L\u00f3pez Obrador y su gobierno cometen una \u201ctraici\u00f3n total\u201d al continuar las obras de la termoel\u00e9ctrica de Huexca, construida por la Comisi\u00f3n Federal de Electricidad (CFE) de 2012 a 2017. La termoel\u00e9ctrica\u2026","rel":"","context":"En &quot;10. Huexca&quot;","block_context":{"text":"10. Huexca","link":"http:\/\/www.grieta.org.mx\/index.php\/category\/espejos-de-la-resistencia\/10-huexca\/"},"img":{"alt_text":"","src":"https:\/\/i0.wp.com\/www.grieta.org.mx\/wp-content\/uploads\/2021\/02\/Screenshot_2021-02-09-Pobladores-y-ejidatarios-de-Yecapixtla-acusan-traicion-total-de-AMLO-por-continuar-obras-de-termoel....png?resize=350%2C200","width":350,"height":200,"srcset":"https:\/\/i0.wp.com\/www.grieta.org.mx\/wp-content\/uploads\/2021\/02\/Screenshot_2021-02-09-Pobladores-y-ejidatarios-de-Yecapixtla-acusan-traicion-total-de-AMLO-por-continuar-obras-de-termoel....png?resize=350%2C200 1x, https:\/\/i0.wp.com\/www.grieta.org.mx\/wp-content\/uploads\/2021\/02\/Screenshot_2021-02-09-Pobladores-y-ejidatarios-de-Yecapixtla-acusan-traicion-total-de-AMLO-por-continuar-obras-de-termoel....png?resize=525%2C300 1.5x, https:\/\/i0.wp.com\/www.grieta.org.mx\/wp-content\/uploads\/2021\/02\/Screenshot_2021-02-09-Pobladores-y-ejidatarios-de-Yecapixtla-acusan-traicion-total-de-AMLO-por-continuar-obras-de-termoel....png?resize=700%2C400 2x"},"classes":[]},{"id":44227,"url":"http:\/\/www.grieta.org.mx\/index.php\/2020\/02\/07\/exigen-cancelar-termoelectrica-huexca-y-esclarecer-asesinato-de-samir-flores-morelos\/","url_meta":{"origin":36328,"position":4},"title":"Exigen Cancelar termoel\u00e9ctrica Huexca y esclarecer asesinato de Samir Flores (Morelos)","author":"grieta","date":"7 febrero, 2020","format":false,"excerpt":"Redacci\u00f3n \/ La Verdad La Asamblea de los Pueblos de Morelos asegur\u00f3 que a casi un a\u00f1o del asesinato de Samir Flores, la fiscal\u00eda de Morelos poco a investigado al respecto Integrantes de la Asamblea de los Pueblos de Morelos en Defensa del Territorio exigieron al presidente Andr\u00e9s Manuel L\u00f3pez\u2026","rel":"","context":"En &quot;10. Huexca&quot;","block_context":{"text":"10. Huexca","link":"http:\/\/www.grieta.org.mx\/index.php\/category\/espejos-de-la-resistencia\/10-huexca\/"},"img":{"alt_text":"","src":"https:\/\/i0.wp.com\/www.grieta.org.mx\/wp-content\/uploads\/2020\/02\/Screenshot_2020-02-12-Exigen-Cancelar-termoel%C3%A9ctrica-Huexca-y-esclarecer-asesinato-de-Samir-Flores.png?resize=350%2C200","width":350,"height":200,"srcset":"https:\/\/i0.wp.com\/www.grieta.org.mx\/wp-content\/uploads\/2020\/02\/Screenshot_2020-02-12-Exigen-Cancelar-termoel%C3%A9ctrica-Huexca-y-esclarecer-asesinato-de-Samir-Flores.png?resize=350%2C200 1x, https:\/\/i0.wp.com\/www.grieta.org.mx\/wp-content\/uploads\/2020\/02\/Screenshot_2020-02-12-Exigen-Cancelar-termoel%C3%A9ctrica-Huexca-y-esclarecer-asesinato-de-Samir-Flores.png?resize=525%2C300 1.5x, https:\/\/i0.wp.com\/www.grieta.org.mx\/wp-content\/uploads\/2020\/02\/Screenshot_2020-02-12-Exigen-Cancelar-termoel%C3%A9ctrica-Huexca-y-esclarecer-asesinato-de-Samir-Flores.png?resize=700%2C400 2x"},"classes":[]},{"id":32015,"url":"http:\/\/www.grieta.org.mx\/index.php\/2019\/04\/09\/juez-exige-al-gobierno-subsanar-irregularidades-en-la-construccion-del-gasoducto-en-morelos\/","url_meta":{"origin":36328,"position":5},"title":"Juez exige al gobierno subsanar irregularidades en la construcci\u00f3n del gasoducto en Morelos","author":"grieta","date":"9 abril, 2019","format":false,"excerpt":"POR JOS\u00c9 RA\u00daL LINARES Y JAIME LUIS BRITO \/ Proceso CIUDAD DE M\u00c9XICO (apro).- Ante el aumento de la actividad del volc\u00e1n Popocat\u00e9petl, un juez federal con sede en Puebla, otorg\u00f3 un amparo de plano a favor de dos comunidades cercanas al cr\u00e1ter, a fin de que las autoridades subsanen\u2026","rel":"","context":"En &quot;10. Huexca&quot;","block_context":{"text":"10. Huexca","link":"http:\/\/www.grieta.org.mx\/index.php\/category\/espejos-de-la-resistencia\/10-huexca\/"},"img":{"alt_text":"","src":"https:\/\/i0.wp.com\/www.grieta.org.mx\/wp-content\/uploads\/2019\/04\/gg51.jpg?resize=350%2C200","width":350,"height":200,"srcset":"https:\/\/i0.wp.com\/www.grieta.org.mx\/wp-content\/uploads\/2019\/04\/gg51.jpg?resize=350%2C200 1x, https:\/\/i0.wp.com\/www.grieta.org.mx\/wp-content\/uploads\/2019\/04\/gg51.jpg?resize=525%2C300 1.5x, https:\/\/i0.wp.com\/www.grieta.org.mx\/wp-content\/uploads\/2019\/04\/gg51.jpg?resize=700%2C400 2x, https:\/\/i0.wp.com\/www.grieta.org.mx\/wp-content\/uploads\/2019\/04\/gg51.jpg?resize=1050%2C600 3x"},"classes":[]}],"_links":{"self":[{"href":"http:\/\/www.grieta.org.mx\/index.php\/wp-json\/wp\/v2\/posts\/36328","targetHints":{"allow":["GET"]}}],"collection":[{"href":"http:\/\/www.grieta.org.mx\/index.php\/wp-json\/wp\/v2\/posts"}],"about":[{"href":"http:\/\/www.grieta.org.mx\/index.php\/wp-json\/wp\/v2\/types\/post"}],"author":[{"embeddable":true,"href":"http:\/\/www.grieta.org.mx\/index.php\/wp-json\/wp\/v2\/users\/2"}],"replies":[{"embeddable":true,"href":"http:\/\/www.grieta.org.mx\/index.php\/wp-json\/wp\/v2\/comments?post=36328"}],"version-history":[{"count":1,"href":"http:\/\/www.grieta.org.mx\/index.php\/wp-json\/wp\/v2\/posts\/36328\/revisions"}],"predecessor-version":[{"id":36330,"href":"http:\/\/www.grieta.org.mx\/index.php\/wp-json\/wp\/v2\/posts\/36328\/revisions\/36330"}],"wp:featuredmedia":[{"embeddable":true,"href":"http:\/\/www.grieta.org.mx\/index.php\/wp-json\/wp\/v2\/media\/36329"}],"wp:attachment":[{"href":"http:\/\/www.grieta.org.mx\/index.php\/wp-json\/wp\/v2\/media?parent=36328"}],"wp:term":[{"taxonomy":"category","embeddable":true,"href":"http:\/\/www.grieta.org.mx\/index.php\/wp-json\/wp\/v2\/categories?post=36328"},{"taxonomy":"post_tag","embeddable":true,"href":"http:\/\/www.grieta.org.mx\/index.php\/wp-json\/wp\/v2\/tags?post=36328"}],"curies":[{"name":"wp","href":"https:\/\/api.w.org\/{rel}","templated":true}]}}