{"id":36310,"date":"2019-07-01T09:14:07","date_gmt":"2019-07-01T14:14:07","guid":{"rendered":"http:\/\/www.grieta.org.mx\/?p=36310"},"modified":"2019-07-15T09:30:25","modified_gmt":"2019-07-15T14:30:25","slug":"deja-minera-el-rosario-laguna-toxica-en-guanajuato-capital","status":"publish","type":"post","link":"http:\/\/www.grieta.org.mx\/index.php\/2019\/07\/01\/deja-minera-el-rosario-laguna-toxica-en-guanajuato-capital\/","title":{"rendered":"Deja minera El Rosario laguna t\u00f3xica en Guanajuato capital"},"content":{"rendered":"<figure id=\"attachment_36311\" aria-describedby=\"caption-attachment-36311\" style=\"width: 800px\" class=\"wp-caption aligncenter\"><img loading=\"lazy\" decoding=\"async\" data-attachment-id=\"36311\" data-permalink=\"http:\/\/www.grieta.org.mx\/index.php\/2019\/07\/01\/deja-minera-el-rosario-laguna-toxica-en-guanajuato-capital\/guanajuato-capital-minera-el-rosario-jpg_851672003\/\" data-orig-file=\"http:\/\/www.grieta.org.mx\/wp-content\/uploads\/2019\/07\/guanajuato-capital-minera-el-rosario.jpg_851672003.jpg\" data-orig-size=\"840,471\" data-comments-opened=\"0\" data-image-meta=\"{&quot;aperture&quot;:&quot;0&quot;,&quot;credit&quot;:&quot;&quot;,&quot;camera&quot;:&quot;&quot;,&quot;caption&quot;:&quot;&quot;,&quot;created_timestamp&quot;:&quot;0&quot;,&quot;copyright&quot;:&quot;&quot;,&quot;focal_length&quot;:&quot;0&quot;,&quot;iso&quot;:&quot;0&quot;,&quot;shutter_speed&quot;:&quot;0&quot;,&quot;title&quot;:&quot;&quot;,&quot;orientation&quot;:&quot;0&quot;}\" data-image-title=\"guanajuato-capital-minera-el-rosario.jpg_851672003\" data-image-description=\"\" data-image-caption=\"&lt;p&gt;Cuatro ductos arrojan constantemente una mezcla l\u00edquida gris al embalse. Foto: Jes\u00fas Garc\u00eda L\u00f3pez&lt;\/p&gt;\n\" data-medium-file=\"http:\/\/www.grieta.org.mx\/wp-content\/uploads\/2019\/07\/guanajuato-capital-minera-el-rosario.jpg_851672003-300x168.jpg\" data-large-file=\"http:\/\/www.grieta.org.mx\/wp-content\/uploads\/2019\/07\/guanajuato-capital-minera-el-rosario.jpg_851672003.jpg\" class=\"wp-image-36311\" src=\"http:\/\/www.grieta.org.mx\/wp-content\/uploads\/2019\/07\/guanajuato-capital-minera-el-rosario.jpg_851672003.jpg\" alt=\"\" width=\"800\" height=\"449\" srcset=\"http:\/\/www.grieta.org.mx\/wp-content\/uploads\/2019\/07\/guanajuato-capital-minera-el-rosario.jpg_851672003.jpg 840w, http:\/\/www.grieta.org.mx\/wp-content\/uploads\/2019\/07\/guanajuato-capital-minera-el-rosario.jpg_851672003-300x168.jpg 300w, http:\/\/www.grieta.org.mx\/wp-content\/uploads\/2019\/07\/guanajuato-capital-minera-el-rosario.jpg_851672003-768x431.jpg 768w\" sizes=\"auto, (max-width: 800px) 100vw, 800px\" \/><figcaption id=\"caption-attachment-36311\" class=\"wp-caption-text\">Cuatro ductos arrojan constantemente una mezcla l\u00edquida gris al embalse. Foto: Jes\u00fas Garc\u00eda L\u00f3pez<\/figcaption><\/figure>\n<blockquote><p>Vierte empresa seis millones 625 mil toneladas de residuos\u00a0 t\u00f3xicos, por la extracci\u00f3n de minerales, a la Presa de Jales No. 9 ubicada en Guanajuato capital.<\/p><\/blockquote>\n<p>Jes\u00fas Garc\u00eda L\u00f3pez \/ AM, Le\u00f3n GUanajuato, 01 de Julio de 2019<\/p>\n<p>Guanajuato capital.- La empresa Minera Mexicana El Rosario (MMR) vaciar\u00e1 seis millones 625 mil toneladas de residuos t\u00f3xicos a la Presa de Jales N\u00famero 9, ubicada en Guanajuato capital, al t\u00e9rmino de su vida \u00fatil que podr\u00eda ser el pr\u00f3ximo a\u00f1o.<\/p>\n<p>Los jales mineros son b\u00e1sicamente el sobrante de las rocas molidas, luego que se extraen los minerales de inter\u00e9s como oro, plata, cobre, bronce y zinc, principalmente.<\/p>\n<figure id=\"attachment_36312\" aria-describedby=\"caption-attachment-36312\" style=\"width: 798px\" class=\"wp-caption aligncenter\"><img loading=\"lazy\" decoding=\"async\" data-attachment-id=\"36312\" data-permalink=\"http:\/\/www.grieta.org.mx\/index.php\/2019\/07\/01\/deja-minera-el-rosario-laguna-toxica-en-guanajuato-capital\/guanajuato-capital-minera-el-rosario2-jpg_696235411\/\" data-orig-file=\"http:\/\/www.grieta.org.mx\/wp-content\/uploads\/2019\/07\/guanajuato-capital-minera-el-rosario2.jpg_696235411.jpg\" data-orig-size=\"798,448\" data-comments-opened=\"0\" data-image-meta=\"{&quot;aperture&quot;:&quot;0&quot;,&quot;credit&quot;:&quot;&quot;,&quot;camera&quot;:&quot;&quot;,&quot;caption&quot;:&quot;&quot;,&quot;created_timestamp&quot;:&quot;0&quot;,&quot;copyright&quot;:&quot;&quot;,&quot;focal_length&quot;:&quot;0&quot;,&quot;iso&quot;:&quot;0&quot;,&quot;shutter_speed&quot;:&quot;0&quot;,&quot;title&quot;:&quot;&quot;,&quot;orientation&quot;:&quot;0&quot;}\" data-image-title=\"guanajuato-capital-minera-el-rosario2.jpg_696235411\" data-image-description=\"\" data-image-caption=\"&lt;p&gt;En el acceso a la Presa de Jales hay un letrero que prohibe el paso. Foto: Jes\u00fas Garc\u00eda L\u00f3pez&lt;\/p&gt;\n\" data-medium-file=\"http:\/\/www.grieta.org.mx\/wp-content\/uploads\/2019\/07\/guanajuato-capital-minera-el-rosario2.jpg_696235411-300x168.jpg\" data-large-file=\"http:\/\/www.grieta.org.mx\/wp-content\/uploads\/2019\/07\/guanajuato-capital-minera-el-rosario2.jpg_696235411.jpg\" class=\"wp-image-36312 size-full\" src=\"http:\/\/www.grieta.org.mx\/wp-content\/uploads\/2019\/07\/guanajuato-capital-minera-el-rosario2.jpg_696235411.jpg\" alt=\"\" width=\"798\" height=\"448\" srcset=\"http:\/\/www.grieta.org.mx\/wp-content\/uploads\/2019\/07\/guanajuato-capital-minera-el-rosario2.jpg_696235411.jpg 798w, http:\/\/www.grieta.org.mx\/wp-content\/uploads\/2019\/07\/guanajuato-capital-minera-el-rosario2.jpg_696235411-300x168.jpg 300w, http:\/\/www.grieta.org.mx\/wp-content\/uploads\/2019\/07\/guanajuato-capital-minera-el-rosario2.jpg_696235411-768x431.jpg 768w\" sizes=\"auto, (max-width: 798px) 100vw, 798px\" \/><figcaption id=\"caption-attachment-36312\" class=\"wp-caption-text\">En el acceso a la Presa de Jales hay un letrero que prohibe el paso. Foto: Jes\u00fas Garc\u00eda L\u00f3pez<\/figcaption><\/figure>\n<p>El pol\u00edgono utilizado como tiradero t\u00f3xico con una superficie de 59.2 hect\u00e1reas se ubica en la zona conocida como Ca\u00f1ada de Jojula, que pertenec\u00eda a la ex Hacienda de Bustos de la colonia Cata en la capital guanajuatense.<br \/>\nPeligrosidad de desechos<\/p>\n<p>Un estudio comparativo de la peligrosidad de desechos en zonas mineras del centro y sur del pa\u00eds, realizado por la Sociedad Geol\u00f3gica Mexicana en 2010, arroj\u00f3 que los jales se caracterizan por contener elementos potencialmente t\u00f3xicos como ars\u00e9nico, cadmio, plomo, zinc y hierro, que podr\u00edan representar un riesgo para el medio ambiente y la salud de las personas.<\/p>\n<p>En la investigaci\u00f3n se encontraron en menor medida elementos tambi\u00e9n peligrosos como bario, cromo, mercurio, plata, selenio, berilio, talio, n\u00edquel y vanadio, que no reflejan un riesgo por sus bajas concentraciones.<\/p>\n<p>La empresa MMR dio a conocer el 15 de junio de 2018 que llevar\u00eda a cabo una segunda ampliaci\u00f3n, que al parecer consiste en la elevaci\u00f3n de la cortina de la presa para recibir una mayor cantidad de desechos de sus procesos industriales.<\/p>\n<p><strong>\u00c1rboles secos con lodos t\u00f3xicos<\/strong><\/p>\n<p>\u201cLos principales impactos ambientales que se identifican en la realizaci\u00f3n de las obras son la p\u00e9rdida de cobertura vegetal, p\u00e9rdida de suelo f\u00e9rtil, cambios en el paisaje, desv\u00edo de agua de arroyo de su cause natural, incremento en la generaci\u00f3n y disposici\u00f3n de jales, entre otros de menor magnitud en importancia\u201d, inform\u00f3 la empresa sobre el proyecto.<\/p>\n<figure id=\"attachment_36313\" aria-describedby=\"caption-attachment-36313\" style=\"width: 798px\" class=\"wp-caption aligncenter\"><img loading=\"lazy\" decoding=\"async\" data-attachment-id=\"36313\" data-permalink=\"http:\/\/www.grieta.org.mx\/index.php\/2019\/07\/01\/deja-minera-el-rosario-laguna-toxica-en-guanajuato-capital\/guanajuato-capital-minera-el-rosario3-jpg_696235411\/\" data-orig-file=\"http:\/\/www.grieta.org.mx\/wp-content\/uploads\/2019\/07\/guanajuato-capital-minera-el-rosario3.jpg_696235411.jpg\" data-orig-size=\"798,448\" data-comments-opened=\"0\" data-image-meta=\"{&quot;aperture&quot;:&quot;0&quot;,&quot;credit&quot;:&quot;&quot;,&quot;camera&quot;:&quot;&quot;,&quot;caption&quot;:&quot;&quot;,&quot;created_timestamp&quot;:&quot;0&quot;,&quot;copyright&quot;:&quot;&quot;,&quot;focal_length&quot;:&quot;0&quot;,&quot;iso&quot;:&quot;0&quot;,&quot;shutter_speed&quot;:&quot;0&quot;,&quot;title&quot;:&quot;&quot;,&quot;orientation&quot;:&quot;0&quot;}\" data-image-title=\"guanajuato-capital-minera-el-rosario3.jpg_696235411\" data-image-description=\"\" data-image-caption=\"&lt;p&gt;Instalaciones de la empresa Minera Mexicana El Rosario (MMR) en la colonia Cata. Foto: Jes\u00fas Garc\u00eda L\u00f3pez. &lt;\/p&gt;\n\" data-medium-file=\"http:\/\/www.grieta.org.mx\/wp-content\/uploads\/2019\/07\/guanajuato-capital-minera-el-rosario3.jpg_696235411-300x168.jpg\" data-large-file=\"http:\/\/www.grieta.org.mx\/wp-content\/uploads\/2019\/07\/guanajuato-capital-minera-el-rosario3.jpg_696235411.jpg\" class=\"wp-image-36313 size-full\" src=\"http:\/\/www.grieta.org.mx\/wp-content\/uploads\/2019\/07\/guanajuato-capital-minera-el-rosario3.jpg_696235411.jpg\" alt=\"\" width=\"798\" height=\"448\" srcset=\"http:\/\/www.grieta.org.mx\/wp-content\/uploads\/2019\/07\/guanajuato-capital-minera-el-rosario3.jpg_696235411.jpg 798w, http:\/\/www.grieta.org.mx\/wp-content\/uploads\/2019\/07\/guanajuato-capital-minera-el-rosario3.jpg_696235411-300x168.jpg 300w, http:\/\/www.grieta.org.mx\/wp-content\/uploads\/2019\/07\/guanajuato-capital-minera-el-rosario3.jpg_696235411-768x431.jpg 768w\" sizes=\"auto, (max-width: 798px) 100vw, 798px\" \/><figcaption id=\"caption-attachment-36313\" class=\"wp-caption-text\">Instalaciones de la empresa Minera Mexicana El Rosario (MMR) en la colonia Cata. Foto: Jes\u00fas Garc\u00eda L\u00f3pez.<\/figcaption><\/figure>\n<p>En un recorrido que realiz\u00f3 am por la zona se pudo observar c\u00f3mo el paisaje y el medio ambiente ha cambiado dr\u00e1sticamente por la presencia de lodos t\u00f3xicos, como \u00e1rboles secos en las orillas del vaso de captaci\u00f3n y poca vida animal silvestre.<\/p>\n<p>Antes de llegar a la cortina de la presa, localizada a unos 650 metros en l\u00ednea recta del centro de la colonia Cata (donde se ubica el templo del Se\u00f1or de Villaseca), un port\u00f3n de reja advierte que est\u00e1 prohibido el paso, y es obligatorio el uso de equipo de protecci\u00f3n personal en caso de entrar.<br \/>\nL\u00edquido con olor \u00e1cido<\/p>\n<p>Sin embargo, por la parte alta del cerro se puede apreciar que cuatro ductos arrojan constantemente una mezcla l\u00edquida gris al embalse, que luego se convierte en un tono m\u00e1s claro, donde se alcanza a percibir un olor \u00e1cido.<\/p>\n<p>Desde este punto se observan algunas de las viviendas de la colonia Cata, as\u00ed como parte de las instalaciones de la minera que est\u00e1n sobre la carretera Panor\u00e1mica.<\/p>\n<p><strong>Una presa con historia<\/strong><\/p>\n<p>Desde 1992 la Presa de Jales N\u00famero 9, ubicada en Guanajuato capital, entr\u00f3 en operaci\u00f3n y por 20 a\u00f1os recibi\u00f3 tres millones 349 mil 200 toneladas de jales en su vaso de captaci\u00f3n hasta 2011, seg\u00fan se detalla en el Estudio de Impacto Ambiental al cual am tuvo acceso.<\/p>\n<p>Hasta 2006 el embalse recib\u00eda 434 toneladas de lodos diariamente, pero se estim\u00f3 que si la molienda de minerales llegara a la cifra de mil 200 toneladas por d\u00eda, su vida \u00fatil terminar\u00eda en 2020.<\/p>\n<p>\u201cDicho incremento de producci\u00f3n para llegar a las mil 200 toneladas por d\u00eda no se ha podido dar, y parece que al menos en lo que resta de este a\u00f1o 2012 no ser\u00e1 a\u00fan posible, el escenario m\u00e1s probable puede ser el de un ritmo de producci\u00f3n de 600 toneladas por d\u00eda\u201d, se se\u00f1ala en el documento.<\/p>\n<p><strong>Profepa solicit\u00f3 cambios en 2011<\/strong><\/p>\n<p>\u201cEn cuanto a la producci\u00f3n y beneficio de mineral, para la empresa el escenario de producci\u00f3n de mil 200 toneladas por d\u00eda es el m\u00e1s deseable porque ofrece mayores rendimientos, m\u00e1s no en cuanto a la vida \u00fatil de la presa ya que le restar\u00edan ocho a\u00f1os\u201d, a\u00f1ade.<\/p>\n<p>Cabe se\u00f1alar que en 2011 la Procuradur\u00eda Federal de Protecci\u00f3n al Ambiente (Profepa) instruy\u00f3 a MMR a trabajar en el reforzamiento de la presa de lodos, con base en un redise\u00f1o y la estabilizaci\u00f3n de los bordos de la estructura, lo cual fue acatado por la minera.<\/p>\n<p>De igual forma se recomend\u00f3 recuperar especies nativas en los sitios pr\u00f3ximos a inundarse, para preservarlas.<br \/>\nContaminaci\u00f3n permanente<\/p>\n<p>\u201cLos residuos generados de plantas de beneficio de minerales pueden ser una fuente de contaminaci\u00f3n permanente para el medio ambiente, ya que los residuos mineros contienen trazas de metales pesados, reactivos utilizados en el proceso y lodos\u201d.<\/p>\n<p>\u201cSu disposici\u00f3n inadecuada podr\u00eda contaminar suelos y cuerpos de agua superficiales y subterraneas\u201d, se menciona en el estudio de impacto ambiental realizado por V\u00edctor Manuel Quezada Aguilera.<\/p>\n<p><strong>Usan terreno de 50 hect\u00e1reas<\/strong><\/p>\n<p>El terreno donde se construy\u00f3 la Presa de Jales es propiedad de la MMR de acuerdo a la escritura p\u00fablica 1,242 del 28 de octubre de 2005, adquirido por la Sociedad Cooperativa Minero-Metal\u00fargica Santa Fe de Guanajuato en 51 mil pesos, seg\u00fan la inscripci\u00f3n en el Registro P\u00fablico de la Propiedad y el Comercio de este municipio.<\/p>\n<p>La propiedad anteriormente era conocida como Ca\u00f1ada de Jolula que form\u00f3 parte del Rancho de Guerra o Estancia de Reforma con una superficie de 50.4 hect\u00e1reas, aunque la minera asegura en el Estudio de Impacto Ambiental que en total son 59.2 hect\u00e1reas.<\/p>\n<p>Hist\u00f3ricamente el predio perteneci\u00f3 a Amado Carrillo Hern\u00e1ndez, quien a su vez lo vendi\u00f3 el 19 de febrero de 1985 a la sociedad cooperativa en cuatro millones 117 mil 230 viejos pesos.<br \/>\nExtracci\u00f3n de oro y plata<\/p>\n<p>En las minas del grupo MMR conocidas como Cata, Rayas, San Vicente y San Ignacio, se han llevado a cabo en las \u00faltimas tres d\u00e9cadas explotaci\u00f3n de oro y plata.<\/p>\n<p>Desde el centro de Guanajuato capital hay una distancia de 4.7 kil\u00f3metros hasta el vaso de la Presa de Jales que se recorren en 20 minutos aproximadamente a bordo de un autom\u00f3vil.<br \/>\nLabora empresa 21 a\u00f1os<\/p>\n<p>El 24 de junio de 1998 naci\u00f3 la Minera Mexicana El Rosario (MMR) en la Notar\u00eda 11 de la ciudad de Chihuahua, seg\u00fan la escritura p\u00fablica 2,179 otorgada por la federataria Mar\u00eda de Lourdes Garc\u00eda Mayagoitia.<\/p>\n<p>La sociedad se constituy\u00f3 con el objeto de explorar y explotar lotes mineros, as\u00ed como realizar molienda, refinaci\u00f3n, conversi\u00f3n y tratamiento de toda clase de minerales met\u00e1licos y no met\u00e1licos.<\/p>\n<p>En una asamblea del 6 de octubre de 2004 sus accionistas, Robert Alexander Archer y la sociedad Magna Rosario Barbados LTD, vendieron el 99% de las participaciones sociales a la canadiense Great Panther Resources Limited, que actualmente sigue operando.<br \/>\nExtraen &#8216;ganga&#8217; y &#8216;mena&#8217;<\/p>\n<p>La minera extrae de tierras principalmente dos tipos de materiales que contienen oro y plata, conocidos como \u201cmena\u201d y \u201cganga\u201d.<\/p>\n<p>En el primero se obtiene argentita, pirargirita y calcopirita, mientras que en segundo cuarzo, calcita, pirita, dolomita y minerales arcillosos.<\/p>\n<p><strong>Niegan que jales sean peligrosos<\/strong><\/p>\n<p>Mariana Fregonese, vicepresidenta de Responsabilidad Social de la empresa canadiense Great Panther (socia estrat\u00e9gica de Minera Mexicana El Rosario), declar\u00f3 en entrevista telef\u00f3nica para am que los jales depositados en la Presa de Jales n\u00famero 9 no son peligrosos.<\/p>\n<p>Destac\u00f3 que los estudios est\u00e1n sustentados en monitoreos realizados por laboratorios externos acreditados por la Entidad Mexicana de Acreditaci\u00f3n (EMA) y aprobados por la Procuradur\u00eda Federal de Protecci\u00f3n al Ambiente (Profepa), aunque no mostr\u00f3 copias de dichos documentos.<\/p>\n<p>La directiva de la empresa canadiense inform\u00f3 que a finales de 2018 recibieron por parte de las autoridades ambientales la aprobaci\u00f3n para una ampliaci\u00f3n de la Presa de Jales y que pueda operar por otro periodo.<\/p>\n<p><strong>Nueva empresa de lodos<\/strong><\/p>\n<p>\u201cEn diciembre de 2018 se recibi\u00f3 la autorizaci\u00f3n de una Manifestaci\u00f3n de Impacto Ambiental para la ampliaci\u00f3n de la presa y \u00e9sta fue autorizada para que la presa opere por nueve a\u00f1os m\u00e1s\u201d, asever\u00f3.<\/p>\n<p>Aclar\u00f3 que la vigencia de la Manifestaci\u00f3n de Impacto Ambiental aprobada para la primera etapa, a\u00fan no concluye y estar\u00eda amparando cerca de tres a\u00f1os m\u00e1s de la operatividad del embalse.<\/p>\n<p>De igual forma explic\u00f3 que no se est\u00e1n buscando otras opciones para una nueva presa de lodos, ya que el periodo de nueve a\u00f1os es suficiente para la operaci\u00f3n proyectada.<br \/>\nPlantaci\u00f3n de 5 mil \u00e1rboles<\/p>\n<p>\u201cEn el contexto de esta Manifestaci\u00f3n de Impacto de los nueve a\u00f1os, digamos que da una vida m\u00e1s que suficiente para seguir trabajando en los siguientes a\u00f1os, entonces en ese sentido no nos podemos adelantar\u201d, dijo Fregonese.<\/p>\n<p>Destac\u00f3 que como se\u00f1ala la Manifestaci\u00f3n de Impacto Ambiental se han reforestado los bordos de la presa, pues desde que Great Panther tom\u00f3 la operaci\u00f3n de la minera se han plantado m\u00e1s de cinco mil \u00e1rboles y el responsable de estas acciones es Minera Mexicana El Rosario (MMR), subsidiaria de Great Panther M\u00e9xico.<\/p>\n<p>\u201cEn Guanajuato hay un excelente ejemplo de una presa cerrada, que es la cancha de atletismo que se recuper\u00f3 y se convirti\u00f3 en un centro deportivo para la ciudad, asumir que todas las presas de jales terminan en un lugar t\u00f3xico&#8230; primero considerar la legislaci\u00f3n ambiental\u201d.<\/p>\n<p>\u201cNosotros anualmente tenemos consultores externos que est\u00e1n revisando nuestro planes y asesorando a la empresa\u201d, afirm\u00f3 la Vicepresidenta de la minera.<\/p>\n<p><strong>Al detalle<\/strong><\/p>\n<p>1992 es el a\u00f1o que inici\u00f3 operaciones la Presa 9 de Jales.<br \/>\n6 millones 625 mil toneladas de residuos t\u00f3xicos dejar\u00e1 al t\u00e9rmino de su vida \u00fatil.<br \/>\n2012 hubo una primera ampliaci\u00f3n.<br \/>\n2018 anunciaron una segunda ampliaci\u00f3n.<br \/>\n5 kil\u00f3metros aproximadamente hay entre la presa y el centro de Guanajuato capital.<br \/>\n50 hect\u00e1reas aproximadamente es la superficie que tiene.<br \/>\nEs propiedad de la empresa Minera Mexicana el Rosario (MMR), filial de la canadiense Great Panther Silver.<\/p>\n<p><a href=\"https:\/\/www.am.com.mx\/guanajuato\/noticias\/Deja-minera-El-Rosario-laguna-toxica-en-Guanajuato-capital-20190701-0006.html\">https:\/\/www.am.com.mx\/guanajuato\/noticias\/Deja-minera-El-Rosario-laguna-toxica-en-Guanajuato-capital-20190701-0006.html<\/a><\/p>\n","protected":false},"excerpt":{"rendered":"<p>Vierte empresa seis millones 625 mil toneladas de residuos\u00a0 t\u00f3xicos, por la extracci\u00f3n de minerales, a la Presa de Jales No. 9 ubicada en Guanajuato capital. Jes\u00fas Garc\u00eda L\u00f3pez \/ &hellip; <a href=\"http:\/\/www.grieta.org.mx\/index.php\/2019\/07\/01\/deja-minera-el-rosario-laguna-toxica-en-guanajuato-capital\/\" class=\"more-link\">Leer m\u00e1s<\/a><\/p>\n","protected":false},"author":2,"featured_media":36311,"comment_status":"closed","ping_status":"closed","sticky":false,"template":"","format":"standard","meta":{"ngg_post_thumbnail":0,"_jetpack_newsletter_access":"","_jetpack_dont_email_post_to_subs":false,"_jetpack_newsletter_tier_id":0,"_jetpack_memberships_contains_paywalled_content":false,"_jetpack_memberships_contains_paid_content":false,"footnotes":""},"categories":[80,2739,1066,2746,17],"tags":[425,91,2562,1178,109,2741],"class_list":["post-36310","post","type-post","status-publish","format-standard","has-post-thumbnail","hentry","category-cintillo","category-conflictos-por-mineria-en-guanajuato","category-contaminacion-ambiental-en-guanajuato","category-destruccion-de-la-naturaleza-en-guanajuato","category-guanajuato","tag-contaminacion-agua","tag-contaminacion-ambiental","tag-destruccion-ambiental","tag-destruccion-de-la-naturaleza","tag-mineria","tag-protestas-contra-contaminacion-de-mineras","entry"],"jetpack_featured_media_url":"http:\/\/www.grieta.org.mx\/wp-content\/uploads\/2019\/07\/guanajuato-capital-minera-el-rosario.jpg_851672003.jpg","jetpack_sharing_enabled":true,"jetpack_shortlink":"https:\/\/wp.me\/p7ZJR4-9rE","jetpack_likes_enabled":false,"jetpack-related-posts":[{"id":59234,"url":"http:\/\/www.grieta.org.mx\/index.php\/2021\/05\/03\/a-4-anos-de-sancion-quimica-central-sigue-contaminado-guanajuato\/","url_meta":{"origin":36310,"position":0},"title":"A 4 a\u00f1os de sanci\u00f3n, Qu\u00edmica Central sigue contaminado (Guanajuato)","author":"grieta","date":"3 mayo, 2021","format":false,"excerpt":"La empresa Qu\u00edmica Central de M\u00e9xico S.A de C.V fue sancionada hace 4 a\u00f1os por la Profepa por generar contaminaci\u00f3n con residuos peligrosos Wendoline Adame, Milenio Le\u00f3n \/ 03.05.2021 06:00:02 A cuatro a\u00f1os de que la Procuradur\u00eda Federal de Protecci\u00f3n al Ambiente (PROFEPA), impuso una sanci\u00f3n y orden\u00f3 el retiro\u2026","rel":"","context":"En &quot;CINTILLO&quot;","block_context":{"text":"CINTILLO","link":"http:\/\/www.grieta.org.mx\/index.php\/category\/cintillo\/"},"img":{"alt_text":"","src":"https:\/\/i0.wp.com\/www.grieta.org.mx\/wp-content\/uploads\/2021\/05\/san-francisco-rincon-mil-toneladas.jpeg?resize=350%2C200","width":350,"height":200,"srcset":"https:\/\/i0.wp.com\/www.grieta.org.mx\/wp-content\/uploads\/2021\/05\/san-francisco-rincon-mil-toneladas.jpeg?resize=350%2C200 1x, https:\/\/i0.wp.com\/www.grieta.org.mx\/wp-content\/uploads\/2021\/05\/san-francisco-rincon-mil-toneladas.jpeg?resize=525%2C300 1.5x, https:\/\/i0.wp.com\/www.grieta.org.mx\/wp-content\/uploads\/2021\/05\/san-francisco-rincon-mil-toneladas.jpeg?resize=700%2C400 2x"},"classes":[]},{"id":5872,"url":"http:\/\/www.grieta.org.mx\/index.php\/2015\/06\/20\/minera-provoca-derrame-toxico-en-guanajuato\/","url_meta":{"origin":36310,"position":1},"title":"Minera provoca derrame t\u00f3xico en Guanajuato","author":"grieta","date":"20 junio, 2015","format":false,"excerpt":"Carlos Garc\u00eda y Ricardo Montoya, Guanajuato, Gto. La empresa canadiense Great Panther Silver derram\u00f3 mil 200 galones de residuos t\u00f3xicos en el r\u00edo de Cata y en las inmediaciones del yacimiento El Rosario, en Guanajuato, inform\u00f3 la Procuradur\u00eda Federal de Protecci\u00f3n al Ambiente (Profepa). La empresa canadiense, que extrae oro\u2026","rel":"","context":"En &quot;CINTILLO&quot;","block_context":{"text":"CINTILLO","link":"http:\/\/www.grieta.org.mx\/index.php\/category\/cintillo\/"},"img":{"alt_text":"","src":"https:\/\/i0.wp.com\/www.grieta.org.mx\/wp-content\/uploads\/2018\/03\/14524434_1106112876131411_958039263622046936_o.jpg?resize=350%2C200","width":350,"height":200,"srcset":"https:\/\/i0.wp.com\/www.grieta.org.mx\/wp-content\/uploads\/2018\/03\/14524434_1106112876131411_958039263622046936_o.jpg?resize=350%2C200 1x, https:\/\/i0.wp.com\/www.grieta.org.mx\/wp-content\/uploads\/2018\/03\/14524434_1106112876131411_958039263622046936_o.jpg?resize=525%2C300 1.5x, https:\/\/i0.wp.com\/www.grieta.org.mx\/wp-content\/uploads\/2018\/03\/14524434_1106112876131411_958039263622046936_o.jpg?resize=700%2C400 2x"},"classes":[]},{"id":37311,"url":"http:\/\/www.grieta.org.mx\/index.php\/2019\/07\/17\/la-cuenca-de-la-independencia-amenazada-por-proyecto-minero-guanajuato\/","url_meta":{"origin":36310,"position":2},"title":"La Cuenca de la Independencia amenazada por proyecto minero (Guanajuato)","author":"grieta","date":"17 julio, 2019","format":false,"excerpt":"Se contaminar\u00eda el acu\u00edfero que surte a municipios como Dolores Hidalgo y San Miguel de Allende. \u00a0 Redacci\u00f3n La Coperacha Ciudad de M\u00e9xico \/\/ 17 de julio de 2019 a Coalici\u00f3n en Defensa de la Cuenca de la Independencia y el colectivo Guardianes de la Cuenca, advirtieron que el proyecto\u2026","rel":"","context":"En &quot;CINTILLO&quot;","block_context":{"text":"CINTILLO","link":"http:\/\/www.grieta.org.mx\/index.php\/category\/cintillo\/"},"img":{"alt_text":"","src":"https:\/\/i0.wp.com\/www.grieta.org.mx\/wp-content\/uploads\/2019\/08\/cuenca-independencia-amenazada-proyecto-minero.jpg?resize=350%2C200","width":350,"height":200,"srcset":"https:\/\/i0.wp.com\/www.grieta.org.mx\/wp-content\/uploads\/2019\/08\/cuenca-independencia-amenazada-proyecto-minero.jpg?resize=350%2C200 1x, https:\/\/i0.wp.com\/www.grieta.org.mx\/wp-content\/uploads\/2019\/08\/cuenca-independencia-amenazada-proyecto-minero.jpg?resize=525%2C300 1.5x, https:\/\/i0.wp.com\/www.grieta.org.mx\/wp-content\/uploads\/2019\/08\/cuenca-independencia-amenazada-proyecto-minero.jpg?resize=700%2C400 2x, https:\/\/i0.wp.com\/www.grieta.org.mx\/wp-content\/uploads\/2019\/08\/cuenca-independencia-amenazada-proyecto-minero.jpg?resize=1050%2C600 3x"},"classes":[]},{"id":5839,"url":"http:\/\/www.grieta.org.mx\/index.php\/2016\/04\/15\/despojo-danos-ambientales-y-a-la-salud-por-mineria\/","url_meta":{"origin":36310,"position":3},"title":"Despojo, da\u00f1os ambientales y a la salud por miner\u00eda","author":"grieta","date":"15 abril, 2016","format":false,"excerpt":"15\/04\/2016. Comunidad de la Luz en Guanajuato denuncia da\u00f1os provocados por mineraZona Franca 03\/04\/2016. Minera canadiense explotar\u00e1 mina en Sierra del Cubo en GuanajuatoZona Franca 14\/02\/2016. Denuncias da\u00f1os en casas por explosivos de minera en Guanajuato Peri\u00f3dico Correo 25\/01\/2016. Anuncian nueva mina en el Cerro del Gigante en Guanajuato, ser\u00eda\u2026","rel":"","context":"En &quot;Guanajuato&quot;","block_context":{"text":"Guanajuato","link":"http:\/\/www.grieta.org.mx\/index.php\/category\/noticias-nacionales\/guanajuato\/"},"img":{"alt_text":"","src":"https:\/\/i0.wp.com\/www.grieta.org.mx\/wp-content\/uploads\/2018\/03\/14524434_1106112876131411_958039263622046936_o.jpg?resize=350%2C200","width":350,"height":200,"srcset":"https:\/\/i0.wp.com\/www.grieta.org.mx\/wp-content\/uploads\/2018\/03\/14524434_1106112876131411_958039263622046936_o.jpg?resize=350%2C200 1x, https:\/\/i0.wp.com\/www.grieta.org.mx\/wp-content\/uploads\/2018\/03\/14524434_1106112876131411_958039263622046936_o.jpg?resize=525%2C300 1.5x, https:\/\/i0.wp.com\/www.grieta.org.mx\/wp-content\/uploads\/2018\/03\/14524434_1106112876131411_958039263622046936_o.jpg?resize=700%2C400 2x"},"classes":[]},{"id":36277,"url":"http:\/\/www.grieta.org.mx\/index.php\/2019\/07\/13\/temen-que-minera-envenene-toda-la-cuenca-y-a-sus-habitantes-guanajuato\/","url_meta":{"origin":36310,"position":4},"title":"Temen que minera envenene toda la cuenca y a sus habitantes (Guanajuato)","author":"grieta","date":"13 julio, 2019","format":false,"excerpt":"Ante el temor que han externado los ciudadanos, el alcalde les asegura que la minera no ha solicitado el cambio de uso de suelo, es decir, no comenzar\u00e1n a extraer mineral en un futuro cercano Roberto L\u00f3pez \/ Peri\u00f3dico Correo, 08 de julio de 2019 Dolores Hidalgo.- El Cerro del\u2026","rel":"","context":"En &quot;CINTILLO&quot;","block_context":{"text":"CINTILLO","link":"http:\/\/www.grieta.org.mx\/index.php\/category\/cintillo\/"},"img":{"alt_text":"","src":"https:\/\/i0.wp.com\/www.grieta.org.mx\/wp-content\/uploads\/2019\/07\/mina2.jpg?resize=350%2C200","width":350,"height":200,"srcset":"https:\/\/i0.wp.com\/www.grieta.org.mx\/wp-content\/uploads\/2019\/07\/mina2.jpg?resize=350%2C200 1x, https:\/\/i0.wp.com\/www.grieta.org.mx\/wp-content\/uploads\/2019\/07\/mina2.jpg?resize=525%2C300 1.5x, https:\/\/i0.wp.com\/www.grieta.org.mx\/wp-content\/uploads\/2019\/07\/mina2.jpg?resize=700%2C400 2x, https:\/\/i0.wp.com\/www.grieta.org.mx\/wp-content\/uploads\/2019\/07\/mina2.jpg?resize=1050%2C600 3x"},"classes":[]},{"id":62601,"url":"http:\/\/www.grieta.org.mx\/index.php\/2021\/11\/07\/minera-de-canada-cimbra-area-protegida-de-salamanca-en-busca-de-oro-guanajuato\/","url_meta":{"origin":36310,"position":5},"title":"Minera de Canad\u00e1 cimbra \u00e1rea protegida de Salamanca en busca de oro (Guanajuato)","author":"grieta","date":"7 noviembre, 2021","format":false,"excerpt":"Cuca Dom\u00ednguez, Peri\u00f3dico Correo, 07 de noviembre de 2021 Salamanca.- Los hermanos Nemorio y Mariano Villafa\u00f1a Garc\u00eda denunciaron que una empresa minera canadiense realiza exploraci\u00f3n en la zona de la comunidad Potrerillos, aleda\u00f1a a El Guangoche, de donde ellos son originarios y hasta donde se cimbra la tierra. Est\u00e1n buscando\u2026","rel":"","context":"En &quot;Conflictos por miner\u00eda en Guanajuato&quot;","block_context":{"text":"Conflictos por miner\u00eda en Guanajuato","link":"http:\/\/www.grieta.org.mx\/index.php\/category\/noticias-nacionales\/guanajuato\/conflictos-por-mineria-en-guanajuato\/"},"img":{"alt_text":"","src":"https:\/\/i0.wp.com\/www.grieta.org.mx\/wp-content\/uploads\/2021\/11\/minera.jpg?resize=350%2C200","width":350,"height":200,"srcset":"https:\/\/i0.wp.com\/www.grieta.org.mx\/wp-content\/uploads\/2021\/11\/minera.jpg?resize=350%2C200 1x, https:\/\/i0.wp.com\/www.grieta.org.mx\/wp-content\/uploads\/2021\/11\/minera.jpg?resize=525%2C300 1.5x, https:\/\/i0.wp.com\/www.grieta.org.mx\/wp-content\/uploads\/2021\/11\/minera.jpg?resize=700%2C400 2x"},"classes":[]}],"_links":{"self":[{"href":"http:\/\/www.grieta.org.mx\/index.php\/wp-json\/wp\/v2\/posts\/36310","targetHints":{"allow":["GET"]}}],"collection":[{"href":"http:\/\/www.grieta.org.mx\/index.php\/wp-json\/wp\/v2\/posts"}],"about":[{"href":"http:\/\/www.grieta.org.mx\/index.php\/wp-json\/wp\/v2\/types\/post"}],"author":[{"embeddable":true,"href":"http:\/\/www.grieta.org.mx\/index.php\/wp-json\/wp\/v2\/users\/2"}],"replies":[{"embeddable":true,"href":"http:\/\/www.grieta.org.mx\/index.php\/wp-json\/wp\/v2\/comments?post=36310"}],"version-history":[{"count":1,"href":"http:\/\/www.grieta.org.mx\/index.php\/wp-json\/wp\/v2\/posts\/36310\/revisions"}],"predecessor-version":[{"id":36314,"href":"http:\/\/www.grieta.org.mx\/index.php\/wp-json\/wp\/v2\/posts\/36310\/revisions\/36314"}],"wp:featuredmedia":[{"embeddable":true,"href":"http:\/\/www.grieta.org.mx\/index.php\/wp-json\/wp\/v2\/media\/36311"}],"wp:attachment":[{"href":"http:\/\/www.grieta.org.mx\/index.php\/wp-json\/wp\/v2\/media?parent=36310"}],"wp:term":[{"taxonomy":"category","embeddable":true,"href":"http:\/\/www.grieta.org.mx\/index.php\/wp-json\/wp\/v2\/categories?post=36310"},{"taxonomy":"post_tag","embeddable":true,"href":"http:\/\/www.grieta.org.mx\/index.php\/wp-json\/wp\/v2\/tags?post=36310"}],"curies":[{"name":"wp","href":"https:\/\/api.w.org\/{rel}","templated":true}]}}