{"id":3626,"date":"2015-12-21T03:29:02","date_gmt":"2015-12-21T03:29:02","guid":{"rendered":"http:\/\/50.22.11.12\/~grietaor\/?p=3626"},"modified":"2016-04-03T14:11:59","modified_gmt":"2016-04-03T14:11:59","slug":"gobierno-de-durango-regala-area-natural-a-iniciativa-privada","status":"publish","type":"post","link":"http:\/\/www.grieta.org.mx\/index.php\/2015\/12\/21\/gobierno-de-durango-regala-area-natural-a-iniciativa-privada\/","title":{"rendered":"Gobierno de Durango regala \u00e1rea natural a Iniciativa Privada"},"content":{"rendered":"<p><strong>21\/12\/15. <\/strong><a href=\"http:\/\/www.grieta.org.mx\/index.php\/2015\/12\/21\/reparten-4500-m2-a-tres-asociaciones\">Reparten 4,500 m2 a tres asociaciones<\/a><br \/>\n<em>El Siglo de Durango<\/em><\/p>\n","protected":false},"excerpt":{"rendered":"<p>21\/12\/15. Reparten 4,500 m2 a tres asociaciones El Siglo de Durango<\/p>\n","protected":false},"author":2,"featured_media":21928,"comment_status":"closed","ping_status":"open","sticky":false,"template":"","format":"standard","meta":{"ngg_post_thumbnail":0,"_jetpack_newsletter_access":"","_jetpack_dont_email_post_to_subs":false,"_jetpack_newsletter_tier_id":0,"_jetpack_memberships_contains_paywalled_content":false,"_jetpack_memberships_contains_paid_content":false,"footnotes":""},"categories":[15,2],"tags":[],"class_list":["post-3626","post","type-post","status-publish","format-standard","has-post-thumbnail","hentry","category-durango","category-noticias-nacionales","entry"],"jetpack_featured_media_url":"http:\/\/www.grieta.org.mx\/wp-content\/uploads\/2018\/03\/14524434_1106112876131411_958039263622046936_o.jpg","jetpack_sharing_enabled":true,"jetpack_shortlink":"https:\/\/wp.me\/p7ZJR4-Wu","jetpack_likes_enabled":false,"jetpack-related-posts":[{"id":3624,"url":"http:\/\/www.grieta.org.mx\/index.php\/2015\/12\/20\/despues-de-seis-meses-de-planton-en-la-autopista-durango-mazatlan-ejidatarios-de-pueblo-nuevo-aceptan-oferta-de-indemnizacion-por-sus-tierras\/","url_meta":{"origin":3626,"position":0},"title":"Despu\u00e9s de seis meses de plant\u00f3n en la autopista Durango-Mazatl\u00e1n, ejidatarios de Pueblo Nuevo aceptan oferta de indemnizaci\u00f3n por sus tierras","author":"grieta","date":"20 diciembre, 2015","format":false,"excerpt":"20\/12\/15. Discuten ejidatarios de Pueblo Nuevo El Siglo de Durango 10\/12\/15. Los ejidatarios, a\u00fan sin pago El Siglo de Durango 09\/10\/15. Fueron 4 a\u00f1os de lucha ejidal El Siglo de Durango 09\/10\/15. Ejidatarios aceptan pago de 134 mdp por tierras; podr\u00edan liberar autopista Durango-Mazatl\u00e1n El Financiero 19\/09\/15. La Durango-Mazatl\u00e1n, una\u2026","rel":"","context":"En &quot;Durango&quot;","block_context":{"text":"Durango","link":"http:\/\/www.grieta.org.mx\/index.php\/category\/noticias-nacionales\/durango\/"},"img":{"alt_text":"","src":"https:\/\/i0.wp.com\/www.grieta.org.mx\/wp-content\/uploads\/2018\/03\/14524434_1106112876131411_958039263622046936_o.jpg?resize=350%2C200","width":350,"height":200,"srcset":"https:\/\/i0.wp.com\/www.grieta.org.mx\/wp-content\/uploads\/2018\/03\/14524434_1106112876131411_958039263622046936_o.jpg?resize=350%2C200 1x, https:\/\/i0.wp.com\/www.grieta.org.mx\/wp-content\/uploads\/2018\/03\/14524434_1106112876131411_958039263622046936_o.jpg?resize=525%2C300 1.5x, https:\/\/i0.wp.com\/www.grieta.org.mx\/wp-content\/uploads\/2018\/03\/14524434_1106112876131411_958039263622046936_o.jpg?resize=700%2C400 2x"},"classes":[]},{"id":3634,"url":"http:\/\/www.grieta.org.mx\/index.php\/2016\/02\/02\/colonos-enfrentan-arbitrariedades-en-durango\/","url_meta":{"origin":3626,"position":1},"title":"Colonos enfrentan arbitrariedades en Durango","author":"grieta","date":"2 febrero, 2016","format":false,"excerpt":"22\/02\/16. Impiden construcci\u00f3n de c\u00e1rcamo en G\u00f3mez Palacio El Siglo de Durango","rel":"","context":"En &quot;Durango&quot;","block_context":{"text":"Durango","link":"http:\/\/www.grieta.org.mx\/index.php\/category\/noticias-nacionales\/durango\/"},"img":{"alt_text":"","src":"https:\/\/i0.wp.com\/www.grieta.org.mx\/wp-content\/uploads\/2018\/03\/14524434_1106112876131411_958039263622046936_o.jpg?resize=350%2C200","width":350,"height":200,"srcset":"https:\/\/i0.wp.com\/www.grieta.org.mx\/wp-content\/uploads\/2018\/03\/14524434_1106112876131411_958039263622046936_o.jpg?resize=350%2C200 1x, https:\/\/i0.wp.com\/www.grieta.org.mx\/wp-content\/uploads\/2018\/03\/14524434_1106112876131411_958039263622046936_o.jpg?resize=525%2C300 1.5x, https:\/\/i0.wp.com\/www.grieta.org.mx\/wp-content\/uploads\/2018\/03\/14524434_1106112876131411_958039263622046936_o.jpg?resize=700%2C400 2x"},"classes":[]},{"id":36094,"url":"http:\/\/www.grieta.org.mx\/index.php\/2019\/06\/24\/durango-tercer-estado-con-mayor-desempleo-este-2019\/","url_meta":{"origin":3626,"position":2},"title":"Durango, tercer estado con mayor desempleo este 2019","author":"grieta","date":"24 junio, 2019","format":false,"excerpt":"Redacci\u00f3n\/24 noticias De acuerdo con datos del\u00a0Instituto Nacional de Estad\u00edstica y Geograf\u00eda,\u00a0la tasa de\u00a0desocupaci\u00f3n laboral en Durango\u00a0se ubic\u00f3 en\u00a04.6 %\u00a0de la Poblaci\u00f3n Econ\u00f3micamente Activa, cuando la tasa de desempleo a nivel nacional es de\u00a03.2 %. Este porcentaje se traduce en m\u00e1s de\u00a035 mil 400 personasdesocupadas en el Estado. Con estos\u2026","rel":"","context":"En &quot;CINTILLO&quot;","block_context":{"text":"CINTILLO","link":"http:\/\/www.grieta.org.mx\/index.php\/category\/cintillo\/"},"img":{"alt_text":"","src":"https:\/\/i0.wp.com\/www.grieta.org.mx\/wp-content\/uploads\/2019\/07\/desempleoWEB-780x405-e1562604150794.jpg?resize=350%2C200","width":350,"height":200,"srcset":"https:\/\/i0.wp.com\/www.grieta.org.mx\/wp-content\/uploads\/2019\/07\/desempleoWEB-780x405-e1562604150794.jpg?resize=350%2C200 1x, https:\/\/i0.wp.com\/www.grieta.org.mx\/wp-content\/uploads\/2019\/07\/desempleoWEB-780x405-e1562604150794.jpg?resize=525%2C300 1.5x, https:\/\/i0.wp.com\/www.grieta.org.mx\/wp-content\/uploads\/2019\/07\/desempleoWEB-780x405-e1562604150794.jpg?resize=700%2C400 2x"},"classes":[]},{"id":3613,"url":"http:\/\/www.grieta.org.mx\/index.php\/2015\/11\/19\/industrias-penoles-evalua-instalar-parque-eolico-en-canatlan-durango\/","url_meta":{"origin":3626,"position":3},"title":"Industrias Pe\u00f1oles eval\u00faa instalar parque e\u00f3lico en Canatl\u00e1n, Durango","author":"grieta","date":"19 noviembre, 2015","format":false,"excerpt":"19\/11\/15. Pe\u00f1oles ve \u201cvientos de cambio\u201d en Durango Milenio","rel":"","context":"En &quot;Durango&quot;","block_context":{"text":"Durango","link":"http:\/\/www.grieta.org.mx\/index.php\/category\/noticias-nacionales\/durango\/"},"img":{"alt_text":"","src":"https:\/\/i0.wp.com\/www.grieta.org.mx\/wp-content\/uploads\/2018\/03\/14524434_1106112876131411_958039263622046936_o.jpg?resize=350%2C200","width":350,"height":200,"srcset":"https:\/\/i0.wp.com\/www.grieta.org.mx\/wp-content\/uploads\/2018\/03\/14524434_1106112876131411_958039263622046936_o.jpg?resize=350%2C200 1x, https:\/\/i0.wp.com\/www.grieta.org.mx\/wp-content\/uploads\/2018\/03\/14524434_1106112876131411_958039263622046936_o.jpg?resize=525%2C300 1.5x, https:\/\/i0.wp.com\/www.grieta.org.mx\/wp-content\/uploads\/2018\/03\/14524434_1106112876131411_958039263622046936_o.jpg?resize=700%2C400 2x"},"classes":[]},{"id":3611,"url":"http:\/\/www.grieta.org.mx\/index.php\/2015\/08\/07\/protestan-en-durango-por-el-multihomicidio-en-la-narvarte\/","url_meta":{"origin":3626,"position":4},"title":"Protestan en Durango por el multihomicidio en la Narvarte","author":"grieta","date":"7 agosto, 2015","format":false,"excerpt":"07\/08\/15. Periodistas duranguenses levantan la voz El Siglo de Durango","rel":"","context":"En &quot;Durango&quot;","block_context":{"text":"Durango","link":"http:\/\/www.grieta.org.mx\/index.php\/category\/noticias-nacionales\/durango\/"},"img":{"alt_text":"","src":"https:\/\/i0.wp.com\/www.grieta.org.mx\/wp-content\/uploads\/2018\/03\/14524434_1106112876131411_958039263622046936_o.jpg?resize=350%2C200","width":350,"height":200,"srcset":"https:\/\/i0.wp.com\/www.grieta.org.mx\/wp-content\/uploads\/2018\/03\/14524434_1106112876131411_958039263622046936_o.jpg?resize=350%2C200 1x, https:\/\/i0.wp.com\/www.grieta.org.mx\/wp-content\/uploads\/2018\/03\/14524434_1106112876131411_958039263622046936_o.jpg?resize=525%2C300 1.5x, https:\/\/i0.wp.com\/www.grieta.org.mx\/wp-content\/uploads\/2018\/03\/14524434_1106112876131411_958039263622046936_o.jpg?resize=700%2C400 2x"},"classes":[]},{"id":17342,"url":"http:\/\/www.grieta.org.mx\/index.php\/2014\/10\/27\/normalistas-toman-medios-de-comunicacion-y-casetas-en-durango\/","url_meta":{"origin":3626,"position":5},"title":"Normalistas toman medios de comunicaci\u00f3n y casetas en Durango","author":"grieta","date":"27 octubre, 2014","format":false,"excerpt":"Gabriela Gallegos \/ Corresponsal DURANGO.- Desde las 4:00 horas de este lunes, estudiantes de la Normal Rural J. Guadalupe Aguilera tomaron de manera sorpresiva y pac\u00edfica dos televisoras locales y una estaci\u00f3n de radio, adem\u00e1s de dos casetas, de la Autopista Durango-Mazatl\u00e1n y de la Durango-Torre\u00f3n. Tambi\u00e9n anunciaron una gran\u2026","rel":"","context":"En &quot;CINTILLO&quot;","block_context":{"text":"CINTILLO","link":"http:\/\/www.grieta.org.mx\/index.php\/category\/cintillo\/"},"img":{"alt_text":"","src":"https:\/\/i0.wp.com\/www.grieta.org.mx\/wp-content\/uploads\/2018\/03\/14524434_1106112876131411_958039263622046936_o.jpg?resize=350%2C200","width":350,"height":200,"srcset":"https:\/\/i0.wp.com\/www.grieta.org.mx\/wp-content\/uploads\/2018\/03\/14524434_1106112876131411_958039263622046936_o.jpg?resize=350%2C200 1x, https:\/\/i0.wp.com\/www.grieta.org.mx\/wp-content\/uploads\/2018\/03\/14524434_1106112876131411_958039263622046936_o.jpg?resize=525%2C300 1.5x, https:\/\/i0.wp.com\/www.grieta.org.mx\/wp-content\/uploads\/2018\/03\/14524434_1106112876131411_958039263622046936_o.jpg?resize=700%2C400 2x"},"classes":[]}],"_links":{"self":[{"href":"http:\/\/www.grieta.org.mx\/index.php\/wp-json\/wp\/v2\/posts\/3626","targetHints":{"allow":["GET"]}}],"collection":[{"href":"http:\/\/www.grieta.org.mx\/index.php\/wp-json\/wp\/v2\/posts"}],"about":[{"href":"http:\/\/www.grieta.org.mx\/index.php\/wp-json\/wp\/v2\/types\/post"}],"author":[{"embeddable":true,"href":"http:\/\/www.grieta.org.mx\/index.php\/wp-json\/wp\/v2\/users\/2"}],"replies":[{"embeddable":true,"href":"http:\/\/www.grieta.org.mx\/index.php\/wp-json\/wp\/v2\/comments?post=3626"}],"version-history":[{"count":1,"href":"http:\/\/www.grieta.org.mx\/index.php\/wp-json\/wp\/v2\/posts\/3626\/revisions"}],"predecessor-version":[{"id":9643,"href":"http:\/\/www.grieta.org.mx\/index.php\/wp-json\/wp\/v2\/posts\/3626\/revisions\/9643"}],"wp:featuredmedia":[{"embeddable":true,"href":"http:\/\/www.grieta.org.mx\/index.php\/wp-json\/wp\/v2\/media\/21928"}],"wp:attachment":[{"href":"http:\/\/www.grieta.org.mx\/index.php\/wp-json\/wp\/v2\/media?parent=3626"}],"wp:term":[{"taxonomy":"category","embeddable":true,"href":"http:\/\/www.grieta.org.mx\/index.php\/wp-json\/wp\/v2\/categories?post=3626"},{"taxonomy":"post_tag","embeddable":true,"href":"http:\/\/www.grieta.org.mx\/index.php\/wp-json\/wp\/v2\/tags?post=3626"}],"curies":[{"name":"wp","href":"https:\/\/api.w.org\/{rel}","templated":true}]}}