{"id":36173,"date":"2019-07-11T08:15:46","date_gmt":"2019-07-11T13:15:46","guid":{"rendered":"http:\/\/www.grieta.org.mx\/?p=36173"},"modified":"2019-07-11T08:17:17","modified_gmt":"2019-07-11T13:17:17","slug":"grupo-mexico-de-german-larrea-derrama-ahora-3000-litros-de-acido-sulfurico-en-mar-de-cortes-sonora","status":"publish","type":"post","link":"http:\/\/www.grieta.org.mx\/index.php\/2019\/07\/11\/grupo-mexico-de-german-larrea-derrama-ahora-3000-litros-de-acido-sulfurico-en-mar-de-cortes-sonora\/","title":{"rendered":"Grupo M\u00e9xico, de Germ\u00e1n Larrea, derrama ahora 3,000 litros de \u00e1cido sulf\u00farico en Mar de Cort\u00e9s (Sonora)"},"content":{"rendered":"<figure id=\"attachment_36175\" aria-describedby=\"caption-attachment-36175\" style=\"width: 810px\" class=\"wp-caption aligncenter\"><img loading=\"lazy\" decoding=\"async\" data-attachment-id=\"36175\" data-permalink=\"http:\/\/www.grieta.org.mx\/index.php\/2019\/07\/11\/grupo-mexico-de-german-larrea-derrama-ahora-3000-litros-de-acido-sulfurico-en-mar-de-cortes-sonora\/grupo-mexico-mar-de-cortes\/\" data-orig-file=\"http:\/\/www.grieta.org.mx\/wp-content\/uploads\/2019\/07\/grupo-mexico-mar-de-cortes.jpg\" data-orig-size=\"1100,580\" data-comments-opened=\"0\" data-image-meta=\"{&quot;aperture&quot;:&quot;0&quot;,&quot;credit&quot;:&quot;&quot;,&quot;camera&quot;:&quot;&quot;,&quot;caption&quot;:&quot;&quot;,&quot;created_timestamp&quot;:&quot;0&quot;,&quot;copyright&quot;:&quot;&quot;,&quot;focal_length&quot;:&quot;0&quot;,&quot;iso&quot;:&quot;0&quot;,&quot;shutter_speed&quot;:&quot;0&quot;,&quot;title&quot;:&quot;&quot;,&quot;orientation&quot;:&quot;0&quot;}\" data-image-title=\"grupo-mexico-mar-de-cortes\" data-image-description=\"\" data-image-caption=\"&lt;p&gt;La empresa dirigida por Larrea inform\u00f3 que el derrame registrado ayer no gener\u00f3 da\u00f1o a alguna persona. Foto: Especial.&lt;\/p&gt;\n\" data-medium-file=\"http:\/\/www.grieta.org.mx\/wp-content\/uploads\/2019\/07\/grupo-mexico-mar-de-cortes-300x158.jpg\" data-large-file=\"http:\/\/www.grieta.org.mx\/wp-content\/uploads\/2019\/07\/grupo-mexico-mar-de-cortes-1024x540.jpg\" class=\"wp-image-36175\" src=\"http:\/\/www.grieta.org.mx\/wp-content\/uploads\/2019\/07\/grupo-mexico-mar-de-cortes.jpg\" alt=\"\" width=\"810\" height=\"427\" srcset=\"http:\/\/www.grieta.org.mx\/wp-content\/uploads\/2019\/07\/grupo-mexico-mar-de-cortes.jpg 1100w, http:\/\/www.grieta.org.mx\/wp-content\/uploads\/2019\/07\/grupo-mexico-mar-de-cortes-300x158.jpg 300w, http:\/\/www.grieta.org.mx\/wp-content\/uploads\/2019\/07\/grupo-mexico-mar-de-cortes-768x405.jpg 768w, http:\/\/www.grieta.org.mx\/wp-content\/uploads\/2019\/07\/grupo-mexico-mar-de-cortes-1024x540.jpg 1024w, http:\/\/www.grieta.org.mx\/wp-content\/uploads\/2019\/07\/grupo-mexico-mar-de-cortes-948x500.jpg 948w\" sizes=\"auto, (max-width: 810px) 100vw, 810px\" \/><figcaption id=\"caption-attachment-36175\" class=\"wp-caption-text\">La empresa dirigida por Larrea inform\u00f3 que el derrame registrado ayer no gener\u00f3 da\u00f1o a alguna persona. Foto: Especial.<\/figcaption><\/figure>\n<p>Redacci\u00f3n\/ SIN EMBARGO<\/p>\n<blockquote><p>La empresa asegur\u00f3 que dio aviso a la Administraci\u00f3n Portuaria Integral de Guaymas y a la Secretar\u00eda de Marina, dependencia que estuvo presente en el lugar y al constatar que la situaci\u00f3n estaba controlada determin\u00f3 que no era necesario activar un plan de emergencia.<\/p><\/blockquote>\n<p>Ciudad de M\u00e9xico, 20 de julio (SinEmbargo).\u2013 El fallo de una de las v\u00e1lvulas en la Terminal Mar\u00edtima de Guaymas, Sonora, de Grupo M\u00e9xico, cuyo propietario es Germ\u00e1n Larrea, caus\u00f3 que se derramaron 3 mil litros de \u00e1cido sulf\u00farico en aguas del Mar de Cort\u00e9s.<\/p>\n<p>La empresa dirigida por Larrea inform\u00f3 en un comunicado que el derrame registrado ayer no gener\u00f3 da\u00f1o a alguna persona y afirm\u00f3 que se aplicaron medidas de atenci\u00f3n y la situaci\u00f3n fue controlada r\u00e1pidamente.<\/p>\n<blockquote><p>\u201cEl d\u00eda de hoy en nuestra Terminal Mar\u00edtima de Guaymas, aproximadamente a las 15:00 Hrs se present\u00f3 un evento que ocasion\u00f3 el vertido de \u00e1cido sulf\u00farico por el fallo de una v\u00e1lvula que ocasion\u00f3 la liberaci\u00f3n de 3 (tres) m3 del tanque que recibe las purgas de las l\u00edneas de embarque\u201d, inform\u00f3 Grupo M\u00e9xico.<\/p><\/blockquote>\n<p>La empresa asegur\u00f3 que dio aviso a la Administraci\u00f3n Portuaria Integral de Guaymas (API) y a la Secretar\u00eda de Marina, dependencia que estuvo presente en el lugar y al constatar que la situaci\u00f3n estaba controlada determin\u00f3 que no era necesario activar un plan de emergencia.<\/p>\n<blockquote><p>\u201cDesde ayer [8 de julio] se est\u00e1 procediendo con el trasvase del \u00e1cido del contenedor a una pipa y se est\u00e1 trabajando ya en neutralizar la soluci\u00f3n\u201d, detall\u00f3 Grupo M\u00e9xico.<\/p><\/blockquote>\n<p>El administrador general de API Guaymas, Abraham Larios Vel\u00e1zquez, confirm\u00f3 a Milenio que el derrame se debi\u00f3 a una fuga en las v\u00e1lvulas y detall\u00f3 que personal de Grupo M\u00e9xico cerr\u00f3 las va?lvulas e iniciaron actividades de rebombeo para evitar que una cantidad importante de a?cido sulfu?rico se derramara, pero la sustancia s\u00ed lleg\u00f3 al mar.<\/p>\n<p>\u201cGrupo M\u00e9xico es el responsable de esta falla y los eventuales da\u00f1os deber\u00e1n ser reparados a la brevedad por esa empresa\u201d, precis\u00f3 al diario Larios Vel\u00e1zquez.<\/p>\n<p>Un video difundido en redes sociales muestra c\u00f3mo el \u00e1cido sulf\u00farico fue directo al mar.<\/p>\n<blockquote class=\"twitter-tweet\" data-width=\"550\" data-dnt=\"true\">\n<p lang=\"es\" dir=\"ltr\">Fuga de \u00e1cido sulf\u00farico de GrupoM\u00e9xico en Apiguay, se chingaron los r\u00edos, van por los mares&#8230; <a href=\"https:\/\/twitter.com\/ctrl_alt_suprim?ref_src=twsrc%5Etfw\">@ctrl_alt_suprim<\/a> <a href=\"https:\/\/twitter.com\/elalbertomedina?ref_src=twsrc%5Etfw\">@elalbertomedina<\/a>  <a href=\"https:\/\/t.co\/NQlJzueAP0\">pic.twitter.com\/NQlJzueAP0<\/a><\/p>\n<p>&mdash; el basilio (@elbasiliogmas) <a href=\"https:\/\/twitter.com\/elbasiliogmas\/status\/1149035617122246656?ref_src=twsrc%5Etfw\">July 10, 2019<\/a><\/p><\/blockquote>\n<p><script async src=\"https:\/\/platform.twitter.com\/widgets.js\" charset=\"utf-8\"><\/script><\/p>\n<p><strong>CONTAMINACI\u00d3N DE GRUPO M\u00c9XICO<\/strong><\/p>\n<p>Tan solo el pasado 13 de mayo otro caso de contaminaci\u00f3n por el Grupo M\u00e9xico se registr\u00f3 en Zacatecas. Habitantes de San Mart\u00edn denunciaron que el r\u00edo de su comunidad hab\u00eda sido contaminado desde hace d\u00edas por un derrame de material t\u00f3xico producido por una mina de la empresa.<\/p>\n<p>El derrame de la mina San Mart\u00edn llevaba m\u00e1s de tres d\u00edas y la afectaci\u00f3n repercuti\u00f3 en dos mil habitantes de la comunidad, adem\u00e1s de aquellos que se encontraban r\u00edo abajo como lo son las localidades de San Antonio de Bel\u00e9n y Carretas, las cuales utilizan el agua para consumo humano y dom\u00e9stico, denunciaron habitantes.<\/p>\n<blockquote><p>De acuerdo con las denuncias, el derrame conten\u00eda reactivos como cianuro, sulfato de zinc, sulfato de cobre, y desemboca en los sembrad\u00edos frutales y dem\u00e1s cultivos de granos b\u00e1sicos.<\/p><\/blockquote>\n<p>El grupo parlamentario del partido Movimiento de Regeneraci\u00f3n Nacional (Morena) denunci\u00f3 el hecho e hizo un llamado para que la Procuradur\u00eda Federal de Protecci\u00f3n al Ambiente (Profepa) atendiera la contaminaci\u00f3n n y acusaron que las autoridades de la regi\u00f3n ocultar informaci\u00f3n.<\/p>\n<p><a href=\"https:\/\/www.sinembargo.mx\/10-07-2019\/3610833\" target=\"_blank\" rel=\"noopener noreferrer\">https:\/\/www.sinembargo.mx\/10-07-2019\/3610833<\/a><\/p>\n","protected":false},"excerpt":{"rendered":"<p>Redacci\u00f3n\/ SIN EMBARGO La empresa asegur\u00f3 que dio aviso a la Administraci\u00f3n Portuaria Integral de Guaymas y a la Secretar\u00eda de Marina, dependencia que estuvo presente en el lugar y &hellip; <a href=\"http:\/\/www.grieta.org.mx\/index.php\/2019\/07\/11\/grupo-mexico-de-german-larrea-derrama-ahora-3000-litros-de-acido-sulfurico-en-mar-de-cortes-sonora\/\" class=\"more-link\">Leer m\u00e1s<\/a><\/p>\n","protected":false},"author":2,"featured_media":36175,"comment_status":"closed","ping_status":"closed","sticky":false,"template":"","format":"standard","meta":{"ngg_post_thumbnail":0,"_jetpack_newsletter_access":"","_jetpack_dont_email_post_to_subs":false,"_jetpack_newsletter_tier_id":0,"_jetpack_memberships_contains_paywalled_content":false,"_jetpack_memberships_contains_paid_content":false,"footnotes":""},"categories":[80,2557,1462,2721,2215,2,31],"tags":[2733,394,485,2734,2217],"class_list":["post-36173","post","type-post","status-publish","format-standard","has-post-thumbnail","hentry","category-cintillo","category-contaminacion-y-danos-a-la-naturaleza-por-megaproyectos","category-contaminacion-y-danos-a-la-salud-por-mineria-en-sonora","category-crisis-ecologica-y-ambiental-en-sonora","category-mineria-en-sonora","category-noticias-nacionales","category-sonora","tag-contaminacion-marina-por-mineria","tag-contaminacion-por-mineria","tag-grupo-mexico","tag-mar-de-cortes","tag-miner","entry"],"jetpack_featured_media_url":"http:\/\/www.grieta.org.mx\/wp-content\/uploads\/2019\/07\/grupo-mexico-mar-de-cortes.jpg","jetpack_sharing_enabled":true,"jetpack_shortlink":"https:\/\/wp.me\/p7ZJR4-9pr","jetpack_likes_enabled":false,"jetpack-related-posts":[{"id":36195,"url":"http:\/\/www.grieta.org.mx\/index.php\/2019\/07\/11\/derrame-de-acido-en-guaymas-provocara-muerte-de-fauna-y-flora-en-mar-de-cortes-investigador-sonora\/","url_meta":{"origin":36173,"position":0},"title":"Derrame de \u00e1cido en Guaymas provocar\u00e1 muerte de fauna y flora en Mar de Cort\u00e9s: Investigador (Sonora)","author":"grieta","date":"11 julio, 2019","format":false,"excerpt":"Ra\u00fal Flores Mart\u00ednezRa\u00fal Flores Mart\u00ednez El Mar de Cort\u00e9s vive una contingencia ambiental con el derrame de tres mil litros de \u00e1cido sulf\u00farico, ocasionado por la fuga de un tanque en la Terminal Mar\u00edtima de Guaymas, Sonora, lo que va a provocar afectaciones severas en la vida de la flora\u2026","rel":"","context":"En &quot;CINTILLO&quot;","block_context":{"text":"CINTILLO","link":"http:\/\/www.grieta.org.mx\/index.php\/category\/cintillo\/"},"img":{"alt_text":"","src":"https:\/\/i0.wp.com\/www.grieta.org.mx\/wp-content\/uploads\/2019\/07\/Mar-Cort%C3%A9s-1.jpg?resize=350%2C200","width":350,"height":200,"srcset":"https:\/\/i0.wp.com\/www.grieta.org.mx\/wp-content\/uploads\/2019\/07\/Mar-Cort%C3%A9s-1.jpg?resize=350%2C200 1x, https:\/\/i0.wp.com\/www.grieta.org.mx\/wp-content\/uploads\/2019\/07\/Mar-Cort%C3%A9s-1.jpg?resize=525%2C300 1.5x, https:\/\/i0.wp.com\/www.grieta.org.mx\/wp-content\/uploads\/2019\/07\/Mar-Cort%C3%A9s-1.jpg?resize=700%2C400 2x"},"classes":[]},{"id":36073,"url":"http:\/\/www.grieta.org.mx\/index.php\/2019\/07\/05\/grupo-mexico-planea-construir-presa-de-jales-en-bacanuchi-ciudadanos-se-oponen-temen-otro-derrame-sonora\/","url_meta":{"origin":36173,"position":1},"title":"Grupo M\u00e9xico planea construir presa de jales en Bacanuchi, ciudadanos se oponen, temen otro derrame (Sonora)","author":"grieta","date":"5 julio, 2019","format":false,"excerpt":"https:\/\/proyectopuente.com.mx\/2019\/07\/05\/grupo-mexico-planea-construir-presa-de-jales-en-bacanuchi-ciudadanos-se-oponen-temen-otro-derrame-2\/","rel":"","context":"En &quot;Contaminaci\u00f3n ambiental por megaproyectos en Sonora&quot;","block_context":{"text":"Contaminaci\u00f3n ambiental por megaproyectos en Sonora","link":"http:\/\/www.grieta.org.mx\/index.php\/category\/noticias-nacionales\/sonora\/contaminacion-y-danos-a-la-naturaleza-por-megaproyectos\/"},"img":{"alt_text":"","src":"https:\/\/i0.wp.com\/www.grieta.org.mx\/wp-content\/uploads\/2018\/03\/14524434_1106112876131411_958039263622046936_o.jpg?resize=350%2C200","width":350,"height":200,"srcset":"https:\/\/i0.wp.com\/www.grieta.org.mx\/wp-content\/uploads\/2018\/03\/14524434_1106112876131411_958039263622046936_o.jpg?resize=350%2C200 1x, https:\/\/i0.wp.com\/www.grieta.org.mx\/wp-content\/uploads\/2018\/03\/14524434_1106112876131411_958039263622046936_o.jpg?resize=525%2C300 1.5x, https:\/\/i0.wp.com\/www.grieta.org.mx\/wp-content\/uploads\/2018\/03\/14524434_1106112876131411_958039263622046936_o.jpg?resize=700%2C400 2x"},"classes":[]},{"id":36430,"url":"http:\/\/www.grieta.org.mx\/index.php\/2019\/07\/16\/derrame-en-mar-de-cortes-seria-mayor-al-reportado-marcharan-contra-grupo-mexico-sonora\/","url_meta":{"origin":36173,"position":2},"title":"Derrame en Mar de Cort\u00e9s ser\u00eda mayor al reportado; marchar\u00e1n contra Grupo M\u00e9xico (Sonora)","author":"grieta","date":"16 julio, 2019","format":false,"excerpt":"Milton Mart\u00ednez \/ Proceso. Derrame de \u00e1cido sulf\u00farico en el mar de Cort\u00e9s. Foto: Especial. GUAYMAS, Son. (apro).\u2013 El derrame de \u00e1cido sulf\u00farico en el Mar de Cort\u00e9s podr\u00eda haber sido superior al inicialmente reportado por Metal\u00fargica del Cobre SA de CV, subsidiaria de Grupo M\u00e9xico. Un empleado de la\u2026","rel":"","context":"En &quot;CINTILLO&quot;","block_context":{"text":"CINTILLO","link":"http:\/\/www.grieta.org.mx\/index.php\/category\/cintillo\/"},"img":{"alt_text":"","src":"https:\/\/i0.wp.com\/www.grieta.org.mx\/wp-content\/uploads\/2019\/07\/Derrame.jpg?resize=350%2C200","width":350,"height":200,"srcset":"https:\/\/i0.wp.com\/www.grieta.org.mx\/wp-content\/uploads\/2019\/07\/Derrame.jpg?resize=350%2C200 1x, https:\/\/i0.wp.com\/www.grieta.org.mx\/wp-content\/uploads\/2019\/07\/Derrame.jpg?resize=525%2C300 1.5x, https:\/\/i0.wp.com\/www.grieta.org.mx\/wp-content\/uploads\/2019\/07\/Derrame.jpg?resize=700%2C400 2x"},"classes":[]},{"id":16706,"url":"http:\/\/www.grieta.org.mx\/index.php\/2016\/07\/09\/grupo-mexico-impune-por-la-mayor-tragedia-ambiental-habitantes-del-rio-sonora\/","url_meta":{"origin":36173,"position":3},"title":"Grupo M\u00e9xico, impune por la mayor tragedia ambiental: habitantes del r\u00edo Sonora","author":"Admin","date":"9 julio, 2016","format":false,"excerpt":"Grupo M\u00e9xico y Germ\u00e1n Larrea contin\u00faan impunes a pesar que reconocieron su responsabilidad por el mayor desastre ambiental en la historia de la miner\u00eda nacional DANIEL S\u00c1NCHEZ D\u00d3RAME Grupo M\u00e9xico y Germ\u00e1n Larrea contin\u00faan impunes a pesar que reconocieron su responsabilidad por el mayor desastre ambiental en la historia de\u2026","rel":"","context":"En &quot;CINTILLO&quot;","block_context":{"text":"CINTILLO","link":"http:\/\/www.grieta.org.mx\/index.php\/category\/cintillo\/"},"img":{"alt_text":"","src":"https:\/\/i0.wp.com\/www.grieta.org.mx\/wp-content\/uploads\/2018\/03\/14524434_1106112876131411_958039263622046936_o.jpg?resize=350%2C200","width":350,"height":200,"srcset":"https:\/\/i0.wp.com\/www.grieta.org.mx\/wp-content\/uploads\/2018\/03\/14524434_1106112876131411_958039263622046936_o.jpg?resize=350%2C200 1x, https:\/\/i0.wp.com\/www.grieta.org.mx\/wp-content\/uploads\/2018\/03\/14524434_1106112876131411_958039263622046936_o.jpg?resize=525%2C300 1.5x, https:\/\/i0.wp.com\/www.grieta.org.mx\/wp-content\/uploads\/2018\/03\/14524434_1106112876131411_958039263622046936_o.jpg?resize=700%2C400 2x"},"classes":[]},{"id":9067,"url":"http:\/\/www.grieta.org.mx\/index.php\/2016\/08\/22\/contaminacion-y-danos-a-la-salud-por-mineria-en-sonora\/","url_meta":{"origin":36173,"position":4},"title":"Contaminaci\u00f3n y da\u00f1os a la salud por miner\u00eda en Sonora","author":"Admin","date":"22 agosto, 2016","format":false,"excerpt":"Denuncian contaminaci\u00f3n del R\u00edo Sonora provocada por miner\u00eda 22\/08\/16. Contaminaci\u00f3n, despojo y negligencia: las acusaciones contra Grupo M\u00e9xico en Sonora Animal Pol\u00edtico 08\/08\/16. A 2 a\u00f1os del derrame contaminante en el R\u00edo Sonora, una 'mancha' que no se borra Expansi\u00f3n 01\/08\/16. A dos a\u00f1os de la contaminaci\u00f3n en R\u00edo Sonora:\u2026","rel":"","context":"En &quot;Miner\u00eda&quot;","block_context":{"text":"Miner\u00eda","link":"http:\/\/www.grieta.org.mx\/index.php\/category\/megaproyectos\/mineria\/"},"img":{"alt_text":"","src":"https:\/\/i0.wp.com\/www.grieta.org.mx\/wp-content\/uploads\/2018\/03\/14524434_1106112876131411_958039263622046936_o.jpg?resize=350%2C200","width":350,"height":200,"srcset":"https:\/\/i0.wp.com\/www.grieta.org.mx\/wp-content\/uploads\/2018\/03\/14524434_1106112876131411_958039263622046936_o.jpg?resize=350%2C200 1x, https:\/\/i0.wp.com\/www.grieta.org.mx\/wp-content\/uploads\/2018\/03\/14524434_1106112876131411_958039263622046936_o.jpg?resize=525%2C300 1.5x, https:\/\/i0.wp.com\/www.grieta.org.mx\/wp-content\/uploads\/2018\/03\/14524434_1106112876131411_958039263622046936_o.jpg?resize=700%2C400 2x"},"classes":[]},{"id":36305,"url":"http:\/\/www.grieta.org.mx\/index.php\/2019\/07\/13\/grupo-mexico-impunidad-ante-graves-delitos-ambientales-sonora\/","url_meta":{"origin":36173,"position":5},"title":"Grupo M\u00e9xico: Impunidad ante graves delitos ambientales (Sonora)","author":"grieta","date":"13 julio, 2019","format":false,"excerpt":"HERMOSILLO, Son. (proceso.com.mx).- La imprudencia ambiental con la que opera Grupo M\u00e9xico est\u00e1 documentada en 127 infracciones federales que van desde derrumbes en sus minas hasta macroderrames de t\u00f3xicos. La organizaci\u00f3n de Grupo Poder ofrece un compilado de una catorcena de desastres ambientales registrados desde principios de este siglo. El\u2026","rel":"","context":"En &quot;CINTILLO&quot;","block_context":{"text":"CINTILLO","link":"http:\/\/www.grieta.org.mx\/index.php\/category\/cintillo\/"},"img":{"alt_text":"","src":"https:\/\/i0.wp.com\/www.grieta.org.mx\/wp-content\/uploads\/2019\/07\/Grupo-M%C3%A9xico-derrame.jpg?resize=350%2C200","width":350,"height":200,"srcset":"https:\/\/i0.wp.com\/www.grieta.org.mx\/wp-content\/uploads\/2019\/07\/Grupo-M%C3%A9xico-derrame.jpg?resize=350%2C200 1x, https:\/\/i0.wp.com\/www.grieta.org.mx\/wp-content\/uploads\/2019\/07\/Grupo-M%C3%A9xico-derrame.jpg?resize=525%2C300 1.5x, https:\/\/i0.wp.com\/www.grieta.org.mx\/wp-content\/uploads\/2019\/07\/Grupo-M%C3%A9xico-derrame.jpg?resize=700%2C400 2x"},"classes":[]}],"_links":{"self":[{"href":"http:\/\/www.grieta.org.mx\/index.php\/wp-json\/wp\/v2\/posts\/36173","targetHints":{"allow":["GET"]}}],"collection":[{"href":"http:\/\/www.grieta.org.mx\/index.php\/wp-json\/wp\/v2\/posts"}],"about":[{"href":"http:\/\/www.grieta.org.mx\/index.php\/wp-json\/wp\/v2\/types\/post"}],"author":[{"embeddable":true,"href":"http:\/\/www.grieta.org.mx\/index.php\/wp-json\/wp\/v2\/users\/2"}],"replies":[{"embeddable":true,"href":"http:\/\/www.grieta.org.mx\/index.php\/wp-json\/wp\/v2\/comments?post=36173"}],"version-history":[{"count":1,"href":"http:\/\/www.grieta.org.mx\/index.php\/wp-json\/wp\/v2\/posts\/36173\/revisions"}],"predecessor-version":[{"id":36178,"href":"http:\/\/www.grieta.org.mx\/index.php\/wp-json\/wp\/v2\/posts\/36173\/revisions\/36178"}],"wp:featuredmedia":[{"embeddable":true,"href":"http:\/\/www.grieta.org.mx\/index.php\/wp-json\/wp\/v2\/media\/36175"}],"wp:attachment":[{"href":"http:\/\/www.grieta.org.mx\/index.php\/wp-json\/wp\/v2\/media?parent=36173"}],"wp:term":[{"taxonomy":"category","embeddable":true,"href":"http:\/\/www.grieta.org.mx\/index.php\/wp-json\/wp\/v2\/categories?post=36173"},{"taxonomy":"post_tag","embeddable":true,"href":"http:\/\/www.grieta.org.mx\/index.php\/wp-json\/wp\/v2\/tags?post=36173"}],"curies":[{"name":"wp","href":"https:\/\/api.w.org\/{rel}","templated":true}]}}