{"id":36073,"date":"2019-07-05T00:25:24","date_gmt":"2019-07-05T05:25:24","guid":{"rendered":"http:\/\/www.grieta.org.mx\/?p=36073"},"modified":"2019-07-07T01:02:34","modified_gmt":"2019-07-07T06:02:34","slug":"grupo-mexico-planea-construir-presa-de-jales-en-bacanuchi-ciudadanos-se-oponen-temen-otro-derrame-sonora","status":"publish","type":"post","link":"http:\/\/www.grieta.org.mx\/index.php\/2019\/07\/05\/grupo-mexico-planea-construir-presa-de-jales-en-bacanuchi-ciudadanos-se-oponen-temen-otro-derrame-sonora\/","title":{"rendered":"Grupo M\u00e9xico planea construir presa de jales en Bacanuchi, ciudadanos se oponen, temen otro derrame (Sonora)"},"content":{"rendered":"<p><iframe loading=\"lazy\" src=\"https:\/\/www.youtube.com\/embed\/6_QkjQCpLJY\" width=\"640\" height=\"360\" frameborder=\"0\" allowfullscreen=\"allowfullscreen\"><\/iframe><\/p>\n<p><a href=\"https:\/\/proyectopuente.com.mx\/2019\/07\/05\/grupo-mexico-planea-construir-presa-de-jales-en-bacanuchi-ciudadanos-se-oponen-temen-otro-derrame-2\/\" target=\"_blank\" rel=\"noopener noreferrer\">https:\/\/proyectopuente.com.mx\/2019\/07\/05\/grupo-mexico-planea-construir-presa-de-jales-en-bacanuchi-ciudadanos-se-oponen-temen-otro-derrame-2\/<\/a><\/p>\n","protected":false},"excerpt":{"rendered":"<p>https:\/\/proyectopuente.com.mx\/2019\/07\/05\/grupo-mexico-planea-construir-presa-de-jales-en-bacanuchi-ciudadanos-se-oponen-temen-otro-derrame-2\/<\/p>\n","protected":false},"author":2,"featured_media":21928,"comment_status":"closed","ping_status":"closed","sticky":false,"template":"","format":"standard","meta":{"ngg_post_thumbnail":0,"_jetpack_newsletter_access":"","_jetpack_dont_email_post_to_subs":false,"_jetpack_newsletter_tier_id":0,"_jetpack_memberships_contains_paywalled_content":false,"_jetpack_memberships_contains_paid_content":false,"footnotes":""},"categories":[2557,1462,914,2215,2,31,83],"tags":[2171,2216,425,393,394,463,2309,485,764,786],"class_list":["post-36073","post","type-post","status-publish","format-standard","has-post-thumbnail","hentry","category-contaminacion-y-danos-a-la-naturaleza-por-megaproyectos","category-contaminacion-y-danos-a-la-salud-por-mineria-en-sonora","category-privatizacion-del-agua","category-mineria-en-sonora","category-noticias-nacionales","category-sonora","category-temas-nacionales","tag-agua-insalubre","tag-conflictos-por-mineria","tag-contaminacion-agua","tag-contaminacion-del-agua","tag-contaminacion-por-mineria","tag-defensa-del-agua","tag-escasez-de-agua","tag-grupo-mexico","tag-privatizacion-del-agua","tag-rio-sonora","entry"],"jetpack_featured_media_url":"http:\/\/www.grieta.org.mx\/wp-content\/uploads\/2018\/03\/14524434_1106112876131411_958039263622046936_o.jpg","jetpack_sharing_enabled":true,"jetpack_shortlink":"https:\/\/wp.me\/p7ZJR4-9nP","jetpack_likes_enabled":false,"jetpack-related-posts":[{"id":36077,"url":"http:\/\/www.grieta.org.mx\/index.php\/2019\/07\/05\/semarnat-asegura-que-nueva-presa-de-grupo-mexico-en-bacanuchi-sonora-cumple-normas-habitantes-no-se-convencen-y-exigen-seguridad\/","url_meta":{"origin":36073,"position":0},"title":"Semarnat asegura que nueva presa de Grupo M\u00e9xico en Bacanuchi, Sonora cumple normas; habitantes no se convencen y exigen seguridad","author":"grieta","date":"5 julio, 2019","format":false,"excerpt":"Priscila C\u00e1rdenas\/ PROYECTO PUENTE A un mes de cumplirse 5 a\u00f1os del derrame en el R\u00edo Sonora los habitantes de las comunidades afectadas siguen con miedo y en pie de lucha. Hoy adem\u00e1s de justicia y remediaci\u00f3n de da\u00f1os ambientales quieren evitar que la tragedia se repita, pues Grupo M\u00e9xico\u2026","rel":"","context":"En &quot;CINTILLO&quot;","block_context":{"text":"CINTILLO","link":"http:\/\/www.grieta.org.mx\/index.php\/category\/cintillo\/"},"img":{"alt_text":"","src":"https:\/\/i0.wp.com\/www.grieta.org.mx\/wp-content\/uploads\/2019\/07\/timthumb.jpg?resize=350%2C200","width":350,"height":200,"srcset":"https:\/\/i0.wp.com\/www.grieta.org.mx\/wp-content\/uploads\/2019\/07\/timthumb.jpg?resize=350%2C200 1x, https:\/\/i0.wp.com\/www.grieta.org.mx\/wp-content\/uploads\/2019\/07\/timthumb.jpg?resize=525%2C300 1.5x, https:\/\/i0.wp.com\/www.grieta.org.mx\/wp-content\/uploads\/2019\/07\/timthumb.jpg?resize=700%2C400 2x"},"classes":[]},{"id":9067,"url":"http:\/\/www.grieta.org.mx\/index.php\/2016\/08\/22\/contaminacion-y-danos-a-la-salud-por-mineria-en-sonora\/","url_meta":{"origin":36073,"position":1},"title":"Contaminaci\u00f3n y da\u00f1os a la salud por miner\u00eda en Sonora","author":"Admin","date":"22 agosto, 2016","format":false,"excerpt":"Denuncian contaminaci\u00f3n del R\u00edo Sonora provocada por miner\u00eda 22\/08\/16. Contaminaci\u00f3n, despojo y negligencia: las acusaciones contra Grupo M\u00e9xico en Sonora Animal Pol\u00edtico 08\/08\/16. A 2 a\u00f1os del derrame contaminante en el R\u00edo Sonora, una 'mancha' que no se borra Expansi\u00f3n 01\/08\/16. A dos a\u00f1os de la contaminaci\u00f3n en R\u00edo Sonora:\u2026","rel":"","context":"En &quot;Miner\u00eda&quot;","block_context":{"text":"Miner\u00eda","link":"http:\/\/www.grieta.org.mx\/index.php\/category\/megaproyectos\/mineria\/"},"img":{"alt_text":"","src":"https:\/\/i0.wp.com\/www.grieta.org.mx\/wp-content\/uploads\/2018\/03\/14524434_1106112876131411_958039263622046936_o.jpg?resize=350%2C200","width":350,"height":200,"srcset":"https:\/\/i0.wp.com\/www.grieta.org.mx\/wp-content\/uploads\/2018\/03\/14524434_1106112876131411_958039263622046936_o.jpg?resize=350%2C200 1x, https:\/\/i0.wp.com\/www.grieta.org.mx\/wp-content\/uploads\/2018\/03\/14524434_1106112876131411_958039263622046936_o.jpg?resize=525%2C300 1.5x, https:\/\/i0.wp.com\/www.grieta.org.mx\/wp-content\/uploads\/2018\/03\/14524434_1106112876131411_958039263622046936_o.jpg?resize=700%2C400 2x"},"classes":[]},{"id":26426,"url":"http:\/\/www.grieta.org.mx\/index.php\/2018\/09\/05\/ampara-corte-a-comunidad-de-bacanuchi-en-sonora\/","url_meta":{"origin":36073,"position":2},"title":"Ampara Corte a comunidad de Bacanuchi en Sonora","author":"grieta","date":"5 septiembre, 2018","format":false,"excerpt":"Manrique Gandaria\/ El Sol de M\u00e9xico La comunidad de Bacanuchi, Sonora tendr\u00e1 que ser consultada para que la Secretar\u00eda de Medio Ambiente y Recursos Naturales (Semarnat) pueda otorgar permiso de construcci\u00f3n de una presa a la minera Buenavista del Cobre, la cual est\u00e1 prevista contenga m\u00e1s desechos que los derramados\u2026","rel":"","context":"En &quot;CINTILLO&quot;","block_context":{"text":"CINTILLO","link":"http:\/\/www.grieta.org.mx\/index.php\/category\/cintillo\/"},"img":{"alt_text":"","src":"https:\/\/i0.wp.com\/www.grieta.org.mx\/wp-content\/uploads\/2018\/09\/bacanuchi.jpg?resize=350%2C200","width":350,"height":200,"srcset":"https:\/\/i0.wp.com\/www.grieta.org.mx\/wp-content\/uploads\/2018\/09\/bacanuchi.jpg?resize=350%2C200 1x, https:\/\/i0.wp.com\/www.grieta.org.mx\/wp-content\/uploads\/2018\/09\/bacanuchi.jpg?resize=525%2C300 1.5x, https:\/\/i0.wp.com\/www.grieta.org.mx\/wp-content\/uploads\/2018\/09\/bacanuchi.jpg?resize=700%2C400 2x"},"classes":[]},{"id":37526,"url":"http:\/\/www.grieta.org.mx\/index.php\/2019\/08\/05\/derrame-del-rio-sonora-cinco-anos-de-horror\/","url_meta":{"origin":36073,"position":3},"title":"Derrame del R\u00edo Sonora: cinco a\u00f1os de horror","author":"grieta","date":"5 agosto, 2019","format":false,"excerpt":"Lydiette Carrion \/ Pie de P\u00e1gina Cinco a\u00f1os despu\u00e9s del derrame t\u00f3xico m\u00e1s grave en la historia de la miner\u00eda en M\u00e9xico, las comunidades afectadas contin\u00faan contaminadas y sin agua potable. Todo lo prometido por Grupo M\u00e9xico ha sido hecho a medias. Mientras, Germ\u00e1n Larrea, el presidente de la corporaci\u00f3n,\u2026","rel":"","context":"En &quot;CINTILLO&quot;","block_context":{"text":"CINTILLO","link":"http:\/\/www.grieta.org.mx\/index.php\/category\/cintillo\/"},"img":{"alt_text":"","src":"https:\/\/i0.wp.com\/www.grieta.org.mx\/wp-content\/uploads\/2019\/08\/PdP_RioSonora_LydietteC1-1140x570.jpg?resize=350%2C200","width":350,"height":200,"srcset":"https:\/\/i0.wp.com\/www.grieta.org.mx\/wp-content\/uploads\/2019\/08\/PdP_RioSonora_LydietteC1-1140x570.jpg?resize=350%2C200 1x, https:\/\/i0.wp.com\/www.grieta.org.mx\/wp-content\/uploads\/2019\/08\/PdP_RioSonora_LydietteC1-1140x570.jpg?resize=525%2C300 1.5x, https:\/\/i0.wp.com\/www.grieta.org.mx\/wp-content\/uploads\/2019\/08\/PdP_RioSonora_LydietteC1-1140x570.jpg?resize=700%2C400 2x, https:\/\/i0.wp.com\/www.grieta.org.mx\/wp-content\/uploads\/2019\/08\/PdP_RioSonora_LydietteC1-1140x570.jpg?resize=1050%2C600 3x"},"classes":[]},{"id":36586,"url":"http:\/\/www.grieta.org.mx\/index.php\/2019\/07\/06\/semarnat-entrega-informe-preventivo-para-presa-de-jales-de-grupo-mexico-7-anos-tarde-sonora\/","url_meta":{"origin":36073,"position":4},"title":"Semarnat entrega \u201cInforme Preventivo\u201d para presa de jales de Grupo M\u00e9xico\u2026 7 a\u00f1os tarde (Sonora)","author":"grieta","date":"6 julio, 2019","format":false,"excerpt":"Lydiette Carri\u00f3n \/ Pie de P\u00e1gina Despu\u00e9s de 7 a\u00f1os y gracias a un amparo, los pobladores de Bacanuchi, Sonora, recibieron el informe Preventivo que Grupo M\u00e9xico entreg\u00f3 a Semarnat para abrir una presa de desechos t\u00f3xicos de la mina de cobre Buenavista, que la empresa ech\u00f3 a funcionar sin\u2026","rel":"","context":"En &quot;CINTILLO&quot;","block_context":{"text":"CINTILLO","link":"http:\/\/www.grieta.org.mx\/index.php\/category\/cintillo\/"},"img":{"alt_text":"","src":"https:\/\/i0.wp.com\/www.grieta.org.mx\/wp-content\/uploads\/2019\/07\/PdP_Buenavista_HG-1140x570.jpg?resize=350%2C200","width":350,"height":200,"srcset":"https:\/\/i0.wp.com\/www.grieta.org.mx\/wp-content\/uploads\/2019\/07\/PdP_Buenavista_HG-1140x570.jpg?resize=350%2C200 1x, https:\/\/i0.wp.com\/www.grieta.org.mx\/wp-content\/uploads\/2019\/07\/PdP_Buenavista_HG-1140x570.jpg?resize=525%2C300 1.5x, https:\/\/i0.wp.com\/www.grieta.org.mx\/wp-content\/uploads\/2019\/07\/PdP_Buenavista_HG-1140x570.jpg?resize=700%2C400 2x, https:\/\/i0.wp.com\/www.grieta.org.mx\/wp-content\/uploads\/2019\/07\/PdP_Buenavista_HG-1140x570.jpg?resize=1050%2C600 3x"},"classes":[]},{"id":25249,"url":"http:\/\/www.grieta.org.mx\/index.php\/2018\/07\/30\/a-4-anos-pobladores-del-rio-sonora-siguen-exigiendo-remediacion\/","url_meta":{"origin":36073,"position":5},"title":"A 4 a\u00f1os, pobladores del R\u00edo Sonora siguen exigiendo remediaci\u00f3n","author":"grieta","date":"30 julio, 2018","format":false,"excerpt":"Al\u00e1n Avi\u00f1a\/ Uniradio Noticias Hermosillo.- Al pie de un armatoste en ruinas en Ures, que deber\u00eda servir como hospital para atender a los afectados por la contaminaci\u00f3n, ah\u00ed se reunieron habitantes de Ures y Bacanuchi, quienes integran los Comit\u00e9s de Cuenca del R\u00edo Sonora. A d\u00edas de que se cumplan\u2026","rel":"","context":"En &quot;CINTILLO&quot;","block_context":{"text":"CINTILLO","link":"http:\/\/www.grieta.org.mx\/index.php\/category\/cintillo\/"},"img":{"alt_text":"","src":"https:\/\/i0.wp.com\/www.grieta.org.mx\/wp-content\/uploads\/2018\/08\/20180730180826_61.jpg?resize=350%2C200","width":350,"height":200,"srcset":"https:\/\/i0.wp.com\/www.grieta.org.mx\/wp-content\/uploads\/2018\/08\/20180730180826_61.jpg?resize=350%2C200 1x, https:\/\/i0.wp.com\/www.grieta.org.mx\/wp-content\/uploads\/2018\/08\/20180730180826_61.jpg?resize=525%2C300 1.5x, https:\/\/i0.wp.com\/www.grieta.org.mx\/wp-content\/uploads\/2018\/08\/20180730180826_61.jpg?resize=700%2C400 2x"},"classes":[]}],"_links":{"self":[{"href":"http:\/\/www.grieta.org.mx\/index.php\/wp-json\/wp\/v2\/posts\/36073","targetHints":{"allow":["GET"]}}],"collection":[{"href":"http:\/\/www.grieta.org.mx\/index.php\/wp-json\/wp\/v2\/posts"}],"about":[{"href":"http:\/\/www.grieta.org.mx\/index.php\/wp-json\/wp\/v2\/types\/post"}],"author":[{"embeddable":true,"href":"http:\/\/www.grieta.org.mx\/index.php\/wp-json\/wp\/v2\/users\/2"}],"replies":[{"embeddable":true,"href":"http:\/\/www.grieta.org.mx\/index.php\/wp-json\/wp\/v2\/comments?post=36073"}],"version-history":[{"count":1,"href":"http:\/\/www.grieta.org.mx\/index.php\/wp-json\/wp\/v2\/posts\/36073\/revisions"}],"predecessor-version":[{"id":36074,"href":"http:\/\/www.grieta.org.mx\/index.php\/wp-json\/wp\/v2\/posts\/36073\/revisions\/36074"}],"wp:featuredmedia":[{"embeddable":true,"href":"http:\/\/www.grieta.org.mx\/index.php\/wp-json\/wp\/v2\/media\/21928"}],"wp:attachment":[{"href":"http:\/\/www.grieta.org.mx\/index.php\/wp-json\/wp\/v2\/media?parent=36073"}],"wp:term":[{"taxonomy":"category","embeddable":true,"href":"http:\/\/www.grieta.org.mx\/index.php\/wp-json\/wp\/v2\/categories?post=36073"},{"taxonomy":"post_tag","embeddable":true,"href":"http:\/\/www.grieta.org.mx\/index.php\/wp-json\/wp\/v2\/tags?post=36073"}],"curies":[{"name":"wp","href":"https:\/\/api.w.org\/{rel}","templated":true}]}}