{"id":36059,"date":"2019-07-06T18:30:43","date_gmt":"2019-07-06T23:30:43","guid":{"rendered":"http:\/\/www.grieta.org.mx\/?p=36059"},"modified":"2019-07-06T18:41:37","modified_gmt":"2019-07-06T23:41:37","slug":"protestan-contra-desalojo-de-casa-hogar-en-naucalpan-edomex","status":"publish","type":"post","link":"http:\/\/www.grieta.org.mx\/index.php\/2019\/07\/06\/protestan-contra-desalojo-de-casa-hogar-en-naucalpan-edomex\/","title":{"rendered":"Protestan contra desalojo de casa-hogar en Naucalpan (Edomex)"},"content":{"rendered":"<figure id=\"attachment_36060\" aria-describedby=\"caption-attachment-36060\" style=\"width: 800px\" class=\"wp-caption aligncenter\"><a href=\"http:\/\/www.grieta.org.mx\/wp-content\/uploads\/2019\/07\/N-A20-EU060719-2_Drupal-Main-Image.var_1562390813.jpg\"><img loading=\"lazy\" decoding=\"async\" data-attachment-id=\"36060\" data-permalink=\"http:\/\/www.grieta.org.mx\/index.php\/2019\/07\/06\/protestan-contra-desalojo-de-casa-hogar-en-naucalpan-edomex\/n-a20-eu060719-2_drupal-main-image-var_1562390813\/\" data-orig-file=\"http:\/\/www.grieta.org.mx\/wp-content\/uploads\/2019\/07\/N-A20-EU060719-2_Drupal-Main-Image.var_1562390813.jpg\" data-orig-size=\"651,400\" data-comments-opened=\"0\" data-image-meta=\"{&quot;aperture&quot;:&quot;0&quot;,&quot;credit&quot;:&quot;&quot;,&quot;camera&quot;:&quot;&quot;,&quot;caption&quot;:&quot;&quot;,&quot;created_timestamp&quot;:&quot;0&quot;,&quot;copyright&quot;:&quot;&quot;,&quot;focal_length&quot;:&quot;0&quot;,&quot;iso&quot;:&quot;0&quot;,&quot;shutter_speed&quot;:&quot;0&quot;,&quot;title&quot;:&quot;&quot;,&quot;orientation&quot;:&quot;0&quot;}\" data-image-title=\"N-A20-EU060719-2_Drupal Main Image.var_1562390813\" data-image-description=\"\" data-image-caption=\"&lt;p&gt;FOTO: REBECA JIM\u00c9NEZ&lt;\/p&gt;\n\" data-medium-file=\"http:\/\/www.grieta.org.mx\/wp-content\/uploads\/2019\/07\/N-A20-EU060719-2_Drupal-Main-Image.var_1562390813-300x184.jpg\" data-large-file=\"http:\/\/www.grieta.org.mx\/wp-content\/uploads\/2019\/07\/N-A20-EU060719-2_Drupal-Main-Image.var_1562390813.jpg\" class=\"wp-image-36060\" src=\"http:\/\/www.grieta.org.mx\/wp-content\/uploads\/2019\/07\/N-A20-EU060719-2_Drupal-Main-Image.var_1562390813-300x184.jpg\" alt=\"\" width=\"800\" height=\"492\" srcset=\"http:\/\/www.grieta.org.mx\/wp-content\/uploads\/2019\/07\/N-A20-EU060719-2_Drupal-Main-Image.var_1562390813-300x184.jpg 300w, http:\/\/www.grieta.org.mx\/wp-content\/uploads\/2019\/07\/N-A20-EU060719-2_Drupal-Main-Image.var_1562390813.jpg 651w\" sizes=\"auto, (max-width: 800px) 100vw, 800px\" \/><\/a><figcaption id=\"caption-attachment-36060\" class=\"wp-caption-text\">FOTO: REBECA JIM\u00c9NEZ<\/figcaption><\/figure>\n<p>Rebeca Jim\u00e9nez Jacinto \/ EL UNIVERSAL<\/p>\n<p>Naucalpan, M\u00e9x.\u2014 Con las sillas de ruedas que utilizan sus hijos, padres de familia y vecinos de Sat\u00e9lite protestaron en contra de la orden que emiti\u00f3 el juez cuarto en materia civil de Naucalpan, para desalojar la casa-hogar San Luis Gonzaga para ni\u00f1os y adultos con par\u00e1lisis cerebral.<\/p>\n<p>Con pancartas y coreando la frase \u201c\u00a1No al desalojo!\u201d, \u201c25 ni\u00f1os con par\u00e1lisis cerebral se quedar\u00e1n sin hogar\u201d y \u201c\u00a1Ustedes son mi voz!\u201d, externaron su rechazo a la resoluci\u00f3n del juicio civil que gan\u00f3 la empresa Residencias Modernas, filial de Frisa, que orden\u00f3 el desalojo de la casa-hogar que opera desde hace casi tres d\u00e9cadas en Circuito Oradores, tambi\u00e9n conocido como avenida Fuentes de Sat\u00e9lite.<\/p>\n<p>En el juicio que interpuso Residencias Modernas, \u201cqued\u00f3 demostrado con escrituras que la propietaria de este predio es mi apoderada\u201d, se\u00f1al\u00f3 al abogado Oscar Alzaga Alc\u00e1ntara.<\/p>\n<p>Explic\u00f3 que en la Gaceta de Gobierno del 25 de mayo de 1987, la Legislatura del Estado de M\u00e9xico orden\u00f3 al ayuntamiento de Naucalpan donar el predio de 2 mil metros cuadrados a la casa hogar para ni\u00f1o con par\u00e1lisis cerebral, donde desde hace 29 a\u00f1os opera este albergue que presta atenci\u00f3n m\u00e9dica a 25 personas de 12 a 60 a\u00f1os de edad.<\/p>\n<p>El desalojo de la casa-hogar, inici\u00f3 el 2 de julio; sin embargo, se suspendi\u00f3 luego de que el abogado ejecutor del juzgado cuarto de lo civil, representantes legales de la empresa Residencias Modernas, autoridades del DIF estatal y autoridades municipales, as\u00ed como visitadores de la Comisi\u00f3n de Derechos Humanos del Estado de M\u00e9xico, constataron que no hab\u00eda condiciones para sacar a los internos a la calle, pues no hab\u00eda ambulancias, tanques de ox\u00edgeno ni un sitio que los recibiera.<\/p>\n<p>Berenice Rosano Torres, madre de uno de los internos, se\u00f1al\u00f3 que la mayor\u00eda de los pacientes no tienen familiares, sus padres fallecieron o simplemente los abandonaron en esta casa-hogar. Por ello dijo, es urgente que intervenga el gobernador Alfredo del Mazo Maza e incluso el presidente de la Rep\u00fablica, Andr\u00e9s Manuel L\u00f3pez Obrador, porque \u201cel predio era propiedad estatal y en el juicio result\u00f3 ser propiedad privada\u201d, al hacer referencia a la Gaceta de Gobierno del 25 de mayo de 1987.<\/p>\n<p>En el Estado de M\u00e9xico no hay una casa igual o similar, ni p\u00fablica ni privada, que acepte, que cuide y atienda a estos pacientes, por lo que con este desalojo, la mayor\u00eda de las personas con par\u00e1lisis cerebral y cuadripl\u00e9jicos quedar\u00edan en situaci\u00f3n de abandono, apunt\u00f3 Berenice Rosano.<\/p>\n<p>La protesta, a la que se sumaron vecinos de Sat\u00e9lite y Fuentes de Sat\u00e9lite, restringi\u00f3 la circulaci\u00f3n de Circuito Oradores, por casi cuatro horas, en las que recibieron el apoyo de automovilistas que accedieron a que les pintaran los cristales de sus autos con lemas a favor de la casa-hogar San Luis Gonzaga.<\/p>\n<p>Cabe se\u00f1alar que en el mismo predio de 2 mil metros cuadrados, que Frisa reclama como suyo, adem\u00e1s de la casa-hogar San Luis Gonzaga, opera una escuela para ni\u00f1os con s\u00edndrome de Down y la escuela para ni\u00f1os con autismo Autismax, que esta semana decidi\u00f3 irse de este lugar.<\/p>\n<p><a href=\"https:\/\/www.eluniversal.com.mx\/metropoli\/edomex\/protestan-contra-desalojo-de-casa-hogar-en-naucalpan\">https:\/\/www.eluniversal.com.mx\/metropoli\/edomex\/protestan-contra-desalojo-de-casa-hogar-en-naucalpan<\/a><\/p>\n","protected":false},"excerpt":{"rendered":"<p>Rebeca Jim\u00e9nez Jacinto \/ EL UNIVERSAL Naucalpan, M\u00e9x.\u2014 Con las sillas de ruedas que utilizan sus hijos, padres de familia y vecinos de Sat\u00e9lite protestaron en contra de la orden &hellip; <a href=\"http:\/\/www.grieta.org.mx\/index.php\/2019\/07\/06\/protestan-contra-desalojo-de-casa-hogar-en-naucalpan-edomex\/\" class=\"more-link\">Leer m\u00e1s<\/a><\/p>\n","protected":false},"author":1,"featured_media":36060,"comment_status":"closed","ping_status":"closed","sticky":false,"template":"","format":"standard","meta":{"ngg_post_thumbnail":0,"_jetpack_newsletter_access":"","_jetpack_dont_email_post_to_subs":false,"_jetpack_newsletter_tier_id":0,"_jetpack_memberships_contains_paywalled_content":false,"_jetpack_memberships_contains_paid_content":false,"footnotes":""},"categories":[80,2724,2725,16,2],"tags":[2367,248,845],"class_list":["post-36059","post","type-post","status-publish","format-standard","has-post-thumbnail","hentry","category-cintillo","category-conflictos-por-desarrollo-inmobiliario-en-el-estado-de-mexico","category-desalojo-en-el-estado-de-mexico","category-estado-de-mexico","category-noticias-nacionales","tag-crisis-en-el-sector-salud","tag-desalojo","tag-desarrollo-inmobiliario","entry"],"jetpack_featured_media_url":"http:\/\/www.grieta.org.mx\/wp-content\/uploads\/2019\/07\/N-A20-EU060719-2_Drupal-Main-Image.var_1562390813.jpg","jetpack_sharing_enabled":true,"jetpack_shortlink":"https:\/\/wp.me\/p7ZJR4-9nB","jetpack_likes_enabled":false,"jetpack-related-posts":[{"id":41891,"url":"http:\/\/www.grieta.org.mx\/index.php\/2019\/12\/03\/evitan-nuevo-intento-de-desalojo-en-casa-hogar-de-ninos-con-discapacidad-en-naucalpan-ciudad-de-mexico\/","url_meta":{"origin":36059,"position":0},"title":"Evitan nuevo intento de desalojo en casa hogar de ni\u00f1os con discapacidad en Naucalpan (Estado de M\u00e9xico)","author":"grieta","date":"3 diciembre, 2019","format":false,"excerpt":"Leticia R\u00edos \/ El Heraldo de M\u00e9xico Fue suspendido el sexto intento de desalojo de la Casa Hogar para ni\u00f1os y adolescentes con par\u00e1lisis cerebral San Luis Gonzaga y de Autismax Este lunes, fue suspendido el sexto intento de desalojo de la Casa Hogar para ni\u00f1os y adolescentes con par\u00e1lisis\u2026","rel":"","context":"En &quot;CINTILLO&quot;","block_context":{"text":"CINTILLO","link":"http:\/\/www.grieta.org.mx\/index.php\/category\/cintillo\/"},"img":{"alt_text":"","src":"https:\/\/i0.wp.com\/www.grieta.org.mx\/wp-content\/uploads\/2019\/12\/Evitan-nuevo-intento-de-desalojo-en-casa-hogar-de-ni%C3%B1os-con-discapacidad-en-Naucalpan-edomex-dic.jpg?resize=350%2C200","width":350,"height":200,"srcset":"https:\/\/i0.wp.com\/www.grieta.org.mx\/wp-content\/uploads\/2019\/12\/Evitan-nuevo-intento-de-desalojo-en-casa-hogar-de-ni%C3%B1os-con-discapacidad-en-Naucalpan-edomex-dic.jpg?resize=350%2C200 1x, https:\/\/i0.wp.com\/www.grieta.org.mx\/wp-content\/uploads\/2019\/12\/Evitan-nuevo-intento-de-desalojo-en-casa-hogar-de-ni%C3%B1os-con-discapacidad-en-Naucalpan-edomex-dic.jpg?resize=525%2C300 1.5x"},"classes":[]},{"id":41005,"url":"http:\/\/www.grieta.org.mx\/index.php\/2019\/11\/04\/con-granaderos-buscan-en-naucalpan-desalojar-fundacion-de-ninos-con-paralisis-estado-de-mexico\/","url_meta":{"origin":36059,"position":1},"title":"Con granaderos, buscan en Naucalpan desalojar fundaci\u00f3n de ni\u00f1os con par\u00e1lisis (Estado de M\u00e9xico)","author":"grieta","date":"4 noviembre, 2019","format":false,"excerpt":"Arturo Ponce \/ Soy Naucalpan Por quinta ocasi\u00f3n intentan desalojar a la instituci\u00f3n Autismax, ubicada en Av. Fuentes de\u00a0Sat\u00e9lite Naucalpan, que desde hace m\u00e1s de 30 a\u00f1os proporciona asistencia a ni\u00f1os con\u00a0par\u00e1lisis cerebral. Desde las 6:30 de la ma\u00f1ana, a las afueras de este centro, vecinos y comunidad civil se\u00a0sumaron\u2026","rel":"","context":"En &quot;Abuso policiaco y tortura en el Estado de M\u00e9xico&quot;","block_context":{"text":"Abuso policiaco y tortura en el Estado de M\u00e9xico","link":"http:\/\/www.grieta.org.mx\/index.php\/category\/noticias-nacionales\/estado-de-mexico\/abuso-policiaco-y-tortura-en-el-estado-de-mexico\/"},"img":{"alt_text":"","src":"https:\/\/i0.wp.com\/www.grieta.org.mx\/wp-content\/uploads\/2019\/11\/Con-granaderos-buscan-en-Naucalpan-desalojar-fundaci%C3%B3n-de-ni%C3%B1os-con-par%C3%A1lisis-edomex-nov-300x152.jpg?resize=350%2C200","width":350,"height":200},"classes":[]},{"id":16040,"url":"http:\/\/www.grieta.org.mx\/index.php\/2016\/07\/06\/protestan-jubilados-en-palacio-municipal-de-naucalpan\/","url_meta":{"origin":36059,"position":2},"title":"Protestan jubilados en palacio municipal de Naucalpan","author":"grieta","date":"6 julio, 2016","format":false,"excerpt":"Rebeca Jim\u00e9nez Jacinto \"Pago de finiquito y de seguro de vida\", pidieron 220 jubilados y presionados frente al palacio municipal de Naucalpan, quienes laboraron hasta 40 a\u00f1os. \"Ahora parecemos limosneros\", afirm\u00f3 Guillermo Vel\u00e1zquez uno de los afectados. El Contrato Colectivo de Trabajo (CCT) y la Ley Federal del Trabajo establece\u2026","rel":"","context":"En &quot;CINTILLO&quot;","block_context":{"text":"CINTILLO","link":"http:\/\/www.grieta.org.mx\/index.php\/category\/cintillo\/"},"img":{"alt_text":"","src":"https:\/\/i0.wp.com\/www.grieta.org.mx\/wp-content\/uploads\/2018\/03\/14524434_1106112876131411_958039263622046936_o.jpg?resize=350%2C200","width":350,"height":200,"srcset":"https:\/\/i0.wp.com\/www.grieta.org.mx\/wp-content\/uploads\/2018\/03\/14524434_1106112876131411_958039263622046936_o.jpg?resize=350%2C200 1x, https:\/\/i0.wp.com\/www.grieta.org.mx\/wp-content\/uploads\/2018\/03\/14524434_1106112876131411_958039263622046936_o.jpg?resize=525%2C300 1.5x, https:\/\/i0.wp.com\/www.grieta.org.mx\/wp-content\/uploads\/2018\/03\/14524434_1106112876131411_958039263622046936_o.jpg?resize=700%2C400 2x"},"classes":[]},{"id":67944,"url":"http:\/\/www.grieta.org.mx\/index.php\/2023\/10\/16\/denuncia-del-congreso-nacional-indigena-concejo-indigena-de-gobierno-por-el-intento-de-desalojo-de-la-casa-de-los-pueblos\/","url_meta":{"origin":36059,"position":3},"title":"Denuncia del Congreso Nacional Ind\u00edgena \u2013 Concejo Ind\u00edgena de Gobierno por el Intento de Desalojo de la Casa de los Pueblos","author":"grieta","date":"16 octubre, 2023","format":false,"excerpt":"A los pueblos y gobiernos de M\u00e9xico y del mundo. A los organismos de derechos humanos. A los medios de comunicaci\u00f3n. Denunciamos que desde hace algunas horas un numeroso contingente de granaderos del gobierno de la Ciudad de M\u00e9xico est\u00e1 tratando de desalojar con violencia a la Comunidad Ind\u00edgena Otom\u00ed\u2026","rel":"","context":"En &quot;CIG&quot;","block_context":{"text":"CIG","link":"http:\/\/www.grieta.org.mx\/index.php\/category\/cig\/"},"img":{"alt_text":"","src":"https:\/\/i0.wp.com\/www.grieta.org.mx\/wp-content\/uploads\/2023\/10\/logo-CNI-T.png?resize=350%2C200","width":350,"height":200,"srcset":"https:\/\/i0.wp.com\/www.grieta.org.mx\/wp-content\/uploads\/2023\/10\/logo-CNI-T.png?resize=350%2C200 1x, https:\/\/i0.wp.com\/www.grieta.org.mx\/wp-content\/uploads\/2023\/10\/logo-CNI-T.png?resize=525%2C300 1.5x"},"classes":[]},{"id":69724,"url":"http:\/\/www.grieta.org.mx\/index.php\/2024\/09\/17\/despues-de-ser-desalojada-itele-planea-resistir-contra-un-gigante-inmobiliario-ciudad-de-mexico\/","url_meta":{"origin":36059,"position":4},"title":"Despu\u00e9s de ser desalojada, Itele planea resistir contra un gigante inmobiliario (Ciudad de M\u00e9xico)","author":"grieta","date":"17 septiembre, 2024","format":false,"excerpt":"Texto: Arturo Contreras Camero Fotos: Cortes\u00eda Mariana Lailson Pie de P\u00e1gina En abril de 2024 Itele Yel\u00edn fue notificada que la casa hipotecada en la que viv\u00eda, ser\u00eda desalojada. A\u00f1os antes, un constructor inmobiliario anunci\u00f3 que la anhelaba, este cuatro de septiembre fue desalojada. Itele no dejar\u00e1 de defender su\u2026","rel":"","context":"En &quot;Abuso policiaco y tortura en la Ciudad de M\u00e9xico&quot;","block_context":{"text":"Abuso policiaco y tortura en la Ciudad de M\u00e9xico","link":"http:\/\/www.grieta.org.mx\/index.php\/category\/noticias-nacionales\/ciudad-de-mexico\/abuso-policiaco-y-tortura-en-la-ciudad-de-mexico\/"},"img":{"alt_text":"","src":"https:\/\/i0.wp.com\/www.grieta.org.mx\/wp-content\/uploads\/2024\/09\/Despues-de-ser-desalojada-Itele-planea-resistir-contra-un-gigante-inmobiliario.jpeg?resize=350%2C200","width":350,"height":200,"srcset":"https:\/\/i0.wp.com\/www.grieta.org.mx\/wp-content\/uploads\/2024\/09\/Despues-de-ser-desalojada-Itele-planea-resistir-contra-un-gigante-inmobiliario.jpeg?resize=350%2C200 1x, https:\/\/i0.wp.com\/www.grieta.org.mx\/wp-content\/uploads\/2024\/09\/Despues-de-ser-desalojada-Itele-planea-resistir-contra-un-gigante-inmobiliario.jpeg?resize=525%2C300 1.5x, https:\/\/i0.wp.com\/www.grieta.org.mx\/wp-content\/uploads\/2024\/09\/Despues-de-ser-desalojada-Itele-planea-resistir-contra-un-gigante-inmobiliario.jpeg?resize=700%2C400 2x, https:\/\/i0.wp.com\/www.grieta.org.mx\/wp-content\/uploads\/2024\/09\/Despues-de-ser-desalojada-Itele-planea-resistir-contra-un-gigante-inmobiliario.jpeg?resize=1050%2C600 3x, https:\/\/i0.wp.com\/www.grieta.org.mx\/wp-content\/uploads\/2024\/09\/Despues-de-ser-desalojada-Itele-planea-resistir-contra-un-gigante-inmobiliario.jpeg?resize=1400%2C800 4x"},"classes":[]},{"id":166,"url":"http:\/\/www.grieta.org.mx\/index.php\/2015\/02\/20\/agresion-de-autoridades-y-porros-contra-estudiantes-y-activistas-en-cch-naucalpan\/","url_meta":{"origin":36059,"position":5},"title":"Agresi\u00f3n de autoridades y porros contra estudiantes y activistas en CCH-Naucalpan","author":"grieta","date":"20 febrero, 2015","format":false,"excerpt":"M\u00e9xico: Agresi\u00f3n de autoridades y porros contra estudiantes y activistas en CCH-Naucalpan Nos informan este momento que las \u201cAutoridades\u201d del CCH Naucalpan y Principalmente el Director del Plantel (Benjam\u00edn Barajas) est\u00e1 Reprimiendo (Golpeando y desalojando del plantel) a los Compa\u00f1eros activistas (Anarquistas) que el d\u00eda de ayer defendieron su integridad\u2026","rel":"","context":"En &quot;CINTILLO&quot;","block_context":{"text":"CINTILLO","link":"http:\/\/www.grieta.org.mx\/index.php\/category\/cintillo\/"},"img":{"alt_text":"","src":"https:\/\/i0.wp.com\/www.grieta.org.mx\/wp-content\/uploads\/2018\/03\/14524434_1106112876131411_958039263622046936_o.jpg?resize=350%2C200","width":350,"height":200,"srcset":"https:\/\/i0.wp.com\/www.grieta.org.mx\/wp-content\/uploads\/2018\/03\/14524434_1106112876131411_958039263622046936_o.jpg?resize=350%2C200 1x, https:\/\/i0.wp.com\/www.grieta.org.mx\/wp-content\/uploads\/2018\/03\/14524434_1106112876131411_958039263622046936_o.jpg?resize=525%2C300 1.5x, https:\/\/i0.wp.com\/www.grieta.org.mx\/wp-content\/uploads\/2018\/03\/14524434_1106112876131411_958039263622046936_o.jpg?resize=700%2C400 2x"},"classes":[]}],"_links":{"self":[{"href":"http:\/\/www.grieta.org.mx\/index.php\/wp-json\/wp\/v2\/posts\/36059","targetHints":{"allow":["GET"]}}],"collection":[{"href":"http:\/\/www.grieta.org.mx\/index.php\/wp-json\/wp\/v2\/posts"}],"about":[{"href":"http:\/\/www.grieta.org.mx\/index.php\/wp-json\/wp\/v2\/types\/post"}],"author":[{"embeddable":true,"href":"http:\/\/www.grieta.org.mx\/index.php\/wp-json\/wp\/v2\/users\/1"}],"replies":[{"embeddable":true,"href":"http:\/\/www.grieta.org.mx\/index.php\/wp-json\/wp\/v2\/comments?post=36059"}],"version-history":[{"count":1,"href":"http:\/\/www.grieta.org.mx\/index.php\/wp-json\/wp\/v2\/posts\/36059\/revisions"}],"predecessor-version":[{"id":36061,"href":"http:\/\/www.grieta.org.mx\/index.php\/wp-json\/wp\/v2\/posts\/36059\/revisions\/36061"}],"wp:featuredmedia":[{"embeddable":true,"href":"http:\/\/www.grieta.org.mx\/index.php\/wp-json\/wp\/v2\/media\/36060"}],"wp:attachment":[{"href":"http:\/\/www.grieta.org.mx\/index.php\/wp-json\/wp\/v2\/media?parent=36059"}],"wp:term":[{"taxonomy":"category","embeddable":true,"href":"http:\/\/www.grieta.org.mx\/index.php\/wp-json\/wp\/v2\/categories?post=36059"},{"taxonomy":"post_tag","embeddable":true,"href":"http:\/\/www.grieta.org.mx\/index.php\/wp-json\/wp\/v2\/tags?post=36059"}],"curies":[{"name":"wp","href":"https:\/\/api.w.org\/{rel}","templated":true}]}}