{"id":3603,"date":"2012-09-03T00:15:48","date_gmt":"2012-09-03T00:15:48","guid":{"rendered":"http:\/\/50.22.11.12\/~grietaor\/?p=3603"},"modified":"2016-03-16T00:19:16","modified_gmt":"2016-03-16T00:19:16","slug":"megaproyecto-hotelero-kanai-iniciara-en-el-2013-en-quintana-roo","status":"publish","type":"post","link":"http:\/\/www.grieta.org.mx\/index.php\/2012\/09\/03\/megaproyecto-hotelero-kanai-iniciara-en-el-2013-en-quintana-roo\/","title":{"rendered":"Megaproyecto hotelero Kanai iniciar\u00e1 en el 2013 en Quintana Roo"},"content":{"rendered":"<p>Canc\u00fan, Qroo. Park Hyatt, W Retreat, St Regis y Auberge, cuatro de las marcas hoteleras de mayor lujo y exclusividad en el mundo, est\u00e1n por arrancar la construcci\u00f3n de uno de los complejos m\u00e1s ambiciosos de la Riviera Maya. Se trata del desarrollo Kanai que albergar\u00e1 cuatro nuevos centros de hospedaje en plan todo europeo que sumar\u00e1n en conjunto 598 nuevas habitaciones a las 40,000 con que ya cuenta la regi\u00f3n.<\/p>\n<p>El proyecto se anunci\u00f3 desde el 2009, como un desarrollo de m\u00e1s de 550 hect\u00e1reas que busca construir inmuebles de \u201cmucho lujo y de la mayor calidad para personas que a\u00fan quieren y pueden pagarlo\u201d, comenta Ram\u00f3n Abascal D\u00edaz Barreiro, director de la desarrolladora Amytis, encargada del proyecto.<\/p>\n<p>Actualmente, cuentan con todas las autorizaciones federales, estatales y municipales necesarias. El predio sobre el que se proyecta el complejo ya comenz\u00f3 la instalaci\u00f3n de la infraestructura b\u00e1sica de agua, drenaje y electrificaci\u00f3n; el inicio formal de la obra ser\u00e1 a mediados del 2013.<\/p>\n<p>La Secretar\u00eda de Medio Ambiente y Recursos Naturales (Semarnat), al evaluar el proyecto, lo calific\u00f3 como ejemplar por el cuidado que se le ha puesto a la conservaci\u00f3n del h\u00e1bitat \u201ccomo nadie en M\u00e9xico\u201d, a\u00f1ade D\u00edaz Barreiro.<\/p>\n<p>COMPETENCIA<\/p>\n<p>A tan s\u00f3lo 3 kil\u00f3metros de Mayakoba \u2013que es el otro gran complejo de la Riviera Maya en plan europeo\u2013, Kanai busca concentrar en la zona, que va de Punta Maroma a Punta Bete, una gran \u00e1rea de desarrollos del mayor lujo y exclusividad posibles, que en Estados Unidos denominan Gated Community (comunidad cerrada) \u201ca donde s\u00f3lo pueden entrar \u00fanica y exclusivamente los hu\u00e9spedes.<\/p>\n<p>\u201cVamos dirigidos al segmento m\u00e1s alto, al de mayor poder adquisitivo, incluso un segmento de m\u00e1s lujo que el desarrollo Mayakoba\u201d.<\/p>\n<p>CLIENTES POTENCIALES<\/p>\n<p>El principal mercado al que va dirigido Kanai es el estadounidense de la Costa Este y estados centrales como Nueva Orleans y Texas.<\/p>\n<p>\u201cLa inmejorable conectividad del aeropuerto de Canc\u00fan con todas esas ciudades permite apostarle mayoritariamente a este mercado\u201d.<\/p>\n<p>Aunque el entrevistado refiere que est\u00e1 impedido a revelar el monto de la inversi\u00f3n, versiones no oficiales de la Asociaci\u00f3n Mexicana de Profesionales Inmobiliarios aseguran que el monto es superior a los 500 millones de d\u00f3lares. Participan las familias Metta y Helfon por el desarrollo Park Hyatt, as\u00ed como Oswaldo Librizzi de Starwood por el desarrollo St Regis.<\/p>\n<p>Entre las 598 unidades tur\u00edsticas que comprenden los cuatro hoteles hay un componente residencial que s\u00f3lo comenzar\u00e1 a construirse una vez que se hayan construido los cuatro centros de hospedaje y el campo de golf, que ser\u00e1 dise\u00f1ado por Jos\u00e9 Mar\u00eda Ol\u00e1zabal.<br \/>\nKanai Riviera Maya<\/p>\n<p>El complejo busca atraer clientes de la Costa Este de Estados Unidos.<br \/>\nPark Hyatt: 224 unidades divididas en 166 cuartos; 34 suites, tres suites ejecutivas, una suite presidencial y 20 residencias.<br \/>\nW Retreat: 180 unidades divididas en 155 cuartos, 15 suites W, nueve suites WOW y una suite EWOW.<br \/>\nSt Regis: 136 unidades divididas en 94 cuartos, 16 suites junior, 13 suites luxe, una suite superior y 12 residencias<br \/>\nAuberge: 58 unidades divididas en 27 suites, 19 king suites, dos suites presidenciales y ocho residencias.<\/p>\n<p><a href=\"http:\/\/eleconomista.com.mx\/estados\/2012\/09\/03\/megaproyecto-hotelero-kanai-iniciara-2013\" target=\"_blank\">eleconomista.com.mx\/estados\/2012\/09\/03\/megaproyecto-hotelero-kanai-iniciara-2013<\/a><\/p>\n","protected":false},"excerpt":{"rendered":"<p>Canc\u00fan, Qroo. Park Hyatt, W Retreat, St Regis y Auberge, cuatro de las marcas hoteleras de mayor lujo y exclusividad en el mundo, est\u00e1n por arrancar la construcci\u00f3n de uno &hellip; <a href=\"http:\/\/www.grieta.org.mx\/index.php\/2012\/09\/03\/megaproyecto-hotelero-kanai-iniciara-en-el-2013-en-quintana-roo\/\" class=\"more-link\">Leer m\u00e1s<\/a><\/p>\n","protected":false},"author":2,"featured_media":21928,"comment_status":"closed","ping_status":"open","sticky":false,"template":"","format":"standard","meta":{"ngg_post_thumbnail":0,"_jetpack_newsletter_access":"","_jetpack_dont_email_post_to_subs":false,"_jetpack_newsletter_tier_id":0,"_jetpack_memberships_contains_paywalled_content":false,"_jetpack_memberships_contains_paid_content":false,"footnotes":""},"categories":[80,151],"tags":[285],"class_list":["post-3603","post","type-post","status-publish","format-standard","has-post-thumbnail","hentry","category-cintillo","category-quintana-roo","tag-turismo","entry"],"jetpack_featured_media_url":"http:\/\/www.grieta.org.mx\/wp-content\/uploads\/2018\/03\/14524434_1106112876131411_958039263622046936_o.jpg","jetpack_sharing_enabled":true,"jetpack_shortlink":"https:\/\/wp.me\/p7ZJR4-W7","jetpack_likes_enabled":false,"jetpack-related-posts":[{"id":3601,"url":"http:\/\/www.grieta.org.mx\/index.php\/2015\/09\/14\/reactivan-proyecto-turistico-en-playa-del-carmen-quintana-roo\/","url_meta":{"origin":3603,"position":0},"title":"Reactivan proyecto tur\u00edstico en Playa del Carmen, Quintana Roo","author":"grieta","date":"14 septiembre, 2015","format":false,"excerpt":"14\/09\/15. Sacan de la \u2018congeladora\u2019 proyecto tur\u00edstico: despu\u00e9s de 2 a\u00f1os, retoman construcci\u00f3n del complejo Kanai en la Riviera MayaNoticaribe 03\/09\/12. Megaproyecto hotelero Kanai iniciar\u00e1 en el 2013 en Quintana RooEl Economista","rel":"","context":"En &quot;NOTICIAS NACIONALES&quot;","block_context":{"text":"NOTICIAS NACIONALES","link":"http:\/\/www.grieta.org.mx\/index.php\/category\/noticias-nacionales\/"},"img":{"alt_text":"","src":"https:\/\/i0.wp.com\/www.grieta.org.mx\/wp-content\/uploads\/2018\/03\/14524434_1106112876131411_958039263622046936_o.jpg?resize=350%2C200","width":350,"height":200,"srcset":"https:\/\/i0.wp.com\/www.grieta.org.mx\/wp-content\/uploads\/2018\/03\/14524434_1106112876131411_958039263622046936_o.jpg?resize=350%2C200 1x, https:\/\/i0.wp.com\/www.grieta.org.mx\/wp-content\/uploads\/2018\/03\/14524434_1106112876131411_958039263622046936_o.jpg?resize=525%2C300 1.5x, https:\/\/i0.wp.com\/www.grieta.org.mx\/wp-content\/uploads\/2018\/03\/14524434_1106112876131411_958039263622046936_o.jpg?resize=700%2C400 2x"},"classes":[]},{"id":3600,"url":"http:\/\/www.grieta.org.mx\/index.php\/2015\/09\/14\/sacan-de-la-congeladora-proyecto-turistico-despues-de-2-anos-retoman-construccion-del-complejo-kanai-en-la-riviera-maya\/","url_meta":{"origin":3603,"position":1},"title":"Sacan de la \u2018congeladora\u2019 proyecto tur\u00edstico: despu\u00e9s de 2 a\u00f1os, retoman construcci\u00f3n del complejo Kanai en la Riviera Maya","author":"grieta","date":"14 septiembre, 2015","format":false,"excerpt":"PLAYA DEL CARMEN, MX.- Tras casi dos a\u00f1os de estar en la congeladora, finalmente el grupo de inversionistas que est\u00e1n detr\u00e1s del complejo tur\u00edstico Kanai iniciar\u00e1n los trabajos de construcci\u00f3n. De momento, comenzaron con la pavimentaci\u00f3n de los caminos de acceso al que ser\u00e1 un lujoso complejo conformado por cuatro\u2026","rel":"","context":"En &quot;CINTILLO&quot;","block_context":{"text":"CINTILLO","link":"http:\/\/www.grieta.org.mx\/index.php\/category\/cintillo\/"},"img":{"alt_text":"","src":"https:\/\/i0.wp.com\/www.grieta.org.mx\/wp-content\/uploads\/2018\/03\/14524434_1106112876131411_958039263622046936_o.jpg?resize=350%2C200","width":350,"height":200,"srcset":"https:\/\/i0.wp.com\/www.grieta.org.mx\/wp-content\/uploads\/2018\/03\/14524434_1106112876131411_958039263622046936_o.jpg?resize=350%2C200 1x, https:\/\/i0.wp.com\/www.grieta.org.mx\/wp-content\/uploads\/2018\/03\/14524434_1106112876131411_958039263622046936_o.jpg?resize=525%2C300 1.5x, https:\/\/i0.wp.com\/www.grieta.org.mx\/wp-content\/uploads\/2018\/03\/14524434_1106112876131411_958039263622046936_o.jpg?resize=700%2C400 2x"},"classes":[]},{"id":4068,"url":"http:\/\/www.grieta.org.mx\/index.php\/2015\/11\/08\/en-holbox-quintana-roo-buscan-separacion-politica-para-frenar-desarrollo-turistico\/","url_meta":{"origin":3603,"position":2},"title":"En Holbox (Quintana Roo) buscan separaci\u00f3n pol\u00edtica para frenar desarrollo tur\u00edstico","author":"grieta","date":"8 noviembre, 2015","format":false,"excerpt":"08\/11\/15. Promueven proyecto de hotel en Holbox BlueEl Economista 22\/08\/15. Surge movimiento separatista en HolboxProceso 12\/08\/15. Alcalde inicia campa\u00f1a para impedir protecci\u00f3n de la reserva de Yum Balam (Holbox)Noticaribe 04\/07\/15. Asegura Profepa embarcaciones sin autorizaci\u00f3n para avistamiento del tibur\u00f3n ballena en HolboxNoticaribe 27\/06\/15. Cadena humana para proteger HolboxNoticaribe 27\/06\/15. Jornada\u2026","rel":"","context":"En &quot;16. Pueblo Maya&quot;","block_context":{"text":"16. Pueblo Maya","link":"http:\/\/www.grieta.org.mx\/index.php\/category\/espejos-de-la-resistencia\/16-pueblo-maya\/"},"img":{"alt_text":"","src":"https:\/\/i0.wp.com\/www.grieta.org.mx\/wp-content\/uploads\/2018\/03\/14524434_1106112876131411_958039263622046936_o.jpg?resize=350%2C200","width":350,"height":200,"srcset":"https:\/\/i0.wp.com\/www.grieta.org.mx\/wp-content\/uploads\/2018\/03\/14524434_1106112876131411_958039263622046936_o.jpg?resize=350%2C200 1x, https:\/\/i0.wp.com\/www.grieta.org.mx\/wp-content\/uploads\/2018\/03\/14524434_1106112876131411_958039263622046936_o.jpg?resize=525%2C300 1.5x, https:\/\/i0.wp.com\/www.grieta.org.mx\/wp-content\/uploads\/2018\/03\/14524434_1106112876131411_958039263622046936_o.jpg?resize=700%2C400 2x"},"classes":[]},{"id":4430,"url":"http:\/\/www.grieta.org.mx\/index.php\/2015\/05\/28\/alistan-proyecto-agroalimentario-en-quintana-roo\/","url_meta":{"origin":3603,"position":3},"title":"Alistan proyecto agroalimentario en Quintana Roo","author":"grieta","date":"28 mayo, 2015","format":false,"excerpt":"CHETUMAL, Q. Roo.- Empresarios de Alabama Project Corp presentaron a las autoridades municipales y empresarios locales el proyecto de inversi\u00f3n que pretenden realizar en Oth\u00f3n P. Blanco, que est\u00e1 regido por tres esquemas que son pesca, agricultura y ganader\u00eda. Previo a la reuni\u00f3n, Miguel Lara, director ejecutivo de la Corporaci\u00f3n\u2026","rel":"","context":"En &quot;CINTILLO&quot;","block_context":{"text":"CINTILLO","link":"http:\/\/www.grieta.org.mx\/index.php\/category\/cintillo\/"},"img":{"alt_text":"","src":"https:\/\/i0.wp.com\/www.grieta.org.mx\/wp-content\/uploads\/2018\/03\/14524434_1106112876131411_958039263622046936_o.jpg?resize=350%2C200","width":350,"height":200,"srcset":"https:\/\/i0.wp.com\/www.grieta.org.mx\/wp-content\/uploads\/2018\/03\/14524434_1106112876131411_958039263622046936_o.jpg?resize=350%2C200 1x, https:\/\/i0.wp.com\/www.grieta.org.mx\/wp-content\/uploads\/2018\/03\/14524434_1106112876131411_958039263622046936_o.jpg?resize=525%2C300 1.5x, https:\/\/i0.wp.com\/www.grieta.org.mx\/wp-content\/uploads\/2018\/03\/14524434_1106112876131411_958039263622046936_o.jpg?resize=700%2C400 2x"},"classes":[]},{"id":67872,"url":"http:\/\/www.grieta.org.mx\/index.php\/2023\/10\/06\/tren-maya-sedena-incrementara-seguridad-en-quintana-roo-con-mas-de-3-mil-elementos\/","url_meta":{"origin":3603,"position":4},"title":"Tren Maya: Sedena incrementar\u00e1 seguridad en Quintana Roo con m\u00e1s de 3 mil elementos","author":"grieta","date":"6 octubre, 2023","format":false,"excerpt":"Con la inauguraci\u00f3n del Tren Maya que se dar\u00e1 durante diciembre, el Secretario de la Defensa Nacional de M\u00e9xico Luis Cresencio Sandoval inform\u00f3 que en Quintana Roo se incrementar\u00e1 la seguridad con la presencia de la Guardia Nacional, pues habr\u00e1 tres nuevas bases a\u00e9reas. De acuerdo con los datos del\u2026","rel":"","context":"En &quot;CINTILLO&quot;","block_context":{"text":"CINTILLO","link":"http:\/\/www.grieta.org.mx\/index.php\/category\/cintillo\/"},"img":{"alt_text":"","src":"https:\/\/i0.wp.com\/www.grieta.org.mx\/wp-content\/uploads\/2023\/10\/TrenMalla-e1696860496274.jpg?resize=350%2C200","width":350,"height":200,"srcset":"https:\/\/i0.wp.com\/www.grieta.org.mx\/wp-content\/uploads\/2023\/10\/TrenMalla-e1696860496274.jpg?resize=350%2C200 1x, https:\/\/i0.wp.com\/www.grieta.org.mx\/wp-content\/uploads\/2023\/10\/TrenMalla-e1696860496274.jpg?resize=525%2C300 1.5x, https:\/\/i0.wp.com\/www.grieta.org.mx\/wp-content\/uploads\/2023\/10\/TrenMalla-e1696860496274.jpg?resize=700%2C400 2x"},"classes":[]},{"id":4428,"url":"http:\/\/www.grieta.org.mx\/index.php\/2015\/05\/27\/trillonaria-inversion-china-para-parque-industrial-en-el-sur-de-q-roo\/","url_meta":{"origin":3603,"position":5},"title":"Trillonaria inversi\u00f3n china para Parque Industrial en el sur de Q. Roo","author":"grieta","date":"27 mayo, 2015","format":false,"excerpt":"Paloma Wong\/SIPSE CHETUMAL, Q. Roo.- Empresarios chinos pretenden establecer un Parque Industrial de 100 hect\u00e1reas en el sur del Estado con diferentes manufacturas, algunas en el ramo de la construcci\u00f3n, de energ\u00edas limpias, equipo m\u00e9dico, textiles y bioenerg\u00eda, entre otras. En una reuni\u00f3n efectuada este martes, que concluy\u00f3 con la\u2026","rel":"","context":"En &quot;CINTILLO&quot;","block_context":{"text":"CINTILLO","link":"http:\/\/www.grieta.org.mx\/index.php\/category\/cintillo\/"},"img":{"alt_text":"","src":"https:\/\/i0.wp.com\/www.grieta.org.mx\/wp-content\/uploads\/2018\/03\/14524434_1106112876131411_958039263622046936_o.jpg?resize=350%2C200","width":350,"height":200,"srcset":"https:\/\/i0.wp.com\/www.grieta.org.mx\/wp-content\/uploads\/2018\/03\/14524434_1106112876131411_958039263622046936_o.jpg?resize=350%2C200 1x, https:\/\/i0.wp.com\/www.grieta.org.mx\/wp-content\/uploads\/2018\/03\/14524434_1106112876131411_958039263622046936_o.jpg?resize=525%2C300 1.5x, https:\/\/i0.wp.com\/www.grieta.org.mx\/wp-content\/uploads\/2018\/03\/14524434_1106112876131411_958039263622046936_o.jpg?resize=700%2C400 2x"},"classes":[]}],"_links":{"self":[{"href":"http:\/\/www.grieta.org.mx\/index.php\/wp-json\/wp\/v2\/posts\/3603","targetHints":{"allow":["GET"]}}],"collection":[{"href":"http:\/\/www.grieta.org.mx\/index.php\/wp-json\/wp\/v2\/posts"}],"about":[{"href":"http:\/\/www.grieta.org.mx\/index.php\/wp-json\/wp\/v2\/types\/post"}],"author":[{"embeddable":true,"href":"http:\/\/www.grieta.org.mx\/index.php\/wp-json\/wp\/v2\/users\/2"}],"replies":[{"embeddable":true,"href":"http:\/\/www.grieta.org.mx\/index.php\/wp-json\/wp\/v2\/comments?post=3603"}],"version-history":[{"count":1,"href":"http:\/\/www.grieta.org.mx\/index.php\/wp-json\/wp\/v2\/posts\/3603\/revisions"}],"predecessor-version":[{"id":3604,"href":"http:\/\/www.grieta.org.mx\/index.php\/wp-json\/wp\/v2\/posts\/3603\/revisions\/3604"}],"wp:featuredmedia":[{"embeddable":true,"href":"http:\/\/www.grieta.org.mx\/index.php\/wp-json\/wp\/v2\/media\/21928"}],"wp:attachment":[{"href":"http:\/\/www.grieta.org.mx\/index.php\/wp-json\/wp\/v2\/media?parent=3603"}],"wp:term":[{"taxonomy":"category","embeddable":true,"href":"http:\/\/www.grieta.org.mx\/index.php\/wp-json\/wp\/v2\/categories?post=3603"},{"taxonomy":"post_tag","embeddable":true,"href":"http:\/\/www.grieta.org.mx\/index.php\/wp-json\/wp\/v2\/tags?post=3603"}],"curies":[{"name":"wp","href":"https:\/\/api.w.org\/{rel}","templated":true}]}}