{"id":36023,"date":"2019-07-03T01:12:44","date_gmt":"2019-07-03T06:12:44","guid":{"rendered":"http:\/\/www.grieta.org.mx\/?p=36023"},"modified":"2019-07-06T01:38:36","modified_gmt":"2019-07-06T06:38:36","slug":"tesopaco-sonora-la-masacre-que-nadie-vio","status":"publish","type":"post","link":"http:\/\/www.grieta.org.mx\/index.php\/2019\/07\/03\/tesopaco-sonora-la-masacre-que-nadie-vio\/","title":{"rendered":"Tesopaco, Sonora: la masacre que nadie vio"},"content":{"rendered":"<p>Z\u00f3simo Camacho\/ CONTRAL\u00cdNEA<\/p>\n<p>M\u00e9xico se desangra, sobre todo el rural e ind\u00edgena. No se habla en sentido figurado. La sangre trasmina el polvo de las veredas y caminos. Las masacres se suceden una tras otra ante un Estado ausente, incapaz, omiso o c\u00f3mplice.<\/p>\n<p><img loading=\"lazy\" decoding=\"async\" data-attachment-id=\"36024\" data-permalink=\"http:\/\/www.grieta.org.mx\/index.php\/2019\/07\/03\/tesopaco-sonora-la-masacre-que-nadie-vio\/hueso\/\" data-orig-file=\"http:\/\/www.grieta.org.mx\/wp-content\/uploads\/2019\/07\/hueso.jpg\" data-orig-size=\"600,335\" data-comments-opened=\"0\" data-image-meta=\"{&quot;aperture&quot;:&quot;0&quot;,&quot;credit&quot;:&quot;&quot;,&quot;camera&quot;:&quot;&quot;,&quot;caption&quot;:&quot;&quot;,&quot;created_timestamp&quot;:&quot;0&quot;,&quot;copyright&quot;:&quot;&quot;,&quot;focal_length&quot;:&quot;0&quot;,&quot;iso&quot;:&quot;0&quot;,&quot;shutter_speed&quot;:&quot;0&quot;,&quot;title&quot;:&quot;&quot;,&quot;orientation&quot;:&quot;1&quot;}\" data-image-title=\"hueso\" data-image-description=\"\" data-image-caption=\"\" data-medium-file=\"http:\/\/www.grieta.org.mx\/wp-content\/uploads\/2019\/07\/hueso-300x168.jpg\" data-large-file=\"http:\/\/www.grieta.org.mx\/wp-content\/uploads\/2019\/07\/hueso.jpg\" class=\"alignleft wp-image-36024\" src=\"http:\/\/www.grieta.org.mx\/wp-content\/uploads\/2019\/07\/hueso-300x168.jpg\" alt=\"\" width=\"780\" height=\"436\" srcset=\"http:\/\/www.grieta.org.mx\/wp-content\/uploads\/2019\/07\/hueso-300x168.jpg 300w, http:\/\/www.grieta.org.mx\/wp-content\/uploads\/2019\/07\/hueso.jpg 600w\" sizes=\"auto, (max-width: 780px) 100vw, 780px\" \/><\/p>\n<p>No hay registro de la mayor\u00eda de estas matanzas. Los deudos, cuando pueden, recogen los cuerpos y los despiden casi en secreto. El terror del crimen organizado hoy es el mismo que inaugurara Felipe Calder\u00f3n y continuara Enrique Pe\u00f1a Nieto. Los c\u00e1rteles que se diputan el trasiego de drogas, armas y personas siguen trabajando sin alteraci\u00f3n alguna. Para las comunidades empobrecidas no hay \u201ccuarta transformaci\u00f3n\u201d que las salve de ser v\u00edctimas o, en algunos casos, ver que integrantes suyos se conviertan en colaboradores de estas mafias.<\/p>\n<p>La violencia alcanza niveles grotescos. Se trata de cr\u00edmenes de lesa humanidad en regiones donde no rige la Constituci\u00f3n ni las leyes mexicanas, la observancia de los derechos humanos ni el Derecho Internacional Humanitario. No hay medios de comunicaci\u00f3n ni periodistas que den cuenta de lo que ocurre. Se trata, en efecto, de un fen\u00f3meno peor que la guerra, como dijera el soci\u00f3logo Daniel Jonah Goldhagen al documentar los casos de genocidio, eliminacionismo y otros tipos de agresiones contra la humanidad.<\/p>\n<p>Hablamos particularmente de lo que ocurri\u00f3 hace unos d\u00edas en Tesopaco, municipio de Rosario, Sonora, en lo rec\u00f3ndito de la Sierra Madre Occidental, colindante con los municipios sonorenses de Quiriego, Y\u00e9cora, Onavas y Cajeme, y los chihuahuenses Moris y Uruachi.<\/p>\n<p>Un c\u00e1rtel quem\u00f3 el pueblo de Tesopaco el d\u00eda 19 de junio pasado. Los enfrentamientos entre c\u00e1rteles rivales se sucedieron por el rumbo de Navojoa, Sonora, y el tri\u00e1ngulo entre Sonora, Sinaloa y Chihuahua en horas y d\u00edas posteriores, hasta el 21 de junio pasado, cuando se concret\u00f3 una carnicer\u00eda en las inmediaciones de Tesopaco. La plaza es de Los Salazar o Los Salazares, una facci\u00f3n de Gente Nueva, el brazo armado del C\u00e1rtel de Sinaloa.<\/p>\n<p>Desde el inicio de la supuesta guerra contra el narcotr\u00e1fico, la regi\u00f3n del sur de Sonora y el norte de Sinaloa es controlado por Los Salazar. Provienen de la sierra de Chihuahua: del rumbo de T\u00e9moris, Guazapare. Bajaron el corredor de la sierra, de San Bernardo, Quiriego y se asentaron en Navojoa, Sonora, desde hace unos 15 a\u00f1os. Tambi\u00e9n controlan la plaza de Ciudad Obreg\u00f3n. Hicieron alianzas con personas de Choix, Sinaloa.<\/p>\n<p>Con Joaqu\u00edn Guzm\u00e1n Loera, el Chapo, preso y un C\u00e1rtel de Sinaloa dividido, el C\u00e1rtel de Ju\u00e1rez vio la oportunidad de correrse al sur y desplazar a su ac\u00e9rrimo enemigo. Mand\u00f3 a su brazo armado, La L\u00ednea, a ocupar la plaza, defendida por Gente Nueva (facci\u00f3n Los Salazar). Verdaderos ej\u00e9rcitos privados con cientos de combatientes se enfrascaron en una guerra abierta. En las im\u00e1genes se pueden contar m\u00e1s de 160 sicarios con ropa camuflada, pertrechados como tropas de elite, previo a la confrontaci\u00f3n.<\/p>\n<p>De manera oficial, se inform\u00f3 que estos hechos s\u00f3lo arrojaron da\u00f1os materiales y heridos. Mentira.<\/p>\n<p>Im\u00e1genes y videos del enfrentamiento del 21 pasado muestran, al menos, 15 cuerpos apilados luego de la refriega. La lucha es tan bestial que los ganadores castraron vivos a los derrotados que no tuvieron la suerte de perecer en el enfrentamiento. Luego los degollaron. Muchos de los sicarios de ambos bandos no rebasan los 18 a\u00f1os de edad: adolescentes envueltos (como v\u00edctimas y victimarios) en una espiral de la que s\u00f3lo salen muertos; vidas truncadas, deshumanizadas, degradantes, ofrecidas a intereses que los rebasan y que ni siquiera alcanzan a imaginar.<\/p>\n<p>Al final, los ganadores celebran bailando sobre los cuerpos desollados, cercenados y decapitados. Todos, armados con fusiles AK47 (cuernos de chivo), R15, Barret\u2026<\/p>\n<p>En medio de esta disputa, las comunidades tanto mestizas como ind\u00edgenas: yoremes, yoemes, rar\u00e1muris. El terror paraliza todo desde Huatabampo y Navojoa, Sonora, hasta Choix, Sinaloa, y Uruachi, Chihuahua. Sus territorios son disputados como lugares de siembra de enervantes y zonas de trasiego de drogas, armas y personas. A la guerra econ\u00f3mica que los despoja desde hace d\u00e9cadas, ahora los ind\u00edgenas enfrentan una violencia extrema que los desplaza de sus montes, aguas, lugares sagrados.<\/p>\n<p>M\u00e1s de 160 sicarios llegaron a Quiriego, previo a tomar rumbo a Tesopaco. Los profesores tuvieron que encerrarse en la escuela hasta el d\u00eda siguiente a las 11 de la ma\u00f1ana. Las graduaciones de los alumnos se suspendieron. Nadie asisti\u00f3 al cierre de cursos. Hay toque de queda.<\/p>\n<p>Luego de estos enfrentamientos, Alfonso Durazo, titular de la Secretar\u00eda de Seguridad y Protecci\u00f3n Ciudadana, orden\u00f3 el despliegue de alrededor de 1 mil 800 elementos de la Guardia Nacional en todo el estado de Sonora, con \u00e9nfasis especial en el sur de la entidad, donde ocurre la disputa.<\/p>\n<p>Situaciones similares se multiplican por toda la geograf\u00eda mexicana. Esta es la realidad de M\u00e9xico. Muy lejos est\u00e1n de resolverse los problemas del pa\u00eds. En este muy complicado escenario, se estrena la Guardia Nacional. La bomba de tiempo \u2013en efecto, heredada de las anteriores administraciones\u2013 que representan los enormes ej\u00e9rcitos privados est\u00e1 activada. Por verse si hay la diligencia, precisi\u00f3n y capacidad para desactivarla. El tiempo se agota.<\/p>\n<p><a href=\"https:\/\/www.contralinea.com.mx\/archivo-revista\/2019\/07\/03\/tesopaco-sonora-la-masacre-que-nadie-vio\/\" target=\"_blank\" rel=\"noopener noreferrer\">https:\/\/www.contralinea.com.mx\/archivo-revista\/2019\/07\/03\/tesopaco-sonora-la-masacre-que-nadie-vio\/<\/a><\/p>\n","protected":false},"excerpt":{"rendered":"<p>Z\u00f3simo Camacho\/ CONTRAL\u00cdNEA M\u00e9xico se desangra, sobre todo el rural e ind\u00edgena. No se habla en sentido figurado. La sangre trasmina el polvo de las veredas y caminos. Las masacres &hellip; <a href=\"http:\/\/www.grieta.org.mx\/index.php\/2019\/07\/03\/tesopaco-sonora-la-masacre-que-nadie-vio\/\" class=\"more-link\">Leer m\u00e1s<\/a><\/p>\n","protected":false},"author":2,"featured_media":36024,"comment_status":"closed","ping_status":"closed","sticky":false,"template":"","format":"standard","meta":{"ngg_post_thumbnail":0,"_jetpack_newsletter_access":"","_jetpack_dont_email_post_to_subs":false,"_jetpack_newsletter_tier_id":0,"_jetpack_memberships_contains_paywalled_content":false,"_jetpack_memberships_contains_paid_content":false,"footnotes":""},"categories":[80,2723,2695,2,31],"tags":[2520,1738,1133],"class_list":["post-36023","post","type-post","status-publish","format-standard","has-post-thumbnail","hentry","category-cintillo","category-incremento-de-la-violencia-en-sonora","category-militarizacion-en-sonora","category-noticias-nacionales","category-sonora","tag-crimen-organizado","tag-crimenes-de-lesa-humanidad","tag-incremento-en-la-violencia","entry"],"jetpack_featured_media_url":"http:\/\/www.grieta.org.mx\/wp-content\/uploads\/2019\/07\/hueso.jpg","jetpack_sharing_enabled":true,"jetpack_shortlink":"https:\/\/wp.me\/p7ZJR4-9n1","jetpack_likes_enabled":false,"jetpack-related-posts":[{"id":67969,"url":"http:\/\/www.grieta.org.mx\/index.php\/2023\/10\/19\/madres-buscadoras-de-sonora-encuentran-un-crematorio-clandestino-en-hermosillo\/","url_meta":{"origin":36023,"position":0},"title":"Madres buscadoras de Sonora encuentran un crematorio clandestino en Hermosillo","author":"grieta","date":"19 octubre, 2023","format":false,"excerpt":"La l\u00edder de las Madres Buscadoras de Sonora, Ceci Flores, inform\u00f3 que la agrupaci\u00f3n encontr\u00f3 un crematorio clandestino en Hermosillo. Este se suma al que fue hallado en Tlaquepaque, Jalisco, el 15 de octubre. A trav\u00e9s de un video, narr\u00f3 que el hallazgo ocurri\u00f3 tras una llamada an\u00f3nima sobre la\u2026","rel":"","context":"En &quot;Desaparecidos en Sonora&quot;","block_context":{"text":"Desaparecidos en Sonora","link":"http:\/\/www.grieta.org.mx\/index.php\/category\/noticias-nacionales\/sonora\/desaparecidos-en-sonora\/"},"img":{"alt_text":"","src":"https:\/\/i0.wp.com\/www.grieta.org.mx\/wp-content\/uploads\/2023\/10\/Madres-Buscadoras-de-Sonora-trabajan-en-campo-por-sus-tesoros.jpg?resize=350%2C200","width":350,"height":200,"srcset":"https:\/\/i0.wp.com\/www.grieta.org.mx\/wp-content\/uploads\/2023\/10\/Madres-Buscadoras-de-Sonora-trabajan-en-campo-por-sus-tesoros.jpg?resize=350%2C200 1x, https:\/\/i0.wp.com\/www.grieta.org.mx\/wp-content\/uploads\/2023\/10\/Madres-Buscadoras-de-Sonora-trabajan-en-campo-por-sus-tesoros.jpg?resize=525%2C300 1.5x, https:\/\/i0.wp.com\/www.grieta.org.mx\/wp-content\/uploads\/2023\/10\/Madres-Buscadoras-de-Sonora-trabajan-en-campo-por-sus-tesoros.jpg?resize=700%2C400 2x, https:\/\/i0.wp.com\/www.grieta.org.mx\/wp-content\/uploads\/2023\/10\/Madres-Buscadoras-de-Sonora-trabajan-en-campo-por-sus-tesoros.jpg?resize=1050%2C600 3x"},"classes":[]},{"id":41035,"url":"http:\/\/www.grieta.org.mx\/index.php\/2019\/11\/07\/colima-tiene-la-tasa-mas-alta-de-menores-desaparecidos-victimas-del-crimen-organizado-revela-la-cndh\/","url_meta":{"origin":36023,"position":1},"title":"Colima tiene la tasa m\u00e1s alta de menores desaparecidos v\u00edctimas del crimen organizado, revela la CNDH","author":"grieta","date":"7 noviembre, 2019","format":false,"excerpt":"Foto: Avanzada Heidi de Le\u00f3n Guti\u00e9rrez \/ Avanzada Colima, M\u00e9xico, Avanzada (07\/11\/2019).- La Comisi\u00f3n Nacional de Derechos Humanos (CNDH) revel\u00f3 que Colima tiene la tasa m\u00e1s alta de ni\u00f1as, ni\u00f1os, y adolescentes desaparecidos por cada 100 mil habitantes. En el informe titulado \u201cEstudio Ni\u00f1as, ni\u00f1os y Adolescentes v\u00edctimas del crimen\u2026","rel":"","context":"En &quot;CINTILLO&quot;","block_context":{"text":"CINTILLO","link":"http:\/\/www.grieta.org.mx\/index.php\/category\/cintillo\/"},"img":{"alt_text":"","src":"https:\/\/i0.wp.com\/www.grieta.org.mx\/wp-content\/uploads\/2019\/10\/25594252_724029911140260_1773902415716327852_n.jpg?resize=350%2C200","width":350,"height":200,"srcset":"https:\/\/i0.wp.com\/www.grieta.org.mx\/wp-content\/uploads\/2019\/10\/25594252_724029911140260_1773902415716327852_n.jpg?resize=350%2C200 1x, https:\/\/i0.wp.com\/www.grieta.org.mx\/wp-content\/uploads\/2019\/10\/25594252_724029911140260_1773902415716327852_n.jpg?resize=525%2C300 1.5x"},"classes":[]},{"id":64175,"url":"http:\/\/www.grieta.org.mx\/index.php\/2022\/05\/07\/64175\/","url_meta":{"origin":36023,"position":2},"title":"Mujeres marchar\u00e1n en Ciudad Obreg\u00f3n por feminicidios en Sonora","author":"grieta","date":"7 mayo, 2022","format":false,"excerpt":"Antonio Saba\/Expreso CIUDAD OBREG\u00d3N, SON.- Para exigir justicia y atenci\u00f3n a la violencia de g\u00e9nero, la Red Feminista Sonorense (RFS)\u00a0convoca a una marcha que se realizar\u00e1 este viernes en Ciudad Obreg\u00f3n. La manifestaci\u00f3n iniciar\u00e1 a las 16:30 horas; el punto de partida ser\u00e1 en el Callej\u00f3n de la Mujer, ubicado\u2026","rel":"","context":"En &quot;Feminicidio en Sonora&quot;","block_context":{"text":"Feminicidio en Sonora","link":"http:\/\/www.grieta.org.mx\/index.php\/category\/noticias-nacionales\/sonora\/feminicidio-en-sonora\/"},"img":{"alt_text":"","src":"https:\/\/i0.wp.com\/www.grieta.org.mx\/wp-content\/uploads\/2022\/05\/Marcha-8M-en-Cajeme-2022.jpg?resize=350%2C200","width":350,"height":200,"srcset":"https:\/\/i0.wp.com\/www.grieta.org.mx\/wp-content\/uploads\/2022\/05\/Marcha-8M-en-Cajeme-2022.jpg?resize=350%2C200 1x, https:\/\/i0.wp.com\/www.grieta.org.mx\/wp-content\/uploads\/2022\/05\/Marcha-8M-en-Cajeme-2022.jpg?resize=525%2C300 1.5x, https:\/\/i0.wp.com\/www.grieta.org.mx\/wp-content\/uploads\/2022\/05\/Marcha-8M-en-Cajeme-2022.jpg?resize=700%2C400 2x"},"classes":[]},{"id":11133,"url":"http:\/\/www.grieta.org.mx\/index.php\/2016\/04\/24\/movilizacion-contra-la-violencia-hacia-las-mujeres-en-sonora\/","url_meta":{"origin":36023,"position":3},"title":"Movilizaci\u00f3n contra la violencia hacia las mujeres en Sonora","author":"grieta","date":"24 abril, 2016","format":false,"excerpt":"24\/04\/16. Marchan mujeres en contra de feminicidios La Verdad 24\/04\/16. Miles de mujeres marchan contra la violencia en estados Excelcior 24\/04\/16. Protest\u00f3 \u201cmarea morada\u201d contra feminicidios en Sonora El Universal 25\/11\/15. Mujeres marchan en Navojoa para pedir justicia Expreso","rel":"","context":"En &quot;CINTILLO&quot;","block_context":{"text":"CINTILLO","link":"http:\/\/www.grieta.org.mx\/index.php\/category\/cintillo\/"},"img":{"alt_text":"","src":"https:\/\/i0.wp.com\/www.grieta.org.mx\/wp-content\/uploads\/2018\/03\/14524434_1106112876131411_958039263622046936_o.jpg?resize=350%2C200","width":350,"height":200,"srcset":"https:\/\/i0.wp.com\/www.grieta.org.mx\/wp-content\/uploads\/2018\/03\/14524434_1106112876131411_958039263622046936_o.jpg?resize=350%2C200 1x, https:\/\/i0.wp.com\/www.grieta.org.mx\/wp-content\/uploads\/2018\/03\/14524434_1106112876131411_958039263622046936_o.jpg?resize=525%2C300 1.5x, https:\/\/i0.wp.com\/www.grieta.org.mx\/wp-content\/uploads\/2018\/03\/14524434_1106112876131411_958039263622046936_o.jpg?resize=700%2C400 2x"},"classes":[]},{"id":60545,"url":"http:\/\/www.grieta.org.mx\/index.php\/2021\/07\/18\/usted-sigue-dejan-terrible-amenaza-a-lider-de-madres-buscadoras-de-sonora-tras-asesinato-de-aranza\/","url_meta":{"origin":36023,"position":4},"title":"&#8220;Usted sigue&#8221;: Dejan terrible amenaza a l\u00edder de Madres Buscadoras de Sonora tras asesinato de Aranza","author":"grieta","date":"18 julio, 2021","format":false,"excerpt":"Tribuna La l\u00edder de Madres Buscadoras de Sonora, Ceci Patricia Flores Armenta, denunci\u00f3 que recibi\u00f3 una amenazada de muerte a solo d\u00edas del asesinato de su compa\u00f1era de colectivo, Aranza Ramos Hermosillo Sonora.- Ceci Patricia Flores Armenta, quien es l\u00edder del colectivo\u00a0Madres Buscadoras de Sonora, denunci\u00f3 que le hab\u00edan hecho\u2026","rel":"","context":"En &quot;Desaparecidos en Sonora&quot;","block_context":{"text":"Desaparecidos en Sonora","link":"http:\/\/www.grieta.org.mx\/index.php\/category\/noticias-nacionales\/sonora\/desaparecidos-en-sonora\/"},"img":{"alt_text":"","src":"https:\/\/i0.wp.com\/www.grieta.org.mx\/wp-content\/uploads\/2021\/07\/f800x450-223287_274733_7123.jpg?resize=350%2C200","width":350,"height":200,"srcset":"https:\/\/i0.wp.com\/www.grieta.org.mx\/wp-content\/uploads\/2021\/07\/f800x450-223287_274733_7123.jpg?resize=350%2C200 1x, https:\/\/i0.wp.com\/www.grieta.org.mx\/wp-content\/uploads\/2021\/07\/f800x450-223287_274733_7123.jpg?resize=525%2C300 1.5x, https:\/\/i0.wp.com\/www.grieta.org.mx\/wp-content\/uploads\/2021\/07\/f800x450-223287_274733_7123.jpg?resize=700%2C400 2x"},"classes":[]},{"id":9890,"url":"http:\/\/www.grieta.org.mx\/index.php\/2016\/03\/27\/habitantes-de-la-sierra-viven-en-una-constante-intimidacion-por-parte-del-crimen-organizado\/","url_meta":{"origin":36023,"position":5},"title":"Habitantes de la Sierra viven en una constante intimidaci\u00f3n por parte del crimen organizado","author":"grieta","date":"27 marzo, 2016","format":false,"excerpt":"Noticias de Chihuahua.- Cientos de familias provenienes de diversas comunidades de la Sierra Tarahumara se han visto forzadas a salir de sus pueblos de origen a causa de la presencia del crimen organizado, cuyo hombres armados recorren la regi\u00f3n para reclutar a ni\u00f1os j\u00f3venes a fin de integrarlos a las\u2026","rel":"","context":"En &quot;chihuahua&quot;","block_context":{"text":"chihuahua","link":"http:\/\/www.grieta.org.mx\/index.php\/category\/chihuahua\/"},"img":{"alt_text":"","src":"https:\/\/i0.wp.com\/www.grieta.org.mx\/wp-content\/uploads\/2018\/03\/14524434_1106112876131411_958039263622046936_o.jpg?resize=350%2C200","width":350,"height":200,"srcset":"https:\/\/i0.wp.com\/www.grieta.org.mx\/wp-content\/uploads\/2018\/03\/14524434_1106112876131411_958039263622046936_o.jpg?resize=350%2C200 1x, https:\/\/i0.wp.com\/www.grieta.org.mx\/wp-content\/uploads\/2018\/03\/14524434_1106112876131411_958039263622046936_o.jpg?resize=525%2C300 1.5x, https:\/\/i0.wp.com\/www.grieta.org.mx\/wp-content\/uploads\/2018\/03\/14524434_1106112876131411_958039263622046936_o.jpg?resize=700%2C400 2x"},"classes":[]}],"_links":{"self":[{"href":"http:\/\/www.grieta.org.mx\/index.php\/wp-json\/wp\/v2\/posts\/36023","targetHints":{"allow":["GET"]}}],"collection":[{"href":"http:\/\/www.grieta.org.mx\/index.php\/wp-json\/wp\/v2\/posts"}],"about":[{"href":"http:\/\/www.grieta.org.mx\/index.php\/wp-json\/wp\/v2\/types\/post"}],"author":[{"embeddable":true,"href":"http:\/\/www.grieta.org.mx\/index.php\/wp-json\/wp\/v2\/users\/2"}],"replies":[{"embeddable":true,"href":"http:\/\/www.grieta.org.mx\/index.php\/wp-json\/wp\/v2\/comments?post=36023"}],"version-history":[{"count":1,"href":"http:\/\/www.grieta.org.mx\/index.php\/wp-json\/wp\/v2\/posts\/36023\/revisions"}],"predecessor-version":[{"id":36026,"href":"http:\/\/www.grieta.org.mx\/index.php\/wp-json\/wp\/v2\/posts\/36023\/revisions\/36026"}],"wp:featuredmedia":[{"embeddable":true,"href":"http:\/\/www.grieta.org.mx\/index.php\/wp-json\/wp\/v2\/media\/36024"}],"wp:attachment":[{"href":"http:\/\/www.grieta.org.mx\/index.php\/wp-json\/wp\/v2\/media?parent=36023"}],"wp:term":[{"taxonomy":"category","embeddable":true,"href":"http:\/\/www.grieta.org.mx\/index.php\/wp-json\/wp\/v2\/categories?post=36023"},{"taxonomy":"post_tag","embeddable":true,"href":"http:\/\/www.grieta.org.mx\/index.php\/wp-json\/wp\/v2\/tags?post=36023"}],"curies":[{"name":"wp","href":"https:\/\/api.w.org\/{rel}","templated":true}]}}