{"id":3601,"date":"2015-09-14T22:27:13","date_gmt":"2015-09-14T22:27:13","guid":{"rendered":"http:\/\/50.22.11.12\/~grietaor\/?p=3601"},"modified":"2016-03-16T00:20:33","modified_gmt":"2016-03-16T00:20:33","slug":"reactivan-proyecto-turistico-en-playa-del-carmen-quintana-roo","status":"publish","type":"post","link":"http:\/\/www.grieta.org.mx\/index.php\/2015\/09\/14\/reactivan-proyecto-turistico-en-playa-del-carmen-quintana-roo\/","title":{"rendered":"Reactivan proyecto tur\u00edstico en Playa del Carmen, Quintana Roo"},"content":{"rendered":"<p><strong>14\/09\/15. <\/strong><a href=\"http:\/\/grieta.org.mx\/index.php\/2015\/09\/14\/sacan-de-la-congeladora-proyecto-turistico-despues-de-2-anos-retoman-construccion-del-complejo-kanai-en-la-riviera-maya\/\">Sacan de la \u2018congeladora\u2019 proyecto tur\u00edstico: despu\u00e9s de 2 a\u00f1os, retoman construcci\u00f3n del complejo Kanai en la Riviera Maya<\/a><br \/><em>Noticaribe<\/em><br  \/><\/p>\n<p><strong>03\/09\/12. <\/strong><a href=\"http:\/\/grieta.org.mx\/index.php\/2012\/09\/03\/megaproyecto-hotelero-kanai-iniciara-en-el-2013-en-quintana-roo\/\">Megaproyecto hotelero Kanai iniciar\u00e1 en el 2013 en Quintana Roo<\/a><br \/><em>El Economista<\/em><br  \/><\/p>\n","protected":false},"excerpt":{"rendered":"<p>14\/09\/15. Sacan de la \u2018congeladora\u2019 proyecto tur\u00edstico: despu\u00e9s de 2 a\u00f1os, retoman construcci\u00f3n del complejo Kanai en la Riviera MayaNoticaribe 03\/09\/12. Megaproyecto hotelero Kanai iniciar\u00e1 en el 2013 en Quintana &hellip; <a href=\"http:\/\/www.grieta.org.mx\/index.php\/2015\/09\/14\/reactivan-proyecto-turistico-en-playa-del-carmen-quintana-roo\/\" class=\"more-link\">Leer m\u00e1s<\/a><\/p>\n","protected":false},"author":2,"featured_media":21928,"comment_status":"closed","ping_status":"open","sticky":false,"template":"","format":"standard","meta":{"ngg_post_thumbnail":0,"_jetpack_newsletter_access":"","_jetpack_dont_email_post_to_subs":false,"_jetpack_newsletter_tier_id":0,"_jetpack_memberships_contains_paywalled_content":false,"_jetpack_memberships_contains_paid_content":false,"footnotes":""},"categories":[2,28,41],"tags":[],"class_list":["post-3601","post","type-post","status-publish","format-standard","has-post-thumbnail","hentry","category-noticias-nacionales","category-quintana-roo","category-turismo","entry"],"jetpack_featured_media_url":"http:\/\/www.grieta.org.mx\/wp-content\/uploads\/2018\/03\/14524434_1106112876131411_958039263622046936_o.jpg","jetpack_sharing_enabled":true,"jetpack_shortlink":"https:\/\/wp.me\/p7ZJR4-W5","jetpack_likes_enabled":false,"jetpack-related-posts":[{"id":3600,"url":"http:\/\/www.grieta.org.mx\/index.php\/2015\/09\/14\/sacan-de-la-congeladora-proyecto-turistico-despues-de-2-anos-retoman-construccion-del-complejo-kanai-en-la-riviera-maya\/","url_meta":{"origin":3601,"position":0},"title":"Sacan de la \u2018congeladora\u2019 proyecto tur\u00edstico: despu\u00e9s de 2 a\u00f1os, retoman construcci\u00f3n del complejo Kanai en la Riviera Maya","author":"grieta","date":"14 septiembre, 2015","format":false,"excerpt":"PLAYA DEL CARMEN, MX.- Tras casi dos a\u00f1os de estar en la congeladora, finalmente el grupo de inversionistas que est\u00e1n detr\u00e1s del complejo tur\u00edstico Kanai iniciar\u00e1n los trabajos de construcci\u00f3n. De momento, comenzaron con la pavimentaci\u00f3n de los caminos de acceso al que ser\u00e1 un lujoso complejo conformado por cuatro\u2026","rel":"","context":"En &quot;CINTILLO&quot;","block_context":{"text":"CINTILLO","link":"http:\/\/www.grieta.org.mx\/index.php\/category\/cintillo\/"},"img":{"alt_text":"","src":"https:\/\/i0.wp.com\/www.grieta.org.mx\/wp-content\/uploads\/2018\/03\/14524434_1106112876131411_958039263622046936_o.jpg?resize=350%2C200","width":350,"height":200,"srcset":"https:\/\/i0.wp.com\/www.grieta.org.mx\/wp-content\/uploads\/2018\/03\/14524434_1106112876131411_958039263622046936_o.jpg?resize=350%2C200 1x, https:\/\/i0.wp.com\/www.grieta.org.mx\/wp-content\/uploads\/2018\/03\/14524434_1106112876131411_958039263622046936_o.jpg?resize=525%2C300 1.5x, https:\/\/i0.wp.com\/www.grieta.org.mx\/wp-content\/uploads\/2018\/03\/14524434_1106112876131411_958039263622046936_o.jpg?resize=700%2C400 2x"},"classes":[]},{"id":3603,"url":"http:\/\/www.grieta.org.mx\/index.php\/2012\/09\/03\/megaproyecto-hotelero-kanai-iniciara-en-el-2013-en-quintana-roo\/","url_meta":{"origin":3601,"position":1},"title":"Megaproyecto hotelero Kanai iniciar\u00e1 en el 2013 en Quintana Roo","author":"grieta","date":"3 septiembre, 2012","format":false,"excerpt":"Canc\u00fan, Qroo. Park Hyatt, W Retreat, St Regis y Auberge, cuatro de las marcas hoteleras de mayor lujo y exclusividad en el mundo, est\u00e1n por arrancar la construcci\u00f3n de uno de los complejos m\u00e1s ambiciosos de la Riviera Maya. Se trata del desarrollo Kanai que albergar\u00e1 cuatro nuevos centros de\u2026","rel":"","context":"En &quot;CINTILLO&quot;","block_context":{"text":"CINTILLO","link":"http:\/\/www.grieta.org.mx\/index.php\/category\/cintillo\/"},"img":{"alt_text":"","src":"https:\/\/i0.wp.com\/www.grieta.org.mx\/wp-content\/uploads\/2018\/03\/14524434_1106112876131411_958039263622046936_o.jpg?resize=350%2C200","width":350,"height":200,"srcset":"https:\/\/i0.wp.com\/www.grieta.org.mx\/wp-content\/uploads\/2018\/03\/14524434_1106112876131411_958039263622046936_o.jpg?resize=350%2C200 1x, https:\/\/i0.wp.com\/www.grieta.org.mx\/wp-content\/uploads\/2018\/03\/14524434_1106112876131411_958039263622046936_o.jpg?resize=525%2C300 1.5x, https:\/\/i0.wp.com\/www.grieta.org.mx\/wp-content\/uploads\/2018\/03\/14524434_1106112876131411_958039263622046936_o.jpg?resize=700%2C400 2x"},"classes":[]},{"id":3669,"url":"http:\/\/www.grieta.org.mx\/index.php\/2016\/03\/22\/protestan-contra-proyecto-turistico-la-milla-de-oro-en-quintana-roo\/","url_meta":{"origin":3601,"position":2},"title":"Protestan contra proyecto tur\u00edstico \u201cLa Milla de Oro\u201d en Quintana Roo","author":"grieta","date":"22 marzo, 2016","format":false,"excerpt":"22\/03\/16. Arranca consulta p\u00fablica para \u201cMilla de Oro\u201dLuces del Siglo 03\/03\/16. Piden no repetir Tajamar, en Milla de OroLuces del Siglo 07\/12\/15. \u201cEs un error muy grande\u201d: Advierten amenaza a ecosistemas casi v\u00edrgenes de manglar por proyectos tur\u00edsticos en la \u2018Milla de Oro\u2019Noticaribe 27\/09\/15. Van contra devastaci\u00f3n en \u201cMilla de\u2026","rel":"","context":"En &quot;NOTICIAS NACIONALES&quot;","block_context":{"text":"NOTICIAS NACIONALES","link":"http:\/\/www.grieta.org.mx\/index.php\/category\/noticias-nacionales\/"},"img":{"alt_text":"","src":"https:\/\/i0.wp.com\/www.grieta.org.mx\/wp-content\/uploads\/2018\/03\/14524434_1106112876131411_958039263622046936_o.jpg?resize=350%2C200","width":350,"height":200,"srcset":"https:\/\/i0.wp.com\/www.grieta.org.mx\/wp-content\/uploads\/2018\/03\/14524434_1106112876131411_958039263622046936_o.jpg?resize=350%2C200 1x, https:\/\/i0.wp.com\/www.grieta.org.mx\/wp-content\/uploads\/2018\/03\/14524434_1106112876131411_958039263622046936_o.jpg?resize=525%2C300 1.5x, https:\/\/i0.wp.com\/www.grieta.org.mx\/wp-content\/uploads\/2018\/03\/14524434_1106112876131411_958039263622046936_o.jpg?resize=700%2C400 2x"},"classes":[]},{"id":4068,"url":"http:\/\/www.grieta.org.mx\/index.php\/2015\/11\/08\/en-holbox-quintana-roo-buscan-separacion-politica-para-frenar-desarrollo-turistico\/","url_meta":{"origin":3601,"position":3},"title":"En Holbox (Quintana Roo) buscan separaci\u00f3n pol\u00edtica para frenar desarrollo tur\u00edstico","author":"grieta","date":"8 noviembre, 2015","format":false,"excerpt":"08\/11\/15. Promueven proyecto de hotel en Holbox BlueEl Economista 22\/08\/15. Surge movimiento separatista en HolboxProceso 12\/08\/15. Alcalde inicia campa\u00f1a para impedir protecci\u00f3n de la reserva de Yum Balam (Holbox)Noticaribe 04\/07\/15. Asegura Profepa embarcaciones sin autorizaci\u00f3n para avistamiento del tibur\u00f3n ballena en HolboxNoticaribe 27\/06\/15. Cadena humana para proteger HolboxNoticaribe 27\/06\/15. Jornada\u2026","rel":"","context":"En &quot;16. Pueblo Maya&quot;","block_context":{"text":"16. Pueblo Maya","link":"http:\/\/www.grieta.org.mx\/index.php\/category\/espejos-de-la-resistencia\/16-pueblo-maya\/"},"img":{"alt_text":"","src":"https:\/\/i0.wp.com\/www.grieta.org.mx\/wp-content\/uploads\/2018\/03\/14524434_1106112876131411_958039263622046936_o.jpg?resize=350%2C200","width":350,"height":200,"srcset":"https:\/\/i0.wp.com\/www.grieta.org.mx\/wp-content\/uploads\/2018\/03\/14524434_1106112876131411_958039263622046936_o.jpg?resize=350%2C200 1x, https:\/\/i0.wp.com\/www.grieta.org.mx\/wp-content\/uploads\/2018\/03\/14524434_1106112876131411_958039263622046936_o.jpg?resize=525%2C300 1.5x, https:\/\/i0.wp.com\/www.grieta.org.mx\/wp-content\/uploads\/2018\/03\/14524434_1106112876131411_958039263622046936_o.jpg?resize=700%2C400 2x"},"classes":[]},{"id":67587,"url":"http:\/\/www.grieta.org.mx\/index.php\/2023\/08\/31\/denuncian-devastacion-de-area-protegida-por-proyecto-turistico-en-quintana-roo\/","url_meta":{"origin":3601,"position":4},"title":"Denuncian devastaci\u00f3n de \u00e1rea protegida por proyecto tur\u00edstico en Quintana Roo","author":"grieta","date":"31 agosto, 2023","format":false,"excerpt":"Aldo Santiago \/ Avispa Midia En portada: Destrucci\u00f3n ecol\u00f3gica derivada de las obras del proyecto tur\u00edstico \u201cpuerta al mar\u201d, el cual perturbar\u00e1 33 km de la Reserva de la Biosfera de Sian Ka'an en Quintana Roo. Habitantes del municipio de Felipe Carrillo Puerto, Quintana Roo, lanzaron un llamado urgente para\u2026","rel":"","context":"En &quot;CINTILLO&quot;","block_context":{"text":"CINTILLO","link":"http:\/\/www.grieta.org.mx\/index.php\/category\/cintillo\/"},"img":{"alt_text":"","src":"https:\/\/i0.wp.com\/www.grieta.org.mx\/wp-content\/uploads\/2023\/08\/PuertaMar-e1693522374987.jpg?resize=350%2C200","width":350,"height":200,"srcset":"https:\/\/i0.wp.com\/www.grieta.org.mx\/wp-content\/uploads\/2023\/08\/PuertaMar-e1693522374987.jpg?resize=350%2C200 1x, https:\/\/i0.wp.com\/www.grieta.org.mx\/wp-content\/uploads\/2023\/08\/PuertaMar-e1693522374987.jpg?resize=525%2C300 1.5x, https:\/\/i0.wp.com\/www.grieta.org.mx\/wp-content\/uploads\/2023\/08\/PuertaMar-e1693522374987.jpg?resize=700%2C400 2x"},"classes":[]},{"id":4361,"url":"http:\/\/www.grieta.org.mx\/index.php\/2015\/07\/13\/preparan-megaproyecto-agroindustrial-en-quintana-roo\/","url_meta":{"origin":3601,"position":5},"title":"Preparan megaproyecto agroindustrial en Quintana Roo","author":"grieta","date":"13 julio, 2015","format":false,"excerpt":"13\/07\/15 Se frenan proyectos por 20 mil mdp en Quintana Roo El Financiero 09\/07\/15 Quintana Roo se integrar\u00e1 a nuevas rutas de distribuci\u00f3n El Economista 28\/05\/15 Alistan proyecto agroalimentario en Quintana Roo Sipse 27\/05\/15 Trillonaria inversi\u00f3n china para Parque Industrial en el sur de Q. Roo Sipse 26\/05\/15 Tras fracaso\u2026","rel":"","context":"En &quot;MEGAPROYECTOS&quot;","block_context":{"text":"MEGAPROYECTOS","link":"http:\/\/www.grieta.org.mx\/index.php\/category\/megaproyectos\/"},"img":{"alt_text":"","src":"https:\/\/i0.wp.com\/www.grieta.org.mx\/wp-content\/uploads\/2018\/03\/14524434_1106112876131411_958039263622046936_o.jpg?resize=350%2C200","width":350,"height":200,"srcset":"https:\/\/i0.wp.com\/www.grieta.org.mx\/wp-content\/uploads\/2018\/03\/14524434_1106112876131411_958039263622046936_o.jpg?resize=350%2C200 1x, https:\/\/i0.wp.com\/www.grieta.org.mx\/wp-content\/uploads\/2018\/03\/14524434_1106112876131411_958039263622046936_o.jpg?resize=525%2C300 1.5x, https:\/\/i0.wp.com\/www.grieta.org.mx\/wp-content\/uploads\/2018\/03\/14524434_1106112876131411_958039263622046936_o.jpg?resize=700%2C400 2x"},"classes":[]}],"_links":{"self":[{"href":"http:\/\/www.grieta.org.mx\/index.php\/wp-json\/wp\/v2\/posts\/3601","targetHints":{"allow":["GET"]}}],"collection":[{"href":"http:\/\/www.grieta.org.mx\/index.php\/wp-json\/wp\/v2\/posts"}],"about":[{"href":"http:\/\/www.grieta.org.mx\/index.php\/wp-json\/wp\/v2\/types\/post"}],"author":[{"embeddable":true,"href":"http:\/\/www.grieta.org.mx\/index.php\/wp-json\/wp\/v2\/users\/2"}],"replies":[{"embeddable":true,"href":"http:\/\/www.grieta.org.mx\/index.php\/wp-json\/wp\/v2\/comments?post=3601"}],"version-history":[{"count":1,"href":"http:\/\/www.grieta.org.mx\/index.php\/wp-json\/wp\/v2\/posts\/3601\/revisions"}],"predecessor-version":[{"id":3605,"href":"http:\/\/www.grieta.org.mx\/index.php\/wp-json\/wp\/v2\/posts\/3601\/revisions\/3605"}],"wp:featuredmedia":[{"embeddable":true,"href":"http:\/\/www.grieta.org.mx\/index.php\/wp-json\/wp\/v2\/media\/21928"}],"wp:attachment":[{"href":"http:\/\/www.grieta.org.mx\/index.php\/wp-json\/wp\/v2\/media?parent=3601"}],"wp:term":[{"taxonomy":"category","embeddable":true,"href":"http:\/\/www.grieta.org.mx\/index.php\/wp-json\/wp\/v2\/categories?post=3601"},{"taxonomy":"post_tag","embeddable":true,"href":"http:\/\/www.grieta.org.mx\/index.php\/wp-json\/wp\/v2\/tags?post=3601"}],"curies":[{"name":"wp","href":"https:\/\/api.w.org\/{rel}","templated":true}]}}