{"id":3597,"date":"2016-02-23T22:19:34","date_gmt":"2016-02-23T22:19:34","guid":{"rendered":"http:\/\/50.22.11.12\/~grietaor\/?p=3597"},"modified":"2016-03-15T22:23:01","modified_gmt":"2016-03-15T22:23:01","slug":"cesaran-a-32-maestros-en-qr-por-negarse-a-ser-evaluados","status":"publish","type":"post","link":"http:\/\/www.grieta.org.mx\/index.php\/2016\/02\/23\/cesaran-a-32-maestros-en-qr-por-negarse-a-ser-evaluados\/","title":{"rendered":"Cesar\u00e1n a 32 maestros en QR por negarse a ser evaluados"},"content":{"rendered":"<p>CHETUMAL, MX.- Jos\u00e9 Manuel Gil Padilla, delegado federal de la Secretar\u00eda de Educaci\u00f3n P\u00fablica (SEP) en el estado, inform\u00f3 que ya fueron notificados los 32 maestros que se negaron a presentar la evaluaci\u00f3n docente en las oportunidades que se brindaron, d\u00e1ndoles a conocer las consecuencias a las que ser\u00e1n acreedores.<\/p>\n<p>Entrevistado previo al Primer Informe de Actividades del Rector de la Universidad de Quintana Roo, Angel Rivero Palomo, el funcionario federal indic\u00f3 que el procedimiento de sanci\u00f3n est\u00e1 a cargo de las oficinas centrales de la SEP y en los \u00faltimos d\u00edas del presente mes se emitir\u00e1 la normatividad para la aplicaci\u00f3n de las sanciones.<\/p>\n<p>Gil Padilla, inform\u00f3 que la decisi\u00f3n est\u00e1 tomada, solo falta definir el procedimiento a seguir por parte de las autoridades centrales para dar de baja a estos 32 profesores.<\/p>\n<p>Mencion\u00f3 que oportunidades no les faltaron a estos educadores, asegurando que hace tres semanas hubo un nuevo examen al que otra vez no se presentaron. \u201cSe convoc\u00f3 como a 50 y solo asistieron los profesores que hab\u00edan tenido un problema por el cual no hab\u00edan podido presentarlo, por alguna enfermedad, embarazo entre otros\u201d, explic\u00f3 el funcionario.<\/p>\n<p>El delegado federal reiter\u00f3 que los maestros rebeldes ser\u00e1n dados de baja del Servicio Profesional Docente y que no tendr\u00e1n una nueva oportunidad para presentar la evaluaci\u00f3n a la que se han negado en reiteradas ocasiones. (Fuente: Pol\u00edtica Quintana Roo)<\/p>\n<p><a href=\"http:\/\/noticaribe.com.mx\/2016\/02\/23\/cesaran-a-32-maestros-en-qr-por-negarse-a-ser-evaluados\/\" target=\"_blank\">http:\/\/noticaribe.com.mx\/2016\/02\/23\/cesaran-a-32-maestros-en-qr-por-negarse-a-ser-evaluados\/<\/a><\/p>\n","protected":false},"excerpt":{"rendered":"<p>CHETUMAL, MX.- Jos\u00e9 Manuel Gil Padilla, delegado federal de la Secretar\u00eda de Educaci\u00f3n P\u00fablica (SEP) en el estado, inform\u00f3 que ya fueron notificados los 32 maestros que se negaron a &hellip; <a href=\"http:\/\/www.grieta.org.mx\/index.php\/2016\/02\/23\/cesaran-a-32-maestros-en-qr-por-negarse-a-ser-evaluados\/\" class=\"more-link\">Leer m\u00e1s<\/a><\/p>\n","protected":false},"author":2,"featured_media":21928,"comment_status":"closed","ping_status":"open","sticky":false,"template":"","format":"standard","meta":{"ngg_post_thumbnail":0,"_jetpack_newsletter_access":"","_jetpack_dont_email_post_to_subs":false,"_jetpack_newsletter_tier_id":0,"_jetpack_memberships_contains_paywalled_content":false,"_jetpack_memberships_contains_paid_content":false,"footnotes":""},"categories":[80,151],"tags":[133,135],"class_list":["post-3597","post","type-post","status-publish","format-standard","has-post-thumbnail","hentry","category-cintillo","category-quintana-roo","tag-maestros","tag-reforma-educativa","entry"],"jetpack_featured_media_url":"http:\/\/www.grieta.org.mx\/wp-content\/uploads\/2018\/03\/14524434_1106112876131411_958039263622046936_o.jpg","jetpack_sharing_enabled":true,"jetpack_shortlink":"https:\/\/wp.me\/p7ZJR4-W1","jetpack_likes_enabled":false,"jetpack-related-posts":[{"id":54288,"url":"http:\/\/www.grieta.org.mx\/index.php\/2020\/10\/14\/maestros-de-quintana-roo-protestan-por-incumplimiento-de-contratos\/","url_meta":{"origin":3597,"position":0},"title":"Maestros de Quintana Roo protestan por incumplimiento de contratos","author":"grieta","date":"14 octubre, 2020","format":false,"excerpt":"Jos\u00e9 Ramos \/ Por Esto! Alrededor de 70 trabajadores de la educaci\u00f3n se manifestaron este mi\u00e9rcoles en las instalaciones de la Secretar\u00eda de Educaci\u00f3n en Quintana Roo (SEQ), para exigir que se les cumpla con el contrato firmado dentro del programa Escuelas de Tiempo Completo. Jorge Humberto Guerrero Sosa, docente\u2026","rel":"","context":"En &quot;CINTILLO&quot;","block_context":{"text":"CINTILLO","link":"http:\/\/www.grieta.org.mx\/index.php\/category\/cintillo\/"},"img":{"alt_text":"","src":"https:\/\/i0.wp.com\/www.grieta.org.mx\/wp-content\/uploads\/2020\/10\/TiempoCompleto.png?resize=350%2C200","width":350,"height":200,"srcset":"https:\/\/i0.wp.com\/www.grieta.org.mx\/wp-content\/uploads\/2020\/10\/TiempoCompleto.png?resize=350%2C200 1x, https:\/\/i0.wp.com\/www.grieta.org.mx\/wp-content\/uploads\/2020\/10\/TiempoCompleto.png?resize=525%2C300 1.5x"},"classes":[]},{"id":66892,"url":"http:\/\/www.grieta.org.mx\/index.php\/2023\/05\/04\/no-a-la-incorporacion-de-la-educacion-indigena-al-inpi-realizan-maestros-marcha-de-rechazo-y-exigencia-d-permanecer-dentro-de-la-atencion-de-la-sep-quintana-roo\/","url_meta":{"origin":3597,"position":1},"title":"No a la incorporaci\u00f3n de la educaci\u00f3n ind\u00edgena al  INPI: Realizan maestros marcha de rechazo y exigencia d permanecer dentro de la atenci\u00f3n de la SEP (Quintana Roo)","author":"grieta","date":"4 mayo, 2023","format":false,"excerpt":"Rafael Brice\u00f1o \/ Noticaribe FELIPE CARRILLO PUERTO, MX. \u2013 Tras la propuesta federal de incorporar la educaci\u00f3n ind\u00edgena al Instituto Nacional de Pueblos Ind\u00edgenas (INPI), maestros realizaron una marcha de protesta para manifestar su rechazo al considerarlo un retroceso y exigir permanecer dentro de la Secretar\u00eda de Educaci\u00f3n P\u00fablica (SEP).\u2026","rel":"","context":"En &quot;CINTILLO&quot;","block_context":{"text":"CINTILLO","link":"http:\/\/www.grieta.org.mx\/index.php\/category\/cintillo\/"},"img":{"alt_text":"","src":"https:\/\/i0.wp.com\/www.grieta.org.mx\/wp-content\/uploads\/2023\/05\/EducacionIndigena-e1683302013245.jpg?resize=350%2C200","width":350,"height":200,"srcset":"https:\/\/i0.wp.com\/www.grieta.org.mx\/wp-content\/uploads\/2023\/05\/EducacionIndigena-e1683302013245.jpg?resize=350%2C200 1x, https:\/\/i0.wp.com\/www.grieta.org.mx\/wp-content\/uploads\/2023\/05\/EducacionIndigena-e1683302013245.jpg?resize=525%2C300 1.5x, https:\/\/i0.wp.com\/www.grieta.org.mx\/wp-content\/uploads\/2023\/05\/EducacionIndigena-e1683302013245.jpg?resize=700%2C400 2x"},"classes":[]},{"id":57289,"url":"http:\/\/www.grieta.org.mx\/index.php\/2021\/03\/01\/maestros-de-chetumal-denuncian-incumplimiento-en-proceso-de-asignacion-de-plazas-quintana-roo\/","url_meta":{"origin":3597,"position":2},"title":"Maestros de Chetumal denuncian incumplimiento en proceso de asignaci\u00f3n de plazas (Quintana Roo)","author":"grieta","date":"1 marzo, 2021","format":false,"excerpt":"Jos\u00e9 Ramos \/ PorEsto! La SEP no ha dado a conocer los criterios de este proceso a los docentes que presentaron examen de asignaci\u00f3n para nivel b\u00e1sico Maestros integrantes del Frente de Admisi\u00f3n Magisterial Definitiva (FAMD) en Chetumal manifestaron su inconformidad ante el incumplimiento en el proceso de asignaci\u00f3n de\u2026","rel":"","context":"En &quot;CINTILLO&quot;","block_context":{"text":"CINTILLO","link":"http:\/\/www.grieta.org.mx\/index.php\/category\/cintillo\/"},"img":{"alt_text":"","src":"https:\/\/i0.wp.com\/www.grieta.org.mx\/wp-content\/uploads\/2021\/03\/MaestrosChetumal-e1614803617703.png?resize=350%2C200","width":350,"height":200,"srcset":"https:\/\/i0.wp.com\/www.grieta.org.mx\/wp-content\/uploads\/2021\/03\/MaestrosChetumal-e1614803617703.png?resize=350%2C200 1x, https:\/\/i0.wp.com\/www.grieta.org.mx\/wp-content\/uploads\/2021\/03\/MaestrosChetumal-e1614803617703.png?resize=525%2C300 1.5x, https:\/\/i0.wp.com\/www.grieta.org.mx\/wp-content\/uploads\/2021\/03\/MaestrosChetumal-e1614803617703.png?resize=700%2C400 2x"},"classes":[]},{"id":3595,"url":"http:\/\/www.grieta.org.mx\/index.php\/2015\/07\/01\/se-suman-maestros-de-quintana-roo-al-paro-nacional\/","url_meta":{"origin":3597,"position":3},"title":"Se suman maestros de Quintana Roo al paro nacional","author":"grieta","date":"1 julio, 2015","format":false,"excerpt":"CHETUMAL, QR.- Maestros de todos los municipios de Quintana Roo se sumaron hoy al paro nacional magisterial convocado por la Coordinadora Nacional de Trabajadores de la Educaci\u00f3n (CNTE), ala disidente del magisterio. Los maestros fueron convocados a manifestarse en los localidades de Canc\u00fan, Playa del Carmen, Tulum, Cozumel y Chetumal,\u2026","rel":"","context":"En &quot;CINTILLO&quot;","block_context":{"text":"CINTILLO","link":"http:\/\/www.grieta.org.mx\/index.php\/category\/cintillo\/"},"img":{"alt_text":"","src":"https:\/\/i0.wp.com\/www.grieta.org.mx\/wp-content\/uploads\/2018\/03\/14524434_1106112876131411_958039263622046936_o.jpg?resize=350%2C200","width":350,"height":200,"srcset":"https:\/\/i0.wp.com\/www.grieta.org.mx\/wp-content\/uploads\/2018\/03\/14524434_1106112876131411_958039263622046936_o.jpg?resize=350%2C200 1x, https:\/\/i0.wp.com\/www.grieta.org.mx\/wp-content\/uploads\/2018\/03\/14524434_1106112876131411_958039263622046936_o.jpg?resize=525%2C300 1.5x, https:\/\/i0.wp.com\/www.grieta.org.mx\/wp-content\/uploads\/2018\/03\/14524434_1106112876131411_958039263622046936_o.jpg?resize=700%2C400 2x"},"classes":[]},{"id":71448,"url":"http:\/\/www.grieta.org.mx\/index.php\/2025\/03\/28\/docentes-bloquean-las-oficinas-de-la-seq-quintana-roo\/","url_meta":{"origin":3597,"position":4},"title":"Docentes bloquean las oficinas de la SEQ (Quintana Roo)","author":"grieta","date":"28 marzo, 2025","format":false,"excerpt":"Luis Enrique Tuz \/Sol Quintana Roo Despu\u00e9s que el Gobierno de M\u00e9xico anunciar\u00e1 que la nueva reforma del ISSSTE no se promulgar\u00eda, los maestros pidieron que la actualizaci\u00f3n del 2007 tampoco tenga validez, por lo que buscan derogarla Chetumal.\u2014 A un mes de haber iniciado el paro de labores de\u2026","rel":"","context":"En &quot;CINTILLO&quot;","block_context":{"text":"CINTILLO","link":"http:\/\/www.grieta.org.mx\/index.php\/category\/cintillo\/"},"img":{"alt_text":"","src":"https:\/\/i0.wp.com\/www.grieta.org.mx\/wp-content\/uploads\/2025\/03\/Docentes-e1743350000847.jpg?resize=350%2C200","width":350,"height":200,"srcset":"https:\/\/i0.wp.com\/www.grieta.org.mx\/wp-content\/uploads\/2025\/03\/Docentes-e1743350000847.jpg?resize=350%2C200 1x, https:\/\/i0.wp.com\/www.grieta.org.mx\/wp-content\/uploads\/2025\/03\/Docentes-e1743350000847.jpg?resize=525%2C300 1.5x, https:\/\/i0.wp.com\/www.grieta.org.mx\/wp-content\/uploads\/2025\/03\/Docentes-e1743350000847.jpg?resize=700%2C400 2x"},"classes":[]},{"id":71279,"url":"http:\/\/www.grieta.org.mx\/index.php\/2025\/02\/28\/marchan-en-los-11-municipios-manifestaciones-y-plantones-de-maestros-en-quintana-roo-contra-la-reforma-del-issste\/","url_meta":{"origin":3597,"position":5},"title":"Marchan en los 11 municipios: Manifestaciones y plantones de maestros en Quintana Roo contra la reforma del ISSSTE","author":"grieta","date":"28 febrero, 2025","format":false,"excerpt":"Noticaribe QUINTANA ROO, MX.- De los ma\u0301s de 15 mil maestros con plazas en Quintana Roo, unos diez mil participaron en la manifestacio\u0301n convocada en los 11 municipios de la entidad, para rechazar lo que ellos llaman las reformas del Instituto de Seguridad y Servicios Sociales de los Trabajadores del\u2026","rel":"","context":"En &quot;CINTILLO&quot;","block_context":{"text":"CINTILLO","link":"http:\/\/www.grieta.org.mx\/index.php\/category\/cintillo\/"},"img":{"alt_text":"","src":"https:\/\/i0.wp.com\/www.grieta.org.mx\/wp-content\/uploads\/2025\/03\/MaestrosQuintana-e1741914783360.jpg?resize=350%2C200","width":350,"height":200,"srcset":"https:\/\/i0.wp.com\/www.grieta.org.mx\/wp-content\/uploads\/2025\/03\/MaestrosQuintana-e1741914783360.jpg?resize=350%2C200 1x, https:\/\/i0.wp.com\/www.grieta.org.mx\/wp-content\/uploads\/2025\/03\/MaestrosQuintana-e1741914783360.jpg?resize=525%2C300 1.5x, https:\/\/i0.wp.com\/www.grieta.org.mx\/wp-content\/uploads\/2025\/03\/MaestrosQuintana-e1741914783360.jpg?resize=700%2C400 2x"},"classes":[]}],"_links":{"self":[{"href":"http:\/\/www.grieta.org.mx\/index.php\/wp-json\/wp\/v2\/posts\/3597","targetHints":{"allow":["GET"]}}],"collection":[{"href":"http:\/\/www.grieta.org.mx\/index.php\/wp-json\/wp\/v2\/posts"}],"about":[{"href":"http:\/\/www.grieta.org.mx\/index.php\/wp-json\/wp\/v2\/types\/post"}],"author":[{"embeddable":true,"href":"http:\/\/www.grieta.org.mx\/index.php\/wp-json\/wp\/v2\/users\/2"}],"replies":[{"embeddable":true,"href":"http:\/\/www.grieta.org.mx\/index.php\/wp-json\/wp\/v2\/comments?post=3597"}],"version-history":[{"count":1,"href":"http:\/\/www.grieta.org.mx\/index.php\/wp-json\/wp\/v2\/posts\/3597\/revisions"}],"predecessor-version":[{"id":3598,"href":"http:\/\/www.grieta.org.mx\/index.php\/wp-json\/wp\/v2\/posts\/3597\/revisions\/3598"}],"wp:featuredmedia":[{"embeddable":true,"href":"http:\/\/www.grieta.org.mx\/index.php\/wp-json\/wp\/v2\/media\/21928"}],"wp:attachment":[{"href":"http:\/\/www.grieta.org.mx\/index.php\/wp-json\/wp\/v2\/media?parent=3597"}],"wp:term":[{"taxonomy":"category","embeddable":true,"href":"http:\/\/www.grieta.org.mx\/index.php\/wp-json\/wp\/v2\/categories?post=3597"},{"taxonomy":"post_tag","embeddable":true,"href":"http:\/\/www.grieta.org.mx\/index.php\/wp-json\/wp\/v2\/tags?post=3597"}],"curies":[{"name":"wp","href":"https:\/\/api.w.org\/{rel}","templated":true}]}}