{"id":35937,"date":"2019-06-29T19:08:04","date_gmt":"2019-06-30T00:08:04","guid":{"rendered":"http:\/\/www.grieta.org.mx\/?p=35937"},"modified":"2019-07-04T19:34:25","modified_gmt":"2019-07-05T00:34:25","slug":"un-buen-gobernante-no-le-da-la-espalda-al-pueblo-no-incumple-sus-compromisos-temacapulin-jalisco","status":"publish","type":"post","link":"http:\/\/www.grieta.org.mx\/index.php\/2019\/06\/29\/un-buen-gobernante-no-le-da-la-espalda-al-pueblo-no-incumple-sus-compromisos-temacapulin-jalisco\/","title":{"rendered":"Un buen gobernante no le da la espalda al pueblo, no incumple sus compromisos: Temacapul\u00edn (Jalisco)"},"content":{"rendered":"<p><img loading=\"lazy\" decoding=\"async\" data-attachment-id=\"35938\" data-permalink=\"http:\/\/www.grieta.org.mx\/index.php\/2019\/06\/29\/un-buen-gobernante-no-le-da-la-espalda-al-pueblo-no-incumple-sus-compromisos-temacapulin-jalisco\/d-mawzfuyaa3j_i\/\" data-orig-file=\"http:\/\/www.grieta.org.mx\/wp-content\/uploads\/2019\/07\/D-MawzfUYAA3J_I.jpg\" data-orig-size=\"680,400\" data-comments-opened=\"0\" data-image-meta=\"{&quot;aperture&quot;:&quot;0&quot;,&quot;credit&quot;:&quot;&quot;,&quot;camera&quot;:&quot;&quot;,&quot;caption&quot;:&quot;&quot;,&quot;created_timestamp&quot;:&quot;0&quot;,&quot;copyright&quot;:&quot;&quot;,&quot;focal_length&quot;:&quot;0&quot;,&quot;iso&quot;:&quot;0&quot;,&quot;shutter_speed&quot;:&quot;0&quot;,&quot;title&quot;:&quot;&quot;,&quot;orientation&quot;:&quot;0&quot;}\" data-image-title=\"D-MawzfUYAA3J_I\" data-image-description=\"\" data-image-caption=\"\" data-medium-file=\"http:\/\/www.grieta.org.mx\/wp-content\/uploads\/2019\/07\/D-MawzfUYAA3J_I-300x176.jpg\" data-large-file=\"http:\/\/www.grieta.org.mx\/wp-content\/uploads\/2019\/07\/D-MawzfUYAA3J_I.jpg\" class=\" wp-image-35938 aligncenter\" src=\"http:\/\/www.grieta.org.mx\/wp-content\/uploads\/2019\/07\/D-MawzfUYAA3J_I-300x176.jpg\" alt=\"\" width=\"800\" height=\"469\" srcset=\"http:\/\/www.grieta.org.mx\/wp-content\/uploads\/2019\/07\/D-MawzfUYAA3J_I-300x176.jpg 300w, http:\/\/www.grieta.org.mx\/wp-content\/uploads\/2019\/07\/D-MawzfUYAA3J_I.jpg 680w\" sizes=\"auto, (max-width: 800px) 100vw, 800px\" \/><\/p>\n<p>Redacci\u00f3n \/ Somos el Medio<\/p>\n<p>A trav\u00e9s de una carta dirigida a Enrique Alfaro Ram\u00edrez, a su Gabinete de Gobierno y a los diputados(as) del Congreso del Estado de Jalisco, el Comit\u00e9 Salvemos Temacapul\u00edn Acasico y Palmarejo, el Colectivo de Abogadxs, el Movimiento Mexicano de Afectados por las Presas y en Defensa de los R\u00edos (MAPDER) y Acci\u00f3n Colectiva de Le\u00f3n, Guanajuato, y el Instituto Mexicano Para el Desarrollo Comunitario (IMDEC); exigi\u00f3 a las autoridades estatales no traicionar a Jalisco, al no cumplir su compromiso de no permitir que la cortina de la presa \u00abEl Zapotillo\u00bb se construya a 105 metros de altura.<\/p>\n<p>Recordaron las m\u00e1s de 50 declaraciones contra la construcci\u00f3n del proyecto Sistema Zapotillo \u2013 Acueducto Zapotillo Le\u00f3n, la defensa del agua para Jalisco, el r\u00edo Verde, las comunidades de Temacapul\u00edn, Acasico y Palmarejo y los productores de los Altos de Jalisco; realizadas por el actual Gobernador de Jalisco, Enrique Alfaro,\u00a0 desde el a\u00f1o 2013 hasta a la fecha.<\/p>\n<p>\u00abTristemente no nos sorprende el viraje en su postura ahora como Gobernador, aunque nos alarma que actualmente quiera imponer la presa con la cortina a 105 metros, honestamente esper\u00e1bamos un poco m\u00e1s de usted como autoridad.\u00bb<\/p>\n<p>Las organizaciones denunciaron las reuniones, a puerta cerrada, que han tenido con Enrique Alfaro,\u00a0 Diego Sinhue Rodr\u00edguez Vallejo para negociar y pactar una alianza en la construcci\u00f3n de la Presa El Zapotillo y el acueducto: \u00abUn buen gobernante no le da la espalda al pueblo, no incumple sus compromisos, no negocia a puerta cerrada el agua del r\u00edo Verde.\u00bb<\/p>\n<p>Resaltaron que con estas negociaciones entre Jalisco y Guanajuato, su gobierno est\u00e1 incumpliendo, totalmente, la Recomendaci\u00f3n 50\/2018, emitida por la Comisi\u00f3n Estatal de Derechos Humanos de Jalisco, el pasado 7 de enero; y que fue aceptada por el Secretario General de Gobierno, Enrique Ibarra Pedroza, el 5 de febrero del a\u00f1o en curso.<\/p>\n<p>\u00abUsted sabe Enrique Alfaro que la Presa el Zapotillo no es la soluci\u00f3n a mediano y largo plazo para el abastecimiento del agua, sabe que es una obra corrupta y muy costosa. Jalisco y su gobierno perder\u00e1 m\u00e1s en caso de seguir adelante con este proyecto\u00bb; resaltaron las organizaciones.<\/p>\n<p>Ante ello, solicitaron a el Gobernador de Jalisco dar a conocer a las comunidades afectadas y productores de los Altos, de manera inmediata, los acuerdos, estudios \u00a0y propuestas t\u00e9cnicas entre el Gobernador de Jalisco y Guanajuato sobre la distribuci\u00f3n del agua del r\u00edo Verde y la Presa Zapotillo \u2013 Acueducto Zapotillo Le\u00f3n.<\/p>\n<p>Aunado a que se detengan las negociaciones de Jalisco con Guanajuato y se cumpla con la Recomendaci\u00f3n 50\/2018, espec\u00edficamente las recomendaciones novena y duod\u00e9cima donde se exige al gobierno mantenga reuniones peri\u00f3dicas, tanto informativas como de consulta con los representantes, asociaciones o grupos de la sociedad civil, expertos y profesionales interesados, o integrantes de las comunidades y se compruebe con peritajes t\u00e9cnicos independientes la seguridad y no inundaci\u00f3n de la comunidad de Temacapul\u00edn con una presa con altura de cortina de 80 metros.<\/p>\n<p>Desde el 2015 \u00f1, que fue anunciada la construcci\u00f3n del proyecto Sistema Zapotillo \u2013 Acueducto Zapotillo Le\u00f3n, los pueblos de Temacapul\u00edn, Acasico y Palmarejo, iniciaron una lucha contra este megaproyecto,\u00a0 que hasta la fecha a costado m\u00e1s de 27 mil millones de pesos y que de concluirse, inundar\u00eda a estas comunidades as\u00ed como miles de hect\u00e1reas de cultivo para beneficiar a las empresas y compa\u00f1\u00edas nacionales y trasnacionales inversionistas del proyecto Puerto Seco o \u201cGuanajuato Puerto Interior\u201d.<\/p>\n<p><a href=\"https:\/\/www.somoselmedio.com\/2019\/06\/29\/un-buen-gobernante-no-le-da-la-espalda-al-pueblo-no-incumple-sus-compromisos-temacapulin\/\">https:\/\/www.somoselmedio.com\/2019\/06\/29\/un-buen-gobernante-no-le-da-la-espalda-al-pueblo-no-incumple-sus-compromisos-temacapulin\/<\/a><\/p>\n","protected":false},"excerpt":{"rendered":"<p>Redacci\u00f3n \/ Somos el Medio A trav\u00e9s de una carta dirigida a Enrique Alfaro Ram\u00edrez, a su Gabinete de Gobierno y a los diputados(as) del Congreso del Estado de Jalisco, &hellip; <a href=\"http:\/\/www.grieta.org.mx\/index.php\/2019\/06\/29\/un-buen-gobernante-no-le-da-la-espalda-al-pueblo-no-incumple-sus-compromisos-temacapulin-jalisco\/\" class=\"more-link\">Leer m\u00e1s<\/a><\/p>\n","protected":false},"author":2,"featured_media":35938,"comment_status":"closed","ping_status":"closed","sticky":false,"template":"","format":"standard","meta":{"ngg_post_thumbnail":0,"_jetpack_newsletter_access":"","_jetpack_dont_email_post_to_subs":false,"_jetpack_newsletter_tier_id":0,"_jetpack_memberships_contains_paywalled_content":false,"_jetpack_memberships_contains_paid_content":false,"footnotes":""},"categories":[80,20,2715,2],"tags":[313,2528],"class_list":["post-35937","post","type-post","status-publish","format-standard","has-post-thumbnail","hentry","category-cintillo","category-jalisco","category-lucha-y-resistencia-contra-presa-el-zapotillo","category-noticias-nacionales","tag-presa-y-acueducto-del-zapotillo","tag-resistencia-contra-megaproyectos","entry"],"jetpack_featured_media_url":"http:\/\/www.grieta.org.mx\/wp-content\/uploads\/2019\/07\/D-MawzfUYAA3J_I.jpg","jetpack_sharing_enabled":true,"jetpack_shortlink":"https:\/\/wp.me\/p7ZJR4-9lD","jetpack_likes_enabled":false,"jetpack-related-posts":[{"id":3573,"url":"http:\/\/www.grieta.org.mx\/index.php\/2016\/09\/12\/presa-y-acueducto-el-zapotillo\/","url_meta":{"origin":35937,"position":0},"title":"Resistencia contra la presa y el acueducto El Zapotillo","author":"grieta","date":"12 septiembre, 2016","format":false,"excerpt":"12\/09\/16. Dan facilidades financieras a AbengoaNtr Guadalajara 22\/08\/16. \u201cJam\u00e1s nos iremos de\u00a0Temacapul\u00edn\u201dP\u00e1gina 24 13\/08\/16. Unops \u201cchantajea\u201d a los habitantes de Los\u00a0Altos Sitio Agustin del Castillo 12\/08\/16. Detienen proyecto del Zapotillo am Le\u00f3n 27\/07\/16. Piden que Comisi\u00f3n sobre Presa Zapotillo sea abierta Canal 44 02\/05\/16. Jalisco, el desag\u00fce de El Zapotillo\u2026","rel":"","context":"En &quot;Jalisco&quot;","block_context":{"text":"Jalisco","link":"http:\/\/www.grieta.org.mx\/index.php\/category\/noticias-nacionales\/jalisco\/"},"img":{"alt_text":"","src":"https:\/\/i0.wp.com\/www.grieta.org.mx\/wp-content\/uploads\/2018\/03\/14524434_1106112876131411_958039263622046936_o.jpg?resize=350%2C200","width":350,"height":200,"srcset":"https:\/\/i0.wp.com\/www.grieta.org.mx\/wp-content\/uploads\/2018\/03\/14524434_1106112876131411_958039263622046936_o.jpg?resize=350%2C200 1x, https:\/\/i0.wp.com\/www.grieta.org.mx\/wp-content\/uploads\/2018\/03\/14524434_1106112876131411_958039263622046936_o.jpg?resize=525%2C300 1.5x, https:\/\/i0.wp.com\/www.grieta.org.mx\/wp-content\/uploads\/2018\/03\/14524434_1106112876131411_958039263622046936_o.jpg?resize=700%2C400 2x"},"classes":[]},{"id":9923,"url":"http:\/\/www.grieta.org.mx\/index.php\/2016\/04\/04\/temacapulin-no-se-rinde-en-la-lucha-de-la-presa-el-zapotillo-video\/","url_meta":{"origin":35937,"position":1},"title":"Temacapul\u00edn no se rinde en la lucha de la presa El Zapotillo (video)","author":"grieta","date":"4 abril, 2016","format":false,"excerpt":"Canal 44","rel":"","context":"En &quot;CINTILLO&quot;","block_context":{"text":"CINTILLO","link":"http:\/\/www.grieta.org.mx\/index.php\/category\/cintillo\/"},"img":{"alt_text":"","src":"https:\/\/i0.wp.com\/www.grieta.org.mx\/wp-content\/uploads\/2018\/03\/14524434_1106112876131411_958039263622046936_o.jpg?resize=350%2C200","width":350,"height":200,"srcset":"https:\/\/i0.wp.com\/www.grieta.org.mx\/wp-content\/uploads\/2018\/03\/14524434_1106112876131411_958039263622046936_o.jpg?resize=350%2C200 1x, https:\/\/i0.wp.com\/www.grieta.org.mx\/wp-content\/uploads\/2018\/03\/14524434_1106112876131411_958039263622046936_o.jpg?resize=525%2C300 1.5x, https:\/\/i0.wp.com\/www.grieta.org.mx\/wp-content\/uploads\/2018\/03\/14524434_1106112876131411_958039263622046936_o.jpg?resize=700%2C400 2x"},"classes":[]},{"id":5370,"url":"http:\/\/www.grieta.org.mx\/index.php\/2015\/11\/26\/triunfo-para-temacapulin-corte-confirma-altura-de-80-metros-en-zapotillo\/","url_meta":{"origin":35937,"position":2},"title":"Triunfo para Temacapul\u00edn; Corte confirma altura de 80 metros en Zapotillo","author":"grieta","date":"26 noviembre, 2015","format":false,"excerpt":"Por: C\u00e9sar Octavio Huerta 26 de noviembre 2015.- La Suprema Corte de Justicia de la Naci\u00f3n (SCJN) confirm\u00f3 ayer la suspensi\u00f3n otorgada por un juzgado federal, para que la construcci\u00f3n de la cortina de la presa El Zapotillo no rebase el l\u00edmite de los 80 metros de altura. Por segunda\u2026","rel":"","context":"En &quot;CINTILLO&quot;","block_context":{"text":"CINTILLO","link":"http:\/\/www.grieta.org.mx\/index.php\/category\/cintillo\/"},"img":{"alt_text":"","src":"https:\/\/i0.wp.com\/www.grieta.org.mx\/wp-content\/uploads\/2018\/03\/14524434_1106112876131411_958039263622046936_o.jpg?resize=350%2C200","width":350,"height":200,"srcset":"https:\/\/i0.wp.com\/www.grieta.org.mx\/wp-content\/uploads\/2018\/03\/14524434_1106112876131411_958039263622046936_o.jpg?resize=350%2C200 1x, https:\/\/i0.wp.com\/www.grieta.org.mx\/wp-content\/uploads\/2018\/03\/14524434_1106112876131411_958039263622046936_o.jpg?resize=525%2C300 1.5x, https:\/\/i0.wp.com\/www.grieta.org.mx\/wp-content\/uploads\/2018\/03\/14524434_1106112876131411_958039263622046936_o.jpg?resize=700%2C400 2x"},"classes":[]},{"id":46496,"url":"http:\/\/www.grieta.org.mx\/index.php\/2020\/03\/11\/temaca-denuncia-avances-en-presa-el-zapotillo-jalisco\/","url_meta":{"origin":35937,"position":3},"title":"Temaca denuncia avances en Presa El Zapotillo (Jalisco)","author":"grieta","date":"11 marzo, 2020","format":false,"excerpt":"Foto: Yunuen Mora Yunuen Mora \/ El Informador Pobladores de Temacapul\u00edn, Acasico y Palmarejo denunciaron que, pese a los di\u00e1logos que ha habido con el Gobierno Federal para llegar a un acuerdo respecto a la Presa El Zapotillo, los trabajos en el lugar contin\u00faan con el pretexto de obras de\u2026","rel":"","context":"En &quot;CINTILLO&quot;","block_context":{"text":"CINTILLO","link":"http:\/\/www.grieta.org.mx\/index.php\/category\/cintillo\/"},"img":{"alt_text":"","src":"https:\/\/i0.wp.com\/www.grieta.org.mx\/wp-content\/uploads\/2020\/03\/2-3.jpg?resize=350%2C200","width":350,"height":200,"srcset":"https:\/\/i0.wp.com\/www.grieta.org.mx\/wp-content\/uploads\/2020\/03\/2-3.jpg?resize=350%2C200 1x, https:\/\/i0.wp.com\/www.grieta.org.mx\/wp-content\/uploads\/2020\/03\/2-3.jpg?resize=525%2C300 1.5x, https:\/\/i0.wp.com\/www.grieta.org.mx\/wp-content\/uploads\/2020\/03\/2-3.jpg?resize=700%2C400 2x"},"classes":[]},{"id":62987,"url":"http:\/\/www.grieta.org.mx\/index.php\/2021\/12\/28\/falta-cumplir-con-plan-de-justicia-para-temaca-jalisco\/","url_meta":{"origin":35937,"position":4},"title":"Falta cumplir con Plan de Justicia para Temaca (Jalisco)","author":"grieta","date":"28 diciembre, 2021","format":false,"excerpt":"Foto: Archivo, Cuartoscuro Redacci\u00f3n \/ El Diario NTR Aunque en 2021 se lleg\u00f3 a un acuerdo con el gobierno federal para frenar que la cortina de la Presa El Zapotillo se elevara a 105 metros, a\u00fan falta que se cumplan con los acuerdos del Plan de Justicia acordado con los\u2026","rel":"","context":"En &quot;CINTILLO&quot;","block_context":{"text":"CINTILLO","link":"http:\/\/www.grieta.org.mx\/index.php\/category\/cintillo\/"},"img":{"alt_text":"","src":"https:\/\/i0.wp.com\/www.grieta.org.mx\/wp-content\/uploads\/2022\/01\/2021-12-28_06-12-32___7315.jpg?resize=350%2C200","width":350,"height":200,"srcset":"https:\/\/i0.wp.com\/www.grieta.org.mx\/wp-content\/uploads\/2022\/01\/2021-12-28_06-12-32___7315.jpg?resize=350%2C200 1x, https:\/\/i0.wp.com\/www.grieta.org.mx\/wp-content\/uploads\/2022\/01\/2021-12-28_06-12-32___7315.jpg?resize=525%2C300 1.5x, https:\/\/i0.wp.com\/www.grieta.org.mx\/wp-content\/uploads\/2022\/01\/2021-12-28_06-12-32___7315.jpg?resize=700%2C400 2x"},"classes":[]},{"id":65738,"url":"http:\/\/www.grieta.org.mx\/index.php\/2022\/11\/10\/los-pueblos-afectados-por-la-presa-el-zapotillo-piden-se-cumpla-lo-pactado-y-reparacion-del-dano-jalisco\/","url_meta":{"origin":35937,"position":5},"title":"Los pueblos afectados por la presa El Zapotillo: piden se cumpla lo pactado y reparaci\u00f3n del da\u00f1o (Jalisco)","author":"grieta","date":"10 noviembre, 2022","format":false,"excerpt":"Imagen: Zona Docs La presa El Zapotillo, es el proyecto h\u00eddrico que dotar\u00e1 de agua a la Zona Metropolitana de Guadalajara y que estuvo suspendido m\u00e1s de 16 a\u00f1os debido a recursos judiciales, ya que la construcci\u00f3n de la presa hubiera provocado\u00a0la inundaci\u00f3n de los tres poblados: Temacapul\u00edn, Acasico y\u2026","rel":"","context":"En &quot;CINTILLO&quot;","block_context":{"text":"CINTILLO","link":"http:\/\/www.grieta.org.mx\/index.php\/category\/cintillo\/"},"img":{"alt_text":"","src":"https:\/\/i0.wp.com\/www.grieta.org.mx\/wp-content\/uploads\/2022\/11\/Captura-de-Pantalla-2022-11-11-a-las-7.37.53-1068x734-1.png?resize=350%2C200","width":350,"height":200,"srcset":"https:\/\/i0.wp.com\/www.grieta.org.mx\/wp-content\/uploads\/2022\/11\/Captura-de-Pantalla-2022-11-11-a-las-7.37.53-1068x734-1.png?resize=350%2C200 1x, https:\/\/i0.wp.com\/www.grieta.org.mx\/wp-content\/uploads\/2022\/11\/Captura-de-Pantalla-2022-11-11-a-las-7.37.53-1068x734-1.png?resize=525%2C300 1.5x, https:\/\/i0.wp.com\/www.grieta.org.mx\/wp-content\/uploads\/2022\/11\/Captura-de-Pantalla-2022-11-11-a-las-7.37.53-1068x734-1.png?resize=700%2C400 2x, https:\/\/i0.wp.com\/www.grieta.org.mx\/wp-content\/uploads\/2022\/11\/Captura-de-Pantalla-2022-11-11-a-las-7.37.53-1068x734-1.png?resize=1050%2C600 3x"},"classes":[]}],"_links":{"self":[{"href":"http:\/\/www.grieta.org.mx\/index.php\/wp-json\/wp\/v2\/posts\/35937","targetHints":{"allow":["GET"]}}],"collection":[{"href":"http:\/\/www.grieta.org.mx\/index.php\/wp-json\/wp\/v2\/posts"}],"about":[{"href":"http:\/\/www.grieta.org.mx\/index.php\/wp-json\/wp\/v2\/types\/post"}],"author":[{"embeddable":true,"href":"http:\/\/www.grieta.org.mx\/index.php\/wp-json\/wp\/v2\/users\/2"}],"replies":[{"embeddable":true,"href":"http:\/\/www.grieta.org.mx\/index.php\/wp-json\/wp\/v2\/comments?post=35937"}],"version-history":[{"count":1,"href":"http:\/\/www.grieta.org.mx\/index.php\/wp-json\/wp\/v2\/posts\/35937\/revisions"}],"predecessor-version":[{"id":35939,"href":"http:\/\/www.grieta.org.mx\/index.php\/wp-json\/wp\/v2\/posts\/35937\/revisions\/35939"}],"wp:featuredmedia":[{"embeddable":true,"href":"http:\/\/www.grieta.org.mx\/index.php\/wp-json\/wp\/v2\/media\/35938"}],"wp:attachment":[{"href":"http:\/\/www.grieta.org.mx\/index.php\/wp-json\/wp\/v2\/media?parent=35937"}],"wp:term":[{"taxonomy":"category","embeddable":true,"href":"http:\/\/www.grieta.org.mx\/index.php\/wp-json\/wp\/v2\/categories?post=35937"},{"taxonomy":"post_tag","embeddable":true,"href":"http:\/\/www.grieta.org.mx\/index.php\/wp-json\/wp\/v2\/tags?post=35937"}],"curies":[{"name":"wp","href":"https:\/\/api.w.org\/{rel}","templated":true}]}}