{"id":3593,"date":"2015-07-09T21:59:01","date_gmt":"2015-07-09T21:59:01","guid":{"rendered":"http:\/\/50.22.11.12\/~grietaor\/?p=3593"},"modified":"2016-03-15T22:14:11","modified_gmt":"2016-03-15T22:14:11","slug":"maestros-inconformes-solicitan-a-diputados-cancelar-evaluacion-magisterial-en-qr","status":"publish","type":"post","link":"http:\/\/www.grieta.org.mx\/index.php\/2015\/07\/09\/maestros-inconformes-solicitan-a-diputados-cancelar-evaluacion-magisterial-en-qr\/","title":{"rendered":"Maestros inconformes solicitan a diputados cancelar evaluaci\u00f3n magisterial en QR"},"content":{"rendered":"<p>CHETUMAL, MX.- Una comitiva de 12 maestros inconformes con la evaluaci\u00f3n magisterial y la Reforma Educativa se reuni\u00f3 esta ma\u00f1ana con diputados del Congreso local y con el titular de Educaci\u00f3n en el estado, Jos\u00e9 Alberto Alonso Ovando para abordar sus inquietudes y dudas por el proceso examinatorio en marcha y entregar un documento de propuestas donde la principal solicitud es la cancelaci\u00f3n de la mencionada evaluaci\u00f3n en la entidad.<\/p>\n<p>En el exterior del recinto, alrededor de 20 profesores integrantes del denominado \u201cMovimiento Magisterial en Resistencia\u201d se manifestaron en apoyo a la comitiva.<\/p>\n<p>Al respecto el maestro Henry Quintal Carde\u00f1a, docente de la escuela secundaria No. 19 en la ciudad de Canc\u00fan, asegur\u00f3 que muchos profesores viven momentos muy dif\u00edciles e incluso algunos ya atraviesan problemas de salud por la tensi\u00f3n provocada por la evaluaci\u00f3n, a la que califican como \u201cpunitiva\u201d.<\/p>\n<p>El docente indic\u00f3 que es imposible que en solo nueve d\u00edas preparen a un maestro para presentar un examen que pone en riesgo su plaza laboral y con ello el sostenimiento de su familia, argumentando que los maestros no est\u00e1n preparados para este modelo educativo que quieren imponer.<\/p>\n<p>Por su parte el secretario de Educaci\u00f3n, Jos\u00e9 Alberto Alonso Ovando, se\u00f1al\u00f3 que la Reforma Educativa est\u00e1 en vigor, ya que fue aprobada por todas las instancias correspondientes y es constitucional por reciente decreto de la Suprema Corte de Justicia de la Naci\u00f3n.<\/p>\n<p>El funcionario expres\u00f3 que la dependencia local recibi\u00f3 sus propuestas y las canalizar\u00e1n a las instancias que correspondan, pero en caso de que no procedan, esperan que los profesores puedan entender que esto es acto juzgado, y la ley ya est\u00e1 vigente.<\/p>\n<p>Alonso Ovando descart\u00f3 que el inicio del siguiente ciclo escolar est\u00e9 en riesgo ya que dentro del magisterio quintanarroense existe mucha responsabilidad y son muy pocas las voces radicales. (Fuente: Pol\u00edtica Quintana Roo)<\/p>\n<p><a href=\"http:\/\/noticaribe.com.mx\/2015\/07\/09\/maestros-inconformes-solicitan-a-diputados-cancelar-evaluacion-magisterial-en-qr\/\" target=\"_blank\">noticaribe.com.mx\/2015\/07\/09\/maestros-inconformes-solicitan-a-diputados-cancelar-evaluacion-magisterial-en-qr\/<\/a><\/p>\n","protected":false},"excerpt":{"rendered":"<p>CHETUMAL, MX.- Una comitiva de 12 maestros inconformes con la evaluaci\u00f3n magisterial y la Reforma Educativa se reuni\u00f3 esta ma\u00f1ana con diputados del Congreso local y con el titular de &hellip; <a href=\"http:\/\/www.grieta.org.mx\/index.php\/2015\/07\/09\/maestros-inconformes-solicitan-a-diputados-cancelar-evaluacion-magisterial-en-qr\/\" class=\"more-link\">Leer m\u00e1s<\/a><\/p>\n","protected":false},"author":2,"featured_media":21928,"comment_status":"closed","ping_status":"open","sticky":false,"template":"","format":"standard","meta":{"ngg_post_thumbnail":0,"_jetpack_newsletter_access":"","_jetpack_dont_email_post_to_subs":false,"_jetpack_newsletter_tier_id":0,"_jetpack_memberships_contains_paywalled_content":false,"_jetpack_memberships_contains_paid_content":false,"footnotes":""},"categories":[80,151],"tags":[133,135],"class_list":["post-3593","post","type-post","status-publish","format-standard","has-post-thumbnail","hentry","category-cintillo","category-quintana-roo","tag-maestros","tag-reforma-educativa","entry"],"jetpack_featured_media_url":"http:\/\/www.grieta.org.mx\/wp-content\/uploads\/2018\/03\/14524434_1106112876131411_958039263622046936_o.jpg","jetpack_sharing_enabled":true,"jetpack_shortlink":"https:\/\/wp.me\/p7ZJR4-VX","jetpack_likes_enabled":false,"jetpack-related-posts":[{"id":2709,"url":"http:\/\/www.grieta.org.mx\/index.php\/2016\/07\/17\/movilizaciones-contra-la-reforma-educativa-y-la-evaluacion-magisterial-en-colima\/","url_meta":{"origin":3593,"position":0},"title":"Movilizaciones contra la Reforma educativa y evaluaci\u00f3n magisterial en Colima","author":"grieta","date":"17 julio, 2016","format":false,"excerpt":"17\/07\/16. Marchan maestros en contra de la reforma educativaMeganoticias Colima 02\/07\/16. Maestros de la CNTE bloquearon el puertoCorreo de Manzanillo 23\/06\/16. Maestros de Colima protestan por OaxacaPerriodismo 21\/06\/16. Marchan maestros, pescadores y hasta tramitadores en ManzanilloColima Noticias 21\/06\/16. Maestros de Colima se unen a quienes exigen la renuncia de Aurelio\u2026","rel":"","context":"En &quot;Colima&quot;","block_context":{"text":"Colima","link":"http:\/\/www.grieta.org.mx\/index.php\/category\/noticias-nacionales\/colima\/"},"img":{"alt_text":"","src":"https:\/\/i0.wp.com\/www.grieta.org.mx\/wp-content\/uploads\/2018\/03\/14524434_1106112876131411_958039263622046936_o.jpg?resize=350%2C200","width":350,"height":200,"srcset":"https:\/\/i0.wp.com\/www.grieta.org.mx\/wp-content\/uploads\/2018\/03\/14524434_1106112876131411_958039263622046936_o.jpg?resize=350%2C200 1x, https:\/\/i0.wp.com\/www.grieta.org.mx\/wp-content\/uploads\/2018\/03\/14524434_1106112876131411_958039263622046936_o.jpg?resize=525%2C300 1.5x, https:\/\/i0.wp.com\/www.grieta.org.mx\/wp-content\/uploads\/2018\/03\/14524434_1106112876131411_958039263622046936_o.jpg?resize=700%2C400 2x"},"classes":[]},{"id":3590,"url":"http:\/\/www.grieta.org.mx\/index.php\/2016\/06\/20\/maestros-protestan-contra-la-evaluacion-del-magisterio-en-quintana-roo\/","url_meta":{"origin":3593,"position":1},"title":"Movilizaciones contra la Reforma Educativa y la evaluaci\u00f3n magisterial en Quintana Roo","author":"grieta","date":"20 junio, 2016","format":false,"excerpt":"20\/06\/16. Condenan colectivos y magisterio de Canc\u00fan represi\u00f3n en OaxacaIQ Canc\u00fan 16\/06\/16. Padres de familia cierran escuela primaria en Chetumal; no reconocen calificaciones de maestro cesado y los ni\u00f1os pierdenNoticaribe 14\/04\/16. Presentan queja formal contra intimidaci\u00f3n a ni\u00f1osSipse 14\/04\/16. Maestros despedidos pondr\u00e1n demanda contra la SEyCSipse 18\/03\/16. Padres de familia\u2026","rel":"","context":"En &quot;NOTICIAS NACIONALES&quot;","block_context":{"text":"NOTICIAS NACIONALES","link":"http:\/\/www.grieta.org.mx\/index.php\/category\/noticias-nacionales\/"},"img":{"alt_text":"","src":"https:\/\/i0.wp.com\/www.grieta.org.mx\/wp-content\/uploads\/2018\/03\/14524434_1106112876131411_958039263622046936_o.jpg?resize=350%2C200","width":350,"height":200,"srcset":"https:\/\/i0.wp.com\/www.grieta.org.mx\/wp-content\/uploads\/2018\/03\/14524434_1106112876131411_958039263622046936_o.jpg?resize=350%2C200 1x, https:\/\/i0.wp.com\/www.grieta.org.mx\/wp-content\/uploads\/2018\/03\/14524434_1106112876131411_958039263622046936_o.jpg?resize=525%2C300 1.5x, https:\/\/i0.wp.com\/www.grieta.org.mx\/wp-content\/uploads\/2018\/03\/14524434_1106112876131411_958039263622046936_o.jpg?resize=700%2C400 2x"},"classes":[]},{"id":10386,"url":"http:\/\/www.grieta.org.mx\/index.php\/2016\/07\/21\/reforma-educativa-y-evaluacion-al-desempeno-en-yucatan\/","url_meta":{"origin":3593,"position":2},"title":"Movilizaciones contra la Reforma Educativa y la evaluaci\u00f3n magisterial  en Yucat\u00e1n","author":"grieta","date":"21 julio, 2016","format":false,"excerpt":"021\/07\/16. Profesores siguen en la lucha (Yucat\u00e1n) Diario de Yucat\u00e1n 15\/07\/16. Agudizan maestros protestas en Yucat\u00e1n ReporterosHoy 09\/07\/16. Intensifican marcha de maestros este s\u00e1bado en M\u00e9rida Desde el Balc\u00f3n 08\/07\/16. Maestros en las calles (Yucat\u00e1n) Diario de Yucat\u00e1n 07\/07\/16. Polic\u00eda impide que maestros entren a M\u00e9rida ReporterosHoy 05\/07\/16. Arrecia molestia\u2026","rel":"","context":"En &quot;NOTICIAS NACIONALES&quot;","block_context":{"text":"NOTICIAS NACIONALES","link":"http:\/\/www.grieta.org.mx\/index.php\/category\/noticias-nacionales\/"},"img":{"alt_text":"","src":"https:\/\/i0.wp.com\/www.grieta.org.mx\/wp-content\/uploads\/2018\/03\/14524434_1106112876131411_958039263622046936_o.jpg?resize=350%2C200","width":350,"height":200,"srcset":"https:\/\/i0.wp.com\/www.grieta.org.mx\/wp-content\/uploads\/2018\/03\/14524434_1106112876131411_958039263622046936_o.jpg?resize=350%2C200 1x, https:\/\/i0.wp.com\/www.grieta.org.mx\/wp-content\/uploads\/2018\/03\/14524434_1106112876131411_958039263622046936_o.jpg?resize=525%2C300 1.5x, https:\/\/i0.wp.com\/www.grieta.org.mx\/wp-content\/uploads\/2018\/03\/14524434_1106112876131411_958039263622046936_o.jpg?resize=700%2C400 2x"},"classes":[]},{"id":1233,"url":"http:\/\/www.grieta.org.mx\/index.php\/2016\/07\/19\/maestros-de-hidalgo-se-movilizan-en-contra-de-la-reforma-educativa\/","url_meta":{"origin":3593,"position":3},"title":"Movilizaciones contra la Reforma educativa y evaluaci\u00f3n magisterial en Hidalgo","author":"grieta","date":"19 julio, 2016","format":false,"excerpt":"Maestros de Hidalgo se movilizan contra la reforma educativa 19\/07\/16. Maestros realizan marcha tambi\u00e9n en HidalgoEl Universal 11\/06\/16. CNTE Hidalgo y Edomex realizan mitin en Ojo de AguaNoticias \u00c9nfasis 07\/07\/16. Se une SNTE a quinta marcha de CNTE por PachucaQuadrat\u00edn Hidalgo 02\/07\/16. Se niegan 145 maestros a recibir cursos sobre\u2026","rel":"","context":"En &quot;CINTILLO&quot;","block_context":{"text":"CINTILLO","link":"http:\/\/www.grieta.org.mx\/index.php\/category\/cintillo\/"},"img":{"alt_text":"","src":"https:\/\/i0.wp.com\/www.grieta.org.mx\/wp-content\/uploads\/2018\/03\/14524434_1106112876131411_958039263622046936_o.jpg?resize=350%2C200","width":350,"height":200,"srcset":"https:\/\/i0.wp.com\/www.grieta.org.mx\/wp-content\/uploads\/2018\/03\/14524434_1106112876131411_958039263622046936_o.jpg?resize=350%2C200 1x, https:\/\/i0.wp.com\/www.grieta.org.mx\/wp-content\/uploads\/2018\/03\/14524434_1106112876131411_958039263622046936_o.jpg?resize=525%2C300 1.5x, https:\/\/i0.wp.com\/www.grieta.org.mx\/wp-content\/uploads\/2018\/03\/14524434_1106112876131411_958039263622046936_o.jpg?resize=700%2C400 2x"},"classes":[]},{"id":16603,"url":"http:\/\/www.grieta.org.mx\/index.php\/2016\/08\/09\/movilizaciones-contra-la-reforma-educativa-y-evaluacion-magisterial-en-nayarit\/","url_meta":{"origin":3593,"position":4},"title":"Movilizaciones contra la Reforma educativa y evaluaci\u00f3n magisterial en Nayarit","author":"grieta","date":"9 agosto, 2016","format":false,"excerpt":"09\/08\/16. MAESTROS LIBERAN CASETA DE TRAPICHILLO Independiente 27\/06\/16. SI TOCAN A UNO, NOS TOCAN A TODOS Independiente","rel":"","context":"En &quot;CINTILLO&quot;","block_context":{"text":"CINTILLO","link":"http:\/\/www.grieta.org.mx\/index.php\/category\/cintillo\/"},"img":{"alt_text":"","src":"https:\/\/i0.wp.com\/www.grieta.org.mx\/wp-content\/uploads\/2018\/03\/14524434_1106112876131411_958039263622046936_o.jpg?resize=350%2C200","width":350,"height":200,"srcset":"https:\/\/i0.wp.com\/www.grieta.org.mx\/wp-content\/uploads\/2018\/03\/14524434_1106112876131411_958039263622046936_o.jpg?resize=350%2C200 1x, https:\/\/i0.wp.com\/www.grieta.org.mx\/wp-content\/uploads\/2018\/03\/14524434_1106112876131411_958039263622046936_o.jpg?resize=525%2C300 1.5x, https:\/\/i0.wp.com\/www.grieta.org.mx\/wp-content\/uploads\/2018\/03\/14524434_1106112876131411_958039263622046936_o.jpg?resize=700%2C400 2x"},"classes":[]},{"id":3171,"url":"http:\/\/www.grieta.org.mx\/index.php\/2016\/08\/23\/movilizaciones-contra-la-reforma-educativa-y-la-evaluacion-magisterial-en-jalisco\/","url_meta":{"origin":3593,"position":5},"title":"Movilizaciones contra la Reforma educativa y evaluaci\u00f3n magisterial en Jalisco","author":"grieta","date":"23 agosto, 2016","format":false,"excerpt":"23\/08\/16. Maestros se manifestaron en el Aeropuerto Internacional de Guadalajara contra la Reforma Educativa Canal 44 23\/08\/16. Maestros en la regi\u00f3n de Los Altos trabajan bajo protesta (Video)Canal 44 27\/07\/16. Bloquean maestros casetasAM Lagos de Moreno 17\/07\/16. Frente Magisterial advierte accionesNtr Guadalajara 04\/07\/16. Abuchean a Aurelio Nu\u00f1o en JaliscoProceso 23\/06\/16.\u2026","rel":"","context":"En &quot;Jalisco&quot;","block_context":{"text":"Jalisco","link":"http:\/\/www.grieta.org.mx\/index.php\/category\/noticias-nacionales\/jalisco\/"},"img":{"alt_text":"","src":"https:\/\/i0.wp.com\/www.grieta.org.mx\/wp-content\/uploads\/2018\/03\/14524434_1106112876131411_958039263622046936_o.jpg?resize=350%2C200","width":350,"height":200,"srcset":"https:\/\/i0.wp.com\/www.grieta.org.mx\/wp-content\/uploads\/2018\/03\/14524434_1106112876131411_958039263622046936_o.jpg?resize=350%2C200 1x, https:\/\/i0.wp.com\/www.grieta.org.mx\/wp-content\/uploads\/2018\/03\/14524434_1106112876131411_958039263622046936_o.jpg?resize=525%2C300 1.5x, https:\/\/i0.wp.com\/www.grieta.org.mx\/wp-content\/uploads\/2018\/03\/14524434_1106112876131411_958039263622046936_o.jpg?resize=700%2C400 2x"},"classes":[]}],"_links":{"self":[{"href":"http:\/\/www.grieta.org.mx\/index.php\/wp-json\/wp\/v2\/posts\/3593","targetHints":{"allow":["GET"]}}],"collection":[{"href":"http:\/\/www.grieta.org.mx\/index.php\/wp-json\/wp\/v2\/posts"}],"about":[{"href":"http:\/\/www.grieta.org.mx\/index.php\/wp-json\/wp\/v2\/types\/post"}],"author":[{"embeddable":true,"href":"http:\/\/www.grieta.org.mx\/index.php\/wp-json\/wp\/v2\/users\/2"}],"replies":[{"embeddable":true,"href":"http:\/\/www.grieta.org.mx\/index.php\/wp-json\/wp\/v2\/comments?post=3593"}],"version-history":[{"count":1,"href":"http:\/\/www.grieta.org.mx\/index.php\/wp-json\/wp\/v2\/posts\/3593\/revisions"}],"predecessor-version":[{"id":3594,"href":"http:\/\/www.grieta.org.mx\/index.php\/wp-json\/wp\/v2\/posts\/3593\/revisions\/3594"}],"wp:featuredmedia":[{"embeddable":true,"href":"http:\/\/www.grieta.org.mx\/index.php\/wp-json\/wp\/v2\/media\/21928"}],"wp:attachment":[{"href":"http:\/\/www.grieta.org.mx\/index.php\/wp-json\/wp\/v2\/media?parent=3593"}],"wp:term":[{"taxonomy":"category","embeddable":true,"href":"http:\/\/www.grieta.org.mx\/index.php\/wp-json\/wp\/v2\/categories?post=3593"},{"taxonomy":"post_tag","embeddable":true,"href":"http:\/\/www.grieta.org.mx\/index.php\/wp-json\/wp\/v2\/tags?post=3593"}],"curies":[{"name":"wp","href":"https:\/\/api.w.org\/{rel}","templated":true}]}}